{"id":278590,"date":"2025-10-15T22:00:00","date_gmt":"2025-10-16T01:00:00","guid":{"rendered":"https:\/\/www.gaveanews.com\/?p=278590"},"modified":"2025-10-15T21:14:35","modified_gmt":"2025-10-16T00:14:35","slug":"renovacao-de-arrascaeta-ex-flamengo-contratado-pela-globo-e-situacao-de-pulgar-as-ultimas-noticias-do-mais-querido","status":"publish","type":"post","link":"https:\/\/www.gaveanews.com\/index.php\/2025\/10\/15\/renovacao-de-arrascaeta-ex-flamengo-contratado-pela-globo-e-situacao-de-pulgar-as-ultimas-noticias-do-mais-querido\/","title":{"rendered":"Renova\u00e7\u00e3o de Arrascaeta, ex-Flamengo contratado pela Globo e situa\u00e7\u00e3o de Pulgar: as \u00faltimas not\u00edcias do Mais Querido"},"content":{"rendered":"\n<p>Em um giro r\u00e1pido pelos destaques do dia, destacam-se as seguintes not\u00edcias: o <a href=\"https:\/\/www.gaveanews.com\/index.php\/category\/brasileirao\/flamengo\/\" target=\"_blank\" rel=\"noopener noreferrer\">Flamengo<\/a> encaminhou a renova\u00e7\u00e3o de contrato de Arrascaeta at\u00e9 2028, consolidando a perman\u00eancia de um dos pilares t\u00e9cnicos do elenco; a Globo confirmou Ronaldinho Ga\u00facho como embaixador da cobertura da Copa do Mundo de 2026; e o time rubro-negro atravessou a Data Fifa com o departamento m\u00e9dico zerado, mirando o cl\u00e1ssico contra o <a href=\"https:\/\/www.gaveanews.com\/index.php\/category\/brasileirao\/botafogo\/\" target=\"_blank\" rel=\"noopener noreferrer\">Botafogo<\/a> e uma sequ\u00eancia decisiva no calend\u00e1rio.<\/p>\n\n\n\n<h2 class=\"wp-block-heading\" id=\"h-renovacao-de-arrascaeta-com-o-flamengo\">Renova\u00e7\u00e3o de Arrascaeta com o Flamengo<\/h2>\n\n\n\n<p>Ap\u00f3s meses de tratativas, o Flamengo avan\u00e7ou para renovar o contrato de Giorgian De Arrascaeta at\u00e9 o fim de 2028. A reuni\u00e3o decisiva ocorreu no Ninho do Urubu, com o empres\u00e1rio Daniel Fonseca e o diretor de futebol Jos\u00e9 Boto, restando apenas ajustes burocr\u00e1ticos para a assinatura. O novo v\u00ednculo, segundo apura\u00e7\u00e3o do ge, inclui a previs\u00e3o de extens\u00e3o autom\u00e1tica por mais um ano mediante metas de desempenho, ampliando um acordo que originalmente expiraria em 2026.<\/p>\n\n\n\n<p>\u201cN\u00e3o sei se fomos feitos um para o outro, mas se chegamos at\u00e9 aqui \u00e9 porque continuamos escolhendo um ao outro todos os dias, e isso \u00e9 como sermos feitos um para o outro\u201d, publicou o camisa 10 nas redes sociais.<\/p>\n\n\n\n<p>A renova\u00e7\u00e3o contempla valoriza\u00e7\u00e3o salarial e pagamento de luvas, elevando o uruguaio ao patamar dos mais bem remunerados do elenco. Em campo, o meia vive a segunda melhor temporada desde que chegou ao clube, com 19 gols e 13 assist\u00eancias em 49 jogos. O processo, que chegou a ser congelado em mar\u00e7o, ganhou tra\u00e7\u00e3o com o protagonismo do camisa 10 ao longo de 2025 sob comando de Filipe Lu\u00eds. O an\u00fancio oficial \u00e9 aguardado para os pr\u00f3ximos dias, coroando a estrat\u00e9gia do Flamengo de preservar refer\u00eancias da sua era vitoriosa.<\/p>\n\n\n\n<h2 class=\"wp-block-heading\" id=\"h-ronaldinho-gaucho-na-cobertura-da-copa-de-2026-pela-globo\">Ronaldinho Ga\u00facho na cobertura da Copa de 2026 pela Globo<\/h2>\n\n\n\n<p>A Rede Globo oficializou Ronaldinho Ga\u00facho como embaixador de sua cobertura da Copa do Mundo de 2026, durante o Upfront Globo 2026, em S\u00e3o Paulo. \u00cddolo brasileiro e ex-Flamengo, o campe\u00e3o mundial integrar\u00e1 a\u00e7\u00f5es multiplataforma, com presen\u00e7a em conte\u00fados especiais voltados ao p\u00fablico do torneio que ser\u00e1 disputado nos Estados Unidos, M\u00e9xico e Canad\u00e1.<\/p>\n\n\n\n<p>Segundo a emissora, Ronaldinho circular\u00e1 por diferentes cidades-sede em \u201crol\u00eas aleat\u00f3rios\u201d, mostrando bastidores e curiosidades da competi\u00e7\u00e3o. Os conte\u00fados ir\u00e3o ao ar na TV aberta e em plataformas digitais do grupo. A Globo tamb\u00e9m confirmou que Den\u00edlson comentar\u00e1 todos os jogos da Sele\u00e7\u00e3o Brasileira e transmitir\u00e1 54 das 104 partidas do Mundial, incluindo todos os confrontos do Brasil, metade do mata-mata e a final de 19 de julho de 2026.<\/p>\n\n\n\n<p>\u201cTive o privil\u00e9gio de disputar duas Copas do Mundo com o g\u00eanio que \u00e9 o Ga\u00facho. Agora, \u00e9 uma alegria estarmos mais uma vez no mesmo time\u201d.<\/p>\n\n\n\n<p>A escolha de Ronaldinho resgata mem\u00f3rias de sua passagem pelo Flamengo entre 2011 e 2012, coroada pelo t\u00edtulo carioca e por atua\u00e7\u00f5es marcantes, como o 5 a 4 sobre o Santos, com tr\u00eas gols do craque. A sa\u00edda, motivada por atrasos salariais, precedeu a ida ao Atl\u00e9tico-MG, onde ele venceu a Libertadores e a Recopa. Agora, a parceria televisiva reaproxima o ex-jogador do grande p\u00fablico em um palco global.<\/p>\n\n\n\n<h2 class=\"wp-block-heading\" id=\"h-dm-zerado-e-foco-no-classico-contra-o-botafogo\">DM zerado e foco no cl\u00e1ssico contra o Botafogo<\/h2>\n\n\n\n<p>O Flamengo atravessou a pausa da Data Fifa com o departamento m\u00e9dico zerado e o foco ajustado para o cl\u00e1ssico contra o Botafogo, marcado para quarta-feira (15 de outubro), \u00e0s 19h30, no Est\u00e1dio Nilton Santos, pela 28\u00aa rodada do Brasileir\u00e3o. O intervalo sem jogos permitiu reequilibrar cargas e recolocar a equipe em condi\u00e7\u00e3o plena para um confronto direto em um momento-chave da temporada.<\/p>\n\n\n\n<p>Sem convoca\u00e7\u00f5es no per\u00edodo, o clube dedicou-se ao condicionamento e a ajustes t\u00e1ticos. Entre os recuperados, Samuel Lino e Arrascaeta superaram fadiga muscular, L\u00e9o Ortiz retomou os treinos em ritmo intenso, Sa\u00fal livrou-se das dores no tornozelo esquerdo e Erick Pulgar voltou a trabalhar com o grupo ap\u00f3s mais de tr\u00eas meses fora. O cen\u00e1rio d\u00e1 a Filipe Lu\u00eds a possibilidade de escalar for\u00e7a m\u00e1xima.<\/p>\n\n\n\n<p>De La Cruz tamb\u00e9m aproveitou os treinos para refinar a execu\u00e7\u00e3o t\u00e1tica prevista pela comiss\u00e3o t\u00e9cnica. Na segunda-feira (13 de outubro), o elenco treinou completo no Ninho do Urubu, e a programa\u00e7\u00e3o prev\u00ea mais uma atividade antes da partida. O jogo ter\u00e1 transmiss\u00e3o de RecordTV (aberta), Caz\u00e9TV (YouTube) e Premiere (pay-per-view). No domingo (12), houve folga parcial, com presen\u00e7a no CT de atletas em rotinas espec\u00edficas de refor\u00e7o e recupera\u00e7\u00e3o.<\/p>\n\n\n\n<p>A equipe vem de derrota para o Bahia, fora de casa, em atua\u00e7\u00e3o abaixo do esperado. O gol de Willian Jos\u00e9 no fim do primeiro tempo e duas expuls\u00f5es custaram caro, e o resultado tirou o Flamengo da lideran\u00e7a: s\u00e3o 55 pontos, tr\u00eas a menos que o <a href=\"https:\/\/www.gaveanews.com\/index.php\/category\/brasileirao\/palmeiras\/\" target=\"_blank\" rel=\"noopener noreferrer\">Palmeiras<\/a>, que tem 58. A sequ\u00eancia \u00e9 intensa: Botafogo no meio de semana, Palmeiras no domingo (19 de outubro) e, na sequ\u00eancia, o Racing (ARG) pela semifinal da Libertadores, com jogo de ida em 22 de outubro, no Maracan\u00e3.<\/p>\n","protected":false},"excerpt":{"rendered":"<p>Em um giro r\u00e1pido pelos destaques do dia, destacam-se as seguintes not\u00edcias: o Flamengo encaminhou a renova\u00e7\u00e3o de contrato de Arrascaeta at\u00e9 2028, consolidando a perman\u00eancia de um dos pilares t\u00e9cnicos do elenco; a Globo confirmou Ronaldinho Ga\u00facho como embaixador da cobertura da Copa do Mundo de 2026; e o time rubro-negro atravessou a Data [&hellip;]<\/p>\n","protected":false},"author":39,"featured_media":254995,"comment_status":"open","ping_status":"closed","sticky":false,"template":"","format":"standard","meta":{"footnotes":""},"categories":[1],"tags":[],"class_list":["post-278590","post","type-post","status-publish","format-standard","has-post-thumbnail","hentry","category-flamengo"],"yoast_head":"<!-- This site is optimized with the Yoast SEO Premium plugin v24.2 (Yoast SEO v26.9) - https:\/\/yoast.com\/product\/yoast-seo-premium-wordpress\/ -->\n<title>Renova\u00e7\u00e3o de Arrascaeta, ex-Flamengo contratado pela Globo e situa\u00e7\u00e3o de Pulgar: as \u00faltimas not\u00edcias do Mais Querido<\/title>\n<meta name=\"robots\" content=\"index, follow, max-snippet:-1, max-image-preview:large, max-video-preview:-1\" \/>\n<link rel=\"canonical\" href=\"https:\/\/www.gaveanews.com\/index.php\/2025\/10\/15\/renovacao-de-arrascaeta-ex-flamengo-contratado-pela-globo-e-situacao-de-pulgar-as-ultimas-noticias-do-mais-querido\/\" \/>\n<meta property=\"og:locale\" content=\"pt_BR\" \/>\n<meta property=\"og:type\" content=\"article\" \/>\n<meta property=\"og:title\" content=\"Renova\u00e7\u00e3o de Arrascaeta, ex-Flamengo contratado pela Globo e situa\u00e7\u00e3o de Pulgar: as \u00faltimas not\u00edcias do Mais Querido\" \/>\n<meta property=\"og:description\" content=\"Em um giro r\u00e1pido pelos destaques do dia, destacam-se as seguintes not\u00edcias: o Flamengo encaminhou a renova\u00e7\u00e3o de contrato de Arrascaeta at\u00e9 2028, consolidando a perman\u00eancia de um dos pilares t\u00e9cnicos do elenco; a Globo confirmou Ronaldinho Ga\u00facho como embaixador da cobertura da Copa do Mundo de 2026; e o time rubro-negro atravessou a Data [&hellip;]\" \/>\n<meta property=\"og:url\" content=\"https:\/\/www.gaveanews.com\/index.php\/2025\/10\/15\/renovacao-de-arrascaeta-ex-flamengo-contratado-pela-globo-e-situacao-de-pulgar-as-ultimas-noticias-do-mais-querido\/\" \/>\n<meta property=\"og:site_name\" content=\"G\u00e1vea News\" \/>\n<meta property=\"article:publisher\" content=\"https:\/\/facebook.com\/gaveaNews\/\" \/>\n<meta property=\"article:published_time\" content=\"2025-10-16T01:00:00+00:00\" \/>\n<meta property=\"og:image\" content=\"https:\/\/www.gaveanews.com\/wp-content\/uploads\/Arrascaeta-camisa-10-do-Flamengo-em-atuacao-no-Maracana.webp\" \/>\n\t<meta property=\"og:image:width\" content=\"1200\" \/>\n\t<meta property=\"og:image:height\" content=\"800\" \/>\n\t<meta property=\"og:image:type\" content=\"image\/png\" \/>\n<meta name=\"author\" content=\"Reda\u00e7\u00e3o\" \/>\n<meta name=\"twitter:card\" content=\"summary_large_image\" \/>\n<meta name=\"twitter:label1\" content=\"Escrito por\" \/>\n\t<meta name=\"twitter:data1\" content=\"Reda\u00e7\u00e3o\" \/>\n\t<meta name=\"twitter:label2\" content=\"Est. tempo de leitura\" \/>\n\t<meta name=\"twitter:data2\" content=\"5 minutos\" \/>\n<script type=\"application\/ld+json\" class=\"yoast-schema-graph\">{\"@context\":\"https:\/\/schema.org\",\"@graph\":[{\"@type\":\"NewsArticle\",\"@id\":\"https:\/\/www.gaveanews.com\/index.php\/2025\/10\/15\/renovacao-de-arrascaeta-ex-flamengo-contratado-pela-globo-e-situacao-de-pulgar-as-ultimas-noticias-do-mais-querido\/#article\",\"isPartOf\":{\"@id\":\"https:\/\/www.gaveanews.com\/index.php\/2025\/10\/15\/renovacao-de-arrascaeta-ex-flamengo-contratado-pela-globo-e-situacao-de-pulgar-as-ultimas-noticias-do-mais-querido\/\"},\"author\":{\"name\":\"Reda\u00e7\u00e3o\",\"@id\":\"https:\/\/www.gaveanews.com\/#\/schema\/person\/c88645e3d550d0b6574305e67dd5a716\"},\"headline\":\"Renova\u00e7\u00e3o de Arrascaeta, ex-Flamengo contratado pela Globo e situa\u00e7\u00e3o de Pulgar: as \u00faltimas not\u00edcias do Mais Querido\",\"datePublished\":\"2025-10-16T01:00:00+00:00\",\"mainEntityOfPage\":{\"@id\":\"https:\/\/www.gaveanews.com\/index.php\/2025\/10\/15\/renovacao-de-arrascaeta-ex-flamengo-contratado-pela-globo-e-situacao-de-pulgar-as-ultimas-noticias-do-mais-querido\/\"},\"wordCount\":889,\"commentCount\":0,\"image\":{\"@id\":\"https:\/\/www.gaveanews.com\/index.php\/2025\/10\/15\/renovacao-de-arrascaeta-ex-flamengo-contratado-pela-globo-e-situacao-de-pulgar-as-ultimas-noticias-do-mais-querido\/#primaryimage\"},\"thumbnailUrl\":\"https:\/\/www.gaveanews.com\/wp-content\/uploads\/Arrascaeta-camisa-10-do-Flamengo-em-atuacao-no-Maracana.webp\",\"articleSection\":[\"Flamengo\"],\"inLanguage\":\"pt-BR\",\"potentialAction\":[{\"@type\":\"CommentAction\",\"name\":\"Comment\",\"target\":[\"https:\/\/www.gaveanews.com\/index.php\/2025\/10\/15\/renovacao-de-arrascaeta-ex-flamengo-contratado-pela-globo-e-situacao-de-pulgar-as-ultimas-noticias-do-mais-querido\/#respond\"]}],\"copyrightYear\":\"2025\",\"copyrightHolder\":{\"@id\":\"https:\/\/www.gaveanews.com\/#organization\"}},{\"@type\":\"WebPage\",\"@id\":\"https:\/\/www.gaveanews.com\/index.php\/2025\/10\/15\/renovacao-de-arrascaeta-ex-flamengo-contratado-pela-globo-e-situacao-de-pulgar-as-ultimas-noticias-do-mais-querido\/\",\"url\":\"https:\/\/www.gaveanews.com\/index.php\/2025\/10\/15\/renovacao-de-arrascaeta-ex-flamengo-contratado-pela-globo-e-situacao-de-pulgar-as-ultimas-noticias-do-mais-querido\/\",\"name\":\"Renova\u00e7\u00e3o de Arrascaeta, ex-Flamengo contratado pela Globo e situa\u00e7\u00e3o de Pulgar: as \u00faltimas not\u00edcias do Mais Querido\",\"isPartOf\":{\"@id\":\"https:\/\/www.gaveanews.com\/#website\"},\"primaryImageOfPage\":{\"@id\":\"https:\/\/www.gaveanews.com\/index.php\/2025\/10\/15\/renovacao-de-arrascaeta-ex-flamengo-contratado-pela-globo-e-situacao-de-pulgar-as-ultimas-noticias-do-mais-querido\/#primaryimage\"},\"image\":{\"@id\":\"https:\/\/www.gaveanews.com\/index.php\/2025\/10\/15\/renovacao-de-arrascaeta-ex-flamengo-contratado-pela-globo-e-situacao-de-pulgar-as-ultimas-noticias-do-mais-querido\/#primaryimage\"},\"thumbnailUrl\":\"https:\/\/www.gaveanews.com\/wp-content\/uploads\/Arrascaeta-camisa-10-do-Flamengo-em-atuacao-no-Maracana.webp\",\"datePublished\":\"2025-10-16T01:00:00+00:00\",\"author\":{\"@id\":\"https:\/\/www.gaveanews.com\/#\/schema\/person\/c88645e3d550d0b6574305e67dd5a716\"},\"breadcrumb\":{\"@id\":\"https:\/\/www.gaveanews.com\/index.php\/2025\/10\/15\/renovacao-de-arrascaeta-ex-flamengo-contratado-pela-globo-e-situacao-de-pulgar-as-ultimas-noticias-do-mais-querido\/#breadcrumb\"},\"inLanguage\":\"pt-BR\",\"potentialAction\":[{\"@type\":\"ReadAction\",\"target\":[\"https:\/\/www.gaveanews.com\/index.php\/2025\/10\/15\/renovacao-de-arrascaeta-ex-flamengo-contratado-pela-globo-e-situacao-de-pulgar-as-ultimas-noticias-do-mais-querido\/\"]}]},{\"@type\":\"ImageObject\",\"inLanguage\":\"pt-BR\",\"@id\":\"https:\/\/www.gaveanews.com\/index.php\/2025\/10\/15\/renovacao-de-arrascaeta-ex-flamengo-contratado-pela-globo-e-situacao-de-pulgar-as-ultimas-noticias-do-mais-querido\/#primaryimage\",\"url\":\"https:\/\/www.gaveanews.com\/wp-content\/uploads\/Arrascaeta-camisa-10-do-Flamengo-em-atuacao-no-Maracana.webp\",\"contentUrl\":\"https:\/\/www.gaveanews.com\/wp-content\/uploads\/Arrascaeta-camisa-10-do-Flamengo-em-atuacao-no-Maracana.webp\",\"width\":1200,\"height\":800,\"caption\":\"Arrascaeta, camisa 10 do Flamengo, em atua\u00e7\u00e3o no Maracan\u00e3 - Foto: Gilvan de Souza\/Flamengo\"},{\"@type\":\"BreadcrumbList\",\"@id\":\"https:\/\/www.gaveanews.com\/index.php\/2025\/10\/15\/renovacao-de-arrascaeta-ex-flamengo-contratado-pela-globo-e-situacao-de-pulgar-as-ultimas-noticias-do-mais-querido\/#breadcrumb\",\"itemListElement\":[{\"@type\":\"ListItem\",\"position\":1,\"name\":\"Home\",\"item\":\"https:\/\/www.gaveanews.com\/\"},{\"@type\":\"ListItem\",\"position\":2,\"name\":\"Renova\u00e7\u00e3o de Arrascaeta, ex-Flamengo contratado pela Globo e situa\u00e7\u00e3o de Pulgar: as \u00faltimas not\u00edcias do Mais Querido\"}]},{\"@type\":\"WebSite\",\"@id\":\"https:\/\/www.gaveanews.com\/#website\",\"url\":\"https:\/\/www.gaveanews.com\/\",\"name\":\"G\u00e1vea News\",\"description\":\"Veja todas as not\u00edcias sobre o Flamengo: Contrata\u00e7\u00f5es, categorias de base, resultados das partidas, tabela de classifica\u00e7\u00e3o, pr\u00f3ximos jogos!\",\"potentialAction\":[{\"@type\":\"SearchAction\",\"target\":{\"@type\":\"EntryPoint\",\"urlTemplate\":\"https:\/\/www.gaveanews.com\/?s={search_term_string}\"},\"query-input\":{\"@type\":\"PropertyValueSpecification\",\"valueRequired\":true,\"valueName\":\"search_term_string\"}}],\"inLanguage\":\"pt-BR\"},{\"@type\":\"Person\",\"@id\":\"https:\/\/www.gaveanews.com\/#\/schema\/person\/c88645e3d550d0b6574305e67dd5a716\",\"name\":\"Reda\u00e7\u00e3o\",\"image\":{\"@type\":\"ImageObject\",\"inLanguage\":\"pt-BR\",\"@id\":\"https:\/\/www.gaveanews.com\/#\/schema\/person\/image\/\",\"url\":\"https:\/\/secure.gravatar.com\/avatar\/434098fd823f0dc1b062d14ca22bacaa6e38de28d8c816bbef6fc2f8c44d8ba3?s=96&d=mm&r=g\",\"contentUrl\":\"https:\/\/secure.gravatar.com\/avatar\/434098fd823f0dc1b062d14ca22bacaa6e38de28d8c816bbef6fc2f8c44d8ba3?s=96&d=mm&r=g\",\"caption\":\"Reda\u00e7\u00e3o\"}}]}<\/script>\n<!-- \/ Yoast SEO Premium plugin. -->","yoast_head_json":{"title":"Renova\u00e7\u00e3o de Arrascaeta, ex-Flamengo contratado pela Globo e situa\u00e7\u00e3o de Pulgar: as \u00faltimas not\u00edcias do Mais Querido","robots":{"index":"index","follow":"follow","max-snippet":"max-snippet:-1","max-image-preview":"max-image-preview:large","max-video-preview":"max-video-preview:-1"},"canonical":"https:\/\/www.gaveanews.com\/index.php\/2025\/10\/15\/renovacao-de-arrascaeta-ex-flamengo-contratado-pela-globo-e-situacao-de-pulgar-as-ultimas-noticias-do-mais-querido\/","og_locale":"pt_BR","og_type":"article","og_title":"Renova\u00e7\u00e3o de Arrascaeta, ex-Flamengo contratado pela Globo e situa\u00e7\u00e3o de Pulgar: as \u00faltimas not\u00edcias do Mais Querido","og_description":"Em um giro r\u00e1pido pelos destaques do dia, destacam-se as seguintes not\u00edcias: o Flamengo encaminhou a renova\u00e7\u00e3o de contrato de Arrascaeta at\u00e9 2028, consolidando a perman\u00eancia de um dos pilares t\u00e9cnicos do elenco; a Globo confirmou Ronaldinho Ga\u00facho como embaixador da cobertura da Copa do Mundo de 2026; e o time rubro-negro atravessou a Data [&hellip;]","og_url":"https:\/\/www.gaveanews.com\/index.php\/2025\/10\/15\/renovacao-de-arrascaeta-ex-flamengo-contratado-pela-globo-e-situacao-de-pulgar-as-ultimas-noticias-do-mais-querido\/","og_site_name":"G\u00e1vea News","article_publisher":"https:\/\/facebook.com\/gaveaNews\/","article_published_time":"2025-10-16T01:00:00+00:00","og_image":[{"width":1200,"height":800,"url":"https:\/\/www.gaveanews.com\/wp-content\/uploads\/Arrascaeta-camisa-10-do-Flamengo-em-atuacao-no-Maracana.webp","type":"image\/png"}],"author":"Reda\u00e7\u00e3o","twitter_card":"summary_large_image","twitter_misc":{"Escrito por":"Reda\u00e7\u00e3o","Est. tempo de leitura":"5 minutos"},"schema":{"@context":"https:\/\/schema.org","@graph":[{"@type":"NewsArticle","@id":"https:\/\/www.gaveanews.com\/index.php\/2025\/10\/15\/renovacao-de-arrascaeta-ex-flamengo-contratado-pela-globo-e-situacao-de-pulgar-as-ultimas-noticias-do-mais-querido\/#article","isPartOf":{"@id":"https:\/\/www.gaveanews.com\/index.php\/2025\/10\/15\/renovacao-de-arrascaeta-ex-flamengo-contratado-pela-globo-e-situacao-de-pulgar-as-ultimas-noticias-do-mais-querido\/"},"author":{"name":"Reda\u00e7\u00e3o","@id":"https:\/\/www.gaveanews.com\/#\/schema\/person\/c88645e3d550d0b6574305e67dd5a716"},"headline":"Renova\u00e7\u00e3o de Arrascaeta, ex-Flamengo contratado pela Globo e situa\u00e7\u00e3o de Pulgar: as \u00faltimas not\u00edcias do Mais Querido","datePublished":"2025-10-16T01:00:00+00:00","mainEntityOfPage":{"@id":"https:\/\/www.gaveanews.com\/index.php\/2025\/10\/15\/renovacao-de-arrascaeta-ex-flamengo-contratado-pela-globo-e-situacao-de-pulgar-as-ultimas-noticias-do-mais-querido\/"},"wordCount":889,"commentCount":0,"image":{"@id":"https:\/\/www.gaveanews.com\/index.php\/2025\/10\/15\/renovacao-de-arrascaeta-ex-flamengo-contratado-pela-globo-e-situacao-de-pulgar-as-ultimas-noticias-do-mais-querido\/#primaryimage"},"thumbnailUrl":"https:\/\/www.gaveanews.com\/wp-content\/uploads\/Arrascaeta-camisa-10-do-Flamengo-em-atuacao-no-Maracana.webp","articleSection":["Flamengo"],"inLanguage":"pt-BR","potentialAction":[{"@type":"CommentAction","name":"Comment","target":["https:\/\/www.gaveanews.com\/index.php\/2025\/10\/15\/renovacao-de-arrascaeta-ex-flamengo-contratado-pela-globo-e-situacao-de-pulgar-as-ultimas-noticias-do-mais-querido\/#respond"]}],"copyrightYear":"2025","copyrightHolder":{"@id":"https:\/\/www.gaveanews.com\/#organization"}},{"@type":"WebPage","@id":"https:\/\/www.gaveanews.com\/index.php\/2025\/10\/15\/renovacao-de-arrascaeta-ex-flamengo-contratado-pela-globo-e-situacao-de-pulgar-as-ultimas-noticias-do-mais-querido\/","url":"https:\/\/www.gaveanews.com\/index.php\/2025\/10\/15\/renovacao-de-arrascaeta-ex-flamengo-contratado-pela-globo-e-situacao-de-pulgar-as-ultimas-noticias-do-mais-querido\/","name":"Renova\u00e7\u00e3o de Arrascaeta, ex-Flamengo contratado pela Globo e situa\u00e7\u00e3o de Pulgar: as \u00faltimas not\u00edcias do Mais Querido","isPartOf":{"@id":"https:\/\/www.gaveanews.com\/#website"},"primaryImageOfPage":{"@id":"https:\/\/www.gaveanews.com\/index.php\/2025\/10\/15\/renovacao-de-arrascaeta-ex-flamengo-contratado-pela-globo-e-situacao-de-pulgar-as-ultimas-noticias-do-mais-querido\/#primaryimage"},"image":{"@id":"https:\/\/www.gaveanews.com\/index.php\/2025\/10\/15\/renovacao-de-arrascaeta-ex-flamengo-contratado-pela-globo-e-situacao-de-pulgar-as-ultimas-noticias-do-mais-querido\/#primaryimage"},"thumbnailUrl":"https:\/\/www.gaveanews.com\/wp-content\/uploads\/Arrascaeta-camisa-10-do-Flamengo-em-atuacao-no-Maracana.webp","datePublished":"2025-10-16T01:00:00+00:00","author":{"@id":"https:\/\/www.gaveanews.com\/#\/schema\/person\/c88645e3d550d0b6574305e67dd5a716"},"breadcrumb":{"@id":"https:\/\/www.gaveanews.com\/index.php\/2025\/10\/15\/renovacao-de-arrascaeta-ex-flamengo-contratado-pela-globo-e-situacao-de-pulgar-as-ultimas-noticias-do-mais-querido\/#breadcrumb"},"inLanguage":"pt-BR","potentialAction":[{"@type":"ReadAction","target":["https:\/\/www.gaveanews.com\/index.php\/2025\/10\/15\/renovacao-de-arrascaeta-ex-flamengo-contratado-pela-globo-e-situacao-de-pulgar-as-ultimas-noticias-do-mais-querido\/"]}]},{"@type":"ImageObject","inLanguage":"pt-BR","@id":"https:\/\/www.gaveanews.com\/index.php\/2025\/10\/15\/renovacao-de-arrascaeta-ex-flamengo-contratado-pela-globo-e-situacao-de-pulgar-as-ultimas-noticias-do-mais-querido\/#primaryimage","url":"https:\/\/www.gaveanews.com\/wp-content\/uploads\/Arrascaeta-camisa-10-do-Flamengo-em-atuacao-no-Maracana.webp","contentUrl":"https:\/\/www.gaveanews.com\/wp-content\/uploads\/Arrascaeta-camisa-10-do-Flamengo-em-atuacao-no-Maracana.webp","width":1200,"height":800,"caption":"Arrascaeta, camisa 10 do Flamengo, em atua\u00e7\u00e3o no Maracan\u00e3 - Foto: Gilvan de Souza\/Flamengo"},{"@type":"BreadcrumbList","@id":"https:\/\/www.gaveanews.com\/index.php\/2025\/10\/15\/renovacao-de-arrascaeta-ex-flamengo-contratado-pela-globo-e-situacao-de-pulgar-as-ultimas-noticias-do-mais-querido\/#breadcrumb","itemListElement":[{"@type":"ListItem","position":1,"name":"Home","item":"https:\/\/www.gaveanews.com\/"},{"@type":"ListItem","position":2,"name":"Renova\u00e7\u00e3o de Arrascaeta, ex-Flamengo contratado pela Globo e situa\u00e7\u00e3o de Pulgar: as \u00faltimas not\u00edcias do Mais Querido"}]},{"@type":"WebSite","@id":"https:\/\/www.gaveanews.com\/#website","url":"https:\/\/www.gaveanews.com\/","name":"G\u00e1vea News","description":"Veja todas as not\u00edcias sobre o Flamengo: Contrata\u00e7\u00f5es, categorias de base, resultados das partidas, tabela de classifica\u00e7\u00e3o, pr\u00f3ximos jogos!","potentialAction":[{"@type":"SearchAction","target":{"@type":"EntryPoint","urlTemplate":"https:\/\/www.gaveanews.com\/?s={search_term_string}"},"query-input":{"@type":"PropertyValueSpecification","valueRequired":true,"valueName":"search_term_string"}}],"inLanguage":"pt-BR"},{"@type":"Person","@id":"https:\/\/www.gaveanews.com\/#\/schema\/person\/c88645e3d550d0b6574305e67dd5a716","name":"Reda\u00e7\u00e3o","image":{"@type":"ImageObject","inLanguage":"pt-BR","@id":"https:\/\/www.gaveanews.com\/#\/schema\/person\/image\/","url":"https:\/\/secure.gravatar.com\/avatar\/434098fd823f0dc1b062d14ca22bacaa6e38de28d8c816bbef6fc2f8c44d8ba3?s=96&d=mm&r=g","contentUrl":"https:\/\/secure.gravatar.com\/avatar\/434098fd823f0dc1b062d14ca22bacaa6e38de28d8c816bbef6fc2f8c44d8ba3?s=96&d=mm&r=g","caption":"Reda\u00e7\u00e3o"}}]}},"_links":{"self":[{"href":"https:\/\/www.gaveanews.com\/index.php\/wp-json\/wp\/v2\/posts\/278590","targetHints":{"allow":["GET"]}}],"collection":[{"href":"https:\/\/www.gaveanews.com\/index.php\/wp-json\/wp\/v2\/posts"}],"about":[{"href":"https:\/\/www.gaveanews.com\/index.php\/wp-json\/wp\/v2\/types\/post"}],"author":[{"embeddable":true,"href":"https:\/\/www.gaveanews.com\/index.php\/wp-json\/wp\/v2\/users\/39"}],"replies":[{"embeddable":true,"href":"https:\/\/www.gaveanews.com\/index.php\/wp-json\/wp\/v2\/comments?post=278590"}],"version-history":[{"count":1,"href":"https:\/\/www.gaveanews.com\/index.php\/wp-json\/wp\/v2\/posts\/278590\/revisions"}],"predecessor-version":[{"id":278600,"href":"https:\/\/www.gaveanews.com\/index.php\/wp-json\/wp\/v2\/posts\/278590\/revisions\/278600"}],"wp:featuredmedia":[{"embeddable":true,"href":"https:\/\/www.gaveanews.com\/index.php\/wp-json\/wp\/v2\/media\/254995"}],"wp:attachment":[{"href":"https:\/\/www.gaveanews.com\/index.php\/wp-json\/wp\/v2\/media?parent=278590"}],"wp:term":[{"taxonomy":"category","embeddable":true,"href":"https:\/\/www.gaveanews.com\/index.php\/wp-json\/wp\/v2\/categories?post=278590"},{"taxonomy":"post_tag","embeddable":true,"href":"https:\/\/www.gaveanews.com\/index.php\/wp-json\/wp\/v2\/tags?post=278590"}],"curies":[{"name":"wp","href":"https:\/\/api.w.org\/{rel}","templated":true}]}}