{"id":278605,"date":"2025-10-15T22:36:14","date_gmt":"2025-10-16T01:36:14","guid":{"rendered":"https:\/\/www.gaveanews.com\/?p=278605"},"modified":"2025-10-15T22:36:18","modified_gmt":"2025-10-16T01:36:18","slug":"filipe-luis-e-sincero-sobre-titularidade-de-pedro-minhas-conviccoes","status":"publish","type":"post","link":"https:\/\/www.gaveanews.com\/index.php\/2025\/10\/15\/filipe-luis-e-sincero-sobre-titularidade-de-pedro-minhas-conviccoes\/","title":{"rendered":"Filipe Lu\u00eds \u00e9 sincero sobre titularidade de Pedro: &#8220;Minhas convic\u00e7\u00f5es&#8230;&#8221;"},"content":{"rendered":"\n<p>O Flamengo superou o Botafogo por 3 a 0 na noite de quarta-feira (15 de outubro), no Est\u00e1dio Nilton Santos, pela 28\u00aa rodada do Campeonato Brasileiro. O resultado refor\u00e7ou a disputa pela lideran\u00e7a da competi\u00e7\u00e3o, principalmente diante do Palmeiras, que tamb\u00e9m venceu na rodada. Contudo, o grande destaque do cl\u00e1ssico foi Pedro, autor de um gol e uma assist\u00eancia, e que voltou a ser o centro das aten\u00e7\u00f5es nas discuss\u00f5es sobre a titularidade no time rubro-negro.<\/p>\n\n\n\n<p>Embora o atacante tenha sido decisivo, o t\u00e9cnico Filipe Lu\u00eds evitou confirmar se ele passar\u00e1 a ocupar uma vaga definitiva entre os titulares. Mesmo com a atua\u00e7\u00e3o de destaque e duas semanas de bom desempenho nos treinos, o treinador reiterou que a escolha da escala\u00e7\u00e3o ser\u00e1 sempre baseada no rendimento atual e na contribui\u00e7\u00e3o coletiva.<\/p>\n\n\n\n<p>\u201cO Pedro \u00e9 um jogador top, todos conhecemos. Mas o mais importante \u00e9 a equipe. Hoje ele fez tudo pela equipe, ajudou em todas as fases do jogo, fez duas semanas excelentes de treinamento, est\u00e1 muito bem e o campo fala. Est\u00e1 em um grande momento e esse Pedro \u00e9 o que todos queremos. Quem mant\u00e9m eles no campo s\u00e3o eles mesmos\u201d, declarou Filipe ap\u00f3s a partida.<\/p>\n\n\n\n<p>A respeito da competitividade no elenco, Filipe voltou a frisar que nenhum nome tem posi\u00e7\u00e3o assegurada no time titular. Segundo ele, nem mesmo atletas consagrados como Arrascaeta ou Bruno Henrique t\u00eam cadeira cativa. A prioridade, como refor\u00e7ou, \u00e9 sempre o que for melhor para o coletivo.<\/p>\n\n\n\n<p>\u201cEu falei para todos eles no come\u00e7o do ano que nenhum deles tinha lugar garantido no time titular. Nem Arrascaeta, nem Pedro, nem Bruno Henrique. O campo deve falar. E muitas vezes os jogadores t\u00eam fases melhores e piores. Eu que tenho que decidir\u201d.<\/p>\n\n\n\n<p>&#8220;Voc\u00eas falam do Bruno como se n\u00e3o soubesse fazer gol e n\u00e3o tivesse n\u00fameros no Flamengo. Para mim, o mais importante \u00e9 a equipe. Se eu acho que em um jogo determinado tem que jogar o Bruno e n\u00e3o o Pedro, ou os dois e n\u00e3o o Arrasca, eu vou tomar essa decis\u00e3o. Voc\u00eas est\u00e3o livres para criticar o treinador da forma que quiserem. Ganhando ou perdendo, sou eu que vou botar a cara, ent\u00e3o vou com as minhas convic\u00e7\u00f5es at\u00e9 o final&#8221;.<\/p>\n\n\n\n<p>Pedro, por sua vez, deixou o campo reconhecendo que a falta de sequ\u00eancia prejudica sua confian\u00e7a e desempenho. Com o gol marcado no cl\u00e1ssico, o camisa 9 alcan\u00e7ou a marca de 300 jogos com a camisa do Flamengo, consolidando sua trajet\u00f3ria no clube. Ainda assim, a disputa pela posi\u00e7\u00e3o segue acirrada.<\/p>\n\n\n\n<p>&#8220;\u00c9 importante ter sequ\u00eancia para desempenhar bem. Entrar em um jogo e outro n\u00e3o, \u00e0s vezes acaba tirando a sequ\u00eancia. Mas a gente tem que focar, al\u00e9m do coletivo e individual, de manter a cabe\u00e7a boa e aproveitar a chance que tem, independente de 10\/15 minutos. Mas \u00e9 claro que todo jogador quer jogar, ainda mais eu, atacante, quero estar em campo e ter essa sequ\u00eancia. Mas feliz por come\u00e7ar jogando, fazer gol e espero que seja assim pelo final da temporada&#8221;.<\/p>\n\n\n\n<p>Enquanto isso, o ambiente fora de campo tamb\u00e9m ganhou destaque. Ap\u00f3s a vit\u00f3ria, o Flamengo publicou nas redes sociais a frase \u201cGood game, Flamengo\u201d, em alus\u00e3o \u00e0 empresa contratada pelo Botafogo para monitorar a arbitragem. A provoca\u00e7\u00e3o veio na esteira de uma reuni\u00e3o entre o rival e a CBF, onde o clube alvinegro solicitou isen\u00e7\u00e3o e profissionalismo dos \u00e1rbitros .<\/p>\n\n\n\n<p>Al\u00e9m de Pedro, Luiz Ara\u00fajo e Plata completaram o placar a favor do Flamengo. Com o resultado, a equipe segue pr\u00f3xima do Palmeiras na tabela e se prepara para o confronto direto contra os paulistas, marcado para domingo (19 de outubro), \u00e0s 16 horas (hor\u00e1rio de Bras\u00edlia).<br><br><\/p>\n","protected":false},"excerpt":{"rendered":"<p>O Flamengo superou o Botafogo por 3 a 0 na noite de quarta-feira (15 de outubro), no Est\u00e1dio Nilton Santos, pela 28\u00aa rodada do Campeonato Brasileiro. O resultado refor\u00e7ou a disputa pela lideran\u00e7a da competi\u00e7\u00e3o, principalmente diante do Palmeiras, que tamb\u00e9m venceu na rodada. Contudo, o grande destaque do cl\u00e1ssico foi Pedro, autor de um [&hellip;]<\/p>\n","protected":false},"author":18,"featured_media":251455,"comment_status":"open","ping_status":"closed","sticky":false,"template":"","format":"standard","meta":{"footnotes":""},"categories":[1],"tags":[],"class_list":["post-278605","post","type-post","status-publish","format-standard","has-post-thumbnail","hentry","category-flamengo"],"yoast_head":"<!-- This site is optimized with the Yoast SEO Premium plugin v24.2 (Yoast SEO v26.9) - https:\/\/yoast.com\/product\/yoast-seo-premium-wordpress\/ -->\n<title>Filipe Lu\u00eds \u00e9 sincero sobre titularidade de Pedro: &quot;Minhas convic\u00e7\u00f5es...&quot;<\/title>\n<meta name=\"robots\" content=\"index, follow, max-snippet:-1, max-image-preview:large, max-video-preview:-1\" \/>\n<link rel=\"canonical\" href=\"https:\/\/www.gaveanews.com\/index.php\/2025\/10\/15\/filipe-luis-e-sincero-sobre-titularidade-de-pedro-minhas-conviccoes\/\" \/>\n<meta property=\"og:locale\" content=\"pt_BR\" \/>\n<meta property=\"og:type\" content=\"article\" \/>\n<meta property=\"og:title\" content=\"Filipe Lu\u00eds \u00e9 sincero sobre titularidade de Pedro: &quot;Minhas convic\u00e7\u00f5es...&quot;\" \/>\n<meta property=\"og:description\" content=\"O Flamengo superou o Botafogo por 3 a 0 na noite de quarta-feira (15 de outubro), no Est\u00e1dio Nilton Santos, pela 28\u00aa rodada do Campeonato Brasileiro. O resultado refor\u00e7ou a disputa pela lideran\u00e7a da competi\u00e7\u00e3o, principalmente diante do Palmeiras, que tamb\u00e9m venceu na rodada. Contudo, o grande destaque do cl\u00e1ssico foi Pedro, autor de um [&hellip;]\" \/>\n<meta property=\"og:url\" content=\"https:\/\/www.gaveanews.com\/index.php\/2025\/10\/15\/filipe-luis-e-sincero-sobre-titularidade-de-pedro-minhas-conviccoes\/\" \/>\n<meta property=\"og:site_name\" content=\"G\u00e1vea News\" \/>\n<meta property=\"article:publisher\" content=\"https:\/\/facebook.com\/gaveaNews\/\" \/>\n<meta property=\"article:published_time\" content=\"2025-10-16T01:36:14+00:00\" \/>\n<meta property=\"article:modified_time\" content=\"2025-10-16T01:36:18+00:00\" \/>\n<meta property=\"og:image\" content=\"http:\/\/www.gaveanews.com\/wp-content\/uploads\/Filipe-Luis-pelo-Flamengo.webp\" \/>\n\t<meta property=\"og:image:width\" content=\"477\" \/>\n\t<meta property=\"og:image:height\" content=\"291\" \/>\n\t<meta property=\"og:image:type\" content=\"image\/jpeg\" \/>\n<meta name=\"author\" content=\"Paula Silva\" \/>\n<meta name=\"twitter:card\" content=\"summary_large_image\" \/>\n<meta name=\"twitter:label1\" content=\"Escrito por\" \/>\n\t<meta name=\"twitter:data1\" content=\"Paula Silva\" \/>\n\t<meta name=\"twitter:label2\" content=\"Est. tempo de leitura\" \/>\n\t<meta name=\"twitter:data2\" content=\"4 minutos\" \/>\n<script type=\"application\/ld+json\" class=\"yoast-schema-graph\">{\"@context\":\"https:\/\/schema.org\",\"@graph\":[{\"@type\":\"NewsArticle\",\"@id\":\"https:\/\/www.gaveanews.com\/index.php\/2025\/10\/15\/filipe-luis-e-sincero-sobre-titularidade-de-pedro-minhas-conviccoes\/#article\",\"isPartOf\":{\"@id\":\"https:\/\/www.gaveanews.com\/index.php\/2025\/10\/15\/filipe-luis-e-sincero-sobre-titularidade-de-pedro-minhas-conviccoes\/\"},\"author\":{\"name\":\"Paula Silva\",\"@id\":\"https:\/\/www.gaveanews.com\/#\/schema\/person\/daf63eec72e1164eb13dc35096c2b8da\"},\"headline\":\"Filipe Lu\u00eds \u00e9 sincero sobre titularidade de Pedro: &#8220;Minhas convic\u00e7\u00f5es&#8230;&#8221;\",\"datePublished\":\"2025-10-16T01:36:14+00:00\",\"dateModified\":\"2025-10-16T01:36:18+00:00\",\"mainEntityOfPage\":{\"@id\":\"https:\/\/www.gaveanews.com\/index.php\/2025\/10\/15\/filipe-luis-e-sincero-sobre-titularidade-de-pedro-minhas-conviccoes\/\"},\"wordCount\":662,\"commentCount\":0,\"image\":{\"@id\":\"https:\/\/www.gaveanews.com\/index.php\/2025\/10\/15\/filipe-luis-e-sincero-sobre-titularidade-de-pedro-minhas-conviccoes\/#primaryimage\"},\"thumbnailUrl\":\"https:\/\/www.gaveanews.com\/wp-content\/uploads\/Filipe-Luis-pelo-Flamengo.webp\",\"articleSection\":[\"Flamengo\"],\"inLanguage\":\"pt-BR\",\"potentialAction\":[{\"@type\":\"CommentAction\",\"name\":\"Comment\",\"target\":[\"https:\/\/www.gaveanews.com\/index.php\/2025\/10\/15\/filipe-luis-e-sincero-sobre-titularidade-de-pedro-minhas-conviccoes\/#respond\"]}],\"copyrightYear\":\"2025\",\"copyrightHolder\":{\"@id\":\"https:\/\/www.gaveanews.com\/#organization\"}},{\"@type\":\"WebPage\",\"@id\":\"https:\/\/www.gaveanews.com\/index.php\/2025\/10\/15\/filipe-luis-e-sincero-sobre-titularidade-de-pedro-minhas-conviccoes\/\",\"url\":\"https:\/\/www.gaveanews.com\/index.php\/2025\/10\/15\/filipe-luis-e-sincero-sobre-titularidade-de-pedro-minhas-conviccoes\/\",\"name\":\"Filipe Lu\u00eds \u00e9 sincero sobre titularidade de Pedro: \\\"Minhas convic\u00e7\u00f5es...\\\"\",\"isPartOf\":{\"@id\":\"https:\/\/www.gaveanews.com\/#website\"},\"primaryImageOfPage\":{\"@id\":\"https:\/\/www.gaveanews.com\/index.php\/2025\/10\/15\/filipe-luis-e-sincero-sobre-titularidade-de-pedro-minhas-conviccoes\/#primaryimage\"},\"image\":{\"@id\":\"https:\/\/www.gaveanews.com\/index.php\/2025\/10\/15\/filipe-luis-e-sincero-sobre-titularidade-de-pedro-minhas-conviccoes\/#primaryimage\"},\"thumbnailUrl\":\"https:\/\/www.gaveanews.com\/wp-content\/uploads\/Filipe-Luis-pelo-Flamengo.webp\",\"datePublished\":\"2025-10-16T01:36:14+00:00\",\"dateModified\":\"2025-10-16T01:36:18+00:00\",\"author\":{\"@id\":\"https:\/\/www.gaveanews.com\/#\/schema\/person\/daf63eec72e1164eb13dc35096c2b8da\"},\"breadcrumb\":{\"@id\":\"https:\/\/www.gaveanews.com\/index.php\/2025\/10\/15\/filipe-luis-e-sincero-sobre-titularidade-de-pedro-minhas-conviccoes\/#breadcrumb\"},\"inLanguage\":\"pt-BR\",\"potentialAction\":[{\"@type\":\"ReadAction\",\"target\":[\"https:\/\/www.gaveanews.com\/index.php\/2025\/10\/15\/filipe-luis-e-sincero-sobre-titularidade-de-pedro-minhas-conviccoes\/\"]}]},{\"@type\":\"ImageObject\",\"inLanguage\":\"pt-BR\",\"@id\":\"https:\/\/www.gaveanews.com\/index.php\/2025\/10\/15\/filipe-luis-e-sincero-sobre-titularidade-de-pedro-minhas-conviccoes\/#primaryimage\",\"url\":\"https:\/\/www.gaveanews.com\/wp-content\/uploads\/Filipe-Luis-pelo-Flamengo.webp\",\"contentUrl\":\"https:\/\/www.gaveanews.com\/wp-content\/uploads\/Filipe-Luis-pelo-Flamengo.webp\",\"width\":477,\"height\":291,\"caption\":\"Filipe Lu\u00eds pelo Flamengo (Fotos: Gilvan de Souza\/Flamengo)\"},{\"@type\":\"BreadcrumbList\",\"@id\":\"https:\/\/www.gaveanews.com\/index.php\/2025\/10\/15\/filipe-luis-e-sincero-sobre-titularidade-de-pedro-minhas-conviccoes\/#breadcrumb\",\"itemListElement\":[{\"@type\":\"ListItem\",\"position\":1,\"name\":\"Home\",\"item\":\"https:\/\/www.gaveanews.com\/\"},{\"@type\":\"ListItem\",\"position\":2,\"name\":\"Filipe Lu\u00eds \u00e9 sincero sobre titularidade de Pedro: &#8220;Minhas convic\u00e7\u00f5es&#8230;&#8221;\"}]},{\"@type\":\"WebSite\",\"@id\":\"https:\/\/www.gaveanews.com\/#website\",\"url\":\"https:\/\/www.gaveanews.com\/\",\"name\":\"G\u00e1vea News\",\"description\":\"Veja todas as not\u00edcias sobre o Flamengo: Contrata\u00e7\u00f5es, categorias de base, resultados das partidas, tabela de classifica\u00e7\u00e3o, pr\u00f3ximos jogos!\",\"potentialAction\":[{\"@type\":\"SearchAction\",\"target\":{\"@type\":\"EntryPoint\",\"urlTemplate\":\"https:\/\/www.gaveanews.com\/?s={search_term_string}\"},\"query-input\":{\"@type\":\"PropertyValueSpecification\",\"valueRequired\":true,\"valueName\":\"search_term_string\"}}],\"inLanguage\":\"pt-BR\"},{\"@type\":\"Person\",\"@id\":\"https:\/\/www.gaveanews.com\/#\/schema\/person\/daf63eec72e1164eb13dc35096c2b8da\",\"name\":\"Paula Silva\",\"image\":{\"@type\":\"ImageObject\",\"inLanguage\":\"pt-BR\",\"@id\":\"https:\/\/www.gaveanews.com\/#\/schema\/person\/image\/\",\"url\":\"https:\/\/secure.gravatar.com\/avatar\/eda381c845527cc5d64c13b901833cda29d97500ba040d3e6461f76f51d163bb?s=96&d=mm&r=g\",\"contentUrl\":\"https:\/\/secure.gravatar.com\/avatar\/eda381c845527cc5d64c13b901833cda29d97500ba040d3e6461f76f51d163bb?s=96&d=mm&r=g\",\"caption\":\"Paula Silva\"}}]}<\/script>\n<!-- \/ Yoast SEO Premium plugin. -->","yoast_head_json":{"title":"Filipe Lu\u00eds \u00e9 sincero sobre titularidade de Pedro: \"Minhas convic\u00e7\u00f5es...\"","robots":{"index":"index","follow":"follow","max-snippet":"max-snippet:-1","max-image-preview":"max-image-preview:large","max-video-preview":"max-video-preview:-1"},"canonical":"https:\/\/www.gaveanews.com\/index.php\/2025\/10\/15\/filipe-luis-e-sincero-sobre-titularidade-de-pedro-minhas-conviccoes\/","og_locale":"pt_BR","og_type":"article","og_title":"Filipe Lu\u00eds \u00e9 sincero sobre titularidade de Pedro: \"Minhas convic\u00e7\u00f5es...\"","og_description":"O Flamengo superou o Botafogo por 3 a 0 na noite de quarta-feira (15 de outubro), no Est\u00e1dio Nilton Santos, pela 28\u00aa rodada do Campeonato Brasileiro. O resultado refor\u00e7ou a disputa pela lideran\u00e7a da competi\u00e7\u00e3o, principalmente diante do Palmeiras, que tamb\u00e9m venceu na rodada. Contudo, o grande destaque do cl\u00e1ssico foi Pedro, autor de um [&hellip;]","og_url":"https:\/\/www.gaveanews.com\/index.php\/2025\/10\/15\/filipe-luis-e-sincero-sobre-titularidade-de-pedro-minhas-conviccoes\/","og_site_name":"G\u00e1vea News","article_publisher":"https:\/\/facebook.com\/gaveaNews\/","article_published_time":"2025-10-16T01:36:14+00:00","article_modified_time":"2025-10-16T01:36:18+00:00","og_image":[{"width":477,"height":291,"url":"http:\/\/www.gaveanews.com\/wp-content\/uploads\/Filipe-Luis-pelo-Flamengo.webp","type":"image\/jpeg"}],"author":"Paula Silva","twitter_card":"summary_large_image","twitter_misc":{"Escrito por":"Paula Silva","Est. tempo de leitura":"4 minutos"},"schema":{"@context":"https:\/\/schema.org","@graph":[{"@type":"NewsArticle","@id":"https:\/\/www.gaveanews.com\/index.php\/2025\/10\/15\/filipe-luis-e-sincero-sobre-titularidade-de-pedro-minhas-conviccoes\/#article","isPartOf":{"@id":"https:\/\/www.gaveanews.com\/index.php\/2025\/10\/15\/filipe-luis-e-sincero-sobre-titularidade-de-pedro-minhas-conviccoes\/"},"author":{"name":"Paula Silva","@id":"https:\/\/www.gaveanews.com\/#\/schema\/person\/daf63eec72e1164eb13dc35096c2b8da"},"headline":"Filipe Lu\u00eds \u00e9 sincero sobre titularidade de Pedro: &#8220;Minhas convic\u00e7\u00f5es&#8230;&#8221;","datePublished":"2025-10-16T01:36:14+00:00","dateModified":"2025-10-16T01:36:18+00:00","mainEntityOfPage":{"@id":"https:\/\/www.gaveanews.com\/index.php\/2025\/10\/15\/filipe-luis-e-sincero-sobre-titularidade-de-pedro-minhas-conviccoes\/"},"wordCount":662,"commentCount":0,"image":{"@id":"https:\/\/www.gaveanews.com\/index.php\/2025\/10\/15\/filipe-luis-e-sincero-sobre-titularidade-de-pedro-minhas-conviccoes\/#primaryimage"},"thumbnailUrl":"https:\/\/www.gaveanews.com\/wp-content\/uploads\/Filipe-Luis-pelo-Flamengo.webp","articleSection":["Flamengo"],"inLanguage":"pt-BR","potentialAction":[{"@type":"CommentAction","name":"Comment","target":["https:\/\/www.gaveanews.com\/index.php\/2025\/10\/15\/filipe-luis-e-sincero-sobre-titularidade-de-pedro-minhas-conviccoes\/#respond"]}],"copyrightYear":"2025","copyrightHolder":{"@id":"https:\/\/www.gaveanews.com\/#organization"}},{"@type":"WebPage","@id":"https:\/\/www.gaveanews.com\/index.php\/2025\/10\/15\/filipe-luis-e-sincero-sobre-titularidade-de-pedro-minhas-conviccoes\/","url":"https:\/\/www.gaveanews.com\/index.php\/2025\/10\/15\/filipe-luis-e-sincero-sobre-titularidade-de-pedro-minhas-conviccoes\/","name":"Filipe Lu\u00eds \u00e9 sincero sobre titularidade de Pedro: \"Minhas convic\u00e7\u00f5es...\"","isPartOf":{"@id":"https:\/\/www.gaveanews.com\/#website"},"primaryImageOfPage":{"@id":"https:\/\/www.gaveanews.com\/index.php\/2025\/10\/15\/filipe-luis-e-sincero-sobre-titularidade-de-pedro-minhas-conviccoes\/#primaryimage"},"image":{"@id":"https:\/\/www.gaveanews.com\/index.php\/2025\/10\/15\/filipe-luis-e-sincero-sobre-titularidade-de-pedro-minhas-conviccoes\/#primaryimage"},"thumbnailUrl":"https:\/\/www.gaveanews.com\/wp-content\/uploads\/Filipe-Luis-pelo-Flamengo.webp","datePublished":"2025-10-16T01:36:14+00:00","dateModified":"2025-10-16T01:36:18+00:00","author":{"@id":"https:\/\/www.gaveanews.com\/#\/schema\/person\/daf63eec72e1164eb13dc35096c2b8da"},"breadcrumb":{"@id":"https:\/\/www.gaveanews.com\/index.php\/2025\/10\/15\/filipe-luis-e-sincero-sobre-titularidade-de-pedro-minhas-conviccoes\/#breadcrumb"},"inLanguage":"pt-BR","potentialAction":[{"@type":"ReadAction","target":["https:\/\/www.gaveanews.com\/index.php\/2025\/10\/15\/filipe-luis-e-sincero-sobre-titularidade-de-pedro-minhas-conviccoes\/"]}]},{"@type":"ImageObject","inLanguage":"pt-BR","@id":"https:\/\/www.gaveanews.com\/index.php\/2025\/10\/15\/filipe-luis-e-sincero-sobre-titularidade-de-pedro-minhas-conviccoes\/#primaryimage","url":"https:\/\/www.gaveanews.com\/wp-content\/uploads\/Filipe-Luis-pelo-Flamengo.webp","contentUrl":"https:\/\/www.gaveanews.com\/wp-content\/uploads\/Filipe-Luis-pelo-Flamengo.webp","width":477,"height":291,"caption":"Filipe Lu\u00eds pelo Flamengo (Fotos: Gilvan de Souza\/Flamengo)"},{"@type":"BreadcrumbList","@id":"https:\/\/www.gaveanews.com\/index.php\/2025\/10\/15\/filipe-luis-e-sincero-sobre-titularidade-de-pedro-minhas-conviccoes\/#breadcrumb","itemListElement":[{"@type":"ListItem","position":1,"name":"Home","item":"https:\/\/www.gaveanews.com\/"},{"@type":"ListItem","position":2,"name":"Filipe Lu\u00eds \u00e9 sincero sobre titularidade de Pedro: &#8220;Minhas convic\u00e7\u00f5es&#8230;&#8221;"}]},{"@type":"WebSite","@id":"https:\/\/www.gaveanews.com\/#website","url":"https:\/\/www.gaveanews.com\/","name":"G\u00e1vea News","description":"Veja todas as not\u00edcias sobre o Flamengo: Contrata\u00e7\u00f5es, categorias de base, resultados das partidas, tabela de classifica\u00e7\u00e3o, pr\u00f3ximos jogos!","potentialAction":[{"@type":"SearchAction","target":{"@type":"EntryPoint","urlTemplate":"https:\/\/www.gaveanews.com\/?s={search_term_string}"},"query-input":{"@type":"PropertyValueSpecification","valueRequired":true,"valueName":"search_term_string"}}],"inLanguage":"pt-BR"},{"@type":"Person","@id":"https:\/\/www.gaveanews.com\/#\/schema\/person\/daf63eec72e1164eb13dc35096c2b8da","name":"Paula Silva","image":{"@type":"ImageObject","inLanguage":"pt-BR","@id":"https:\/\/www.gaveanews.com\/#\/schema\/person\/image\/","url":"https:\/\/secure.gravatar.com\/avatar\/eda381c845527cc5d64c13b901833cda29d97500ba040d3e6461f76f51d163bb?s=96&d=mm&r=g","contentUrl":"https:\/\/secure.gravatar.com\/avatar\/eda381c845527cc5d64c13b901833cda29d97500ba040d3e6461f76f51d163bb?s=96&d=mm&r=g","caption":"Paula Silva"}}]}},"_links":{"self":[{"href":"https:\/\/www.gaveanews.com\/index.php\/wp-json\/wp\/v2\/posts\/278605","targetHints":{"allow":["GET"]}}],"collection":[{"href":"https:\/\/www.gaveanews.com\/index.php\/wp-json\/wp\/v2\/posts"}],"about":[{"href":"https:\/\/www.gaveanews.com\/index.php\/wp-json\/wp\/v2\/types\/post"}],"author":[{"embeddable":true,"href":"https:\/\/www.gaveanews.com\/index.php\/wp-json\/wp\/v2\/users\/18"}],"replies":[{"embeddable":true,"href":"https:\/\/www.gaveanews.com\/index.php\/wp-json\/wp\/v2\/comments?post=278605"}],"version-history":[{"count":1,"href":"https:\/\/www.gaveanews.com\/index.php\/wp-json\/wp\/v2\/posts\/278605\/revisions"}],"predecessor-version":[{"id":278606,"href":"https:\/\/www.gaveanews.com\/index.php\/wp-json\/wp\/v2\/posts\/278605\/revisions\/278606"}],"wp:featuredmedia":[{"embeddable":true,"href":"https:\/\/www.gaveanews.com\/index.php\/wp-json\/wp\/v2\/media\/251455"}],"wp:attachment":[{"href":"https:\/\/www.gaveanews.com\/index.php\/wp-json\/wp\/v2\/media?parent=278605"}],"wp:term":[{"taxonomy":"category","embeddable":true,"href":"https:\/\/www.gaveanews.com\/index.php\/wp-json\/wp\/v2\/categories?post=278605"},{"taxonomy":"post_tag","embeddable":true,"href":"https:\/\/www.gaveanews.com\/index.php\/wp-json\/wp\/v2\/tags?post=278605"}],"curies":[{"name":"wp","href":"https:\/\/api.w.org\/{rel}","templated":true}]}}