{"id":278608,"date":"2025-10-16T10:06:45","date_gmt":"2025-10-16T13:06:45","guid":{"rendered":"https:\/\/www.gaveanews.com\/?p=278608"},"modified":"2025-10-16T10:06:50","modified_gmt":"2025-10-16T13:06:50","slug":"a-declaracao-de-jose-boto-do-flamengo-direcionada-a-arbitragem","status":"publish","type":"post","link":"https:\/\/www.gaveanews.com\/index.php\/2025\/10\/16\/a-declaracao-de-jose-boto-do-flamengo-direcionada-a-arbitragem\/","title":{"rendered":"A declara\u00e7\u00e3o de Jos\u00e9 Boto, do Flamengo, direcionada a arbitragem"},"content":{"rendered":"\n<p>O <a href=\"https:\/\/www.gaveanews.com\/index.php\/category\/brasileirao\/flamengo\/\" target=\"_blank\" rel=\"noopener noreferrer\">Flamengo<\/a> venceu o <a href=\"https:\/\/www.gaveanews.com\/index.php\/category\/brasileirao\/botafogo\/\" target=\"_blank\" rel=\"noopener noreferrer\">Botafogo<\/a> por 3 a 0 no Est\u00e1dio Nilton Santos, pela 28\u00aa rodada do Brasileir\u00e3o. A partida teve pol\u00eamica ap\u00f3s um poss\u00edvel p\u00eanalti em Luiz Ara\u00fajo n\u00e3o ser marcado por Alex Gomes Stefano. O VAR n\u00e3o recomendou revis\u00e3o do lance.<\/p>\n\n\n\n<p>O jogo ficou marcado pela discuss\u00e3o sobre a arbitragem, apesar do placar el\u00e1stico. Pedro, Luiz Ara\u00fajo e Plata marcaram os gols do Flamengo. O epis\u00f3dio do pis\u00e3o em Luiz Ara\u00fajo envolveu o volante Allan, e gerou protestos de campo e fora dele.<\/p>\n\n\n\n<p>O t\u00e9cnico Filipe Lu\u00eds criticou os crit\u00e9rios recentes adotados nas decis\u00f5es contra e a favor do clube.<\/p>\n\n\n\n<p>&#8220;O que me preocupou nos \u00faltimos jogos&#8230; \u00e9 qu\u00e3o dif\u00edcil \u00e9 para dar uma falta para o Flamengo e o qu\u00e3o f\u00e1cil \u00e9 para dar contra. Um toquezinho leve dentro da \u00e1rea \u00e9 falta e no meio do campo uma porrada n\u00e3o \u00e9.&#8221;<\/p>\n\n\n\n<p>O dirigente Jos\u00e9 Boto questionou a aus\u00eancia de interven\u00e7\u00e3o do VAR no lance com Luiz Ara\u00fajo. Ele citou ainda uma entrada em Emerson Royal que, segundo sua avalia\u00e7\u00e3o, seria pass\u00edvel de revis\u00e3o para cart\u00e3o vermelho.<\/p>\n\n\n\n<p>&#8220;O resultado depois foi bom, mas poderia n\u00e3o ter sido por conta de um p\u00eanalti clar\u00edssimo. Depois h\u00e1 uma entrada no Emerson Royal que \u00e9 pass\u00edvel de chamada do VAR para dar vermelho e n\u00e3o chama. At\u00e9 quando isso vai acontecer? E at\u00e9 quando algu\u00e9m n\u00e3o vai nos explicar o que se passa? At\u00e9 quando?&#8221;<\/p>\n\n\n\n<p>Na an\u00e1lise do comentarista de arbitragem Paulo Cesar de Oliveira, do Grupo Globo, Alex Gomes Stefano errou ao n\u00e3o assinalar p\u00eanalti. Segundo ele, Luiz Ara\u00fajo tocou na bola antes do pis\u00e3o de Allan, o que configuraria infra\u00e7\u00e3o favor\u00e1vel ao Flamengo. O VAR n\u00e3o recomendou revis\u00e3o do lance.<\/p>\n\n\n\n<p>Pelo Brasileir\u00e3o, o l\u00edder <a href=\"https:\/\/www.gaveanews.com\/index.php\/category\/brasileirao\/palmeiras\/\" target=\"_blank\" rel=\"noopener noreferrer\">Palmeiras<\/a> tem 61 pontos, e o vice-l\u00edder Flamengo soma 58. Os clubes se enfrentam no Maracan\u00e3, no domingo (19 de outubro), \u00e0s 16 horas (hor\u00e1rio de Bras\u00edlia).<\/p>\n","protected":false},"excerpt":{"rendered":"<p>O Flamengo venceu o Botafogo por 3 a 0 no Est\u00e1dio Nilton Santos, pela 28\u00aa rodada do Brasileir\u00e3o. A partida teve pol\u00eamica ap\u00f3s um poss\u00edvel p\u00eanalti em Luiz Ara\u00fajo n\u00e3o ser marcado por Alex Gomes Stefano. O VAR n\u00e3o recomendou revis\u00e3o do lance. O jogo ficou marcado pela discuss\u00e3o sobre a arbitragem, apesar do placar [&hellip;]<\/p>\n","protected":false},"author":39,"featured_media":220981,"comment_status":"open","ping_status":"closed","sticky":false,"template":"","format":"standard","meta":{"footnotes":""},"categories":[1],"tags":[],"class_list":["post-278608","post","type-post","status-publish","format-standard","has-post-thumbnail","hentry","category-flamengo"],"yoast_head":"<!-- This site is optimized with the Yoast SEO Premium plugin v24.2 (Yoast SEO v26.9) - https:\/\/yoast.com\/product\/yoast-seo-premium-wordpress\/ -->\n<title>A declara\u00e7\u00e3o de Jos\u00e9 Boto, do Flamengo, direcionada a arbitragem<\/title>\n<meta name=\"robots\" content=\"index, follow, max-snippet:-1, max-image-preview:large, max-video-preview:-1\" \/>\n<link rel=\"canonical\" href=\"https:\/\/www.gaveanews.com\/index.php\/2025\/10\/16\/a-declaracao-de-jose-boto-do-flamengo-direcionada-a-arbitragem\/\" \/>\n<meta property=\"og:locale\" content=\"pt_BR\" \/>\n<meta property=\"og:type\" content=\"article\" \/>\n<meta property=\"og:title\" content=\"A declara\u00e7\u00e3o de Jos\u00e9 Boto, do Flamengo, direcionada a arbitragem\" \/>\n<meta property=\"og:description\" content=\"O Flamengo venceu o Botafogo por 3 a 0 no Est\u00e1dio Nilton Santos, pela 28\u00aa rodada do Brasileir\u00e3o. A partida teve pol\u00eamica ap\u00f3s um poss\u00edvel p\u00eanalti em Luiz Ara\u00fajo n\u00e3o ser marcado por Alex Gomes Stefano. O VAR n\u00e3o recomendou revis\u00e3o do lance. O jogo ficou marcado pela discuss\u00e3o sobre a arbitragem, apesar do placar [&hellip;]\" \/>\n<meta property=\"og:url\" content=\"https:\/\/www.gaveanews.com\/index.php\/2025\/10\/16\/a-declaracao-de-jose-boto-do-flamengo-direcionada-a-arbitragem\/\" \/>\n<meta property=\"og:site_name\" content=\"G\u00e1vea News\" \/>\n<meta property=\"article:publisher\" content=\"https:\/\/facebook.com\/gaveaNews\/\" \/>\n<meta property=\"article:published_time\" content=\"2025-10-16T13:06:45+00:00\" \/>\n<meta property=\"article:modified_time\" content=\"2025-10-16T13:06:50+00:00\" \/>\n<meta property=\"og:image\" content=\"http:\/\/www.gaveanews.com\/wp-content\/uploads\/Jose-Boto-Flamengo-1.webp\" \/>\n\t<meta property=\"og:image:width\" content=\"1920\" \/>\n\t<meta property=\"og:image:height\" content=\"1281\" \/>\n\t<meta property=\"og:image:type\" content=\"image\/jpeg\" \/>\n<meta name=\"author\" content=\"Reda\u00e7\u00e3o\" \/>\n<meta name=\"twitter:card\" content=\"summary_large_image\" \/>\n<meta name=\"twitter:label1\" content=\"Escrito por\" \/>\n\t<meta name=\"twitter:data1\" content=\"Reda\u00e7\u00e3o\" \/>\n\t<meta name=\"twitter:label2\" content=\"Est. tempo de leitura\" \/>\n\t<meta name=\"twitter:data2\" content=\"2 minutos\" \/>\n<script type=\"application\/ld+json\" class=\"yoast-schema-graph\">{\"@context\":\"https:\/\/schema.org\",\"@graph\":[{\"@type\":\"NewsArticle\",\"@id\":\"https:\/\/www.gaveanews.com\/index.php\/2025\/10\/16\/a-declaracao-de-jose-boto-do-flamengo-direcionada-a-arbitragem\/#article\",\"isPartOf\":{\"@id\":\"https:\/\/www.gaveanews.com\/index.php\/2025\/10\/16\/a-declaracao-de-jose-boto-do-flamengo-direcionada-a-arbitragem\/\"},\"author\":{\"name\":\"Reda\u00e7\u00e3o\",\"@id\":\"https:\/\/www.gaveanews.com\/#\/schema\/person\/c88645e3d550d0b6574305e67dd5a716\"},\"headline\":\"A declara\u00e7\u00e3o de Jos\u00e9 Boto, do Flamengo, direcionada a arbitragem\",\"datePublished\":\"2025-10-16T13:06:45+00:00\",\"dateModified\":\"2025-10-16T13:06:50+00:00\",\"mainEntityOfPage\":{\"@id\":\"https:\/\/www.gaveanews.com\/index.php\/2025\/10\/16\/a-declaracao-de-jose-boto-do-flamengo-direcionada-a-arbitragem\/\"},\"wordCount\":364,\"commentCount\":0,\"image\":{\"@id\":\"https:\/\/www.gaveanews.com\/index.php\/2025\/10\/16\/a-declaracao-de-jose-boto-do-flamengo-direcionada-a-arbitragem\/#primaryimage\"},\"thumbnailUrl\":\"https:\/\/www.gaveanews.com\/wp-content\/uploads\/Jose-Boto-Flamengo-1.webp\",\"articleSection\":[\"Flamengo\"],\"inLanguage\":\"pt-BR\",\"potentialAction\":[{\"@type\":\"CommentAction\",\"name\":\"Comment\",\"target\":[\"https:\/\/www.gaveanews.com\/index.php\/2025\/10\/16\/a-declaracao-de-jose-boto-do-flamengo-direcionada-a-arbitragem\/#respond\"]}],\"copyrightYear\":\"2025\",\"copyrightHolder\":{\"@id\":\"https:\/\/www.gaveanews.com\/#organization\"}},{\"@type\":\"WebPage\",\"@id\":\"https:\/\/www.gaveanews.com\/index.php\/2025\/10\/16\/a-declaracao-de-jose-boto-do-flamengo-direcionada-a-arbitragem\/\",\"url\":\"https:\/\/www.gaveanews.com\/index.php\/2025\/10\/16\/a-declaracao-de-jose-boto-do-flamengo-direcionada-a-arbitragem\/\",\"name\":\"A declara\u00e7\u00e3o de Jos\u00e9 Boto, do Flamengo, direcionada a arbitragem\",\"isPartOf\":{\"@id\":\"https:\/\/www.gaveanews.com\/#website\"},\"primaryImageOfPage\":{\"@id\":\"https:\/\/www.gaveanews.com\/index.php\/2025\/10\/16\/a-declaracao-de-jose-boto-do-flamengo-direcionada-a-arbitragem\/#primaryimage\"},\"image\":{\"@id\":\"https:\/\/www.gaveanews.com\/index.php\/2025\/10\/16\/a-declaracao-de-jose-boto-do-flamengo-direcionada-a-arbitragem\/#primaryimage\"},\"thumbnailUrl\":\"https:\/\/www.gaveanews.com\/wp-content\/uploads\/Jose-Boto-Flamengo-1.webp\",\"datePublished\":\"2025-10-16T13:06:45+00:00\",\"dateModified\":\"2025-10-16T13:06:50+00:00\",\"author\":{\"@id\":\"https:\/\/www.gaveanews.com\/#\/schema\/person\/c88645e3d550d0b6574305e67dd5a716\"},\"breadcrumb\":{\"@id\":\"https:\/\/www.gaveanews.com\/index.php\/2025\/10\/16\/a-declaracao-de-jose-boto-do-flamengo-direcionada-a-arbitragem\/#breadcrumb\"},\"inLanguage\":\"pt-BR\",\"potentialAction\":[{\"@type\":\"ReadAction\",\"target\":[\"https:\/\/www.gaveanews.com\/index.php\/2025\/10\/16\/a-declaracao-de-jose-boto-do-flamengo-direcionada-a-arbitragem\/\"]}]},{\"@type\":\"ImageObject\",\"inLanguage\":\"pt-BR\",\"@id\":\"https:\/\/www.gaveanews.com\/index.php\/2025\/10\/16\/a-declaracao-de-jose-boto-do-flamengo-direcionada-a-arbitragem\/#primaryimage\",\"url\":\"https:\/\/www.gaveanews.com\/wp-content\/uploads\/Jose-Boto-Flamengo-1.webp\",\"contentUrl\":\"https:\/\/www.gaveanews.com\/wp-content\/uploads\/Jose-Boto-Flamengo-1.webp\",\"width\":1920,\"height\":1281,\"caption\":\"Diretor Jos\u00e9 Boto em coletiva (Foto: Paula Reis\/Flamengo)\"},{\"@type\":\"BreadcrumbList\",\"@id\":\"https:\/\/www.gaveanews.com\/index.php\/2025\/10\/16\/a-declaracao-de-jose-boto-do-flamengo-direcionada-a-arbitragem\/#breadcrumb\",\"itemListElement\":[{\"@type\":\"ListItem\",\"position\":1,\"name\":\"Home\",\"item\":\"https:\/\/www.gaveanews.com\/\"},{\"@type\":\"ListItem\",\"position\":2,\"name\":\"A declara\u00e7\u00e3o de Jos\u00e9 Boto, do Flamengo, direcionada a arbitragem\"}]},{\"@type\":\"WebSite\",\"@id\":\"https:\/\/www.gaveanews.com\/#website\",\"url\":\"https:\/\/www.gaveanews.com\/\",\"name\":\"G\u00e1vea News\",\"description\":\"Veja todas as not\u00edcias sobre o Flamengo: Contrata\u00e7\u00f5es, categorias de base, resultados das partidas, tabela de classifica\u00e7\u00e3o, pr\u00f3ximos jogos!\",\"potentialAction\":[{\"@type\":\"SearchAction\",\"target\":{\"@type\":\"EntryPoint\",\"urlTemplate\":\"https:\/\/www.gaveanews.com\/?s={search_term_string}\"},\"query-input\":{\"@type\":\"PropertyValueSpecification\",\"valueRequired\":true,\"valueName\":\"search_term_string\"}}],\"inLanguage\":\"pt-BR\"},{\"@type\":\"Person\",\"@id\":\"https:\/\/www.gaveanews.com\/#\/schema\/person\/c88645e3d550d0b6574305e67dd5a716\",\"name\":\"Reda\u00e7\u00e3o\",\"image\":{\"@type\":\"ImageObject\",\"inLanguage\":\"pt-BR\",\"@id\":\"https:\/\/www.gaveanews.com\/#\/schema\/person\/image\/\",\"url\":\"https:\/\/secure.gravatar.com\/avatar\/434098fd823f0dc1b062d14ca22bacaa6e38de28d8c816bbef6fc2f8c44d8ba3?s=96&d=mm&r=g\",\"contentUrl\":\"https:\/\/secure.gravatar.com\/avatar\/434098fd823f0dc1b062d14ca22bacaa6e38de28d8c816bbef6fc2f8c44d8ba3?s=96&d=mm&r=g\",\"caption\":\"Reda\u00e7\u00e3o\"}}]}<\/script>\n<!-- \/ Yoast SEO Premium plugin. -->","yoast_head_json":{"title":"A declara\u00e7\u00e3o de Jos\u00e9 Boto, do Flamengo, direcionada a arbitragem","robots":{"index":"index","follow":"follow","max-snippet":"max-snippet:-1","max-image-preview":"max-image-preview:large","max-video-preview":"max-video-preview:-1"},"canonical":"https:\/\/www.gaveanews.com\/index.php\/2025\/10\/16\/a-declaracao-de-jose-boto-do-flamengo-direcionada-a-arbitragem\/","og_locale":"pt_BR","og_type":"article","og_title":"A declara\u00e7\u00e3o de Jos\u00e9 Boto, do Flamengo, direcionada a arbitragem","og_description":"O Flamengo venceu o Botafogo por 3 a 0 no Est\u00e1dio Nilton Santos, pela 28\u00aa rodada do Brasileir\u00e3o. A partida teve pol\u00eamica ap\u00f3s um poss\u00edvel p\u00eanalti em Luiz Ara\u00fajo n\u00e3o ser marcado por Alex Gomes Stefano. O VAR n\u00e3o recomendou revis\u00e3o do lance. O jogo ficou marcado pela discuss\u00e3o sobre a arbitragem, apesar do placar [&hellip;]","og_url":"https:\/\/www.gaveanews.com\/index.php\/2025\/10\/16\/a-declaracao-de-jose-boto-do-flamengo-direcionada-a-arbitragem\/","og_site_name":"G\u00e1vea News","article_publisher":"https:\/\/facebook.com\/gaveaNews\/","article_published_time":"2025-10-16T13:06:45+00:00","article_modified_time":"2025-10-16T13:06:50+00:00","og_image":[{"width":1920,"height":1281,"url":"http:\/\/www.gaveanews.com\/wp-content\/uploads\/Jose-Boto-Flamengo-1.webp","type":"image\/jpeg"}],"author":"Reda\u00e7\u00e3o","twitter_card":"summary_large_image","twitter_misc":{"Escrito por":"Reda\u00e7\u00e3o","Est. tempo de leitura":"2 minutos"},"schema":{"@context":"https:\/\/schema.org","@graph":[{"@type":"NewsArticle","@id":"https:\/\/www.gaveanews.com\/index.php\/2025\/10\/16\/a-declaracao-de-jose-boto-do-flamengo-direcionada-a-arbitragem\/#article","isPartOf":{"@id":"https:\/\/www.gaveanews.com\/index.php\/2025\/10\/16\/a-declaracao-de-jose-boto-do-flamengo-direcionada-a-arbitragem\/"},"author":{"name":"Reda\u00e7\u00e3o","@id":"https:\/\/www.gaveanews.com\/#\/schema\/person\/c88645e3d550d0b6574305e67dd5a716"},"headline":"A declara\u00e7\u00e3o de Jos\u00e9 Boto, do Flamengo, direcionada a arbitragem","datePublished":"2025-10-16T13:06:45+00:00","dateModified":"2025-10-16T13:06:50+00:00","mainEntityOfPage":{"@id":"https:\/\/www.gaveanews.com\/index.php\/2025\/10\/16\/a-declaracao-de-jose-boto-do-flamengo-direcionada-a-arbitragem\/"},"wordCount":364,"commentCount":0,"image":{"@id":"https:\/\/www.gaveanews.com\/index.php\/2025\/10\/16\/a-declaracao-de-jose-boto-do-flamengo-direcionada-a-arbitragem\/#primaryimage"},"thumbnailUrl":"https:\/\/www.gaveanews.com\/wp-content\/uploads\/Jose-Boto-Flamengo-1.webp","articleSection":["Flamengo"],"inLanguage":"pt-BR","potentialAction":[{"@type":"CommentAction","name":"Comment","target":["https:\/\/www.gaveanews.com\/index.php\/2025\/10\/16\/a-declaracao-de-jose-boto-do-flamengo-direcionada-a-arbitragem\/#respond"]}],"copyrightYear":"2025","copyrightHolder":{"@id":"https:\/\/www.gaveanews.com\/#organization"}},{"@type":"WebPage","@id":"https:\/\/www.gaveanews.com\/index.php\/2025\/10\/16\/a-declaracao-de-jose-boto-do-flamengo-direcionada-a-arbitragem\/","url":"https:\/\/www.gaveanews.com\/index.php\/2025\/10\/16\/a-declaracao-de-jose-boto-do-flamengo-direcionada-a-arbitragem\/","name":"A declara\u00e7\u00e3o de Jos\u00e9 Boto, do Flamengo, direcionada a arbitragem","isPartOf":{"@id":"https:\/\/www.gaveanews.com\/#website"},"primaryImageOfPage":{"@id":"https:\/\/www.gaveanews.com\/index.php\/2025\/10\/16\/a-declaracao-de-jose-boto-do-flamengo-direcionada-a-arbitragem\/#primaryimage"},"image":{"@id":"https:\/\/www.gaveanews.com\/index.php\/2025\/10\/16\/a-declaracao-de-jose-boto-do-flamengo-direcionada-a-arbitragem\/#primaryimage"},"thumbnailUrl":"https:\/\/www.gaveanews.com\/wp-content\/uploads\/Jose-Boto-Flamengo-1.webp","datePublished":"2025-10-16T13:06:45+00:00","dateModified":"2025-10-16T13:06:50+00:00","author":{"@id":"https:\/\/www.gaveanews.com\/#\/schema\/person\/c88645e3d550d0b6574305e67dd5a716"},"breadcrumb":{"@id":"https:\/\/www.gaveanews.com\/index.php\/2025\/10\/16\/a-declaracao-de-jose-boto-do-flamengo-direcionada-a-arbitragem\/#breadcrumb"},"inLanguage":"pt-BR","potentialAction":[{"@type":"ReadAction","target":["https:\/\/www.gaveanews.com\/index.php\/2025\/10\/16\/a-declaracao-de-jose-boto-do-flamengo-direcionada-a-arbitragem\/"]}]},{"@type":"ImageObject","inLanguage":"pt-BR","@id":"https:\/\/www.gaveanews.com\/index.php\/2025\/10\/16\/a-declaracao-de-jose-boto-do-flamengo-direcionada-a-arbitragem\/#primaryimage","url":"https:\/\/www.gaveanews.com\/wp-content\/uploads\/Jose-Boto-Flamengo-1.webp","contentUrl":"https:\/\/www.gaveanews.com\/wp-content\/uploads\/Jose-Boto-Flamengo-1.webp","width":1920,"height":1281,"caption":"Diretor Jos\u00e9 Boto em coletiva (Foto: Paula Reis\/Flamengo)"},{"@type":"BreadcrumbList","@id":"https:\/\/www.gaveanews.com\/index.php\/2025\/10\/16\/a-declaracao-de-jose-boto-do-flamengo-direcionada-a-arbitragem\/#breadcrumb","itemListElement":[{"@type":"ListItem","position":1,"name":"Home","item":"https:\/\/www.gaveanews.com\/"},{"@type":"ListItem","position":2,"name":"A declara\u00e7\u00e3o de Jos\u00e9 Boto, do Flamengo, direcionada a arbitragem"}]},{"@type":"WebSite","@id":"https:\/\/www.gaveanews.com\/#website","url":"https:\/\/www.gaveanews.com\/","name":"G\u00e1vea News","description":"Veja todas as not\u00edcias sobre o Flamengo: Contrata\u00e7\u00f5es, categorias de base, resultados das partidas, tabela de classifica\u00e7\u00e3o, pr\u00f3ximos jogos!","potentialAction":[{"@type":"SearchAction","target":{"@type":"EntryPoint","urlTemplate":"https:\/\/www.gaveanews.com\/?s={search_term_string}"},"query-input":{"@type":"PropertyValueSpecification","valueRequired":true,"valueName":"search_term_string"}}],"inLanguage":"pt-BR"},{"@type":"Person","@id":"https:\/\/www.gaveanews.com\/#\/schema\/person\/c88645e3d550d0b6574305e67dd5a716","name":"Reda\u00e7\u00e3o","image":{"@type":"ImageObject","inLanguage":"pt-BR","@id":"https:\/\/www.gaveanews.com\/#\/schema\/person\/image\/","url":"https:\/\/secure.gravatar.com\/avatar\/434098fd823f0dc1b062d14ca22bacaa6e38de28d8c816bbef6fc2f8c44d8ba3?s=96&d=mm&r=g","contentUrl":"https:\/\/secure.gravatar.com\/avatar\/434098fd823f0dc1b062d14ca22bacaa6e38de28d8c816bbef6fc2f8c44d8ba3?s=96&d=mm&r=g","caption":"Reda\u00e7\u00e3o"}}]}},"_links":{"self":[{"href":"https:\/\/www.gaveanews.com\/index.php\/wp-json\/wp\/v2\/posts\/278608","targetHints":{"allow":["GET"]}}],"collection":[{"href":"https:\/\/www.gaveanews.com\/index.php\/wp-json\/wp\/v2\/posts"}],"about":[{"href":"https:\/\/www.gaveanews.com\/index.php\/wp-json\/wp\/v2\/types\/post"}],"author":[{"embeddable":true,"href":"https:\/\/www.gaveanews.com\/index.php\/wp-json\/wp\/v2\/users\/39"}],"replies":[{"embeddable":true,"href":"https:\/\/www.gaveanews.com\/index.php\/wp-json\/wp\/v2\/comments?post=278608"}],"version-history":[{"count":1,"href":"https:\/\/www.gaveanews.com\/index.php\/wp-json\/wp\/v2\/posts\/278608\/revisions"}],"predecessor-version":[{"id":278614,"href":"https:\/\/www.gaveanews.com\/index.php\/wp-json\/wp\/v2\/posts\/278608\/revisions\/278614"}],"wp:featuredmedia":[{"embeddable":true,"href":"https:\/\/www.gaveanews.com\/index.php\/wp-json\/wp\/v2\/media\/220981"}],"wp:attachment":[{"href":"https:\/\/www.gaveanews.com\/index.php\/wp-json\/wp\/v2\/media?parent=278608"}],"wp:term":[{"taxonomy":"category","embeddable":true,"href":"https:\/\/www.gaveanews.com\/index.php\/wp-json\/wp\/v2\/categories?post=278608"},{"taxonomy":"post_tag","embeddable":true,"href":"https:\/\/www.gaveanews.com\/index.php\/wp-json\/wp\/v2\/tags?post=278608"}],"curies":[{"name":"wp","href":"https:\/\/api.w.org\/{rel}","templated":true}]}}