{"id":278610,"date":"2025-10-16T10:21:35","date_gmt":"2025-10-16T13:21:35","guid":{"rendered":"https:\/\/www.gaveanews.com\/?p=278610"},"modified":"2025-10-16T10:21:39","modified_gmt":"2025-10-16T13:21:39","slug":"filipe-luis-manda-recado-direcionada-a-pedro-do-flamengo","status":"publish","type":"post","link":"https:\/\/www.gaveanews.com\/index.php\/2025\/10\/16\/filipe-luis-manda-recado-direcionada-a-pedro-do-flamengo\/","title":{"rendered":"Filipe Lu\u00eds manda recado direcionada a Pedro, do Flamengo"},"content":{"rendered":"\n<p>O <a href=\"https:\/\/www.gaveanews.com\/index.php\/category\/brasileirao\/flamengo\/\" target=\"_blank\" rel=\"noopener noreferrer\">Flamengo<\/a> venceu o <a href=\"https:\/\/www.gaveanews.com\/index.php\/category\/brasileirao\/botafogo\/\" target=\"_blank\" rel=\"noopener noreferrer\">Botafogo<\/a> por 3 a 0 na quarta-feira (15 de outubro), pela 28\u00aa rodada do Brasileir\u00e3o. O cl\u00e1ssico aconteceu no Est\u00e1dio Nilton Santos. Pedro marcou, deu assist\u00eancia e completou 300 jogos pelo clube. Filipe Lu\u00eds analisou a atua\u00e7\u00e3o em coletiva ap\u00f3s o duelo.<\/p>\n\n\n\n<p>O rubro-negro ter\u00e1 confronto direto com o <a href=\"https:\/\/www.gaveanews.com\/index.php\/category\/brasileirao\/palmeiras\/\" target=\"_blank\" rel=\"noopener noreferrer\">Palmeiras<\/a> no domingo (19 de outubro), no Maracan\u00e3. O atacante celebrou o momento e destacou o peso da noite em que atingiu a marca hist\u00f3rica.<\/p>\n\n\n\n<p>&#8220;Uma noite perfeita, com vit\u00f3ria, principalmente com gol, com assist\u00eancia, completando 300 jogos com a camisa do Flamengo. Sem d\u00favida nenhuma, passa um filme na cabe\u00e7a, \u00e9 um sonho que eu realizo a cada dia vestindo essa camisa. Poder concluir com um jogo desse foi gratificante demais. Agradecer aos companheiros tamb\u00e9m, por todo o esfor\u00e7o. Toda a equipe jogou um bom futebol hoje, e sa\u00edmos vitoriosos&#8221;.<\/p>\n\n\n\n<p>Ele foi titular no cl\u00e1ssico e abordou a import\u00e2ncia de ter sequ\u00eancia. O camisa 9 comentou como alternar jogos influencia a confian\u00e7a e o desempenho individual.<\/p>\n\n\n\n<p>&#8220;Com certeza, \u00e9 importante ter sequ\u00eancia de jogos para desempenhar bem. Entrando em um jogo e ficando fora no outro, \u00e0s vezes acaba tirando a sequ\u00eancia e a confian\u00e7a tamb\u00e9m. Mas a gente tem que focar, al\u00e9m do coletivo, no individual, manter a cabe\u00e7a boa e aproveitar as chances que tem, independente de serem 10 ou 15 minutos. \u00c9 claro que todo jogador quer jogar, eu principalmente, como atacante, quero estar em campo para ter essa sequ\u00eancia. Ent\u00e3o, feliz por ter come\u00e7ado jogando, por ter feito gol, e espero que seja assim at\u00e9 o final da temporada&#8221;.<\/p>\n\n\n\n<p>Ap\u00f3s a partida, Filipe Lu\u00eds elogiou Pedro e evitou cravar a titularidade. O t\u00e9cnico citou a evolu\u00e7\u00e3o recente do camisa 9 nos treinos e nos jogos.<\/p>\n\n\n\n<p>&#8220;O Pedro \u00e9 um jogador top, todos conhecemos. Mas o mais importante \u00e9 a equipe. Hoje ele fez tudo pela equipe, ajudou em todas as fases do jogo, fez duas semanas excelentes de treinamento, est\u00e1 muito bem e o campo fala. Est\u00e1 em um grande momento e esse Pedro \u00e9 o que todos queremos. Quem mant\u00e9m eles no campo s\u00e3o eles mesmos&#8221;.<\/p>\n\n\n\n<p>O treinador tamb\u00e9m afirmou que nenhum atleta tem vaga cativa, citando nomes como Arrascaeta, Pedro e Bruno Henrique. Ele disse que prioriza o que considera melhor para a equipe.<\/p>\n","protected":false},"excerpt":{"rendered":"<p>O Flamengo venceu o Botafogo por 3 a 0 na quarta-feira (15 de outubro), pela 28\u00aa rodada do Brasileir\u00e3o. O cl\u00e1ssico aconteceu no Est\u00e1dio Nilton Santos. Pedro marcou, deu assist\u00eancia e completou 300 jogos pelo clube. Filipe Lu\u00eds analisou a atua\u00e7\u00e3o em coletiva ap\u00f3s o duelo. O rubro-negro ter\u00e1 confronto direto com o Palmeiras no [&hellip;]<\/p>\n","protected":false},"author":39,"featured_media":158916,"comment_status":"open","ping_status":"closed","sticky":false,"template":"","format":"standard","meta":{"footnotes":""},"categories":[1],"tags":[],"class_list":["post-278610","post","type-post","status-publish","format-standard","has-post-thumbnail","hentry","category-flamengo"],"yoast_head":"<!-- This site is optimized with the Yoast SEO Premium plugin v24.2 (Yoast SEO v26.9) - https:\/\/yoast.com\/product\/yoast-seo-premium-wordpress\/ -->\n<title>Filipe Lu\u00eds manda recado direcionada a Pedro, do Flamengo<\/title>\n<meta name=\"robots\" content=\"index, follow, max-snippet:-1, max-image-preview:large, max-video-preview:-1\" \/>\n<link rel=\"canonical\" href=\"https:\/\/www.gaveanews.com\/index.php\/2025\/10\/16\/filipe-luis-manda-recado-direcionada-a-pedro-do-flamengo\/\" \/>\n<meta property=\"og:locale\" content=\"pt_BR\" \/>\n<meta property=\"og:type\" content=\"article\" \/>\n<meta property=\"og:title\" content=\"Filipe Lu\u00eds manda recado direcionada a Pedro, do Flamengo\" \/>\n<meta property=\"og:description\" content=\"O Flamengo venceu o Botafogo por 3 a 0 na quarta-feira (15 de outubro), pela 28\u00aa rodada do Brasileir\u00e3o. O cl\u00e1ssico aconteceu no Est\u00e1dio Nilton Santos. Pedro marcou, deu assist\u00eancia e completou 300 jogos pelo clube. Filipe Lu\u00eds analisou a atua\u00e7\u00e3o em coletiva ap\u00f3s o duelo. O rubro-negro ter\u00e1 confronto direto com o Palmeiras no [&hellip;]\" \/>\n<meta property=\"og:url\" content=\"https:\/\/www.gaveanews.com\/index.php\/2025\/10\/16\/filipe-luis-manda-recado-direcionada-a-pedro-do-flamengo\/\" \/>\n<meta property=\"og:site_name\" content=\"G\u00e1vea News\" \/>\n<meta property=\"article:publisher\" content=\"https:\/\/facebook.com\/gaveaNews\/\" \/>\n<meta property=\"article:published_time\" content=\"2025-10-16T13:21:35+00:00\" \/>\n<meta property=\"article:modified_time\" content=\"2025-10-16T13:21:39+00:00\" \/>\n<meta property=\"og:image\" content=\"http:\/\/www.gaveanews.com\/wp-content\/uploads\/Pedro-em-acao-pelo-Flamengo.webp\" \/>\n\t<meta property=\"og:image:width\" content=\"1600\" \/>\n\t<meta property=\"og:image:height\" content=\"999\" \/>\n\t<meta property=\"og:image:type\" content=\"image\/jpeg\" \/>\n<meta name=\"author\" content=\"Reda\u00e7\u00e3o\" \/>\n<meta name=\"twitter:card\" content=\"summary_large_image\" \/>\n<meta name=\"twitter:label1\" content=\"Escrito por\" \/>\n\t<meta name=\"twitter:data1\" content=\"Reda\u00e7\u00e3o\" \/>\n\t<meta name=\"twitter:label2\" content=\"Est. tempo de leitura\" \/>\n\t<meta name=\"twitter:data2\" content=\"3 minutos\" \/>\n<script type=\"application\/ld+json\" class=\"yoast-schema-graph\">{\"@context\":\"https:\/\/schema.org\",\"@graph\":[{\"@type\":\"NewsArticle\",\"@id\":\"https:\/\/www.gaveanews.com\/index.php\/2025\/10\/16\/filipe-luis-manda-recado-direcionada-a-pedro-do-flamengo\/#article\",\"isPartOf\":{\"@id\":\"https:\/\/www.gaveanews.com\/index.php\/2025\/10\/16\/filipe-luis-manda-recado-direcionada-a-pedro-do-flamengo\/\"},\"author\":{\"name\":\"Reda\u00e7\u00e3o\",\"@id\":\"https:\/\/www.gaveanews.com\/#\/schema\/person\/c88645e3d550d0b6574305e67dd5a716\"},\"headline\":\"Filipe Lu\u00eds manda recado direcionada a Pedro, do Flamengo\",\"datePublished\":\"2025-10-16T13:21:35+00:00\",\"dateModified\":\"2025-10-16T13:21:39+00:00\",\"mainEntityOfPage\":{\"@id\":\"https:\/\/www.gaveanews.com\/index.php\/2025\/10\/16\/filipe-luis-manda-recado-direcionada-a-pedro-do-flamengo\/\"},\"wordCount\":412,\"commentCount\":0,\"image\":{\"@id\":\"https:\/\/www.gaveanews.com\/index.php\/2025\/10\/16\/filipe-luis-manda-recado-direcionada-a-pedro-do-flamengo\/#primaryimage\"},\"thumbnailUrl\":\"https:\/\/www.gaveanews.com\/wp-content\/uploads\/Pedro-em-acao-pelo-Flamengo.webp\",\"articleSection\":[\"Flamengo\"],\"inLanguage\":\"pt-BR\",\"potentialAction\":[{\"@type\":\"CommentAction\",\"name\":\"Comment\",\"target\":[\"https:\/\/www.gaveanews.com\/index.php\/2025\/10\/16\/filipe-luis-manda-recado-direcionada-a-pedro-do-flamengo\/#respond\"]}],\"copyrightYear\":\"2025\",\"copyrightHolder\":{\"@id\":\"https:\/\/www.gaveanews.com\/#organization\"}},{\"@type\":\"WebPage\",\"@id\":\"https:\/\/www.gaveanews.com\/index.php\/2025\/10\/16\/filipe-luis-manda-recado-direcionada-a-pedro-do-flamengo\/\",\"url\":\"https:\/\/www.gaveanews.com\/index.php\/2025\/10\/16\/filipe-luis-manda-recado-direcionada-a-pedro-do-flamengo\/\",\"name\":\"Filipe Lu\u00eds manda recado direcionada a Pedro, do Flamengo\",\"isPartOf\":{\"@id\":\"https:\/\/www.gaveanews.com\/#website\"},\"primaryImageOfPage\":{\"@id\":\"https:\/\/www.gaveanews.com\/index.php\/2025\/10\/16\/filipe-luis-manda-recado-direcionada-a-pedro-do-flamengo\/#primaryimage\"},\"image\":{\"@id\":\"https:\/\/www.gaveanews.com\/index.php\/2025\/10\/16\/filipe-luis-manda-recado-direcionada-a-pedro-do-flamengo\/#primaryimage\"},\"thumbnailUrl\":\"https:\/\/www.gaveanews.com\/wp-content\/uploads\/Pedro-em-acao-pelo-Flamengo.webp\",\"datePublished\":\"2025-10-16T13:21:35+00:00\",\"dateModified\":\"2025-10-16T13:21:39+00:00\",\"author\":{\"@id\":\"https:\/\/www.gaveanews.com\/#\/schema\/person\/c88645e3d550d0b6574305e67dd5a716\"},\"breadcrumb\":{\"@id\":\"https:\/\/www.gaveanews.com\/index.php\/2025\/10\/16\/filipe-luis-manda-recado-direcionada-a-pedro-do-flamengo\/#breadcrumb\"},\"inLanguage\":\"pt-BR\",\"potentialAction\":[{\"@type\":\"ReadAction\",\"target\":[\"https:\/\/www.gaveanews.com\/index.php\/2025\/10\/16\/filipe-luis-manda-recado-direcionada-a-pedro-do-flamengo\/\"]}]},{\"@type\":\"ImageObject\",\"inLanguage\":\"pt-BR\",\"@id\":\"https:\/\/www.gaveanews.com\/index.php\/2025\/10\/16\/filipe-luis-manda-recado-direcionada-a-pedro-do-flamengo\/#primaryimage\",\"url\":\"https:\/\/www.gaveanews.com\/wp-content\/uploads\/Pedro-em-acao-pelo-Flamengo.webp\",\"contentUrl\":\"https:\/\/www.gaveanews.com\/wp-content\/uploads\/Pedro-em-acao-pelo-Flamengo.webp\",\"width\":1600,\"height\":999,\"caption\":\"Pedro em a\u00e7\u00e3o pelo Flamengo (Foto: Divulga\u00e7\u00e3o\/Flamengo)\"},{\"@type\":\"BreadcrumbList\",\"@id\":\"https:\/\/www.gaveanews.com\/index.php\/2025\/10\/16\/filipe-luis-manda-recado-direcionada-a-pedro-do-flamengo\/#breadcrumb\",\"itemListElement\":[{\"@type\":\"ListItem\",\"position\":1,\"name\":\"Home\",\"item\":\"https:\/\/www.gaveanews.com\/\"},{\"@type\":\"ListItem\",\"position\":2,\"name\":\"Filipe Lu\u00eds manda recado direcionada a Pedro, do Flamengo\"}]},{\"@type\":\"WebSite\",\"@id\":\"https:\/\/www.gaveanews.com\/#website\",\"url\":\"https:\/\/www.gaveanews.com\/\",\"name\":\"G\u00e1vea News\",\"description\":\"Veja todas as not\u00edcias sobre o Flamengo: Contrata\u00e7\u00f5es, categorias de base, resultados das partidas, tabela de classifica\u00e7\u00e3o, pr\u00f3ximos jogos!\",\"potentialAction\":[{\"@type\":\"SearchAction\",\"target\":{\"@type\":\"EntryPoint\",\"urlTemplate\":\"https:\/\/www.gaveanews.com\/?s={search_term_string}\"},\"query-input\":{\"@type\":\"PropertyValueSpecification\",\"valueRequired\":true,\"valueName\":\"search_term_string\"}}],\"inLanguage\":\"pt-BR\"},{\"@type\":\"Person\",\"@id\":\"https:\/\/www.gaveanews.com\/#\/schema\/person\/c88645e3d550d0b6574305e67dd5a716\",\"name\":\"Reda\u00e7\u00e3o\",\"image\":{\"@type\":\"ImageObject\",\"inLanguage\":\"pt-BR\",\"@id\":\"https:\/\/www.gaveanews.com\/#\/schema\/person\/image\/\",\"url\":\"https:\/\/secure.gravatar.com\/avatar\/434098fd823f0dc1b062d14ca22bacaa6e38de28d8c816bbef6fc2f8c44d8ba3?s=96&d=mm&r=g\",\"contentUrl\":\"https:\/\/secure.gravatar.com\/avatar\/434098fd823f0dc1b062d14ca22bacaa6e38de28d8c816bbef6fc2f8c44d8ba3?s=96&d=mm&r=g\",\"caption\":\"Reda\u00e7\u00e3o\"}}]}<\/script>\n<!-- \/ Yoast SEO Premium plugin. -->","yoast_head_json":{"title":"Filipe Lu\u00eds manda recado direcionada a Pedro, do Flamengo","robots":{"index":"index","follow":"follow","max-snippet":"max-snippet:-1","max-image-preview":"max-image-preview:large","max-video-preview":"max-video-preview:-1"},"canonical":"https:\/\/www.gaveanews.com\/index.php\/2025\/10\/16\/filipe-luis-manda-recado-direcionada-a-pedro-do-flamengo\/","og_locale":"pt_BR","og_type":"article","og_title":"Filipe Lu\u00eds manda recado direcionada a Pedro, do Flamengo","og_description":"O Flamengo venceu o Botafogo por 3 a 0 na quarta-feira (15 de outubro), pela 28\u00aa rodada do Brasileir\u00e3o. O cl\u00e1ssico aconteceu no Est\u00e1dio Nilton Santos. Pedro marcou, deu assist\u00eancia e completou 300 jogos pelo clube. Filipe Lu\u00eds analisou a atua\u00e7\u00e3o em coletiva ap\u00f3s o duelo. O rubro-negro ter\u00e1 confronto direto com o Palmeiras no [&hellip;]","og_url":"https:\/\/www.gaveanews.com\/index.php\/2025\/10\/16\/filipe-luis-manda-recado-direcionada-a-pedro-do-flamengo\/","og_site_name":"G\u00e1vea News","article_publisher":"https:\/\/facebook.com\/gaveaNews\/","article_published_time":"2025-10-16T13:21:35+00:00","article_modified_time":"2025-10-16T13:21:39+00:00","og_image":[{"width":1600,"height":999,"url":"http:\/\/www.gaveanews.com\/wp-content\/uploads\/Pedro-em-acao-pelo-Flamengo.webp","type":"image\/jpeg"}],"author":"Reda\u00e7\u00e3o","twitter_card":"summary_large_image","twitter_misc":{"Escrito por":"Reda\u00e7\u00e3o","Est. tempo de leitura":"3 minutos"},"schema":{"@context":"https:\/\/schema.org","@graph":[{"@type":"NewsArticle","@id":"https:\/\/www.gaveanews.com\/index.php\/2025\/10\/16\/filipe-luis-manda-recado-direcionada-a-pedro-do-flamengo\/#article","isPartOf":{"@id":"https:\/\/www.gaveanews.com\/index.php\/2025\/10\/16\/filipe-luis-manda-recado-direcionada-a-pedro-do-flamengo\/"},"author":{"name":"Reda\u00e7\u00e3o","@id":"https:\/\/www.gaveanews.com\/#\/schema\/person\/c88645e3d550d0b6574305e67dd5a716"},"headline":"Filipe Lu\u00eds manda recado direcionada a Pedro, do Flamengo","datePublished":"2025-10-16T13:21:35+00:00","dateModified":"2025-10-16T13:21:39+00:00","mainEntityOfPage":{"@id":"https:\/\/www.gaveanews.com\/index.php\/2025\/10\/16\/filipe-luis-manda-recado-direcionada-a-pedro-do-flamengo\/"},"wordCount":412,"commentCount":0,"image":{"@id":"https:\/\/www.gaveanews.com\/index.php\/2025\/10\/16\/filipe-luis-manda-recado-direcionada-a-pedro-do-flamengo\/#primaryimage"},"thumbnailUrl":"https:\/\/www.gaveanews.com\/wp-content\/uploads\/Pedro-em-acao-pelo-Flamengo.webp","articleSection":["Flamengo"],"inLanguage":"pt-BR","potentialAction":[{"@type":"CommentAction","name":"Comment","target":["https:\/\/www.gaveanews.com\/index.php\/2025\/10\/16\/filipe-luis-manda-recado-direcionada-a-pedro-do-flamengo\/#respond"]}],"copyrightYear":"2025","copyrightHolder":{"@id":"https:\/\/www.gaveanews.com\/#organization"}},{"@type":"WebPage","@id":"https:\/\/www.gaveanews.com\/index.php\/2025\/10\/16\/filipe-luis-manda-recado-direcionada-a-pedro-do-flamengo\/","url":"https:\/\/www.gaveanews.com\/index.php\/2025\/10\/16\/filipe-luis-manda-recado-direcionada-a-pedro-do-flamengo\/","name":"Filipe Lu\u00eds manda recado direcionada a Pedro, do Flamengo","isPartOf":{"@id":"https:\/\/www.gaveanews.com\/#website"},"primaryImageOfPage":{"@id":"https:\/\/www.gaveanews.com\/index.php\/2025\/10\/16\/filipe-luis-manda-recado-direcionada-a-pedro-do-flamengo\/#primaryimage"},"image":{"@id":"https:\/\/www.gaveanews.com\/index.php\/2025\/10\/16\/filipe-luis-manda-recado-direcionada-a-pedro-do-flamengo\/#primaryimage"},"thumbnailUrl":"https:\/\/www.gaveanews.com\/wp-content\/uploads\/Pedro-em-acao-pelo-Flamengo.webp","datePublished":"2025-10-16T13:21:35+00:00","dateModified":"2025-10-16T13:21:39+00:00","author":{"@id":"https:\/\/www.gaveanews.com\/#\/schema\/person\/c88645e3d550d0b6574305e67dd5a716"},"breadcrumb":{"@id":"https:\/\/www.gaveanews.com\/index.php\/2025\/10\/16\/filipe-luis-manda-recado-direcionada-a-pedro-do-flamengo\/#breadcrumb"},"inLanguage":"pt-BR","potentialAction":[{"@type":"ReadAction","target":["https:\/\/www.gaveanews.com\/index.php\/2025\/10\/16\/filipe-luis-manda-recado-direcionada-a-pedro-do-flamengo\/"]}]},{"@type":"ImageObject","inLanguage":"pt-BR","@id":"https:\/\/www.gaveanews.com\/index.php\/2025\/10\/16\/filipe-luis-manda-recado-direcionada-a-pedro-do-flamengo\/#primaryimage","url":"https:\/\/www.gaveanews.com\/wp-content\/uploads\/Pedro-em-acao-pelo-Flamengo.webp","contentUrl":"https:\/\/www.gaveanews.com\/wp-content\/uploads\/Pedro-em-acao-pelo-Flamengo.webp","width":1600,"height":999,"caption":"Pedro em a\u00e7\u00e3o pelo Flamengo (Foto: Divulga\u00e7\u00e3o\/Flamengo)"},{"@type":"BreadcrumbList","@id":"https:\/\/www.gaveanews.com\/index.php\/2025\/10\/16\/filipe-luis-manda-recado-direcionada-a-pedro-do-flamengo\/#breadcrumb","itemListElement":[{"@type":"ListItem","position":1,"name":"Home","item":"https:\/\/www.gaveanews.com\/"},{"@type":"ListItem","position":2,"name":"Filipe Lu\u00eds manda recado direcionada a Pedro, do Flamengo"}]},{"@type":"WebSite","@id":"https:\/\/www.gaveanews.com\/#website","url":"https:\/\/www.gaveanews.com\/","name":"G\u00e1vea News","description":"Veja todas as not\u00edcias sobre o Flamengo: Contrata\u00e7\u00f5es, categorias de base, resultados das partidas, tabela de classifica\u00e7\u00e3o, pr\u00f3ximos jogos!","potentialAction":[{"@type":"SearchAction","target":{"@type":"EntryPoint","urlTemplate":"https:\/\/www.gaveanews.com\/?s={search_term_string}"},"query-input":{"@type":"PropertyValueSpecification","valueRequired":true,"valueName":"search_term_string"}}],"inLanguage":"pt-BR"},{"@type":"Person","@id":"https:\/\/www.gaveanews.com\/#\/schema\/person\/c88645e3d550d0b6574305e67dd5a716","name":"Reda\u00e7\u00e3o","image":{"@type":"ImageObject","inLanguage":"pt-BR","@id":"https:\/\/www.gaveanews.com\/#\/schema\/person\/image\/","url":"https:\/\/secure.gravatar.com\/avatar\/434098fd823f0dc1b062d14ca22bacaa6e38de28d8c816bbef6fc2f8c44d8ba3?s=96&d=mm&r=g","contentUrl":"https:\/\/secure.gravatar.com\/avatar\/434098fd823f0dc1b062d14ca22bacaa6e38de28d8c816bbef6fc2f8c44d8ba3?s=96&d=mm&r=g","caption":"Reda\u00e7\u00e3o"}}]}},"_links":{"self":[{"href":"https:\/\/www.gaveanews.com\/index.php\/wp-json\/wp\/v2\/posts\/278610","targetHints":{"allow":["GET"]}}],"collection":[{"href":"https:\/\/www.gaveanews.com\/index.php\/wp-json\/wp\/v2\/posts"}],"about":[{"href":"https:\/\/www.gaveanews.com\/index.php\/wp-json\/wp\/v2\/types\/post"}],"author":[{"embeddable":true,"href":"https:\/\/www.gaveanews.com\/index.php\/wp-json\/wp\/v2\/users\/39"}],"replies":[{"embeddable":true,"href":"https:\/\/www.gaveanews.com\/index.php\/wp-json\/wp\/v2\/comments?post=278610"}],"version-history":[{"count":1,"href":"https:\/\/www.gaveanews.com\/index.php\/wp-json\/wp\/v2\/posts\/278610\/revisions"}],"predecessor-version":[{"id":278616,"href":"https:\/\/www.gaveanews.com\/index.php\/wp-json\/wp\/v2\/posts\/278610\/revisions\/278616"}],"wp:featuredmedia":[{"embeddable":true,"href":"https:\/\/www.gaveanews.com\/index.php\/wp-json\/wp\/v2\/media\/158916"}],"wp:attachment":[{"href":"https:\/\/www.gaveanews.com\/index.php\/wp-json\/wp\/v2\/media?parent=278610"}],"wp:term":[{"taxonomy":"category","embeddable":true,"href":"https:\/\/www.gaveanews.com\/index.php\/wp-json\/wp\/v2\/categories?post=278610"},{"taxonomy":"post_tag","embeddable":true,"href":"https:\/\/www.gaveanews.com\/index.php\/wp-json\/wp\/v2\/tags?post=278610"}],"curies":[{"name":"wp","href":"https:\/\/api.w.org\/{rel}","templated":true}]}}