{"id":278622,"date":"2025-10-16T13:45:26","date_gmt":"2025-10-16T16:45:26","guid":{"rendered":"https:\/\/www.gaveanews.com\/?p=278622"},"modified":"2025-10-16T13:45:31","modified_gmt":"2025-10-16T16:45:31","slug":"a-declaracao-de-filipe-luis-direcionada-a-samuel-lino-do-flamengo-2","status":"publish","type":"post","link":"https:\/\/www.gaveanews.com\/index.php\/2025\/10\/16\/a-declaracao-de-filipe-luis-direcionada-a-samuel-lino-do-flamengo-2\/","title":{"rendered":"A declara\u00e7\u00e3o de Filipe Lu\u00eds direcionada a Samuel Lino, do Flamengo"},"content":{"rendered":"\n<p>O Flamengo vive momento de estabilidade no Campeonato Brasileiro ap\u00f3s a vit\u00f3ria por 3 a 0 sobre o Botafogo, na noite de quarta-feira (15), no Est\u00e1dio Nilton Santos. O resultado manteve o clube rubro-negro na vice-lideran\u00e7a, com 58 pontos, tr\u00eas atr\u00e1s do Palmeiras, e refor\u00e7ou a confian\u00e7a da equipe \u00e0s v\u00e9speras do confronto direto com o l\u00edder no domingo (19).<\/p>\n\n\n\n<p>Apesar do placar el\u00e1stico, a atua\u00e7\u00e3o de Samuel Lino chamou aten\u00e7\u00e3o de forma negativa. O atacante, principal refor\u00e7o do clube para a temporada, teve desempenho abaixo do esperado e recebeu nota 6,7 do Sofascore, a menor entre os titulares. Em 60 minutos de jogo, acertou 88% dos passes, mas errou todos os tr\u00eas cruzamentos tentados e falhou em lances t\u00e9cnicos simples.<\/p>\n\n\n\n<p>Nas redes sociais, torcedores criticaram o camisa 16 e pediram sua sa\u00edda do time titular. Entretanto, o treinador Filipe Lu\u00eds demonstrou apoio firme ao atleta na coletiva ap\u00f3s o cl\u00e1ssico, destacando que Lino cumpre as orienta\u00e7\u00f5es t\u00e1ticas exigidas pela comiss\u00e3o t\u00e9cnica.<\/p>\n\n\n\n<p>\u201cO Lino faz exatamente o que eu pe\u00e7o para ele fazer. Muitas vezes ele vai ter jogos abaixo? Sim, claro que vai\u201d, declarou Filipe Lu\u00eds.<\/p>\n\n\n\n<p>O t\u00e9cnico refor\u00e7ou que, no momento, n\u00e3o h\u00e1 outro jogador no elenco que desempenhe melhor a fun\u00e7\u00e3o ocupada por Lino.<\/p>\n\n\n\n<p>\u201cEnquanto o jogador estiver fazendo o que o treinador pede, e eu acho que ele est\u00e1 melhor que os outros para poder desempenhar, ent\u00e3o ele vai continuar jogando. O importante \u00e9 que o Samuel Lino fa\u00e7a exatamente o que o treinador pe\u00e7a para ele. Enquanto o fizer, ter\u00e1 a confian\u00e7a do treinador. Vou estar aqui para defender ele sempre\u201d, afirmou.<\/p>\n\n\n\n<p>Segundo Filipe Lu\u00eds, as falhas de Lino tamb\u00e9m podem estar relacionadas \u00e0 adapta\u00e7\u00e3o ao gramado sint\u00e9tico do Nilton Santos, diferente dos campos europeus em que atuava antes. Essa justificativa foi vista internamente como parte do processo de transi\u00e7\u00e3o do atleta, que chegou ao Flamengo vindo do futebol espanhol.<\/p>\n\n\n\n<p>Com o apoio p\u00fablico do treinador e o respaldo nos bastidores, Samuel Lino ter\u00e1 nova oportunidade para se afirmar no duelo decisivo contra o Palmeiras, no Maracan\u00e3. A partida, marcada para domingo (19), \u00e0s 16 horas (hor\u00e1rio de Bras\u00edlia), \u00e9 vista como crucial para as pretens\u00f5es do Flamengo no Brasileir\u00e3o.<\/p>\n","protected":false},"excerpt":{"rendered":"<p>O Flamengo vive momento de estabilidade no Campeonato Brasileiro ap\u00f3s a vit\u00f3ria por 3 a 0 sobre o Botafogo, na noite de quarta-feira (15), no Est\u00e1dio Nilton Santos. O resultado manteve o clube rubro-negro na vice-lideran\u00e7a, com 58 pontos, tr\u00eas atr\u00e1s do Palmeiras, e refor\u00e7ou a confian\u00e7a da equipe \u00e0s v\u00e9speras do confronto direto com [&hellip;]<\/p>\n","protected":false},"author":39,"featured_media":273324,"comment_status":"open","ping_status":"closed","sticky":false,"template":"","format":"standard","meta":{"footnotes":""},"categories":[1],"tags":[],"class_list":["post-278622","post","type-post","status-publish","format-standard","has-post-thumbnail","hentry","category-flamengo"],"yoast_head":"<!-- This site is optimized with the Yoast SEO Premium plugin v24.2 (Yoast SEO v26.9) - https:\/\/yoast.com\/product\/yoast-seo-premium-wordpress\/ -->\n<title>A declara\u00e7\u00e3o de Filipe Lu\u00eds direcionada a Samuel Lino, do Flamengo<\/title>\n<meta name=\"robots\" content=\"index, follow, max-snippet:-1, max-image-preview:large, max-video-preview:-1\" \/>\n<link rel=\"canonical\" href=\"https:\/\/www.gaveanews.com\/index.php\/2025\/10\/16\/a-declaracao-de-filipe-luis-direcionada-a-samuel-lino-do-flamengo-2\/\" \/>\n<meta property=\"og:locale\" content=\"pt_BR\" \/>\n<meta property=\"og:type\" content=\"article\" \/>\n<meta property=\"og:title\" content=\"A declara\u00e7\u00e3o de Filipe Lu\u00eds direcionada a Samuel Lino, do Flamengo\" \/>\n<meta property=\"og:description\" content=\"O Flamengo vive momento de estabilidade no Campeonato Brasileiro ap\u00f3s a vit\u00f3ria por 3 a 0 sobre o Botafogo, na noite de quarta-feira (15), no Est\u00e1dio Nilton Santos. O resultado manteve o clube rubro-negro na vice-lideran\u00e7a, com 58 pontos, tr\u00eas atr\u00e1s do Palmeiras, e refor\u00e7ou a confian\u00e7a da equipe \u00e0s v\u00e9speras do confronto direto com [&hellip;]\" \/>\n<meta property=\"og:url\" content=\"https:\/\/www.gaveanews.com\/index.php\/2025\/10\/16\/a-declaracao-de-filipe-luis-direcionada-a-samuel-lino-do-flamengo-2\/\" \/>\n<meta property=\"og:site_name\" content=\"G\u00e1vea News\" \/>\n<meta property=\"article:publisher\" content=\"https:\/\/facebook.com\/gaveaNews\/\" \/>\n<meta property=\"article:published_time\" content=\"2025-10-16T16:45:26+00:00\" \/>\n<meta property=\"article:modified_time\" content=\"2025-10-16T16:45:31+00:00\" \/>\n<meta property=\"og:image\" content=\"http:\/\/www.gaveanews.com\/wp-content\/uploads\/Samuel-Lino-pelo-Flamengo.png\" \/>\n\t<meta property=\"og:image:width\" content=\"1200\" \/>\n\t<meta property=\"og:image:height\" content=\"900\" \/>\n\t<meta property=\"og:image:type\" content=\"image\/png\" \/>\n<meta name=\"author\" content=\"Reda\u00e7\u00e3o\" \/>\n<meta name=\"twitter:card\" content=\"summary_large_image\" \/>\n<meta name=\"twitter:label1\" content=\"Escrito por\" \/>\n\t<meta name=\"twitter:data1\" content=\"Reda\u00e7\u00e3o\" \/>\n\t<meta name=\"twitter:label2\" content=\"Est. tempo de leitura\" \/>\n\t<meta name=\"twitter:data2\" content=\"3 minutos\" \/>\n<script type=\"application\/ld+json\" class=\"yoast-schema-graph\">{\"@context\":\"https:\/\/schema.org\",\"@graph\":[{\"@type\":\"NewsArticle\",\"@id\":\"https:\/\/www.gaveanews.com\/index.php\/2025\/10\/16\/a-declaracao-de-filipe-luis-direcionada-a-samuel-lino-do-flamengo-2\/#article\",\"isPartOf\":{\"@id\":\"https:\/\/www.gaveanews.com\/index.php\/2025\/10\/16\/a-declaracao-de-filipe-luis-direcionada-a-samuel-lino-do-flamengo-2\/\"},\"author\":{\"name\":\"Reda\u00e7\u00e3o\",\"@id\":\"https:\/\/www.gaveanews.com\/#\/schema\/person\/c88645e3d550d0b6574305e67dd5a716\"},\"headline\":\"A declara\u00e7\u00e3o de Filipe Lu\u00eds direcionada a Samuel Lino, do Flamengo\",\"datePublished\":\"2025-10-16T16:45:26+00:00\",\"dateModified\":\"2025-10-16T16:45:31+00:00\",\"mainEntityOfPage\":{\"@id\":\"https:\/\/www.gaveanews.com\/index.php\/2025\/10\/16\/a-declaracao-de-filipe-luis-direcionada-a-samuel-lino-do-flamengo-2\/\"},\"wordCount\":408,\"commentCount\":0,\"image\":{\"@id\":\"https:\/\/www.gaveanews.com\/index.php\/2025\/10\/16\/a-declaracao-de-filipe-luis-direcionada-a-samuel-lino-do-flamengo-2\/#primaryimage\"},\"thumbnailUrl\":\"https:\/\/www.gaveanews.com\/wp-content\/uploads\/Samuel-Lino-pelo-Flamengo.png\",\"articleSection\":[\"Flamengo\"],\"inLanguage\":\"pt-BR\",\"potentialAction\":[{\"@type\":\"CommentAction\",\"name\":\"Comment\",\"target\":[\"https:\/\/www.gaveanews.com\/index.php\/2025\/10\/16\/a-declaracao-de-filipe-luis-direcionada-a-samuel-lino-do-flamengo-2\/#respond\"]}],\"copyrightYear\":\"2025\",\"copyrightHolder\":{\"@id\":\"https:\/\/www.gaveanews.com\/#organization\"}},{\"@type\":\"WebPage\",\"@id\":\"https:\/\/www.gaveanews.com\/index.php\/2025\/10\/16\/a-declaracao-de-filipe-luis-direcionada-a-samuel-lino-do-flamengo-2\/\",\"url\":\"https:\/\/www.gaveanews.com\/index.php\/2025\/10\/16\/a-declaracao-de-filipe-luis-direcionada-a-samuel-lino-do-flamengo-2\/\",\"name\":\"A declara\u00e7\u00e3o de Filipe Lu\u00eds direcionada a Samuel Lino, do Flamengo\",\"isPartOf\":{\"@id\":\"https:\/\/www.gaveanews.com\/#website\"},\"primaryImageOfPage\":{\"@id\":\"https:\/\/www.gaveanews.com\/index.php\/2025\/10\/16\/a-declaracao-de-filipe-luis-direcionada-a-samuel-lino-do-flamengo-2\/#primaryimage\"},\"image\":{\"@id\":\"https:\/\/www.gaveanews.com\/index.php\/2025\/10\/16\/a-declaracao-de-filipe-luis-direcionada-a-samuel-lino-do-flamengo-2\/#primaryimage\"},\"thumbnailUrl\":\"https:\/\/www.gaveanews.com\/wp-content\/uploads\/Samuel-Lino-pelo-Flamengo.png\",\"datePublished\":\"2025-10-16T16:45:26+00:00\",\"dateModified\":\"2025-10-16T16:45:31+00:00\",\"author\":{\"@id\":\"https:\/\/www.gaveanews.com\/#\/schema\/person\/c88645e3d550d0b6574305e67dd5a716\"},\"breadcrumb\":{\"@id\":\"https:\/\/www.gaveanews.com\/index.php\/2025\/10\/16\/a-declaracao-de-filipe-luis-direcionada-a-samuel-lino-do-flamengo-2\/#breadcrumb\"},\"inLanguage\":\"pt-BR\",\"potentialAction\":[{\"@type\":\"ReadAction\",\"target\":[\"https:\/\/www.gaveanews.com\/index.php\/2025\/10\/16\/a-declaracao-de-filipe-luis-direcionada-a-samuel-lino-do-flamengo-2\/\"]}]},{\"@type\":\"ImageObject\",\"inLanguage\":\"pt-BR\",\"@id\":\"https:\/\/www.gaveanews.com\/index.php\/2025\/10\/16\/a-declaracao-de-filipe-luis-direcionada-a-samuel-lino-do-flamengo-2\/#primaryimage\",\"url\":\"https:\/\/www.gaveanews.com\/wp-content\/uploads\/Samuel-Lino-pelo-Flamengo.png\",\"contentUrl\":\"https:\/\/www.gaveanews.com\/wp-content\/uploads\/Samuel-Lino-pelo-Flamengo.png\",\"width\":1200,\"height\":900,\"caption\":\"Samuel Lino pelo Flamengo (Foto: Gilvan de Souza\/Flamengo)\"},{\"@type\":\"BreadcrumbList\",\"@id\":\"https:\/\/www.gaveanews.com\/index.php\/2025\/10\/16\/a-declaracao-de-filipe-luis-direcionada-a-samuel-lino-do-flamengo-2\/#breadcrumb\",\"itemListElement\":[{\"@type\":\"ListItem\",\"position\":1,\"name\":\"Home\",\"item\":\"https:\/\/www.gaveanews.com\/\"},{\"@type\":\"ListItem\",\"position\":2,\"name\":\"A declara\u00e7\u00e3o de Filipe Lu\u00eds direcionada a Samuel Lino, do Flamengo\"}]},{\"@type\":\"WebSite\",\"@id\":\"https:\/\/www.gaveanews.com\/#website\",\"url\":\"https:\/\/www.gaveanews.com\/\",\"name\":\"G\u00e1vea News\",\"description\":\"Veja todas as not\u00edcias sobre o Flamengo: Contrata\u00e7\u00f5es, categorias de base, resultados das partidas, tabela de classifica\u00e7\u00e3o, pr\u00f3ximos jogos!\",\"potentialAction\":[{\"@type\":\"SearchAction\",\"target\":{\"@type\":\"EntryPoint\",\"urlTemplate\":\"https:\/\/www.gaveanews.com\/?s={search_term_string}\"},\"query-input\":{\"@type\":\"PropertyValueSpecification\",\"valueRequired\":true,\"valueName\":\"search_term_string\"}}],\"inLanguage\":\"pt-BR\"},{\"@type\":\"Person\",\"@id\":\"https:\/\/www.gaveanews.com\/#\/schema\/person\/c88645e3d550d0b6574305e67dd5a716\",\"name\":\"Reda\u00e7\u00e3o\",\"image\":{\"@type\":\"ImageObject\",\"inLanguage\":\"pt-BR\",\"@id\":\"https:\/\/www.gaveanews.com\/#\/schema\/person\/image\/\",\"url\":\"https:\/\/secure.gravatar.com\/avatar\/434098fd823f0dc1b062d14ca22bacaa6e38de28d8c816bbef6fc2f8c44d8ba3?s=96&d=mm&r=g\",\"contentUrl\":\"https:\/\/secure.gravatar.com\/avatar\/434098fd823f0dc1b062d14ca22bacaa6e38de28d8c816bbef6fc2f8c44d8ba3?s=96&d=mm&r=g\",\"caption\":\"Reda\u00e7\u00e3o\"}}]}<\/script>\n<!-- \/ Yoast SEO Premium plugin. -->","yoast_head_json":{"title":"A declara\u00e7\u00e3o de Filipe Lu\u00eds direcionada a Samuel Lino, do Flamengo","robots":{"index":"index","follow":"follow","max-snippet":"max-snippet:-1","max-image-preview":"max-image-preview:large","max-video-preview":"max-video-preview:-1"},"canonical":"https:\/\/www.gaveanews.com\/index.php\/2025\/10\/16\/a-declaracao-de-filipe-luis-direcionada-a-samuel-lino-do-flamengo-2\/","og_locale":"pt_BR","og_type":"article","og_title":"A declara\u00e7\u00e3o de Filipe Lu\u00eds direcionada a Samuel Lino, do Flamengo","og_description":"O Flamengo vive momento de estabilidade no Campeonato Brasileiro ap\u00f3s a vit\u00f3ria por 3 a 0 sobre o Botafogo, na noite de quarta-feira (15), no Est\u00e1dio Nilton Santos. O resultado manteve o clube rubro-negro na vice-lideran\u00e7a, com 58 pontos, tr\u00eas atr\u00e1s do Palmeiras, e refor\u00e7ou a confian\u00e7a da equipe \u00e0s v\u00e9speras do confronto direto com [&hellip;]","og_url":"https:\/\/www.gaveanews.com\/index.php\/2025\/10\/16\/a-declaracao-de-filipe-luis-direcionada-a-samuel-lino-do-flamengo-2\/","og_site_name":"G\u00e1vea News","article_publisher":"https:\/\/facebook.com\/gaveaNews\/","article_published_time":"2025-10-16T16:45:26+00:00","article_modified_time":"2025-10-16T16:45:31+00:00","og_image":[{"width":1200,"height":900,"url":"http:\/\/www.gaveanews.com\/wp-content\/uploads\/Samuel-Lino-pelo-Flamengo.png","type":"image\/png"}],"author":"Reda\u00e7\u00e3o","twitter_card":"summary_large_image","twitter_misc":{"Escrito por":"Reda\u00e7\u00e3o","Est. tempo de leitura":"3 minutos"},"schema":{"@context":"https:\/\/schema.org","@graph":[{"@type":"NewsArticle","@id":"https:\/\/www.gaveanews.com\/index.php\/2025\/10\/16\/a-declaracao-de-filipe-luis-direcionada-a-samuel-lino-do-flamengo-2\/#article","isPartOf":{"@id":"https:\/\/www.gaveanews.com\/index.php\/2025\/10\/16\/a-declaracao-de-filipe-luis-direcionada-a-samuel-lino-do-flamengo-2\/"},"author":{"name":"Reda\u00e7\u00e3o","@id":"https:\/\/www.gaveanews.com\/#\/schema\/person\/c88645e3d550d0b6574305e67dd5a716"},"headline":"A declara\u00e7\u00e3o de Filipe Lu\u00eds direcionada a Samuel Lino, do Flamengo","datePublished":"2025-10-16T16:45:26+00:00","dateModified":"2025-10-16T16:45:31+00:00","mainEntityOfPage":{"@id":"https:\/\/www.gaveanews.com\/index.php\/2025\/10\/16\/a-declaracao-de-filipe-luis-direcionada-a-samuel-lino-do-flamengo-2\/"},"wordCount":408,"commentCount":0,"image":{"@id":"https:\/\/www.gaveanews.com\/index.php\/2025\/10\/16\/a-declaracao-de-filipe-luis-direcionada-a-samuel-lino-do-flamengo-2\/#primaryimage"},"thumbnailUrl":"https:\/\/www.gaveanews.com\/wp-content\/uploads\/Samuel-Lino-pelo-Flamengo.png","articleSection":["Flamengo"],"inLanguage":"pt-BR","potentialAction":[{"@type":"CommentAction","name":"Comment","target":["https:\/\/www.gaveanews.com\/index.php\/2025\/10\/16\/a-declaracao-de-filipe-luis-direcionada-a-samuel-lino-do-flamengo-2\/#respond"]}],"copyrightYear":"2025","copyrightHolder":{"@id":"https:\/\/www.gaveanews.com\/#organization"}},{"@type":"WebPage","@id":"https:\/\/www.gaveanews.com\/index.php\/2025\/10\/16\/a-declaracao-de-filipe-luis-direcionada-a-samuel-lino-do-flamengo-2\/","url":"https:\/\/www.gaveanews.com\/index.php\/2025\/10\/16\/a-declaracao-de-filipe-luis-direcionada-a-samuel-lino-do-flamengo-2\/","name":"A declara\u00e7\u00e3o de Filipe Lu\u00eds direcionada a Samuel Lino, do Flamengo","isPartOf":{"@id":"https:\/\/www.gaveanews.com\/#website"},"primaryImageOfPage":{"@id":"https:\/\/www.gaveanews.com\/index.php\/2025\/10\/16\/a-declaracao-de-filipe-luis-direcionada-a-samuel-lino-do-flamengo-2\/#primaryimage"},"image":{"@id":"https:\/\/www.gaveanews.com\/index.php\/2025\/10\/16\/a-declaracao-de-filipe-luis-direcionada-a-samuel-lino-do-flamengo-2\/#primaryimage"},"thumbnailUrl":"https:\/\/www.gaveanews.com\/wp-content\/uploads\/Samuel-Lino-pelo-Flamengo.png","datePublished":"2025-10-16T16:45:26+00:00","dateModified":"2025-10-16T16:45:31+00:00","author":{"@id":"https:\/\/www.gaveanews.com\/#\/schema\/person\/c88645e3d550d0b6574305e67dd5a716"},"breadcrumb":{"@id":"https:\/\/www.gaveanews.com\/index.php\/2025\/10\/16\/a-declaracao-de-filipe-luis-direcionada-a-samuel-lino-do-flamengo-2\/#breadcrumb"},"inLanguage":"pt-BR","potentialAction":[{"@type":"ReadAction","target":["https:\/\/www.gaveanews.com\/index.php\/2025\/10\/16\/a-declaracao-de-filipe-luis-direcionada-a-samuel-lino-do-flamengo-2\/"]}]},{"@type":"ImageObject","inLanguage":"pt-BR","@id":"https:\/\/www.gaveanews.com\/index.php\/2025\/10\/16\/a-declaracao-de-filipe-luis-direcionada-a-samuel-lino-do-flamengo-2\/#primaryimage","url":"https:\/\/www.gaveanews.com\/wp-content\/uploads\/Samuel-Lino-pelo-Flamengo.png","contentUrl":"https:\/\/www.gaveanews.com\/wp-content\/uploads\/Samuel-Lino-pelo-Flamengo.png","width":1200,"height":900,"caption":"Samuel Lino pelo Flamengo (Foto: Gilvan de Souza\/Flamengo)"},{"@type":"BreadcrumbList","@id":"https:\/\/www.gaveanews.com\/index.php\/2025\/10\/16\/a-declaracao-de-filipe-luis-direcionada-a-samuel-lino-do-flamengo-2\/#breadcrumb","itemListElement":[{"@type":"ListItem","position":1,"name":"Home","item":"https:\/\/www.gaveanews.com\/"},{"@type":"ListItem","position":2,"name":"A declara\u00e7\u00e3o de Filipe Lu\u00eds direcionada a Samuel Lino, do Flamengo"}]},{"@type":"WebSite","@id":"https:\/\/www.gaveanews.com\/#website","url":"https:\/\/www.gaveanews.com\/","name":"G\u00e1vea News","description":"Veja todas as not\u00edcias sobre o Flamengo: Contrata\u00e7\u00f5es, categorias de base, resultados das partidas, tabela de classifica\u00e7\u00e3o, pr\u00f3ximos jogos!","potentialAction":[{"@type":"SearchAction","target":{"@type":"EntryPoint","urlTemplate":"https:\/\/www.gaveanews.com\/?s={search_term_string}"},"query-input":{"@type":"PropertyValueSpecification","valueRequired":true,"valueName":"search_term_string"}}],"inLanguage":"pt-BR"},{"@type":"Person","@id":"https:\/\/www.gaveanews.com\/#\/schema\/person\/c88645e3d550d0b6574305e67dd5a716","name":"Reda\u00e7\u00e3o","image":{"@type":"ImageObject","inLanguage":"pt-BR","@id":"https:\/\/www.gaveanews.com\/#\/schema\/person\/image\/","url":"https:\/\/secure.gravatar.com\/avatar\/434098fd823f0dc1b062d14ca22bacaa6e38de28d8c816bbef6fc2f8c44d8ba3?s=96&d=mm&r=g","contentUrl":"https:\/\/secure.gravatar.com\/avatar\/434098fd823f0dc1b062d14ca22bacaa6e38de28d8c816bbef6fc2f8c44d8ba3?s=96&d=mm&r=g","caption":"Reda\u00e7\u00e3o"}}]}},"_links":{"self":[{"href":"https:\/\/www.gaveanews.com\/index.php\/wp-json\/wp\/v2\/posts\/278622","targetHints":{"allow":["GET"]}}],"collection":[{"href":"https:\/\/www.gaveanews.com\/index.php\/wp-json\/wp\/v2\/posts"}],"about":[{"href":"https:\/\/www.gaveanews.com\/index.php\/wp-json\/wp\/v2\/types\/post"}],"author":[{"embeddable":true,"href":"https:\/\/www.gaveanews.com\/index.php\/wp-json\/wp\/v2\/users\/39"}],"replies":[{"embeddable":true,"href":"https:\/\/www.gaveanews.com\/index.php\/wp-json\/wp\/v2\/comments?post=278622"}],"version-history":[{"count":1,"href":"https:\/\/www.gaveanews.com\/index.php\/wp-json\/wp\/v2\/posts\/278622\/revisions"}],"predecessor-version":[{"id":278637,"href":"https:\/\/www.gaveanews.com\/index.php\/wp-json\/wp\/v2\/posts\/278622\/revisions\/278637"}],"wp:featuredmedia":[{"embeddable":true,"href":"https:\/\/www.gaveanews.com\/index.php\/wp-json\/wp\/v2\/media\/273324"}],"wp:attachment":[{"href":"https:\/\/www.gaveanews.com\/index.php\/wp-json\/wp\/v2\/media?parent=278622"}],"wp:term":[{"taxonomy":"category","embeddable":true,"href":"https:\/\/www.gaveanews.com\/index.php\/wp-json\/wp\/v2\/categories?post=278622"},{"taxonomy":"post_tag","embeddable":true,"href":"https:\/\/www.gaveanews.com\/index.php\/wp-json\/wp\/v2\/tags?post=278622"}],"curies":[{"name":"wp","href":"https:\/\/api.w.org\/{rel}","templated":true}]}}