{"id":278638,"date":"2025-10-16T14:45:35","date_gmt":"2025-10-16T17:45:35","guid":{"rendered":"https:\/\/www.gaveanews.com\/?p=278638"},"modified":"2025-10-16T14:29:42","modified_gmt":"2025-10-16T17:29:42","slug":"pedro-e-sincero-ao-falar-sobre-filipe-luis-do-flamengo","status":"publish","type":"post","link":"https:\/\/www.gaveanews.com\/index.php\/2025\/10\/16\/pedro-e-sincero-ao-falar-sobre-filipe-luis-do-flamengo\/","title":{"rendered":"Pedro \u00e9 sincero ao falar sobre Filipe Lu\u00eds, do Flamengo"},"content":{"rendered":"\n<p>Na quarta-feira (15 de outubro), o <a href=\"https:\/\/www.gaveanews.com\/index.php\/category\/brasileirao\/flamengo\/\" target=\"_blank\" rel=\"noopener noreferrer\">Flamengo<\/a> venceu o <a href=\"https:\/\/www.gaveanews.com\/index.php\/category\/brasileirao\/botafogo\/\" target=\"_blank\" rel=\"noopener noreferrer\">Botafogo<\/a> por 3 a 0 no Est\u00e1dio Nilton Santos, pela 28\u00aa rodada do Brasileiro. Pedro marcou um gol, deu uma assist\u00eancia e completou 300 jogos pelo clube.<\/p>\n\n\n\n<p>O camisa 9 celebrou o desempenho e o marco, agradeceu aos companheiros e destacou a atua\u00e7\u00e3o coletiva. Ele descreveu a emo\u00e7\u00e3o do momento e valorizou o resultado no cl\u00e1ssico.<\/p>\n\n\n\n<p>&#8220;Uma noite perfeita. Um gol e uma assist\u00eancia no jogo de n\u00famero 300. Falo que vivo um sonho todos os dias que jogo pelo Flamengo&#8221;.<\/p>\n\n\n\n<p>O atacante ressaltou a necessidade de sequ\u00eancia para manter ritmo e confian\u00e7a ao longo da temporada. Ele admitiu que alternar entre titularidade e reserva atrapalha o desempenho.<\/p>\n\n\n\n<p>&#8220;\u00c9 importante ter sequ\u00eancia de jogos. Entrando um jogo sim e outro n\u00e3o \u00e0s vezes atrapalha no desempenho e confian\u00e7a. Quero sempre estar em campo para fazer gol, mas todos querem jogar. \u00c9 focar em ajudar o Flamengo&#8221;.<\/p>\n\n\n\n<p>Em seguida, Pedro refor\u00e7ou respeito \u00e0s decis\u00f5es de Filipe Lu\u00eds e afirmou que busca mais minutos para ganhar ritmo. O centroavante disse que pretende responder com trabalho e performance.<\/p>\n\n\n\n<p>&#8220;\u00c9 claro que quero jogar, n\u00e9? Todo jogador quer estar em campo. Eu, como centroavante, \u00e9 importante ter essa sequ\u00eancia de jogos como titular. Faz muita diferen\u00e7a nos jogos, confian\u00e7a. Espero que continue sendo assim. Eu vou lutar por isso, vou brigar por isso tamb\u00e9m dentro dos jogos. E, claro, respeito sempre a decis\u00e3o do Filipe Lu\u00eds, que \u00e9 o treinador, mas vou buscar o que est\u00e1 no meu alcance, que \u00e9 trabalhar e responder dentro de campo&#8221;.<\/p>\n\n\n\n<p>Com o resultado, os rubro-negros foram a 58 pontos e seguem na vice-lideran\u00e7a do Brasileiro. A diferen\u00e7a para o l\u00edder <a href=\"https:\/\/www.gaveanews.com\/index.php\/category\/brasileirao\/palmeiras\/\" target=\"_blank\" rel=\"noopener noreferrer\">Palmeiras<\/a> \u00e9 de tr\u00eas pontos, com 61.<\/p>\n","protected":false},"excerpt":{"rendered":"<p>Na quarta-feira (15 de outubro), o Flamengo venceu o Botafogo por 3 a 0 no Est\u00e1dio Nilton Santos, pela 28\u00aa rodada do Brasileiro. Pedro marcou um gol, deu uma assist\u00eancia e completou 300 jogos pelo clube. O camisa 9 celebrou o desempenho e o marco, agradeceu aos companheiros e destacou a atua\u00e7\u00e3o coletiva. Ele descreveu [&hellip;]<\/p>\n","protected":false},"author":39,"featured_media":151174,"comment_status":"open","ping_status":"closed","sticky":false,"template":"","format":"standard","meta":{"footnotes":""},"categories":[1],"tags":[],"class_list":["post-278638","post","type-post","status-publish","format-standard","has-post-thumbnail","hentry","category-flamengo"],"yoast_head":"<!-- This site is optimized with the Yoast SEO Premium plugin v24.2 (Yoast SEO v26.9) - https:\/\/yoast.com\/product\/yoast-seo-premium-wordpress\/ -->\n<title>Pedro \u00e9 sincero ao falar sobre Filipe Lu\u00eds, do Flamengo<\/title>\n<meta name=\"robots\" content=\"index, follow, max-snippet:-1, max-image-preview:large, max-video-preview:-1\" \/>\n<link rel=\"canonical\" href=\"https:\/\/www.gaveanews.com\/index.php\/2025\/10\/16\/pedro-e-sincero-ao-falar-sobre-filipe-luis-do-flamengo\/\" \/>\n<meta property=\"og:locale\" content=\"pt_BR\" \/>\n<meta property=\"og:type\" content=\"article\" \/>\n<meta property=\"og:title\" content=\"Pedro \u00e9 sincero ao falar sobre Filipe Lu\u00eds, do Flamengo\" \/>\n<meta property=\"og:description\" content=\"Na quarta-feira (15 de outubro), o Flamengo venceu o Botafogo por 3 a 0 no Est\u00e1dio Nilton Santos, pela 28\u00aa rodada do Brasileiro. Pedro marcou um gol, deu uma assist\u00eancia e completou 300 jogos pelo clube. O camisa 9 celebrou o desempenho e o marco, agradeceu aos companheiros e destacou a atua\u00e7\u00e3o coletiva. Ele descreveu [&hellip;]\" \/>\n<meta property=\"og:url\" content=\"https:\/\/www.gaveanews.com\/index.php\/2025\/10\/16\/pedro-e-sincero-ao-falar-sobre-filipe-luis-do-flamengo\/\" \/>\n<meta property=\"og:site_name\" content=\"G\u00e1vea News\" \/>\n<meta property=\"article:publisher\" content=\"https:\/\/facebook.com\/gaveaNews\/\" \/>\n<meta property=\"article:published_time\" content=\"2025-10-16T17:45:35+00:00\" \/>\n<meta property=\"og:image\" content=\"https:\/\/www.gaveanews.com\/wp-content\/uploads\/Pedro-vibra-apos-marcar-um-gol-diante-do-Cuiaba-no-Maracana.webp\" \/>\n\t<meta property=\"og:image:width\" content=\"900\" \/>\n\t<meta property=\"og:image:height\" content=\"599\" \/>\n\t<meta property=\"og:image:type\" content=\"image\/jpeg\" \/>\n<meta name=\"author\" content=\"Reda\u00e7\u00e3o\" \/>\n<meta name=\"twitter:card\" content=\"summary_large_image\" \/>\n<meta name=\"twitter:label1\" content=\"Escrito por\" \/>\n\t<meta name=\"twitter:data1\" content=\"Reda\u00e7\u00e3o\" \/>\n\t<meta name=\"twitter:label2\" content=\"Est. tempo de leitura\" \/>\n\t<meta name=\"twitter:data2\" content=\"2 minutos\" \/>\n<script type=\"application\/ld+json\" class=\"yoast-schema-graph\">{\"@context\":\"https:\/\/schema.org\",\"@graph\":[{\"@type\":\"NewsArticle\",\"@id\":\"https:\/\/www.gaveanews.com\/index.php\/2025\/10\/16\/pedro-e-sincero-ao-falar-sobre-filipe-luis-do-flamengo\/#article\",\"isPartOf\":{\"@id\":\"https:\/\/www.gaveanews.com\/index.php\/2025\/10\/16\/pedro-e-sincero-ao-falar-sobre-filipe-luis-do-flamengo\/\"},\"author\":{\"name\":\"Reda\u00e7\u00e3o\",\"@id\":\"https:\/\/www.gaveanews.com\/#\/schema\/person\/c88645e3d550d0b6574305e67dd5a716\"},\"headline\":\"Pedro \u00e9 sincero ao falar sobre Filipe Lu\u00eds, do Flamengo\",\"datePublished\":\"2025-10-16T17:45:35+00:00\",\"mainEntityOfPage\":{\"@id\":\"https:\/\/www.gaveanews.com\/index.php\/2025\/10\/16\/pedro-e-sincero-ao-falar-sobre-filipe-luis-do-flamengo\/\"},\"wordCount\":308,\"commentCount\":0,\"image\":{\"@id\":\"https:\/\/www.gaveanews.com\/index.php\/2025\/10\/16\/pedro-e-sincero-ao-falar-sobre-filipe-luis-do-flamengo\/#primaryimage\"},\"thumbnailUrl\":\"https:\/\/www.gaveanews.com\/wp-content\/uploads\/Pedro-vibra-apos-marcar-um-gol-diante-do-Cuiaba-no-Maracana.webp\",\"articleSection\":[\"Flamengo\"],\"inLanguage\":\"pt-BR\",\"potentialAction\":[{\"@type\":\"CommentAction\",\"name\":\"Comment\",\"target\":[\"https:\/\/www.gaveanews.com\/index.php\/2025\/10\/16\/pedro-e-sincero-ao-falar-sobre-filipe-luis-do-flamengo\/#respond\"]}],\"copyrightYear\":\"2025\",\"copyrightHolder\":{\"@id\":\"https:\/\/www.gaveanews.com\/#organization\"}},{\"@type\":\"WebPage\",\"@id\":\"https:\/\/www.gaveanews.com\/index.php\/2025\/10\/16\/pedro-e-sincero-ao-falar-sobre-filipe-luis-do-flamengo\/\",\"url\":\"https:\/\/www.gaveanews.com\/index.php\/2025\/10\/16\/pedro-e-sincero-ao-falar-sobre-filipe-luis-do-flamengo\/\",\"name\":\"Pedro \u00e9 sincero ao falar sobre Filipe Lu\u00eds, do Flamengo\",\"isPartOf\":{\"@id\":\"https:\/\/www.gaveanews.com\/#website\"},\"primaryImageOfPage\":{\"@id\":\"https:\/\/www.gaveanews.com\/index.php\/2025\/10\/16\/pedro-e-sincero-ao-falar-sobre-filipe-luis-do-flamengo\/#primaryimage\"},\"image\":{\"@id\":\"https:\/\/www.gaveanews.com\/index.php\/2025\/10\/16\/pedro-e-sincero-ao-falar-sobre-filipe-luis-do-flamengo\/#primaryimage\"},\"thumbnailUrl\":\"https:\/\/www.gaveanews.com\/wp-content\/uploads\/Pedro-vibra-apos-marcar-um-gol-diante-do-Cuiaba-no-Maracana.webp\",\"datePublished\":\"2025-10-16T17:45:35+00:00\",\"author\":{\"@id\":\"https:\/\/www.gaveanews.com\/#\/schema\/person\/c88645e3d550d0b6574305e67dd5a716\"},\"breadcrumb\":{\"@id\":\"https:\/\/www.gaveanews.com\/index.php\/2025\/10\/16\/pedro-e-sincero-ao-falar-sobre-filipe-luis-do-flamengo\/#breadcrumb\"},\"inLanguage\":\"pt-BR\",\"potentialAction\":[{\"@type\":\"ReadAction\",\"target\":[\"https:\/\/www.gaveanews.com\/index.php\/2025\/10\/16\/pedro-e-sincero-ao-falar-sobre-filipe-luis-do-flamengo\/\"]}]},{\"@type\":\"ImageObject\",\"inLanguage\":\"pt-BR\",\"@id\":\"https:\/\/www.gaveanews.com\/index.php\/2025\/10\/16\/pedro-e-sincero-ao-falar-sobre-filipe-luis-do-flamengo\/#primaryimage\",\"url\":\"https:\/\/www.gaveanews.com\/wp-content\/uploads\/Pedro-vibra-apos-marcar-um-gol-diante-do-Cuiaba-no-Maracana.webp\",\"contentUrl\":\"https:\/\/www.gaveanews.com\/wp-content\/uploads\/Pedro-vibra-apos-marcar-um-gol-diante-do-Cuiaba-no-Maracana.webp\",\"width\":900,\"height\":599,\"caption\":\"Pedro vibra ap\u00f3s marcar um gol diante do Cuiab\u00e1 no est\u00e1dio do Maracan\u00e3 (Foto: Marcelo Cortes\/Flamengo)\"},{\"@type\":\"BreadcrumbList\",\"@id\":\"https:\/\/www.gaveanews.com\/index.php\/2025\/10\/16\/pedro-e-sincero-ao-falar-sobre-filipe-luis-do-flamengo\/#breadcrumb\",\"itemListElement\":[{\"@type\":\"ListItem\",\"position\":1,\"name\":\"Home\",\"item\":\"https:\/\/www.gaveanews.com\/\"},{\"@type\":\"ListItem\",\"position\":2,\"name\":\"Pedro \u00e9 sincero ao falar sobre Filipe Lu\u00eds, do Flamengo\"}]},{\"@type\":\"WebSite\",\"@id\":\"https:\/\/www.gaveanews.com\/#website\",\"url\":\"https:\/\/www.gaveanews.com\/\",\"name\":\"G\u00e1vea News\",\"description\":\"Veja todas as not\u00edcias sobre o Flamengo: Contrata\u00e7\u00f5es, categorias de base, resultados das partidas, tabela de classifica\u00e7\u00e3o, pr\u00f3ximos jogos!\",\"potentialAction\":[{\"@type\":\"SearchAction\",\"target\":{\"@type\":\"EntryPoint\",\"urlTemplate\":\"https:\/\/www.gaveanews.com\/?s={search_term_string}\"},\"query-input\":{\"@type\":\"PropertyValueSpecification\",\"valueRequired\":true,\"valueName\":\"search_term_string\"}}],\"inLanguage\":\"pt-BR\"},{\"@type\":\"Person\",\"@id\":\"https:\/\/www.gaveanews.com\/#\/schema\/person\/c88645e3d550d0b6574305e67dd5a716\",\"name\":\"Reda\u00e7\u00e3o\",\"image\":{\"@type\":\"ImageObject\",\"inLanguage\":\"pt-BR\",\"@id\":\"https:\/\/www.gaveanews.com\/#\/schema\/person\/image\/\",\"url\":\"https:\/\/secure.gravatar.com\/avatar\/434098fd823f0dc1b062d14ca22bacaa6e38de28d8c816bbef6fc2f8c44d8ba3?s=96&d=mm&r=g\",\"contentUrl\":\"https:\/\/secure.gravatar.com\/avatar\/434098fd823f0dc1b062d14ca22bacaa6e38de28d8c816bbef6fc2f8c44d8ba3?s=96&d=mm&r=g\",\"caption\":\"Reda\u00e7\u00e3o\"}}]}<\/script>\n<!-- \/ Yoast SEO Premium plugin. -->","yoast_head_json":{"title":"Pedro \u00e9 sincero ao falar sobre Filipe Lu\u00eds, do Flamengo","robots":{"index":"index","follow":"follow","max-snippet":"max-snippet:-1","max-image-preview":"max-image-preview:large","max-video-preview":"max-video-preview:-1"},"canonical":"https:\/\/www.gaveanews.com\/index.php\/2025\/10\/16\/pedro-e-sincero-ao-falar-sobre-filipe-luis-do-flamengo\/","og_locale":"pt_BR","og_type":"article","og_title":"Pedro \u00e9 sincero ao falar sobre Filipe Lu\u00eds, do Flamengo","og_description":"Na quarta-feira (15 de outubro), o Flamengo venceu o Botafogo por 3 a 0 no Est\u00e1dio Nilton Santos, pela 28\u00aa rodada do Brasileiro. Pedro marcou um gol, deu uma assist\u00eancia e completou 300 jogos pelo clube. O camisa 9 celebrou o desempenho e o marco, agradeceu aos companheiros e destacou a atua\u00e7\u00e3o coletiva. Ele descreveu [&hellip;]","og_url":"https:\/\/www.gaveanews.com\/index.php\/2025\/10\/16\/pedro-e-sincero-ao-falar-sobre-filipe-luis-do-flamengo\/","og_site_name":"G\u00e1vea News","article_publisher":"https:\/\/facebook.com\/gaveaNews\/","article_published_time":"2025-10-16T17:45:35+00:00","og_image":[{"width":900,"height":599,"url":"https:\/\/www.gaveanews.com\/wp-content\/uploads\/Pedro-vibra-apos-marcar-um-gol-diante-do-Cuiaba-no-Maracana.webp","type":"image\/jpeg"}],"author":"Reda\u00e7\u00e3o","twitter_card":"summary_large_image","twitter_misc":{"Escrito por":"Reda\u00e7\u00e3o","Est. tempo de leitura":"2 minutos"},"schema":{"@context":"https:\/\/schema.org","@graph":[{"@type":"NewsArticle","@id":"https:\/\/www.gaveanews.com\/index.php\/2025\/10\/16\/pedro-e-sincero-ao-falar-sobre-filipe-luis-do-flamengo\/#article","isPartOf":{"@id":"https:\/\/www.gaveanews.com\/index.php\/2025\/10\/16\/pedro-e-sincero-ao-falar-sobre-filipe-luis-do-flamengo\/"},"author":{"name":"Reda\u00e7\u00e3o","@id":"https:\/\/www.gaveanews.com\/#\/schema\/person\/c88645e3d550d0b6574305e67dd5a716"},"headline":"Pedro \u00e9 sincero ao falar sobre Filipe Lu\u00eds, do Flamengo","datePublished":"2025-10-16T17:45:35+00:00","mainEntityOfPage":{"@id":"https:\/\/www.gaveanews.com\/index.php\/2025\/10\/16\/pedro-e-sincero-ao-falar-sobre-filipe-luis-do-flamengo\/"},"wordCount":308,"commentCount":0,"image":{"@id":"https:\/\/www.gaveanews.com\/index.php\/2025\/10\/16\/pedro-e-sincero-ao-falar-sobre-filipe-luis-do-flamengo\/#primaryimage"},"thumbnailUrl":"https:\/\/www.gaveanews.com\/wp-content\/uploads\/Pedro-vibra-apos-marcar-um-gol-diante-do-Cuiaba-no-Maracana.webp","articleSection":["Flamengo"],"inLanguage":"pt-BR","potentialAction":[{"@type":"CommentAction","name":"Comment","target":["https:\/\/www.gaveanews.com\/index.php\/2025\/10\/16\/pedro-e-sincero-ao-falar-sobre-filipe-luis-do-flamengo\/#respond"]}],"copyrightYear":"2025","copyrightHolder":{"@id":"https:\/\/www.gaveanews.com\/#organization"}},{"@type":"WebPage","@id":"https:\/\/www.gaveanews.com\/index.php\/2025\/10\/16\/pedro-e-sincero-ao-falar-sobre-filipe-luis-do-flamengo\/","url":"https:\/\/www.gaveanews.com\/index.php\/2025\/10\/16\/pedro-e-sincero-ao-falar-sobre-filipe-luis-do-flamengo\/","name":"Pedro \u00e9 sincero ao falar sobre Filipe Lu\u00eds, do Flamengo","isPartOf":{"@id":"https:\/\/www.gaveanews.com\/#website"},"primaryImageOfPage":{"@id":"https:\/\/www.gaveanews.com\/index.php\/2025\/10\/16\/pedro-e-sincero-ao-falar-sobre-filipe-luis-do-flamengo\/#primaryimage"},"image":{"@id":"https:\/\/www.gaveanews.com\/index.php\/2025\/10\/16\/pedro-e-sincero-ao-falar-sobre-filipe-luis-do-flamengo\/#primaryimage"},"thumbnailUrl":"https:\/\/www.gaveanews.com\/wp-content\/uploads\/Pedro-vibra-apos-marcar-um-gol-diante-do-Cuiaba-no-Maracana.webp","datePublished":"2025-10-16T17:45:35+00:00","author":{"@id":"https:\/\/www.gaveanews.com\/#\/schema\/person\/c88645e3d550d0b6574305e67dd5a716"},"breadcrumb":{"@id":"https:\/\/www.gaveanews.com\/index.php\/2025\/10\/16\/pedro-e-sincero-ao-falar-sobre-filipe-luis-do-flamengo\/#breadcrumb"},"inLanguage":"pt-BR","potentialAction":[{"@type":"ReadAction","target":["https:\/\/www.gaveanews.com\/index.php\/2025\/10\/16\/pedro-e-sincero-ao-falar-sobre-filipe-luis-do-flamengo\/"]}]},{"@type":"ImageObject","inLanguage":"pt-BR","@id":"https:\/\/www.gaveanews.com\/index.php\/2025\/10\/16\/pedro-e-sincero-ao-falar-sobre-filipe-luis-do-flamengo\/#primaryimage","url":"https:\/\/www.gaveanews.com\/wp-content\/uploads\/Pedro-vibra-apos-marcar-um-gol-diante-do-Cuiaba-no-Maracana.webp","contentUrl":"https:\/\/www.gaveanews.com\/wp-content\/uploads\/Pedro-vibra-apos-marcar-um-gol-diante-do-Cuiaba-no-Maracana.webp","width":900,"height":599,"caption":"Pedro vibra ap\u00f3s marcar um gol diante do Cuiab\u00e1 no est\u00e1dio do Maracan\u00e3 (Foto: Marcelo Cortes\/Flamengo)"},{"@type":"BreadcrumbList","@id":"https:\/\/www.gaveanews.com\/index.php\/2025\/10\/16\/pedro-e-sincero-ao-falar-sobre-filipe-luis-do-flamengo\/#breadcrumb","itemListElement":[{"@type":"ListItem","position":1,"name":"Home","item":"https:\/\/www.gaveanews.com\/"},{"@type":"ListItem","position":2,"name":"Pedro \u00e9 sincero ao falar sobre Filipe Lu\u00eds, do Flamengo"}]},{"@type":"WebSite","@id":"https:\/\/www.gaveanews.com\/#website","url":"https:\/\/www.gaveanews.com\/","name":"G\u00e1vea News","description":"Veja todas as not\u00edcias sobre o Flamengo: Contrata\u00e7\u00f5es, categorias de base, resultados das partidas, tabela de classifica\u00e7\u00e3o, pr\u00f3ximos jogos!","potentialAction":[{"@type":"SearchAction","target":{"@type":"EntryPoint","urlTemplate":"https:\/\/www.gaveanews.com\/?s={search_term_string}"},"query-input":{"@type":"PropertyValueSpecification","valueRequired":true,"valueName":"search_term_string"}}],"inLanguage":"pt-BR"},{"@type":"Person","@id":"https:\/\/www.gaveanews.com\/#\/schema\/person\/c88645e3d550d0b6574305e67dd5a716","name":"Reda\u00e7\u00e3o","image":{"@type":"ImageObject","inLanguage":"pt-BR","@id":"https:\/\/www.gaveanews.com\/#\/schema\/person\/image\/","url":"https:\/\/secure.gravatar.com\/avatar\/434098fd823f0dc1b062d14ca22bacaa6e38de28d8c816bbef6fc2f8c44d8ba3?s=96&d=mm&r=g","contentUrl":"https:\/\/secure.gravatar.com\/avatar\/434098fd823f0dc1b062d14ca22bacaa6e38de28d8c816bbef6fc2f8c44d8ba3?s=96&d=mm&r=g","caption":"Reda\u00e7\u00e3o"}}]}},"_links":{"self":[{"href":"https:\/\/www.gaveanews.com\/index.php\/wp-json\/wp\/v2\/posts\/278638","targetHints":{"allow":["GET"]}}],"collection":[{"href":"https:\/\/www.gaveanews.com\/index.php\/wp-json\/wp\/v2\/posts"}],"about":[{"href":"https:\/\/www.gaveanews.com\/index.php\/wp-json\/wp\/v2\/types\/post"}],"author":[{"embeddable":true,"href":"https:\/\/www.gaveanews.com\/index.php\/wp-json\/wp\/v2\/users\/39"}],"replies":[{"embeddable":true,"href":"https:\/\/www.gaveanews.com\/index.php\/wp-json\/wp\/v2\/comments?post=278638"}],"version-history":[{"count":1,"href":"https:\/\/www.gaveanews.com\/index.php\/wp-json\/wp\/v2\/posts\/278638\/revisions"}],"predecessor-version":[{"id":278652,"href":"https:\/\/www.gaveanews.com\/index.php\/wp-json\/wp\/v2\/posts\/278638\/revisions\/278652"}],"wp:featuredmedia":[{"embeddable":true,"href":"https:\/\/www.gaveanews.com\/index.php\/wp-json\/wp\/v2\/media\/151174"}],"wp:attachment":[{"href":"https:\/\/www.gaveanews.com\/index.php\/wp-json\/wp\/v2\/media?parent=278638"}],"wp:term":[{"taxonomy":"category","embeddable":true,"href":"https:\/\/www.gaveanews.com\/index.php\/wp-json\/wp\/v2\/categories?post=278638"},{"taxonomy":"post_tag","embeddable":true,"href":"https:\/\/www.gaveanews.com\/index.php\/wp-json\/wp\/v2\/tags?post=278638"}],"curies":[{"name":"wp","href":"https:\/\/api.w.org\/{rel}","templated":true}]}}