{"id":278644,"date":"2025-10-16T15:15:14","date_gmt":"2025-10-16T18:15:14","guid":{"rendered":"https:\/\/www.gaveanews.com\/?p=278644"},"modified":"2025-10-16T15:15:19","modified_gmt":"2025-10-16T18:15:19","slug":"leila-pereira-toma-atitude-importante-envolvendo-partida-entre-flamengo-x-palmeiras","status":"publish","type":"post","link":"https:\/\/www.gaveanews.com\/index.php\/2025\/10\/16\/leila-pereira-toma-atitude-importante-envolvendo-partida-entre-flamengo-x-palmeiras\/","title":{"rendered":"Leila Pereira toma atitude importante envolvendo partida entre Flamengo x Palmeiras"},"content":{"rendered":"\n<p>\u00c0s v\u00e9speras de <a href=\"https:\/\/www.gaveanews.com\/index.php\/category\/brasileirao\/flamengo\/\" target=\"_blank\" rel=\"noopener noreferrer\">Flamengo<\/a> x <a href=\"https:\/\/www.gaveanews.com\/index.php\/category\/brasileirao\/palmeiras\/\" target=\"_blank\" rel=\"noopener noreferrer\">Palmeiras<\/a>, no domingo (19 de outubro), Leila Pereira decidiu n\u00e3o ir ao Maracan\u00e3. Segundo a ESPN, a presidente n\u00e3o v\u00ea clima para estar no est\u00e1dio e optou por se resguardar.<\/p>\n\n\n\n<p>A tens\u00e3o envolve a disputa entre os clubes na Libra, ap\u00f3s a a\u00e7\u00e3o judicial do Flamengo sobre direitos de transmiss\u00e3o. Em situa\u00e7\u00e3o similar, quando trocou farpas com John Textor, do <a href=\"https:\/\/www.gaveanews.com\/index.php\/category\/brasileirao\/botafogo\/\" target=\"_blank\" rel=\"noopener noreferrer\">Botafogo<\/a>, Leila tamb\u00e9m evitou viajar ao Rio.<\/p>\n\n\n\n<p>Nos \u00faltimos dias, a presidente do Palmeiras elevou o tom contra o rival e chegou a cogitar uma liga sem os clubes cariocas. Ela usou uma express\u00e3o para se referir aos dirigentes rubro-negros.<\/p>\n\n\n\n<p>\u201cN\u00e3o tem os \u2018terraplanistas\u2019 que acreditam que a terra \u00e9 plana? Agora tem os &#8216;terraflamistas&#8217;, que acreditam que o sistema solar gira ao redor do Flamengo. N\u00e3o \u00e9 assim\u201d, disse Leila.<\/p>\n\n\n\n<p>Do outro lado, o presidente do Flamengo, Luiz Eduardo Baptista, criticou a postura de Leila e recha\u00e7ou sua leitura sobre a Libra.<\/p>\n\n\n\n<p>\u201cAt\u00e9 porque se o Flamengo fosse jogar sozinho, o dinheiro que sobraria para os outros seria muito pouco. O Flamengo jogando sozinho, para as outras 19 torcidas seria um desgosto profundo\u201d, disse Bap.<\/p>\n\n\n\n<p>Na quarta-feira (15 de outubro), em reuni\u00e3o da Conmebol com semifinalistas da Libertadores, Leila e Bap n\u00e3o sentaram lado a lado no Paraguai. Eles ficaram distantes, com tratamento protocolar e cordial, conforme a ESPN.<\/p>\n\n\n\n<p>Em entrevista ao Uol, Bap afirmou que o Flamengo vem sendo exclu\u00eddo das decis\u00f5es da Libra e que a diretoria tentou negociar por meses antes de recorrer \u00e0 Justi\u00e7a. Ele questionou a imparcialidade do bloco e acusou o advogado Andr\u00e9 Sica de ter v\u00ednculo com o Palmeiras; a Libra rebateu, defendeu seus profissionais e esclareceu pontos sobre sua composi\u00e7\u00e3o e o modelo de receitas.<\/p>\n\n\n\n<p>Os clubes, separados por tr\u00eas pontos na tabela do Brasileir\u00e3o, duelam no domingo (19), pela 29\u00aa rodada. O Palmeiras lidera com 61 pontos, seguido do Flamengo, com 58.<\/p>\n","protected":false},"excerpt":{"rendered":"<p>\u00c0s v\u00e9speras de Flamengo x Palmeiras, no domingo (19 de outubro), Leila Pereira decidiu n\u00e3o ir ao Maracan\u00e3. Segundo a ESPN, a presidente n\u00e3o v\u00ea clima para estar no est\u00e1dio e optou por se resguardar. A tens\u00e3o envolve a disputa entre os clubes na Libra, ap\u00f3s a a\u00e7\u00e3o judicial do Flamengo sobre direitos de transmiss\u00e3o. [&hellip;]<\/p>\n","protected":false},"author":39,"featured_media":142474,"comment_status":"open","ping_status":"closed","sticky":false,"template":"","format":"standard","meta":{"footnotes":""},"categories":[1],"tags":[],"class_list":["post-278644","post","type-post","status-publish","format-standard","has-post-thumbnail","hentry","category-flamengo"],"yoast_head":"<!-- This site is optimized with the Yoast SEO Premium plugin v24.2 (Yoast SEO v26.9) - https:\/\/yoast.com\/product\/yoast-seo-premium-wordpress\/ -->\n<title>Leila Pereira toma atitude importante envolvendo partida entre Flamengo x Palmeiras<\/title>\n<meta name=\"robots\" content=\"index, follow, max-snippet:-1, max-image-preview:large, max-video-preview:-1\" \/>\n<link rel=\"canonical\" href=\"https:\/\/www.gaveanews.com\/index.php\/2025\/10\/16\/leila-pereira-toma-atitude-importante-envolvendo-partida-entre-flamengo-x-palmeiras\/\" \/>\n<meta property=\"og:locale\" content=\"pt_BR\" \/>\n<meta property=\"og:type\" content=\"article\" \/>\n<meta property=\"og:title\" content=\"Leila Pereira toma atitude importante envolvendo partida entre Flamengo x Palmeiras\" \/>\n<meta property=\"og:description\" content=\"\u00c0s v\u00e9speras de Flamengo x Palmeiras, no domingo (19 de outubro), Leila Pereira decidiu n\u00e3o ir ao Maracan\u00e3. Segundo a ESPN, a presidente n\u00e3o v\u00ea clima para estar no est\u00e1dio e optou por se resguardar. A tens\u00e3o envolve a disputa entre os clubes na Libra, ap\u00f3s a a\u00e7\u00e3o judicial do Flamengo sobre direitos de transmiss\u00e3o. [&hellip;]\" \/>\n<meta property=\"og:url\" content=\"https:\/\/www.gaveanews.com\/index.php\/2025\/10\/16\/leila-pereira-toma-atitude-importante-envolvendo-partida-entre-flamengo-x-palmeiras\/\" \/>\n<meta property=\"og:site_name\" content=\"G\u00e1vea News\" \/>\n<meta property=\"article:publisher\" content=\"https:\/\/facebook.com\/gaveaNews\/\" \/>\n<meta property=\"article:published_time\" content=\"2025-10-16T18:15:14+00:00\" \/>\n<meta property=\"article:modified_time\" content=\"2025-10-16T18:15:19+00:00\" \/>\n<meta property=\"og:image\" content=\"http:\/\/www.gaveanews.com\/wp-content\/uploads\/A-presidente-Leila-Pereira-da-SE-Palmeiras-durante-coletiva-de-imprensa-na-Academia-de-Futebol-2-696x385-1.webp\" \/>\n\t<meta property=\"og:image:width\" content=\"696\" \/>\n\t<meta property=\"og:image:height\" content=\"385\" \/>\n\t<meta property=\"og:image:type\" content=\"image\/webp\" \/>\n<meta name=\"author\" content=\"Reda\u00e7\u00e3o\" \/>\n<meta name=\"twitter:card\" content=\"summary_large_image\" \/>\n<meta name=\"twitter:label1\" content=\"Escrito por\" \/>\n\t<meta name=\"twitter:data1\" content=\"Reda\u00e7\u00e3o\" \/>\n\t<meta name=\"twitter:label2\" content=\"Est. tempo de leitura\" \/>\n\t<meta name=\"twitter:data2\" content=\"2 minutos\" \/>\n<script type=\"application\/ld+json\" class=\"yoast-schema-graph\">{\"@context\":\"https:\/\/schema.org\",\"@graph\":[{\"@type\":\"NewsArticle\",\"@id\":\"https:\/\/www.gaveanews.com\/index.php\/2025\/10\/16\/leila-pereira-toma-atitude-importante-envolvendo-partida-entre-flamengo-x-palmeiras\/#article\",\"isPartOf\":{\"@id\":\"https:\/\/www.gaveanews.com\/index.php\/2025\/10\/16\/leila-pereira-toma-atitude-importante-envolvendo-partida-entre-flamengo-x-palmeiras\/\"},\"author\":{\"name\":\"Reda\u00e7\u00e3o\",\"@id\":\"https:\/\/www.gaveanews.com\/#\/schema\/person\/c88645e3d550d0b6574305e67dd5a716\"},\"headline\":\"Leila Pereira toma atitude importante envolvendo partida entre Flamengo x Palmeiras\",\"datePublished\":\"2025-10-16T18:15:14+00:00\",\"dateModified\":\"2025-10-16T18:15:19+00:00\",\"mainEntityOfPage\":{\"@id\":\"https:\/\/www.gaveanews.com\/index.php\/2025\/10\/16\/leila-pereira-toma-atitude-importante-envolvendo-partida-entre-flamengo-x-palmeiras\/\"},\"wordCount\":341,\"commentCount\":0,\"image\":{\"@id\":\"https:\/\/www.gaveanews.com\/index.php\/2025\/10\/16\/leila-pereira-toma-atitude-importante-envolvendo-partida-entre-flamengo-x-palmeiras\/#primaryimage\"},\"thumbnailUrl\":\"https:\/\/www.gaveanews.com\/wp-content\/uploads\/A-presidente-Leila-Pereira-da-SE-Palmeiras-durante-coletiva-de-imprensa-na-Academia-de-Futebol-2-696x385-1.webp\",\"articleSection\":[\"Flamengo\"],\"inLanguage\":\"pt-BR\",\"potentialAction\":[{\"@type\":\"CommentAction\",\"name\":\"Comment\",\"target\":[\"https:\/\/www.gaveanews.com\/index.php\/2025\/10\/16\/leila-pereira-toma-atitude-importante-envolvendo-partida-entre-flamengo-x-palmeiras\/#respond\"]}],\"copyrightYear\":\"2025\",\"copyrightHolder\":{\"@id\":\"https:\/\/www.gaveanews.com\/#organization\"}},{\"@type\":\"WebPage\",\"@id\":\"https:\/\/www.gaveanews.com\/index.php\/2025\/10\/16\/leila-pereira-toma-atitude-importante-envolvendo-partida-entre-flamengo-x-palmeiras\/\",\"url\":\"https:\/\/www.gaveanews.com\/index.php\/2025\/10\/16\/leila-pereira-toma-atitude-importante-envolvendo-partida-entre-flamengo-x-palmeiras\/\",\"name\":\"Leila Pereira toma atitude importante envolvendo partida entre Flamengo x Palmeiras\",\"isPartOf\":{\"@id\":\"https:\/\/www.gaveanews.com\/#website\"},\"primaryImageOfPage\":{\"@id\":\"https:\/\/www.gaveanews.com\/index.php\/2025\/10\/16\/leila-pereira-toma-atitude-importante-envolvendo-partida-entre-flamengo-x-palmeiras\/#primaryimage\"},\"image\":{\"@id\":\"https:\/\/www.gaveanews.com\/index.php\/2025\/10\/16\/leila-pereira-toma-atitude-importante-envolvendo-partida-entre-flamengo-x-palmeiras\/#primaryimage\"},\"thumbnailUrl\":\"https:\/\/www.gaveanews.com\/wp-content\/uploads\/A-presidente-Leila-Pereira-da-SE-Palmeiras-durante-coletiva-de-imprensa-na-Academia-de-Futebol-2-696x385-1.webp\",\"datePublished\":\"2025-10-16T18:15:14+00:00\",\"dateModified\":\"2025-10-16T18:15:19+00:00\",\"author\":{\"@id\":\"https:\/\/www.gaveanews.com\/#\/schema\/person\/c88645e3d550d0b6574305e67dd5a716\"},\"breadcrumb\":{\"@id\":\"https:\/\/www.gaveanews.com\/index.php\/2025\/10\/16\/leila-pereira-toma-atitude-importante-envolvendo-partida-entre-flamengo-x-palmeiras\/#breadcrumb\"},\"inLanguage\":\"pt-BR\",\"potentialAction\":[{\"@type\":\"ReadAction\",\"target\":[\"https:\/\/www.gaveanews.com\/index.php\/2025\/10\/16\/leila-pereira-toma-atitude-importante-envolvendo-partida-entre-flamengo-x-palmeiras\/\"]}]},{\"@type\":\"ImageObject\",\"inLanguage\":\"pt-BR\",\"@id\":\"https:\/\/www.gaveanews.com\/index.php\/2025\/10\/16\/leila-pereira-toma-atitude-importante-envolvendo-partida-entre-flamengo-x-palmeiras\/#primaryimage\",\"url\":\"https:\/\/www.gaveanews.com\/wp-content\/uploads\/A-presidente-Leila-Pereira-da-SE-Palmeiras-durante-coletiva-de-imprensa-na-Academia-de-Futebol-2-696x385-1.webp\",\"contentUrl\":\"https:\/\/www.gaveanews.com\/wp-content\/uploads\/A-presidente-Leila-Pereira-da-SE-Palmeiras-durante-coletiva-de-imprensa-na-Academia-de-Futebol-2-696x385-1.webp\",\"width\":696,\"height\":385,\"caption\":\"Leila Pereira em coletiva - Foto: Cesar Greco\/Palmeiras\"},{\"@type\":\"BreadcrumbList\",\"@id\":\"https:\/\/www.gaveanews.com\/index.php\/2025\/10\/16\/leila-pereira-toma-atitude-importante-envolvendo-partida-entre-flamengo-x-palmeiras\/#breadcrumb\",\"itemListElement\":[{\"@type\":\"ListItem\",\"position\":1,\"name\":\"Home\",\"item\":\"https:\/\/www.gaveanews.com\/\"},{\"@type\":\"ListItem\",\"position\":2,\"name\":\"Leila Pereira toma atitude importante envolvendo partida entre Flamengo x Palmeiras\"}]},{\"@type\":\"WebSite\",\"@id\":\"https:\/\/www.gaveanews.com\/#website\",\"url\":\"https:\/\/www.gaveanews.com\/\",\"name\":\"G\u00e1vea News\",\"description\":\"Veja todas as not\u00edcias sobre o Flamengo: Contrata\u00e7\u00f5es, categorias de base, resultados das partidas, tabela de classifica\u00e7\u00e3o, pr\u00f3ximos jogos!\",\"potentialAction\":[{\"@type\":\"SearchAction\",\"target\":{\"@type\":\"EntryPoint\",\"urlTemplate\":\"https:\/\/www.gaveanews.com\/?s={search_term_string}\"},\"query-input\":{\"@type\":\"PropertyValueSpecification\",\"valueRequired\":true,\"valueName\":\"search_term_string\"}}],\"inLanguage\":\"pt-BR\"},{\"@type\":\"Person\",\"@id\":\"https:\/\/www.gaveanews.com\/#\/schema\/person\/c88645e3d550d0b6574305e67dd5a716\",\"name\":\"Reda\u00e7\u00e3o\",\"image\":{\"@type\":\"ImageObject\",\"inLanguage\":\"pt-BR\",\"@id\":\"https:\/\/www.gaveanews.com\/#\/schema\/person\/image\/\",\"url\":\"https:\/\/secure.gravatar.com\/avatar\/434098fd823f0dc1b062d14ca22bacaa6e38de28d8c816bbef6fc2f8c44d8ba3?s=96&d=mm&r=g\",\"contentUrl\":\"https:\/\/secure.gravatar.com\/avatar\/434098fd823f0dc1b062d14ca22bacaa6e38de28d8c816bbef6fc2f8c44d8ba3?s=96&d=mm&r=g\",\"caption\":\"Reda\u00e7\u00e3o\"}}]}<\/script>\n<!-- \/ Yoast SEO Premium plugin. -->","yoast_head_json":{"title":"Leila Pereira toma atitude importante envolvendo partida entre Flamengo x Palmeiras","robots":{"index":"index","follow":"follow","max-snippet":"max-snippet:-1","max-image-preview":"max-image-preview:large","max-video-preview":"max-video-preview:-1"},"canonical":"https:\/\/www.gaveanews.com\/index.php\/2025\/10\/16\/leila-pereira-toma-atitude-importante-envolvendo-partida-entre-flamengo-x-palmeiras\/","og_locale":"pt_BR","og_type":"article","og_title":"Leila Pereira toma atitude importante envolvendo partida entre Flamengo x Palmeiras","og_description":"\u00c0s v\u00e9speras de Flamengo x Palmeiras, no domingo (19 de outubro), Leila Pereira decidiu n\u00e3o ir ao Maracan\u00e3. Segundo a ESPN, a presidente n\u00e3o v\u00ea clima para estar no est\u00e1dio e optou por se resguardar. A tens\u00e3o envolve a disputa entre os clubes na Libra, ap\u00f3s a a\u00e7\u00e3o judicial do Flamengo sobre direitos de transmiss\u00e3o. [&hellip;]","og_url":"https:\/\/www.gaveanews.com\/index.php\/2025\/10\/16\/leila-pereira-toma-atitude-importante-envolvendo-partida-entre-flamengo-x-palmeiras\/","og_site_name":"G\u00e1vea News","article_publisher":"https:\/\/facebook.com\/gaveaNews\/","article_published_time":"2025-10-16T18:15:14+00:00","article_modified_time":"2025-10-16T18:15:19+00:00","og_image":[{"width":696,"height":385,"url":"http:\/\/www.gaveanews.com\/wp-content\/uploads\/A-presidente-Leila-Pereira-da-SE-Palmeiras-durante-coletiva-de-imprensa-na-Academia-de-Futebol-2-696x385-1.webp","type":"image\/webp"}],"author":"Reda\u00e7\u00e3o","twitter_card":"summary_large_image","twitter_misc":{"Escrito por":"Reda\u00e7\u00e3o","Est. tempo de leitura":"2 minutos"},"schema":{"@context":"https:\/\/schema.org","@graph":[{"@type":"NewsArticle","@id":"https:\/\/www.gaveanews.com\/index.php\/2025\/10\/16\/leila-pereira-toma-atitude-importante-envolvendo-partida-entre-flamengo-x-palmeiras\/#article","isPartOf":{"@id":"https:\/\/www.gaveanews.com\/index.php\/2025\/10\/16\/leila-pereira-toma-atitude-importante-envolvendo-partida-entre-flamengo-x-palmeiras\/"},"author":{"name":"Reda\u00e7\u00e3o","@id":"https:\/\/www.gaveanews.com\/#\/schema\/person\/c88645e3d550d0b6574305e67dd5a716"},"headline":"Leila Pereira toma atitude importante envolvendo partida entre Flamengo x Palmeiras","datePublished":"2025-10-16T18:15:14+00:00","dateModified":"2025-10-16T18:15:19+00:00","mainEntityOfPage":{"@id":"https:\/\/www.gaveanews.com\/index.php\/2025\/10\/16\/leila-pereira-toma-atitude-importante-envolvendo-partida-entre-flamengo-x-palmeiras\/"},"wordCount":341,"commentCount":0,"image":{"@id":"https:\/\/www.gaveanews.com\/index.php\/2025\/10\/16\/leila-pereira-toma-atitude-importante-envolvendo-partida-entre-flamengo-x-palmeiras\/#primaryimage"},"thumbnailUrl":"https:\/\/www.gaveanews.com\/wp-content\/uploads\/A-presidente-Leila-Pereira-da-SE-Palmeiras-durante-coletiva-de-imprensa-na-Academia-de-Futebol-2-696x385-1.webp","articleSection":["Flamengo"],"inLanguage":"pt-BR","potentialAction":[{"@type":"CommentAction","name":"Comment","target":["https:\/\/www.gaveanews.com\/index.php\/2025\/10\/16\/leila-pereira-toma-atitude-importante-envolvendo-partida-entre-flamengo-x-palmeiras\/#respond"]}],"copyrightYear":"2025","copyrightHolder":{"@id":"https:\/\/www.gaveanews.com\/#organization"}},{"@type":"WebPage","@id":"https:\/\/www.gaveanews.com\/index.php\/2025\/10\/16\/leila-pereira-toma-atitude-importante-envolvendo-partida-entre-flamengo-x-palmeiras\/","url":"https:\/\/www.gaveanews.com\/index.php\/2025\/10\/16\/leila-pereira-toma-atitude-importante-envolvendo-partida-entre-flamengo-x-palmeiras\/","name":"Leila Pereira toma atitude importante envolvendo partida entre Flamengo x Palmeiras","isPartOf":{"@id":"https:\/\/www.gaveanews.com\/#website"},"primaryImageOfPage":{"@id":"https:\/\/www.gaveanews.com\/index.php\/2025\/10\/16\/leila-pereira-toma-atitude-importante-envolvendo-partida-entre-flamengo-x-palmeiras\/#primaryimage"},"image":{"@id":"https:\/\/www.gaveanews.com\/index.php\/2025\/10\/16\/leila-pereira-toma-atitude-importante-envolvendo-partida-entre-flamengo-x-palmeiras\/#primaryimage"},"thumbnailUrl":"https:\/\/www.gaveanews.com\/wp-content\/uploads\/A-presidente-Leila-Pereira-da-SE-Palmeiras-durante-coletiva-de-imprensa-na-Academia-de-Futebol-2-696x385-1.webp","datePublished":"2025-10-16T18:15:14+00:00","dateModified":"2025-10-16T18:15:19+00:00","author":{"@id":"https:\/\/www.gaveanews.com\/#\/schema\/person\/c88645e3d550d0b6574305e67dd5a716"},"breadcrumb":{"@id":"https:\/\/www.gaveanews.com\/index.php\/2025\/10\/16\/leila-pereira-toma-atitude-importante-envolvendo-partida-entre-flamengo-x-palmeiras\/#breadcrumb"},"inLanguage":"pt-BR","potentialAction":[{"@type":"ReadAction","target":["https:\/\/www.gaveanews.com\/index.php\/2025\/10\/16\/leila-pereira-toma-atitude-importante-envolvendo-partida-entre-flamengo-x-palmeiras\/"]}]},{"@type":"ImageObject","inLanguage":"pt-BR","@id":"https:\/\/www.gaveanews.com\/index.php\/2025\/10\/16\/leila-pereira-toma-atitude-importante-envolvendo-partida-entre-flamengo-x-palmeiras\/#primaryimage","url":"https:\/\/www.gaveanews.com\/wp-content\/uploads\/A-presidente-Leila-Pereira-da-SE-Palmeiras-durante-coletiva-de-imprensa-na-Academia-de-Futebol-2-696x385-1.webp","contentUrl":"https:\/\/www.gaveanews.com\/wp-content\/uploads\/A-presidente-Leila-Pereira-da-SE-Palmeiras-durante-coletiva-de-imprensa-na-Academia-de-Futebol-2-696x385-1.webp","width":696,"height":385,"caption":"Leila Pereira em coletiva - Foto: Cesar Greco\/Palmeiras"},{"@type":"BreadcrumbList","@id":"https:\/\/www.gaveanews.com\/index.php\/2025\/10\/16\/leila-pereira-toma-atitude-importante-envolvendo-partida-entre-flamengo-x-palmeiras\/#breadcrumb","itemListElement":[{"@type":"ListItem","position":1,"name":"Home","item":"https:\/\/www.gaveanews.com\/"},{"@type":"ListItem","position":2,"name":"Leila Pereira toma atitude importante envolvendo partida entre Flamengo x Palmeiras"}]},{"@type":"WebSite","@id":"https:\/\/www.gaveanews.com\/#website","url":"https:\/\/www.gaveanews.com\/","name":"G\u00e1vea News","description":"Veja todas as not\u00edcias sobre o Flamengo: Contrata\u00e7\u00f5es, categorias de base, resultados das partidas, tabela de classifica\u00e7\u00e3o, pr\u00f3ximos jogos!","potentialAction":[{"@type":"SearchAction","target":{"@type":"EntryPoint","urlTemplate":"https:\/\/www.gaveanews.com\/?s={search_term_string}"},"query-input":{"@type":"PropertyValueSpecification","valueRequired":true,"valueName":"search_term_string"}}],"inLanguage":"pt-BR"},{"@type":"Person","@id":"https:\/\/www.gaveanews.com\/#\/schema\/person\/c88645e3d550d0b6574305e67dd5a716","name":"Reda\u00e7\u00e3o","image":{"@type":"ImageObject","inLanguage":"pt-BR","@id":"https:\/\/www.gaveanews.com\/#\/schema\/person\/image\/","url":"https:\/\/secure.gravatar.com\/avatar\/434098fd823f0dc1b062d14ca22bacaa6e38de28d8c816bbef6fc2f8c44d8ba3?s=96&d=mm&r=g","contentUrl":"https:\/\/secure.gravatar.com\/avatar\/434098fd823f0dc1b062d14ca22bacaa6e38de28d8c816bbef6fc2f8c44d8ba3?s=96&d=mm&r=g","caption":"Reda\u00e7\u00e3o"}}]}},"_links":{"self":[{"href":"https:\/\/www.gaveanews.com\/index.php\/wp-json\/wp\/v2\/posts\/278644","targetHints":{"allow":["GET"]}}],"collection":[{"href":"https:\/\/www.gaveanews.com\/index.php\/wp-json\/wp\/v2\/posts"}],"about":[{"href":"https:\/\/www.gaveanews.com\/index.php\/wp-json\/wp\/v2\/types\/post"}],"author":[{"embeddable":true,"href":"https:\/\/www.gaveanews.com\/index.php\/wp-json\/wp\/v2\/users\/39"}],"replies":[{"embeddable":true,"href":"https:\/\/www.gaveanews.com\/index.php\/wp-json\/wp\/v2\/comments?post=278644"}],"version-history":[{"count":1,"href":"https:\/\/www.gaveanews.com\/index.php\/wp-json\/wp\/v2\/posts\/278644\/revisions"}],"predecessor-version":[{"id":278656,"href":"https:\/\/www.gaveanews.com\/index.php\/wp-json\/wp\/v2\/posts\/278644\/revisions\/278656"}],"wp:featuredmedia":[{"embeddable":true,"href":"https:\/\/www.gaveanews.com\/index.php\/wp-json\/wp\/v2\/media\/142474"}],"wp:attachment":[{"href":"https:\/\/www.gaveanews.com\/index.php\/wp-json\/wp\/v2\/media?parent=278644"}],"wp:term":[{"taxonomy":"category","embeddable":true,"href":"https:\/\/www.gaveanews.com\/index.php\/wp-json\/wp\/v2\/categories?post=278644"},{"taxonomy":"post_tag","embeddable":true,"href":"https:\/\/www.gaveanews.com\/index.php\/wp-json\/wp\/v2\/tags?post=278644"}],"curies":[{"name":"wp","href":"https:\/\/api.w.org\/{rel}","templated":true}]}}