{"id":278645,"date":"2025-10-16T15:45:38","date_gmt":"2025-10-16T18:45:38","guid":{"rendered":"https:\/\/www.gaveanews.com\/?p=278645"},"modified":"2025-10-16T15:18:45","modified_gmt":"2025-10-16T18:18:45","slug":"a-declaracao-de-abel-ferreira-do-palmeiras-direcionada-ao-flamengo","status":"publish","type":"post","link":"https:\/\/www.gaveanews.com\/index.php\/2025\/10\/16\/a-declaracao-de-abel-ferreira-do-palmeiras-direcionada-ao-flamengo\/","title":{"rendered":"A declara\u00e7\u00e3o de Abel Ferreira, do Palmeiras, direcionada ao Flamengo"},"content":{"rendered":"\n<p>A goleada por 5 a 1 sobre o Red Bull Bragantino manteve o <a href=\"https:\/\/www.gaveanews.com\/index.php\/category\/brasileirao\/palmeiras\/\" target=\"_blank\" rel=\"noopener noreferrer\">Palmeiras<\/a> na lideran\u00e7a do Brasileir\u00e3o. O time enfrenta o <a href=\"https:\/\/www.gaveanews.com\/index.php\/category\/brasileirao\/flamengo\/\" target=\"_blank\" rel=\"noopener noreferrer\">Flamengo<\/a> no Maracan\u00e3, domingo (19 de outubro), \u00e0s 16 horas (hor\u00e1rio de Bras\u00edlia), pela 29\u00aa rodada.<\/p>\n\n\n\n<p>Com o resultado, o Palmeiras chegou a 61 pontos em 27 rodadas, tr\u00eas a mais que o Flamengo, com 58. Mesmo que o Rubro-Negro ven\u00e7a, o Palmeiras seguir\u00e1 \u00e0 frente por ter mais vit\u00f3rias (19 contra 17). No primeiro turno, os cariocas fizeram 2 a 0 no Allianz Parque e, nesta rodada, bateram o <a href=\"https:\/\/www.gaveanews.com\/index.php\/category\/brasileirao\/botafogo\/\" target=\"_blank\" rel=\"noopener noreferrer\">Botafogo<\/a> por 3 a 0 no Nilton Santos.<\/p>\n\n\n\n<p>Ap\u00f3s o 5 a 1, Abel Ferreira pediu calma e p\u00e9s no ch\u00e3o antes da viagem ao Rio. Ele refor\u00e7ou que oscila\u00e7\u00f5es fazem parte da temporada e falou sobre estabilidade.<\/p>\n\n\n\n<p>&#8220;Estou aqui h\u00e1 cinco anos, e durante cinco anos aconteceu sempre a mesma coisa. N\u00e3o conhe\u00e7o nenhuma equipe que consiga manter uma estabilidade ao longo do ano, sempre. \u00c9 dif\u00edcil conseguir isso. N\u00e3o \u00e9 no Brasil, \u00e9 em todas as equipes. Voc\u00ea tem altos e baixos ao longo da temporada&#8221;.<\/p>\n\n\n\n<p>O treinador tamb\u00e9m frisou a necessidade de equil\u00edbrio em qualquer cen\u00e1rio, sem se guiar por extremos de cr\u00edticas ou elogios. Ele disse que o trabalho cotidiano deve sustentar o desempenho.<\/p>\n\n\n\n<p>&#8220;Ainda faltam dois, tr\u00eas meses, muitos jogos at\u00e9 o final. \u00c9 lidar com o equil\u00edbrio em todos os momentos. Quando as coisas n\u00e3o est\u00e3o como queremos, \u00e9 perceber que o caminho \u00e9 24 horas, amanh\u00e3 l\u00e1 estamos outra vez. Quando as coisas est\u00e3o muito bem, esfriar outra vez, equil\u00edbrio&#8221;.<\/p>\n\n\n\n<p>Abel ressaltou a dificuldade do duelo no Maracan\u00e3 e lembrou o tabu alviverde no est\u00e1dio. O Palmeiras venceu ali pela \u00faltima vez em 2015, por 2 a 1, e o Flamengo soma nove partidas de invencibilidade no confronto; fora de casa, o \u00faltimo triunfo palmeirense ocorreu em 2016, por 2 a 1, em Bras\u00edlia.<\/p>\n\n\n\n<p>&#8220;Acho que o Palmeiras n\u00e3o ganha l\u00e1 h\u00e1 n\u00e3o sei quantos anos, dez ou 11 anos. \u00c9 mais um desafio para n\u00f3s. Portanto, vem no momento que tem que vir e n\u00f3s vamos nos preparar para esse jogo&#8221;.<\/p>\n","protected":false},"excerpt":{"rendered":"<p>A goleada por 5 a 1 sobre o Red Bull Bragantino manteve o Palmeiras na lideran\u00e7a do Brasileir\u00e3o. O time enfrenta o Flamengo no Maracan\u00e3, domingo (19 de outubro), \u00e0s 16 horas (hor\u00e1rio de Bras\u00edlia), pela 29\u00aa rodada. Com o resultado, o Palmeiras chegou a 61 pontos em 27 rodadas, tr\u00eas a mais que o [&hellip;]<\/p>\n","protected":false},"author":39,"featured_media":268764,"comment_status":"open","ping_status":"closed","sticky":false,"template":"","format":"standard","meta":{"footnotes":""},"categories":[1],"tags":[],"class_list":["post-278645","post","type-post","status-publish","format-standard","has-post-thumbnail","hentry","category-flamengo"],"yoast_head":"<!-- This site is optimized with the Yoast SEO Premium plugin v24.2 (Yoast SEO v26.9) - https:\/\/yoast.com\/product\/yoast-seo-premium-wordpress\/ -->\n<title>A declara\u00e7\u00e3o de Abel Ferreira, do Palmeiras, direcionada ao Flamengo<\/title>\n<meta name=\"robots\" content=\"index, follow, max-snippet:-1, max-image-preview:large, max-video-preview:-1\" \/>\n<link rel=\"canonical\" href=\"https:\/\/www.gaveanews.com\/index.php\/2025\/10\/16\/a-declaracao-de-abel-ferreira-do-palmeiras-direcionada-ao-flamengo\/\" \/>\n<meta property=\"og:locale\" content=\"pt_BR\" \/>\n<meta property=\"og:type\" content=\"article\" \/>\n<meta property=\"og:title\" content=\"A declara\u00e7\u00e3o de Abel Ferreira, do Palmeiras, direcionada ao Flamengo\" \/>\n<meta property=\"og:description\" content=\"A goleada por 5 a 1 sobre o Red Bull Bragantino manteve o Palmeiras na lideran\u00e7a do Brasileir\u00e3o. O time enfrenta o Flamengo no Maracan\u00e3, domingo (19 de outubro), \u00e0s 16 horas (hor\u00e1rio de Bras\u00edlia), pela 29\u00aa rodada. Com o resultado, o Palmeiras chegou a 61 pontos em 27 rodadas, tr\u00eas a mais que o [&hellip;]\" \/>\n<meta property=\"og:url\" content=\"https:\/\/www.gaveanews.com\/index.php\/2025\/10\/16\/a-declaracao-de-abel-ferreira-do-palmeiras-direcionada-ao-flamengo\/\" \/>\n<meta property=\"og:site_name\" content=\"G\u00e1vea News\" \/>\n<meta property=\"article:publisher\" content=\"https:\/\/facebook.com\/gaveaNews\/\" \/>\n<meta property=\"article:published_time\" content=\"2025-10-16T18:45:38+00:00\" \/>\n<meta property=\"og:image\" content=\"https:\/\/www.gaveanews.com\/wp-content\/uploads\/Abel-Ferreira-em-derrota-do-Palmeiras-para-o-Cruzeiro-no-Mineirao.webp\" \/>\n\t<meta property=\"og:image:width\" content=\"1200\" \/>\n\t<meta property=\"og:image:height\" content=\"900\" \/>\n\t<meta property=\"og:image:type\" content=\"image\/webp\" \/>\n<meta name=\"author\" content=\"Reda\u00e7\u00e3o\" \/>\n<meta name=\"twitter:card\" content=\"summary_large_image\" \/>\n<meta name=\"twitter:label1\" content=\"Escrito por\" \/>\n\t<meta name=\"twitter:data1\" content=\"Reda\u00e7\u00e3o\" \/>\n\t<meta name=\"twitter:label2\" content=\"Est. tempo de leitura\" \/>\n\t<meta name=\"twitter:data2\" content=\"3 minutos\" \/>\n<script type=\"application\/ld+json\" class=\"yoast-schema-graph\">{\"@context\":\"https:\/\/schema.org\",\"@graph\":[{\"@type\":\"NewsArticle\",\"@id\":\"https:\/\/www.gaveanews.com\/index.php\/2025\/10\/16\/a-declaracao-de-abel-ferreira-do-palmeiras-direcionada-ao-flamengo\/#article\",\"isPartOf\":{\"@id\":\"https:\/\/www.gaveanews.com\/index.php\/2025\/10\/16\/a-declaracao-de-abel-ferreira-do-palmeiras-direcionada-ao-flamengo\/\"},\"author\":{\"name\":\"Reda\u00e7\u00e3o\",\"@id\":\"https:\/\/www.gaveanews.com\/#\/schema\/person\/c88645e3d550d0b6574305e67dd5a716\"},\"headline\":\"A declara\u00e7\u00e3o de Abel Ferreira, do Palmeiras, direcionada ao Flamengo\",\"datePublished\":\"2025-10-16T18:45:38+00:00\",\"mainEntityOfPage\":{\"@id\":\"https:\/\/www.gaveanews.com\/index.php\/2025\/10\/16\/a-declaracao-de-abel-ferreira-do-palmeiras-direcionada-ao-flamengo\/\"},\"wordCount\":362,\"commentCount\":0,\"image\":{\"@id\":\"https:\/\/www.gaveanews.com\/index.php\/2025\/10\/16\/a-declaracao-de-abel-ferreira-do-palmeiras-direcionada-ao-flamengo\/#primaryimage\"},\"thumbnailUrl\":\"https:\/\/www.gaveanews.com\/wp-content\/uploads\/Abel-Ferreira-em-derrota-do-Palmeiras-para-o-Cruzeiro-no-Mineirao.webp\",\"articleSection\":[\"Flamengo\"],\"inLanguage\":\"pt-BR\",\"potentialAction\":[{\"@type\":\"CommentAction\",\"name\":\"Comment\",\"target\":[\"https:\/\/www.gaveanews.com\/index.php\/2025\/10\/16\/a-declaracao-de-abel-ferreira-do-palmeiras-direcionada-ao-flamengo\/#respond\"]}],\"copyrightYear\":\"2025\",\"copyrightHolder\":{\"@id\":\"https:\/\/www.gaveanews.com\/#organization\"}},{\"@type\":\"WebPage\",\"@id\":\"https:\/\/www.gaveanews.com\/index.php\/2025\/10\/16\/a-declaracao-de-abel-ferreira-do-palmeiras-direcionada-ao-flamengo\/\",\"url\":\"https:\/\/www.gaveanews.com\/index.php\/2025\/10\/16\/a-declaracao-de-abel-ferreira-do-palmeiras-direcionada-ao-flamengo\/\",\"name\":\"A declara\u00e7\u00e3o de Abel Ferreira, do Palmeiras, direcionada ao Flamengo\",\"isPartOf\":{\"@id\":\"https:\/\/www.gaveanews.com\/#website\"},\"primaryImageOfPage\":{\"@id\":\"https:\/\/www.gaveanews.com\/index.php\/2025\/10\/16\/a-declaracao-de-abel-ferreira-do-palmeiras-direcionada-ao-flamengo\/#primaryimage\"},\"image\":{\"@id\":\"https:\/\/www.gaveanews.com\/index.php\/2025\/10\/16\/a-declaracao-de-abel-ferreira-do-palmeiras-direcionada-ao-flamengo\/#primaryimage\"},\"thumbnailUrl\":\"https:\/\/www.gaveanews.com\/wp-content\/uploads\/Abel-Ferreira-em-derrota-do-Palmeiras-para-o-Cruzeiro-no-Mineirao.webp\",\"datePublished\":\"2025-10-16T18:45:38+00:00\",\"author\":{\"@id\":\"https:\/\/www.gaveanews.com\/#\/schema\/person\/c88645e3d550d0b6574305e67dd5a716\"},\"breadcrumb\":{\"@id\":\"https:\/\/www.gaveanews.com\/index.php\/2025\/10\/16\/a-declaracao-de-abel-ferreira-do-palmeiras-direcionada-ao-flamengo\/#breadcrumb\"},\"inLanguage\":\"pt-BR\",\"potentialAction\":[{\"@type\":\"ReadAction\",\"target\":[\"https:\/\/www.gaveanews.com\/index.php\/2025\/10\/16\/a-declaracao-de-abel-ferreira-do-palmeiras-direcionada-ao-flamengo\/\"]}]},{\"@type\":\"ImageObject\",\"inLanguage\":\"pt-BR\",\"@id\":\"https:\/\/www.gaveanews.com\/index.php\/2025\/10\/16\/a-declaracao-de-abel-ferreira-do-palmeiras-direcionada-ao-flamengo\/#primaryimage\",\"url\":\"https:\/\/www.gaveanews.com\/wp-content\/uploads\/Abel-Ferreira-em-derrota-do-Palmeiras-para-o-Cruzeiro-no-Mineirao.webp\",\"contentUrl\":\"https:\/\/www.gaveanews.com\/wp-content\/uploads\/Abel-Ferreira-em-derrota-do-Palmeiras-para-o-Cruzeiro-no-Mineirao.webp\",\"width\":1200,\"height\":900,\"caption\":\"Foto: C\u00e9sar Graco\/Palmeiras\"},{\"@type\":\"BreadcrumbList\",\"@id\":\"https:\/\/www.gaveanews.com\/index.php\/2025\/10\/16\/a-declaracao-de-abel-ferreira-do-palmeiras-direcionada-ao-flamengo\/#breadcrumb\",\"itemListElement\":[{\"@type\":\"ListItem\",\"position\":1,\"name\":\"Home\",\"item\":\"https:\/\/www.gaveanews.com\/\"},{\"@type\":\"ListItem\",\"position\":2,\"name\":\"A declara\u00e7\u00e3o de Abel Ferreira, do Palmeiras, direcionada ao Flamengo\"}]},{\"@type\":\"WebSite\",\"@id\":\"https:\/\/www.gaveanews.com\/#website\",\"url\":\"https:\/\/www.gaveanews.com\/\",\"name\":\"G\u00e1vea News\",\"description\":\"Veja todas as not\u00edcias sobre o Flamengo: Contrata\u00e7\u00f5es, categorias de base, resultados das partidas, tabela de classifica\u00e7\u00e3o, pr\u00f3ximos jogos!\",\"potentialAction\":[{\"@type\":\"SearchAction\",\"target\":{\"@type\":\"EntryPoint\",\"urlTemplate\":\"https:\/\/www.gaveanews.com\/?s={search_term_string}\"},\"query-input\":{\"@type\":\"PropertyValueSpecification\",\"valueRequired\":true,\"valueName\":\"search_term_string\"}}],\"inLanguage\":\"pt-BR\"},{\"@type\":\"Person\",\"@id\":\"https:\/\/www.gaveanews.com\/#\/schema\/person\/c88645e3d550d0b6574305e67dd5a716\",\"name\":\"Reda\u00e7\u00e3o\",\"image\":{\"@type\":\"ImageObject\",\"inLanguage\":\"pt-BR\",\"@id\":\"https:\/\/www.gaveanews.com\/#\/schema\/person\/image\/\",\"url\":\"https:\/\/secure.gravatar.com\/avatar\/434098fd823f0dc1b062d14ca22bacaa6e38de28d8c816bbef6fc2f8c44d8ba3?s=96&d=mm&r=g\",\"contentUrl\":\"https:\/\/secure.gravatar.com\/avatar\/434098fd823f0dc1b062d14ca22bacaa6e38de28d8c816bbef6fc2f8c44d8ba3?s=96&d=mm&r=g\",\"caption\":\"Reda\u00e7\u00e3o\"}}]}<\/script>\n<!-- \/ Yoast SEO Premium plugin. -->","yoast_head_json":{"title":"A declara\u00e7\u00e3o de Abel Ferreira, do Palmeiras, direcionada ao Flamengo","robots":{"index":"index","follow":"follow","max-snippet":"max-snippet:-1","max-image-preview":"max-image-preview:large","max-video-preview":"max-video-preview:-1"},"canonical":"https:\/\/www.gaveanews.com\/index.php\/2025\/10\/16\/a-declaracao-de-abel-ferreira-do-palmeiras-direcionada-ao-flamengo\/","og_locale":"pt_BR","og_type":"article","og_title":"A declara\u00e7\u00e3o de Abel Ferreira, do Palmeiras, direcionada ao Flamengo","og_description":"A goleada por 5 a 1 sobre o Red Bull Bragantino manteve o Palmeiras na lideran\u00e7a do Brasileir\u00e3o. O time enfrenta o Flamengo no Maracan\u00e3, domingo (19 de outubro), \u00e0s 16 horas (hor\u00e1rio de Bras\u00edlia), pela 29\u00aa rodada. Com o resultado, o Palmeiras chegou a 61 pontos em 27 rodadas, tr\u00eas a mais que o [&hellip;]","og_url":"https:\/\/www.gaveanews.com\/index.php\/2025\/10\/16\/a-declaracao-de-abel-ferreira-do-palmeiras-direcionada-ao-flamengo\/","og_site_name":"G\u00e1vea News","article_publisher":"https:\/\/facebook.com\/gaveaNews\/","article_published_time":"2025-10-16T18:45:38+00:00","og_image":[{"width":1200,"height":900,"url":"https:\/\/www.gaveanews.com\/wp-content\/uploads\/Abel-Ferreira-em-derrota-do-Palmeiras-para-o-Cruzeiro-no-Mineirao.webp","type":"image\/webp"}],"author":"Reda\u00e7\u00e3o","twitter_card":"summary_large_image","twitter_misc":{"Escrito por":"Reda\u00e7\u00e3o","Est. tempo de leitura":"3 minutos"},"schema":{"@context":"https:\/\/schema.org","@graph":[{"@type":"NewsArticle","@id":"https:\/\/www.gaveanews.com\/index.php\/2025\/10\/16\/a-declaracao-de-abel-ferreira-do-palmeiras-direcionada-ao-flamengo\/#article","isPartOf":{"@id":"https:\/\/www.gaveanews.com\/index.php\/2025\/10\/16\/a-declaracao-de-abel-ferreira-do-palmeiras-direcionada-ao-flamengo\/"},"author":{"name":"Reda\u00e7\u00e3o","@id":"https:\/\/www.gaveanews.com\/#\/schema\/person\/c88645e3d550d0b6574305e67dd5a716"},"headline":"A declara\u00e7\u00e3o de Abel Ferreira, do Palmeiras, direcionada ao Flamengo","datePublished":"2025-10-16T18:45:38+00:00","mainEntityOfPage":{"@id":"https:\/\/www.gaveanews.com\/index.php\/2025\/10\/16\/a-declaracao-de-abel-ferreira-do-palmeiras-direcionada-ao-flamengo\/"},"wordCount":362,"commentCount":0,"image":{"@id":"https:\/\/www.gaveanews.com\/index.php\/2025\/10\/16\/a-declaracao-de-abel-ferreira-do-palmeiras-direcionada-ao-flamengo\/#primaryimage"},"thumbnailUrl":"https:\/\/www.gaveanews.com\/wp-content\/uploads\/Abel-Ferreira-em-derrota-do-Palmeiras-para-o-Cruzeiro-no-Mineirao.webp","articleSection":["Flamengo"],"inLanguage":"pt-BR","potentialAction":[{"@type":"CommentAction","name":"Comment","target":["https:\/\/www.gaveanews.com\/index.php\/2025\/10\/16\/a-declaracao-de-abel-ferreira-do-palmeiras-direcionada-ao-flamengo\/#respond"]}],"copyrightYear":"2025","copyrightHolder":{"@id":"https:\/\/www.gaveanews.com\/#organization"}},{"@type":"WebPage","@id":"https:\/\/www.gaveanews.com\/index.php\/2025\/10\/16\/a-declaracao-de-abel-ferreira-do-palmeiras-direcionada-ao-flamengo\/","url":"https:\/\/www.gaveanews.com\/index.php\/2025\/10\/16\/a-declaracao-de-abel-ferreira-do-palmeiras-direcionada-ao-flamengo\/","name":"A declara\u00e7\u00e3o de Abel Ferreira, do Palmeiras, direcionada ao Flamengo","isPartOf":{"@id":"https:\/\/www.gaveanews.com\/#website"},"primaryImageOfPage":{"@id":"https:\/\/www.gaveanews.com\/index.php\/2025\/10\/16\/a-declaracao-de-abel-ferreira-do-palmeiras-direcionada-ao-flamengo\/#primaryimage"},"image":{"@id":"https:\/\/www.gaveanews.com\/index.php\/2025\/10\/16\/a-declaracao-de-abel-ferreira-do-palmeiras-direcionada-ao-flamengo\/#primaryimage"},"thumbnailUrl":"https:\/\/www.gaveanews.com\/wp-content\/uploads\/Abel-Ferreira-em-derrota-do-Palmeiras-para-o-Cruzeiro-no-Mineirao.webp","datePublished":"2025-10-16T18:45:38+00:00","author":{"@id":"https:\/\/www.gaveanews.com\/#\/schema\/person\/c88645e3d550d0b6574305e67dd5a716"},"breadcrumb":{"@id":"https:\/\/www.gaveanews.com\/index.php\/2025\/10\/16\/a-declaracao-de-abel-ferreira-do-palmeiras-direcionada-ao-flamengo\/#breadcrumb"},"inLanguage":"pt-BR","potentialAction":[{"@type":"ReadAction","target":["https:\/\/www.gaveanews.com\/index.php\/2025\/10\/16\/a-declaracao-de-abel-ferreira-do-palmeiras-direcionada-ao-flamengo\/"]}]},{"@type":"ImageObject","inLanguage":"pt-BR","@id":"https:\/\/www.gaveanews.com\/index.php\/2025\/10\/16\/a-declaracao-de-abel-ferreira-do-palmeiras-direcionada-ao-flamengo\/#primaryimage","url":"https:\/\/www.gaveanews.com\/wp-content\/uploads\/Abel-Ferreira-em-derrota-do-Palmeiras-para-o-Cruzeiro-no-Mineirao.webp","contentUrl":"https:\/\/www.gaveanews.com\/wp-content\/uploads\/Abel-Ferreira-em-derrota-do-Palmeiras-para-o-Cruzeiro-no-Mineirao.webp","width":1200,"height":900,"caption":"Foto: C\u00e9sar Graco\/Palmeiras"},{"@type":"BreadcrumbList","@id":"https:\/\/www.gaveanews.com\/index.php\/2025\/10\/16\/a-declaracao-de-abel-ferreira-do-palmeiras-direcionada-ao-flamengo\/#breadcrumb","itemListElement":[{"@type":"ListItem","position":1,"name":"Home","item":"https:\/\/www.gaveanews.com\/"},{"@type":"ListItem","position":2,"name":"A declara\u00e7\u00e3o de Abel Ferreira, do Palmeiras, direcionada ao Flamengo"}]},{"@type":"WebSite","@id":"https:\/\/www.gaveanews.com\/#website","url":"https:\/\/www.gaveanews.com\/","name":"G\u00e1vea News","description":"Veja todas as not\u00edcias sobre o Flamengo: Contrata\u00e7\u00f5es, categorias de base, resultados das partidas, tabela de classifica\u00e7\u00e3o, pr\u00f3ximos jogos!","potentialAction":[{"@type":"SearchAction","target":{"@type":"EntryPoint","urlTemplate":"https:\/\/www.gaveanews.com\/?s={search_term_string}"},"query-input":{"@type":"PropertyValueSpecification","valueRequired":true,"valueName":"search_term_string"}}],"inLanguage":"pt-BR"},{"@type":"Person","@id":"https:\/\/www.gaveanews.com\/#\/schema\/person\/c88645e3d550d0b6574305e67dd5a716","name":"Reda\u00e7\u00e3o","image":{"@type":"ImageObject","inLanguage":"pt-BR","@id":"https:\/\/www.gaveanews.com\/#\/schema\/person\/image\/","url":"https:\/\/secure.gravatar.com\/avatar\/434098fd823f0dc1b062d14ca22bacaa6e38de28d8c816bbef6fc2f8c44d8ba3?s=96&d=mm&r=g","contentUrl":"https:\/\/secure.gravatar.com\/avatar\/434098fd823f0dc1b062d14ca22bacaa6e38de28d8c816bbef6fc2f8c44d8ba3?s=96&d=mm&r=g","caption":"Reda\u00e7\u00e3o"}}]}},"_links":{"self":[{"href":"https:\/\/www.gaveanews.com\/index.php\/wp-json\/wp\/v2\/posts\/278645","targetHints":{"allow":["GET"]}}],"collection":[{"href":"https:\/\/www.gaveanews.com\/index.php\/wp-json\/wp\/v2\/posts"}],"about":[{"href":"https:\/\/www.gaveanews.com\/index.php\/wp-json\/wp\/v2\/types\/post"}],"author":[{"embeddable":true,"href":"https:\/\/www.gaveanews.com\/index.php\/wp-json\/wp\/v2\/users\/39"}],"replies":[{"embeddable":true,"href":"https:\/\/www.gaveanews.com\/index.php\/wp-json\/wp\/v2\/comments?post=278645"}],"version-history":[{"count":1,"href":"https:\/\/www.gaveanews.com\/index.php\/wp-json\/wp\/v2\/posts\/278645\/revisions"}],"predecessor-version":[{"id":278660,"href":"https:\/\/www.gaveanews.com\/index.php\/wp-json\/wp\/v2\/posts\/278645\/revisions\/278660"}],"wp:featuredmedia":[{"embeddable":true,"href":"https:\/\/www.gaveanews.com\/index.php\/wp-json\/wp\/v2\/media\/268764"}],"wp:attachment":[{"href":"https:\/\/www.gaveanews.com\/index.php\/wp-json\/wp\/v2\/media?parent=278645"}],"wp:term":[{"taxonomy":"category","embeddable":true,"href":"https:\/\/www.gaveanews.com\/index.php\/wp-json\/wp\/v2\/categories?post=278645"},{"taxonomy":"post_tag","embeddable":true,"href":"https:\/\/www.gaveanews.com\/index.php\/wp-json\/wp\/v2\/tags?post=278645"}],"curies":[{"name":"wp","href":"https:\/\/api.w.org\/{rel}","templated":true}]}}