{"id":278662,"date":"2025-10-16T17:45:00","date_gmt":"2025-10-16T20:45:00","guid":{"rendered":"https:\/\/www.gaveanews.com\/?p=278662"},"modified":"2025-10-16T16:46:10","modified_gmt":"2025-10-16T19:46:10","slug":"presidente-do-gremio-faz-duras-criticas-ao-flamengo","status":"publish","type":"post","link":"https:\/\/www.gaveanews.com\/index.php\/2025\/10\/16\/presidente-do-gremio-faz-duras-criticas-ao-flamengo\/","title":{"rendered":"Presidente do Gr\u00eamio faz duras cr\u00edticas ao Flamengo"},"content":{"rendered":"\n<p>Nesta quinta-feira (16 de outubro), a disputa por receitas do Brasileir\u00e3o ganhou novo cap\u00edtulo. O presidente do Gr\u00eamio, Alberto Guerra, criticou Luiz Eduardo Baptista, do <a href=\"https:\/\/www.gaveanews.com\/index.php\/category\/brasileirao\/flamengo\/\" target=\"_blank\" rel=\"noopener noreferrer\">Flamengo<\/a>, ap\u00f3s a liminar que bloqueou R$ 77 milh\u00f5es devidos pela Globo \u00e0 Libra.<\/p>\n\n\n\n<p>O inc\u00f4modo veio ap\u00f3s Bap acusar a Libra de ser \u201cverde\u201d. A entidade re\u00fane, entre outros, Bragantino, S\u00e3o Paulo, Santos, Atl\u00e9tico-MG, Bahia e Vit\u00f3ria. A Libra afirma que Rodolfo Landim aceitou um acordo, mas n\u00e3o apresentou documento assinado. O bloqueio atinge tamb\u00e9m o Flamengo e decorre da falta de consenso sobre os 30% de audi\u00eancia.<\/p>\n\n\n\n<p>Guerra classificou a medida como ego\u00edsta e alertou para \u201casfixia\u201d em clubes dependentes dessa receita. Ele revelou que o Gr\u00eamio atrasou o pagamento da folha.<\/p>\n\n\n\n<p>\u201cAcho que sim [\u00e9 ego\u00edsta]. Para alguns clubes, a receita do Brasileir\u00e3o representa 50% da receita anual. No caso do Gr\u00eamio, chega perto dos 30%. Para alguns clubes, \u00e9 asfixia. Temos clubes menores que dependem muito dessa receita. Ent\u00e3o, por isso tamb\u00e9m, que essa \u00e9 uma medida, sim, ego\u00edsta\u201d.<\/p>\n\n\n\n<p>Ele tamb\u00e9m atribuiu a Luiz Eduardo Baptista um recado pol\u00edtico a eleitores do Flamengo, ao retomar cr\u00edticas de campanha ao contrato de TV.<\/p>\n\n\n\n<p>\u201cMas eu tamb\u00e9m acho que ele [Bap] est\u00e1 dando uma resposta para seus eleitores, porque durante toda a campanha ele disse que era um contrato mal negociado. Talvez esteja dando uma satisfa\u00e7\u00e3o para o seu eleitorado. Mas, para isso, [est\u00e1] fazendo com o dinheiro de todos n\u00f3s, n\u00e9? Estamos pagando essa conta tamb\u00e9m\u201d.<\/p>\n\n\n\n<p>Ao discutir a cria\u00e7\u00e3o de uma liga, Guerra defendeu pautas al\u00e9m da divis\u00e3o de receitas, como gramado, arbitragem, calend\u00e1rio e fair play financeiro. Segundo ele, o campeonato ainda \u00e9 organizado pela CBF.<\/p>\n\n\n\n<p>\u201cCom a liga formada, podemos discutir todas essas quest\u00f5es. Hoje, o campeonato ainda \u00e9 organizado pela CBF. Est\u00e1 aqui quem tem mais falado sobre arbitragem, infelizmente. Quest\u00f5es de gramado tamb\u00e9m, paralelamente se discute bastante, fair play est\u00e1 sendo debatido tamb\u00e9m, mas dentro da CBF. O que a gente quer \u00e9 discutir isso no \u00e2mbito da liga. O primeiro passo \u00e9 a cria\u00e7\u00e3o da liga dos 40 clubes, ou que seja de 39, 38 clubes. Mas, enquanto a liga n\u00e3o sai, a gente tem que discutir isso na organizadora do campeonato\u201d.<\/p>\n\n\n\n<h2 class=\"wp-block-heading\" id=\"h-proxima-partida-do-flamengo\">Pr\u00f3xima partida do Flamengo<\/h2>\n\n\n\n<p>O Flamengo enfrenta o <a href=\"https:\/\/www.gaveanews.com\/index.php\/category\/brasileirao\/palmeiras\/\" target=\"_blank\" rel=\"noopener noreferrer\">Palmeiras<\/a> no domingo (19 de outubro), \u00e0s 16 horas (hor\u00e1rio de Bras\u00edlia), pela 29\u00aa rodada; o time \u00e9 vice-l\u00edder com 58 pontos, e o Palmeiras lidera com 61.<\/p>\n","protected":false},"excerpt":{"rendered":"<p>Nesta quinta-feira (16 de outubro), a disputa por receitas do Brasileir\u00e3o ganhou novo cap\u00edtulo. O presidente do Gr\u00eamio, Alberto Guerra, criticou Luiz Eduardo Baptista, do Flamengo, ap\u00f3s a liminar que bloqueou R$ 77 milh\u00f5es devidos pela Globo \u00e0 Libra. O inc\u00f4modo veio ap\u00f3s Bap acusar a Libra de ser \u201cverde\u201d. A entidade re\u00fane, entre outros, [&hellip;]<\/p>\n","protected":false},"author":39,"featured_media":141924,"comment_status":"open","ping_status":"closed","sticky":false,"template":"","format":"standard","meta":{"footnotes":""},"categories":[1],"tags":[],"class_list":["post-278662","post","type-post","status-publish","format-standard","has-post-thumbnail","hentry","category-flamengo"],"yoast_head":"<!-- This site is optimized with the Yoast SEO Premium plugin v24.2 (Yoast SEO v26.9) - https:\/\/yoast.com\/product\/yoast-seo-premium-wordpress\/ -->\n<title>Presidente do Gr\u00eamio faz duras cr\u00edticas ao Flamengo<\/title>\n<meta name=\"robots\" content=\"index, follow, max-snippet:-1, max-image-preview:large, max-video-preview:-1\" \/>\n<link rel=\"canonical\" href=\"https:\/\/www.gaveanews.com\/index.php\/2025\/10\/16\/presidente-do-gremio-faz-duras-criticas-ao-flamengo\/\" \/>\n<meta property=\"og:locale\" content=\"pt_BR\" \/>\n<meta property=\"og:type\" content=\"article\" \/>\n<meta property=\"og:title\" content=\"Presidente do Gr\u00eamio faz duras cr\u00edticas ao Flamengo\" \/>\n<meta property=\"og:description\" content=\"Nesta quinta-feira (16 de outubro), a disputa por receitas do Brasileir\u00e3o ganhou novo cap\u00edtulo. O presidente do Gr\u00eamio, Alberto Guerra, criticou Luiz Eduardo Baptista, do Flamengo, ap\u00f3s a liminar que bloqueou R$ 77 milh\u00f5es devidos pela Globo \u00e0 Libra. O inc\u00f4modo veio ap\u00f3s Bap acusar a Libra de ser \u201cverde\u201d. A entidade re\u00fane, entre outros, [&hellip;]\" \/>\n<meta property=\"og:url\" content=\"https:\/\/www.gaveanews.com\/index.php\/2025\/10\/16\/presidente-do-gremio-faz-duras-criticas-ao-flamengo\/\" \/>\n<meta property=\"og:site_name\" content=\"G\u00e1vea News\" \/>\n<meta property=\"article:publisher\" content=\"https:\/\/facebook.com\/gaveaNews\/\" \/>\n<meta property=\"article:published_time\" content=\"2025-10-16T20:45:00+00:00\" \/>\n<meta property=\"og:image\" content=\"https:\/\/www.gaveanews.com\/wp-content\/uploads\/presidente-gremio-alberto-guerra.webp\" \/>\n\t<meta property=\"og:image:width\" content=\"640\" \/>\n\t<meta property=\"og:image:height\" content=\"401\" \/>\n\t<meta property=\"og:image:type\" content=\"image\/jpeg\" \/>\n<meta name=\"author\" content=\"Reda\u00e7\u00e3o\" \/>\n<meta name=\"twitter:card\" content=\"summary_large_image\" \/>\n<meta name=\"twitter:label1\" content=\"Escrito por\" \/>\n\t<meta name=\"twitter:data1\" content=\"Reda\u00e7\u00e3o\" \/>\n\t<meta name=\"twitter:label2\" content=\"Est. tempo de leitura\" \/>\n\t<meta name=\"twitter:data2\" content=\"3 minutos\" \/>\n<script type=\"application\/ld+json\" class=\"yoast-schema-graph\">{\"@context\":\"https:\/\/schema.org\",\"@graph\":[{\"@type\":\"NewsArticle\",\"@id\":\"https:\/\/www.gaveanews.com\/index.php\/2025\/10\/16\/presidente-do-gremio-faz-duras-criticas-ao-flamengo\/#article\",\"isPartOf\":{\"@id\":\"https:\/\/www.gaveanews.com\/index.php\/2025\/10\/16\/presidente-do-gremio-faz-duras-criticas-ao-flamengo\/\"},\"author\":{\"name\":\"Reda\u00e7\u00e3o\",\"@id\":\"https:\/\/www.gaveanews.com\/#\/schema\/person\/c88645e3d550d0b6574305e67dd5a716\"},\"headline\":\"Presidente do Gr\u00eamio faz duras cr\u00edticas ao Flamengo\",\"datePublished\":\"2025-10-16T20:45:00+00:00\",\"mainEntityOfPage\":{\"@id\":\"https:\/\/www.gaveanews.com\/index.php\/2025\/10\/16\/presidente-do-gremio-faz-duras-criticas-ao-flamengo\/\"},\"wordCount\":433,\"commentCount\":0,\"image\":{\"@id\":\"https:\/\/www.gaveanews.com\/index.php\/2025\/10\/16\/presidente-do-gremio-faz-duras-criticas-ao-flamengo\/#primaryimage\"},\"thumbnailUrl\":\"https:\/\/www.gaveanews.com\/wp-content\/uploads\/presidente-gremio-alberto-guerra.webp\",\"articleSection\":[\"Flamengo\"],\"inLanguage\":\"pt-BR\",\"potentialAction\":[{\"@type\":\"CommentAction\",\"name\":\"Comment\",\"target\":[\"https:\/\/www.gaveanews.com\/index.php\/2025\/10\/16\/presidente-do-gremio-faz-duras-criticas-ao-flamengo\/#respond\"]}],\"copyrightYear\":\"2025\",\"copyrightHolder\":{\"@id\":\"https:\/\/www.gaveanews.com\/#organization\"}},{\"@type\":\"WebPage\",\"@id\":\"https:\/\/www.gaveanews.com\/index.php\/2025\/10\/16\/presidente-do-gremio-faz-duras-criticas-ao-flamengo\/\",\"url\":\"https:\/\/www.gaveanews.com\/index.php\/2025\/10\/16\/presidente-do-gremio-faz-duras-criticas-ao-flamengo\/\",\"name\":\"Presidente do Gr\u00eamio faz duras cr\u00edticas ao Flamengo\",\"isPartOf\":{\"@id\":\"https:\/\/www.gaveanews.com\/#website\"},\"primaryImageOfPage\":{\"@id\":\"https:\/\/www.gaveanews.com\/index.php\/2025\/10\/16\/presidente-do-gremio-faz-duras-criticas-ao-flamengo\/#primaryimage\"},\"image\":{\"@id\":\"https:\/\/www.gaveanews.com\/index.php\/2025\/10\/16\/presidente-do-gremio-faz-duras-criticas-ao-flamengo\/#primaryimage\"},\"thumbnailUrl\":\"https:\/\/www.gaveanews.com\/wp-content\/uploads\/presidente-gremio-alberto-guerra.webp\",\"datePublished\":\"2025-10-16T20:45:00+00:00\",\"author\":{\"@id\":\"https:\/\/www.gaveanews.com\/#\/schema\/person\/c88645e3d550d0b6574305e67dd5a716\"},\"breadcrumb\":{\"@id\":\"https:\/\/www.gaveanews.com\/index.php\/2025\/10\/16\/presidente-do-gremio-faz-duras-criticas-ao-flamengo\/#breadcrumb\"},\"inLanguage\":\"pt-BR\",\"potentialAction\":[{\"@type\":\"ReadAction\",\"target\":[\"https:\/\/www.gaveanews.com\/index.php\/2025\/10\/16\/presidente-do-gremio-faz-duras-criticas-ao-flamengo\/\"]}]},{\"@type\":\"ImageObject\",\"inLanguage\":\"pt-BR\",\"@id\":\"https:\/\/www.gaveanews.com\/index.php\/2025\/10\/16\/presidente-do-gremio-faz-duras-criticas-ao-flamengo\/#primaryimage\",\"url\":\"https:\/\/www.gaveanews.com\/wp-content\/uploads\/presidente-gremio-alberto-guerra.webp\",\"contentUrl\":\"https:\/\/www.gaveanews.com\/wp-content\/uploads\/presidente-gremio-alberto-guerra.webp\",\"width\":640,\"height\":401,\"caption\":\"Alberto Guerra, presidente do Gr\u00eamio - Foto: Lucas Uebel\/ Gr\u00eamio\"},{\"@type\":\"BreadcrumbList\",\"@id\":\"https:\/\/www.gaveanews.com\/index.php\/2025\/10\/16\/presidente-do-gremio-faz-duras-criticas-ao-flamengo\/#breadcrumb\",\"itemListElement\":[{\"@type\":\"ListItem\",\"position\":1,\"name\":\"Home\",\"item\":\"https:\/\/www.gaveanews.com\/\"},{\"@type\":\"ListItem\",\"position\":2,\"name\":\"Presidente do Gr\u00eamio faz duras cr\u00edticas ao Flamengo\"}]},{\"@type\":\"WebSite\",\"@id\":\"https:\/\/www.gaveanews.com\/#website\",\"url\":\"https:\/\/www.gaveanews.com\/\",\"name\":\"G\u00e1vea News\",\"description\":\"Veja todas as not\u00edcias sobre o Flamengo: Contrata\u00e7\u00f5es, categorias de base, resultados das partidas, tabela de classifica\u00e7\u00e3o, pr\u00f3ximos jogos!\",\"potentialAction\":[{\"@type\":\"SearchAction\",\"target\":{\"@type\":\"EntryPoint\",\"urlTemplate\":\"https:\/\/www.gaveanews.com\/?s={search_term_string}\"},\"query-input\":{\"@type\":\"PropertyValueSpecification\",\"valueRequired\":true,\"valueName\":\"search_term_string\"}}],\"inLanguage\":\"pt-BR\"},{\"@type\":\"Person\",\"@id\":\"https:\/\/www.gaveanews.com\/#\/schema\/person\/c88645e3d550d0b6574305e67dd5a716\",\"name\":\"Reda\u00e7\u00e3o\",\"image\":{\"@type\":\"ImageObject\",\"inLanguage\":\"pt-BR\",\"@id\":\"https:\/\/www.gaveanews.com\/#\/schema\/person\/image\/\",\"url\":\"https:\/\/secure.gravatar.com\/avatar\/434098fd823f0dc1b062d14ca22bacaa6e38de28d8c816bbef6fc2f8c44d8ba3?s=96&d=mm&r=g\",\"contentUrl\":\"https:\/\/secure.gravatar.com\/avatar\/434098fd823f0dc1b062d14ca22bacaa6e38de28d8c816bbef6fc2f8c44d8ba3?s=96&d=mm&r=g\",\"caption\":\"Reda\u00e7\u00e3o\"}}]}<\/script>\n<!-- \/ Yoast SEO Premium plugin. -->","yoast_head_json":{"title":"Presidente do Gr\u00eamio faz duras cr\u00edticas ao Flamengo","robots":{"index":"index","follow":"follow","max-snippet":"max-snippet:-1","max-image-preview":"max-image-preview:large","max-video-preview":"max-video-preview:-1"},"canonical":"https:\/\/www.gaveanews.com\/index.php\/2025\/10\/16\/presidente-do-gremio-faz-duras-criticas-ao-flamengo\/","og_locale":"pt_BR","og_type":"article","og_title":"Presidente do Gr\u00eamio faz duras cr\u00edticas ao Flamengo","og_description":"Nesta quinta-feira (16 de outubro), a disputa por receitas do Brasileir\u00e3o ganhou novo cap\u00edtulo. O presidente do Gr\u00eamio, Alberto Guerra, criticou Luiz Eduardo Baptista, do Flamengo, ap\u00f3s a liminar que bloqueou R$ 77 milh\u00f5es devidos pela Globo \u00e0 Libra. O inc\u00f4modo veio ap\u00f3s Bap acusar a Libra de ser \u201cverde\u201d. A entidade re\u00fane, entre outros, [&hellip;]","og_url":"https:\/\/www.gaveanews.com\/index.php\/2025\/10\/16\/presidente-do-gremio-faz-duras-criticas-ao-flamengo\/","og_site_name":"G\u00e1vea News","article_publisher":"https:\/\/facebook.com\/gaveaNews\/","article_published_time":"2025-10-16T20:45:00+00:00","og_image":[{"width":640,"height":401,"url":"https:\/\/www.gaveanews.com\/wp-content\/uploads\/presidente-gremio-alberto-guerra.webp","type":"image\/jpeg"}],"author":"Reda\u00e7\u00e3o","twitter_card":"summary_large_image","twitter_misc":{"Escrito por":"Reda\u00e7\u00e3o","Est. tempo de leitura":"3 minutos"},"schema":{"@context":"https:\/\/schema.org","@graph":[{"@type":"NewsArticle","@id":"https:\/\/www.gaveanews.com\/index.php\/2025\/10\/16\/presidente-do-gremio-faz-duras-criticas-ao-flamengo\/#article","isPartOf":{"@id":"https:\/\/www.gaveanews.com\/index.php\/2025\/10\/16\/presidente-do-gremio-faz-duras-criticas-ao-flamengo\/"},"author":{"name":"Reda\u00e7\u00e3o","@id":"https:\/\/www.gaveanews.com\/#\/schema\/person\/c88645e3d550d0b6574305e67dd5a716"},"headline":"Presidente do Gr\u00eamio faz duras cr\u00edticas ao Flamengo","datePublished":"2025-10-16T20:45:00+00:00","mainEntityOfPage":{"@id":"https:\/\/www.gaveanews.com\/index.php\/2025\/10\/16\/presidente-do-gremio-faz-duras-criticas-ao-flamengo\/"},"wordCount":433,"commentCount":0,"image":{"@id":"https:\/\/www.gaveanews.com\/index.php\/2025\/10\/16\/presidente-do-gremio-faz-duras-criticas-ao-flamengo\/#primaryimage"},"thumbnailUrl":"https:\/\/www.gaveanews.com\/wp-content\/uploads\/presidente-gremio-alberto-guerra.webp","articleSection":["Flamengo"],"inLanguage":"pt-BR","potentialAction":[{"@type":"CommentAction","name":"Comment","target":["https:\/\/www.gaveanews.com\/index.php\/2025\/10\/16\/presidente-do-gremio-faz-duras-criticas-ao-flamengo\/#respond"]}],"copyrightYear":"2025","copyrightHolder":{"@id":"https:\/\/www.gaveanews.com\/#organization"}},{"@type":"WebPage","@id":"https:\/\/www.gaveanews.com\/index.php\/2025\/10\/16\/presidente-do-gremio-faz-duras-criticas-ao-flamengo\/","url":"https:\/\/www.gaveanews.com\/index.php\/2025\/10\/16\/presidente-do-gremio-faz-duras-criticas-ao-flamengo\/","name":"Presidente do Gr\u00eamio faz duras cr\u00edticas ao Flamengo","isPartOf":{"@id":"https:\/\/www.gaveanews.com\/#website"},"primaryImageOfPage":{"@id":"https:\/\/www.gaveanews.com\/index.php\/2025\/10\/16\/presidente-do-gremio-faz-duras-criticas-ao-flamengo\/#primaryimage"},"image":{"@id":"https:\/\/www.gaveanews.com\/index.php\/2025\/10\/16\/presidente-do-gremio-faz-duras-criticas-ao-flamengo\/#primaryimage"},"thumbnailUrl":"https:\/\/www.gaveanews.com\/wp-content\/uploads\/presidente-gremio-alberto-guerra.webp","datePublished":"2025-10-16T20:45:00+00:00","author":{"@id":"https:\/\/www.gaveanews.com\/#\/schema\/person\/c88645e3d550d0b6574305e67dd5a716"},"breadcrumb":{"@id":"https:\/\/www.gaveanews.com\/index.php\/2025\/10\/16\/presidente-do-gremio-faz-duras-criticas-ao-flamengo\/#breadcrumb"},"inLanguage":"pt-BR","potentialAction":[{"@type":"ReadAction","target":["https:\/\/www.gaveanews.com\/index.php\/2025\/10\/16\/presidente-do-gremio-faz-duras-criticas-ao-flamengo\/"]}]},{"@type":"ImageObject","inLanguage":"pt-BR","@id":"https:\/\/www.gaveanews.com\/index.php\/2025\/10\/16\/presidente-do-gremio-faz-duras-criticas-ao-flamengo\/#primaryimage","url":"https:\/\/www.gaveanews.com\/wp-content\/uploads\/presidente-gremio-alberto-guerra.webp","contentUrl":"https:\/\/www.gaveanews.com\/wp-content\/uploads\/presidente-gremio-alberto-guerra.webp","width":640,"height":401,"caption":"Alberto Guerra, presidente do Gr\u00eamio - Foto: Lucas Uebel\/ Gr\u00eamio"},{"@type":"BreadcrumbList","@id":"https:\/\/www.gaveanews.com\/index.php\/2025\/10\/16\/presidente-do-gremio-faz-duras-criticas-ao-flamengo\/#breadcrumb","itemListElement":[{"@type":"ListItem","position":1,"name":"Home","item":"https:\/\/www.gaveanews.com\/"},{"@type":"ListItem","position":2,"name":"Presidente do Gr\u00eamio faz duras cr\u00edticas ao Flamengo"}]},{"@type":"WebSite","@id":"https:\/\/www.gaveanews.com\/#website","url":"https:\/\/www.gaveanews.com\/","name":"G\u00e1vea News","description":"Veja todas as not\u00edcias sobre o Flamengo: Contrata\u00e7\u00f5es, categorias de base, resultados das partidas, tabela de classifica\u00e7\u00e3o, pr\u00f3ximos jogos!","potentialAction":[{"@type":"SearchAction","target":{"@type":"EntryPoint","urlTemplate":"https:\/\/www.gaveanews.com\/?s={search_term_string}"},"query-input":{"@type":"PropertyValueSpecification","valueRequired":true,"valueName":"search_term_string"}}],"inLanguage":"pt-BR"},{"@type":"Person","@id":"https:\/\/www.gaveanews.com\/#\/schema\/person\/c88645e3d550d0b6574305e67dd5a716","name":"Reda\u00e7\u00e3o","image":{"@type":"ImageObject","inLanguage":"pt-BR","@id":"https:\/\/www.gaveanews.com\/#\/schema\/person\/image\/","url":"https:\/\/secure.gravatar.com\/avatar\/434098fd823f0dc1b062d14ca22bacaa6e38de28d8c816bbef6fc2f8c44d8ba3?s=96&d=mm&r=g","contentUrl":"https:\/\/secure.gravatar.com\/avatar\/434098fd823f0dc1b062d14ca22bacaa6e38de28d8c816bbef6fc2f8c44d8ba3?s=96&d=mm&r=g","caption":"Reda\u00e7\u00e3o"}}]}},"_links":{"self":[{"href":"https:\/\/www.gaveanews.com\/index.php\/wp-json\/wp\/v2\/posts\/278662","targetHints":{"allow":["GET"]}}],"collection":[{"href":"https:\/\/www.gaveanews.com\/index.php\/wp-json\/wp\/v2\/posts"}],"about":[{"href":"https:\/\/www.gaveanews.com\/index.php\/wp-json\/wp\/v2\/types\/post"}],"author":[{"embeddable":true,"href":"https:\/\/www.gaveanews.com\/index.php\/wp-json\/wp\/v2\/users\/39"}],"replies":[{"embeddable":true,"href":"https:\/\/www.gaveanews.com\/index.php\/wp-json\/wp\/v2\/comments?post=278662"}],"version-history":[{"count":1,"href":"https:\/\/www.gaveanews.com\/index.php\/wp-json\/wp\/v2\/posts\/278662\/revisions"}],"predecessor-version":[{"id":278676,"href":"https:\/\/www.gaveanews.com\/index.php\/wp-json\/wp\/v2\/posts\/278662\/revisions\/278676"}],"wp:featuredmedia":[{"embeddable":true,"href":"https:\/\/www.gaveanews.com\/index.php\/wp-json\/wp\/v2\/media\/141924"}],"wp:attachment":[{"href":"https:\/\/www.gaveanews.com\/index.php\/wp-json\/wp\/v2\/media?parent=278662"}],"wp:term":[{"taxonomy":"category","embeddable":true,"href":"https:\/\/www.gaveanews.com\/index.php\/wp-json\/wp\/v2\/categories?post=278662"},{"taxonomy":"post_tag","embeddable":true,"href":"https:\/\/www.gaveanews.com\/index.php\/wp-json\/wp\/v2\/tags?post=278662"}],"curies":[{"name":"wp","href":"https:\/\/api.w.org\/{rel}","templated":true}]}}