{"id":278686,"date":"2025-10-17T09:28:19","date_gmt":"2025-10-17T12:28:19","guid":{"rendered":"https:\/\/www.gaveanews.com\/?p=278686"},"modified":"2025-10-17T09:28:22","modified_gmt":"2025-10-17T12:28:22","slug":"flamengo-estuda-contratacao-de-zagueiro-de-rival-da-serie-a","status":"publish","type":"post","link":"https:\/\/www.gaveanews.com\/index.php\/2025\/10\/17\/flamengo-estuda-contratacao-de-zagueiro-de-rival-da-serie-a\/","title":{"rendered":"Flamengo estuda contrata\u00e7\u00e3o de zagueiro de rival da S\u00e9rie A"},"content":{"rendered":"\n<p>Por ora, o <a href=\"https:\/\/www.gaveanews.com\/index.php\/category\/brasileirao\/flamengo\/\" target=\"_blank\" rel=\"noopener noreferrer\">Flamengo<\/a> mant\u00e9m o foco no fim da temporada, mas j\u00e1 trabalha para 2026 e mira a contrata\u00e7\u00e3o de Vit\u00e3o, zagueiro do Internaciona.<\/p>\n\n\n\n<p>As tratativas ganharam novo f\u00f4lego nos \u00faltimos dias. De acordo com o Lance!, ainda n\u00e3o houve proposta oficial, embora as diretorias tenham iniciado conversas para entender exig\u00eancias e discutir uma sugest\u00e3o de neg\u00f3cio. Uma oferta seria apresentada na semana passada, mas n\u00e3o chegou.<\/p>\n\n\n\n<p>No in\u00edcio do ano, os rubro-negros teriam oferecido cerca de R$ 37 milh\u00f5es, al\u00e9m do abatimento da d\u00edvida ligada aos direitos de Thiago Maia, pend\u00eancia ainda n\u00e3o quitada, conforme as publica\u00e7\u00f5es.<\/p>\n\n\n\n<p>Agora, a ideia discutida envolveria uma composi\u00e7\u00e3o de valores que totalizaria cerca de 15 milh\u00f5es de euros (aproximadamente R$ 95,5 milh\u00f5es), com parte em dinheiro, abatimento do d\u00e9bito de Thiago Maia e a inclus\u00e3o de um jogador fora dos planos. Os nomes especulados seriam Cebolinha, Michel ou Allan. Ainda segundo a apura\u00e7\u00e3o, o Inter quer, em dinheiro, cerca de 10 milh\u00f5es de euros.<\/p>\n\n\n\n<figure class=\"wp-block-image size-large\"><img loading=\"lazy\" decoding=\"async\" width=\"1024\" height=\"768\" src=\"http:\/\/www.gaveanews.com\/wp-content\/uploads\/Vitao-internacional-1024x768.webp\" alt=\"\" class=\"wp-image-260521\" srcset=\"https:\/\/www.gaveanews.com\/wp-content\/uploads\/Vitao-internacional-1024x768.webp 1024w, https:\/\/www.gaveanews.com\/wp-content\/uploads\/Vitao-internacional-300x225.webp 300w, https:\/\/www.gaveanews.com\/wp-content\/uploads\/Vitao-internacional-768x576.webp 768w, https:\/\/www.gaveanews.com\/wp-content\/uploads\/Vitao-internacional-560x420.webp 560w, https:\/\/www.gaveanews.com\/wp-content\/uploads\/Vitao-internacional-1120x840.webp 1120w, https:\/\/www.gaveanews.com\/wp-content\/uploads\/Vitao-internacional-80x60.webp 80w, https:\/\/www.gaveanews.com\/wp-content\/uploads\/Vitao-internacional-160x120.webp 160w, https:\/\/www.gaveanews.com\/wp-content\/uploads\/Vitao-internacional-100x75.webp 100w, https:\/\/www.gaveanews.com\/wp-content\/uploads\/Vitao-internacional-200x150.webp 200w, https:\/\/www.gaveanews.com\/wp-content\/uploads\/Vitao-internacional-180x135.webp 180w, https:\/\/www.gaveanews.com\/wp-content\/uploads\/Vitao-internacional-360x270.webp 360w, https:\/\/www.gaveanews.com\/wp-content\/uploads\/Vitao-internacional-238x178.webp 238w, https:\/\/www.gaveanews.com\/wp-content\/uploads\/Vitao-internacional-476x356.webp 476w, https:\/\/www.gaveanews.com\/wp-content\/uploads\/Vitao-internacional-640x480.webp 640w, https:\/\/www.gaveanews.com\/wp-content\/uploads\/Vitao-internacional-681x511.webp 681w, https:\/\/www.gaveanews.com\/wp-content\/uploads\/Vitao-internacional.webp 1200w\" sizes=\"auto, (max-width: 1024px) 100vw, 1024px\" \/><figcaption class=\"wp-element-caption\">Vit\u00e3o internacional (Foto: Ricardo Duarte\/Internacional)<\/figcaption><\/figure>\n\n\n\n<p>Desde 2022, Vit\u00e3o est\u00e1 no Beira-Rio ap\u00f3s retorno do Shakhtar Donetsk, da Ucr\u00e2nia, em meio \u00e0 invas\u00e3o russa. Nesse per\u00edodo, disputou 182 jogos e marcou tr\u00eas gols.<\/p>\n\n\n\n<p>Antes, em 2024, o defensor quase se transferiu ao Real Betis. \u00c0s v\u00e9speras da viagem para exames, a negocia\u00e7\u00e3o n\u00e3o se concretizou por problemas burocr\u00e1ticos envolvendo a documenta\u00e7\u00e3o. O contrato de Vit\u00e3o com o Inter vai at\u00e9 31 de dezembro de 2026.<\/p>\n\n\n\n<p>Al\u00e9m disso, a zaga \u00e9 prioridade na lista de refor\u00e7os do Flamengo para 2026. No setor, o clube conta com L\u00e9o Pereira, L\u00e9o Ortiz, Danilo e os jovens Jo\u00e3o Victor e Cleiton.<\/p>\n\n\n\n<p>Neste domingo (19), \u00e0s 16 horas (hor\u00e1rio de Bras\u00edlia), o Flamengo enfrenta o <a href=\"https:\/\/www.gaveanews.com\/index.php\/category\/brasileirao\/palmeiras\/\" target=\"_blank\" rel=\"noopener noreferrer\">Palmeiras<\/a> no Maracan\u00e3. <\/p>\n","protected":false},"excerpt":{"rendered":"<p>Por ora, o Flamengo mant\u00e9m o foco no fim da temporada, mas j\u00e1 trabalha para 2026 e mira a contrata\u00e7\u00e3o de Vit\u00e3o, zagueiro do Internaciona. As tratativas ganharam novo f\u00f4lego nos \u00faltimos dias. De acordo com o Lance!, ainda n\u00e3o houve proposta oficial, embora as diretorias tenham iniciado conversas para entender exig\u00eancias e discutir uma [&hellip;]<\/p>\n","protected":false},"author":39,"featured_media":101250,"comment_status":"open","ping_status":"closed","sticky":false,"template":"","format":"standard","meta":{"footnotes":""},"categories":[1],"tags":[],"class_list":["post-278686","post","type-post","status-publish","format-standard","has-post-thumbnail","hentry","category-flamengo"],"yoast_head":"<!-- This site is optimized with the Yoast SEO Premium plugin v24.2 (Yoast SEO v26.9) - https:\/\/yoast.com\/product\/yoast-seo-premium-wordpress\/ -->\n<title>Flamengo estuda contrata\u00e7\u00e3o de zagueiro de rival da S\u00e9rie A<\/title>\n<meta name=\"description\" content=\"Agora, a ideia discutida envolveria uma composi\u00e7\u00e3o de valores que totalizaria cerca de 15 milh\u00f5es de euros (aproximadamente R$ 95,5 milh\u00f5es), com parte em dinheiro, abatimento do d\u00e9bito de Thiago Maia e a inclus\u00e3o de um jogador fora dos planos.\" \/>\n<meta name=\"robots\" content=\"index, follow, max-snippet:-1, max-image-preview:large, max-video-preview:-1\" \/>\n<link rel=\"canonical\" href=\"https:\/\/www.gaveanews.com\/index.php\/2025\/10\/17\/flamengo-estuda-contratacao-de-zagueiro-de-rival-da-serie-a\/\" \/>\n<meta property=\"og:locale\" content=\"pt_BR\" \/>\n<meta property=\"og:type\" content=\"article\" \/>\n<meta property=\"og:title\" content=\"Flamengo estuda contrata\u00e7\u00e3o de zagueiro de rival da S\u00e9rie A\" \/>\n<meta property=\"og:description\" content=\"Agora, a ideia discutida envolveria uma composi\u00e7\u00e3o de valores que totalizaria cerca de 15 milh\u00f5es de euros (aproximadamente R$ 95,5 milh\u00f5es), com parte em dinheiro, abatimento do d\u00e9bito de Thiago Maia e a inclus\u00e3o de um jogador fora dos planos.\" \/>\n<meta property=\"og:url\" content=\"https:\/\/www.gaveanews.com\/index.php\/2025\/10\/17\/flamengo-estuda-contratacao-de-zagueiro-de-rival-da-serie-a\/\" \/>\n<meta property=\"og:site_name\" content=\"G\u00e1vea News\" \/>\n<meta property=\"article:publisher\" content=\"https:\/\/facebook.com\/gaveaNews\/\" \/>\n<meta property=\"article:published_time\" content=\"2025-10-17T12:28:19+00:00\" \/>\n<meta property=\"article:modified_time\" content=\"2025-10-17T12:28:22+00:00\" \/>\n<meta property=\"og:image\" content=\"http:\/\/www.gaveanews.com\/wp-content\/uploads\/Maracanao-escudo-Flamengo.webp\" \/>\n\t<meta property=\"og:image:width\" content=\"640\" \/>\n\t<meta property=\"og:image:height\" content=\"427\" \/>\n\t<meta property=\"og:image:type\" content=\"image\/jpeg\" \/>\n<meta name=\"author\" content=\"Reda\u00e7\u00e3o\" \/>\n<meta name=\"twitter:card\" content=\"summary_large_image\" \/>\n<meta name=\"twitter:label1\" content=\"Escrito por\" \/>\n\t<meta name=\"twitter:data1\" content=\"Reda\u00e7\u00e3o\" \/>\n\t<meta name=\"twitter:label2\" content=\"Est. tempo de leitura\" \/>\n\t<meta name=\"twitter:data2\" content=\"2 minutos\" \/>\n<script type=\"application\/ld+json\" class=\"yoast-schema-graph\">{\"@context\":\"https:\/\/schema.org\",\"@graph\":[{\"@type\":\"NewsArticle\",\"@id\":\"https:\/\/www.gaveanews.com\/index.php\/2025\/10\/17\/flamengo-estuda-contratacao-de-zagueiro-de-rival-da-serie-a\/#article\",\"isPartOf\":{\"@id\":\"https:\/\/www.gaveanews.com\/index.php\/2025\/10\/17\/flamengo-estuda-contratacao-de-zagueiro-de-rival-da-serie-a\/\"},\"author\":{\"name\":\"Reda\u00e7\u00e3o\",\"@id\":\"https:\/\/www.gaveanews.com\/#\/schema\/person\/c88645e3d550d0b6574305e67dd5a716\"},\"headline\":\"Flamengo estuda contrata\u00e7\u00e3o de zagueiro de rival da S\u00e9rie A\",\"datePublished\":\"2025-10-17T12:28:19+00:00\",\"dateModified\":\"2025-10-17T12:28:22+00:00\",\"mainEntityOfPage\":{\"@id\":\"https:\/\/www.gaveanews.com\/index.php\/2025\/10\/17\/flamengo-estuda-contratacao-de-zagueiro-de-rival-da-serie-a\/\"},\"wordCount\":325,\"commentCount\":0,\"image\":{\"@id\":\"https:\/\/www.gaveanews.com\/index.php\/2025\/10\/17\/flamengo-estuda-contratacao-de-zagueiro-de-rival-da-serie-a\/#primaryimage\"},\"thumbnailUrl\":\"https:\/\/www.gaveanews.com\/wp-content\/uploads\/Maracanao-escudo-Flamengo.webp\",\"articleSection\":[\"Flamengo\"],\"inLanguage\":\"pt-BR\",\"potentialAction\":[{\"@type\":\"CommentAction\",\"name\":\"Comment\",\"target\":[\"https:\/\/www.gaveanews.com\/index.php\/2025\/10\/17\/flamengo-estuda-contratacao-de-zagueiro-de-rival-da-serie-a\/#respond\"]}],\"copyrightYear\":\"2025\",\"copyrightHolder\":{\"@id\":\"https:\/\/www.gaveanews.com\/#organization\"}},{\"@type\":\"WebPage\",\"@id\":\"https:\/\/www.gaveanews.com\/index.php\/2025\/10\/17\/flamengo-estuda-contratacao-de-zagueiro-de-rival-da-serie-a\/\",\"url\":\"https:\/\/www.gaveanews.com\/index.php\/2025\/10\/17\/flamengo-estuda-contratacao-de-zagueiro-de-rival-da-serie-a\/\",\"name\":\"Flamengo estuda contrata\u00e7\u00e3o de zagueiro de rival da S\u00e9rie A\",\"isPartOf\":{\"@id\":\"https:\/\/www.gaveanews.com\/#website\"},\"primaryImageOfPage\":{\"@id\":\"https:\/\/www.gaveanews.com\/index.php\/2025\/10\/17\/flamengo-estuda-contratacao-de-zagueiro-de-rival-da-serie-a\/#primaryimage\"},\"image\":{\"@id\":\"https:\/\/www.gaveanews.com\/index.php\/2025\/10\/17\/flamengo-estuda-contratacao-de-zagueiro-de-rival-da-serie-a\/#primaryimage\"},\"thumbnailUrl\":\"https:\/\/www.gaveanews.com\/wp-content\/uploads\/Maracanao-escudo-Flamengo.webp\",\"datePublished\":\"2025-10-17T12:28:19+00:00\",\"dateModified\":\"2025-10-17T12:28:22+00:00\",\"author\":{\"@id\":\"https:\/\/www.gaveanews.com\/#\/schema\/person\/c88645e3d550d0b6574305e67dd5a716\"},\"description\":\"Agora, a ideia discutida envolveria uma composi\u00e7\u00e3o de valores que totalizaria cerca de 15 milh\u00f5es de euros (aproximadamente R$ 95,5 milh\u00f5es), com parte em dinheiro, abatimento do d\u00e9bito de Thiago Maia e a inclus\u00e3o de um jogador fora dos planos.\",\"breadcrumb\":{\"@id\":\"https:\/\/www.gaveanews.com\/index.php\/2025\/10\/17\/flamengo-estuda-contratacao-de-zagueiro-de-rival-da-serie-a\/#breadcrumb\"},\"inLanguage\":\"pt-BR\",\"potentialAction\":[{\"@type\":\"ReadAction\",\"target\":[\"https:\/\/www.gaveanews.com\/index.php\/2025\/10\/17\/flamengo-estuda-contratacao-de-zagueiro-de-rival-da-serie-a\/\"]}]},{\"@type\":\"ImageObject\",\"inLanguage\":\"pt-BR\",\"@id\":\"https:\/\/www.gaveanews.com\/index.php\/2025\/10\/17\/flamengo-estuda-contratacao-de-zagueiro-de-rival-da-serie-a\/#primaryimage\",\"url\":\"https:\/\/www.gaveanews.com\/wp-content\/uploads\/Maracanao-escudo-Flamengo.webp\",\"contentUrl\":\"https:\/\/www.gaveanews.com\/wp-content\/uploads\/Maracanao-escudo-Flamengo.webp\",\"width\":640,\"height\":427,\"caption\":\"Escudo do Flamengo no gramado do Maracan\u00e3 (Foto: Reprodu\u00e7\u00e3o)\"},{\"@type\":\"BreadcrumbList\",\"@id\":\"https:\/\/www.gaveanews.com\/index.php\/2025\/10\/17\/flamengo-estuda-contratacao-de-zagueiro-de-rival-da-serie-a\/#breadcrumb\",\"itemListElement\":[{\"@type\":\"ListItem\",\"position\":1,\"name\":\"Home\",\"item\":\"https:\/\/www.gaveanews.com\/\"},{\"@type\":\"ListItem\",\"position\":2,\"name\":\"Flamengo estuda contrata\u00e7\u00e3o de zagueiro de rival da S\u00e9rie A\"}]},{\"@type\":\"WebSite\",\"@id\":\"https:\/\/www.gaveanews.com\/#website\",\"url\":\"https:\/\/www.gaveanews.com\/\",\"name\":\"G\u00e1vea News\",\"description\":\"Veja todas as not\u00edcias sobre o Flamengo: Contrata\u00e7\u00f5es, categorias de base, resultados das partidas, tabela de classifica\u00e7\u00e3o, pr\u00f3ximos jogos!\",\"potentialAction\":[{\"@type\":\"SearchAction\",\"target\":{\"@type\":\"EntryPoint\",\"urlTemplate\":\"https:\/\/www.gaveanews.com\/?s={search_term_string}\"},\"query-input\":{\"@type\":\"PropertyValueSpecification\",\"valueRequired\":true,\"valueName\":\"search_term_string\"}}],\"inLanguage\":\"pt-BR\"},{\"@type\":\"Person\",\"@id\":\"https:\/\/www.gaveanews.com\/#\/schema\/person\/c88645e3d550d0b6574305e67dd5a716\",\"name\":\"Reda\u00e7\u00e3o\",\"image\":{\"@type\":\"ImageObject\",\"inLanguage\":\"pt-BR\",\"@id\":\"https:\/\/www.gaveanews.com\/#\/schema\/person\/image\/\",\"url\":\"https:\/\/secure.gravatar.com\/avatar\/434098fd823f0dc1b062d14ca22bacaa6e38de28d8c816bbef6fc2f8c44d8ba3?s=96&d=mm&r=g\",\"contentUrl\":\"https:\/\/secure.gravatar.com\/avatar\/434098fd823f0dc1b062d14ca22bacaa6e38de28d8c816bbef6fc2f8c44d8ba3?s=96&d=mm&r=g\",\"caption\":\"Reda\u00e7\u00e3o\"}}]}<\/script>\n<!-- \/ Yoast SEO Premium plugin. -->","yoast_head_json":{"title":"Flamengo estuda contrata\u00e7\u00e3o de zagueiro de rival da S\u00e9rie A","description":"Agora, a ideia discutida envolveria uma composi\u00e7\u00e3o de valores que totalizaria cerca de 15 milh\u00f5es de euros (aproximadamente R$ 95,5 milh\u00f5es), com parte em dinheiro, abatimento do d\u00e9bito de Thiago Maia e a inclus\u00e3o de um jogador fora dos planos.","robots":{"index":"index","follow":"follow","max-snippet":"max-snippet:-1","max-image-preview":"max-image-preview:large","max-video-preview":"max-video-preview:-1"},"canonical":"https:\/\/www.gaveanews.com\/index.php\/2025\/10\/17\/flamengo-estuda-contratacao-de-zagueiro-de-rival-da-serie-a\/","og_locale":"pt_BR","og_type":"article","og_title":"Flamengo estuda contrata\u00e7\u00e3o de zagueiro de rival da S\u00e9rie A","og_description":"Agora, a ideia discutida envolveria uma composi\u00e7\u00e3o de valores que totalizaria cerca de 15 milh\u00f5es de euros (aproximadamente R$ 95,5 milh\u00f5es), com parte em dinheiro, abatimento do d\u00e9bito de Thiago Maia e a inclus\u00e3o de um jogador fora dos planos.","og_url":"https:\/\/www.gaveanews.com\/index.php\/2025\/10\/17\/flamengo-estuda-contratacao-de-zagueiro-de-rival-da-serie-a\/","og_site_name":"G\u00e1vea News","article_publisher":"https:\/\/facebook.com\/gaveaNews\/","article_published_time":"2025-10-17T12:28:19+00:00","article_modified_time":"2025-10-17T12:28:22+00:00","og_image":[{"width":640,"height":427,"url":"http:\/\/www.gaveanews.com\/wp-content\/uploads\/Maracanao-escudo-Flamengo.webp","type":"image\/jpeg"}],"author":"Reda\u00e7\u00e3o","twitter_card":"summary_large_image","twitter_misc":{"Escrito por":"Reda\u00e7\u00e3o","Est. tempo de leitura":"2 minutos"},"schema":{"@context":"https:\/\/schema.org","@graph":[{"@type":"NewsArticle","@id":"https:\/\/www.gaveanews.com\/index.php\/2025\/10\/17\/flamengo-estuda-contratacao-de-zagueiro-de-rival-da-serie-a\/#article","isPartOf":{"@id":"https:\/\/www.gaveanews.com\/index.php\/2025\/10\/17\/flamengo-estuda-contratacao-de-zagueiro-de-rival-da-serie-a\/"},"author":{"name":"Reda\u00e7\u00e3o","@id":"https:\/\/www.gaveanews.com\/#\/schema\/person\/c88645e3d550d0b6574305e67dd5a716"},"headline":"Flamengo estuda contrata\u00e7\u00e3o de zagueiro de rival da S\u00e9rie A","datePublished":"2025-10-17T12:28:19+00:00","dateModified":"2025-10-17T12:28:22+00:00","mainEntityOfPage":{"@id":"https:\/\/www.gaveanews.com\/index.php\/2025\/10\/17\/flamengo-estuda-contratacao-de-zagueiro-de-rival-da-serie-a\/"},"wordCount":325,"commentCount":0,"image":{"@id":"https:\/\/www.gaveanews.com\/index.php\/2025\/10\/17\/flamengo-estuda-contratacao-de-zagueiro-de-rival-da-serie-a\/#primaryimage"},"thumbnailUrl":"https:\/\/www.gaveanews.com\/wp-content\/uploads\/Maracanao-escudo-Flamengo.webp","articleSection":["Flamengo"],"inLanguage":"pt-BR","potentialAction":[{"@type":"CommentAction","name":"Comment","target":["https:\/\/www.gaveanews.com\/index.php\/2025\/10\/17\/flamengo-estuda-contratacao-de-zagueiro-de-rival-da-serie-a\/#respond"]}],"copyrightYear":"2025","copyrightHolder":{"@id":"https:\/\/www.gaveanews.com\/#organization"}},{"@type":"WebPage","@id":"https:\/\/www.gaveanews.com\/index.php\/2025\/10\/17\/flamengo-estuda-contratacao-de-zagueiro-de-rival-da-serie-a\/","url":"https:\/\/www.gaveanews.com\/index.php\/2025\/10\/17\/flamengo-estuda-contratacao-de-zagueiro-de-rival-da-serie-a\/","name":"Flamengo estuda contrata\u00e7\u00e3o de zagueiro de rival da S\u00e9rie A","isPartOf":{"@id":"https:\/\/www.gaveanews.com\/#website"},"primaryImageOfPage":{"@id":"https:\/\/www.gaveanews.com\/index.php\/2025\/10\/17\/flamengo-estuda-contratacao-de-zagueiro-de-rival-da-serie-a\/#primaryimage"},"image":{"@id":"https:\/\/www.gaveanews.com\/index.php\/2025\/10\/17\/flamengo-estuda-contratacao-de-zagueiro-de-rival-da-serie-a\/#primaryimage"},"thumbnailUrl":"https:\/\/www.gaveanews.com\/wp-content\/uploads\/Maracanao-escudo-Flamengo.webp","datePublished":"2025-10-17T12:28:19+00:00","dateModified":"2025-10-17T12:28:22+00:00","author":{"@id":"https:\/\/www.gaveanews.com\/#\/schema\/person\/c88645e3d550d0b6574305e67dd5a716"},"description":"Agora, a ideia discutida envolveria uma composi\u00e7\u00e3o de valores que totalizaria cerca de 15 milh\u00f5es de euros (aproximadamente R$ 95,5 milh\u00f5es), com parte em dinheiro, abatimento do d\u00e9bito de Thiago Maia e a inclus\u00e3o de um jogador fora dos planos.","breadcrumb":{"@id":"https:\/\/www.gaveanews.com\/index.php\/2025\/10\/17\/flamengo-estuda-contratacao-de-zagueiro-de-rival-da-serie-a\/#breadcrumb"},"inLanguage":"pt-BR","potentialAction":[{"@type":"ReadAction","target":["https:\/\/www.gaveanews.com\/index.php\/2025\/10\/17\/flamengo-estuda-contratacao-de-zagueiro-de-rival-da-serie-a\/"]}]},{"@type":"ImageObject","inLanguage":"pt-BR","@id":"https:\/\/www.gaveanews.com\/index.php\/2025\/10\/17\/flamengo-estuda-contratacao-de-zagueiro-de-rival-da-serie-a\/#primaryimage","url":"https:\/\/www.gaveanews.com\/wp-content\/uploads\/Maracanao-escudo-Flamengo.webp","contentUrl":"https:\/\/www.gaveanews.com\/wp-content\/uploads\/Maracanao-escudo-Flamengo.webp","width":640,"height":427,"caption":"Escudo do Flamengo no gramado do Maracan\u00e3 (Foto: Reprodu\u00e7\u00e3o)"},{"@type":"BreadcrumbList","@id":"https:\/\/www.gaveanews.com\/index.php\/2025\/10\/17\/flamengo-estuda-contratacao-de-zagueiro-de-rival-da-serie-a\/#breadcrumb","itemListElement":[{"@type":"ListItem","position":1,"name":"Home","item":"https:\/\/www.gaveanews.com\/"},{"@type":"ListItem","position":2,"name":"Flamengo estuda contrata\u00e7\u00e3o de zagueiro de rival da S\u00e9rie A"}]},{"@type":"WebSite","@id":"https:\/\/www.gaveanews.com\/#website","url":"https:\/\/www.gaveanews.com\/","name":"G\u00e1vea News","description":"Veja todas as not\u00edcias sobre o Flamengo: Contrata\u00e7\u00f5es, categorias de base, resultados das partidas, tabela de classifica\u00e7\u00e3o, pr\u00f3ximos jogos!","potentialAction":[{"@type":"SearchAction","target":{"@type":"EntryPoint","urlTemplate":"https:\/\/www.gaveanews.com\/?s={search_term_string}"},"query-input":{"@type":"PropertyValueSpecification","valueRequired":true,"valueName":"search_term_string"}}],"inLanguage":"pt-BR"},{"@type":"Person","@id":"https:\/\/www.gaveanews.com\/#\/schema\/person\/c88645e3d550d0b6574305e67dd5a716","name":"Reda\u00e7\u00e3o","image":{"@type":"ImageObject","inLanguage":"pt-BR","@id":"https:\/\/www.gaveanews.com\/#\/schema\/person\/image\/","url":"https:\/\/secure.gravatar.com\/avatar\/434098fd823f0dc1b062d14ca22bacaa6e38de28d8c816bbef6fc2f8c44d8ba3?s=96&d=mm&r=g","contentUrl":"https:\/\/secure.gravatar.com\/avatar\/434098fd823f0dc1b062d14ca22bacaa6e38de28d8c816bbef6fc2f8c44d8ba3?s=96&d=mm&r=g","caption":"Reda\u00e7\u00e3o"}}]}},"_links":{"self":[{"href":"https:\/\/www.gaveanews.com\/index.php\/wp-json\/wp\/v2\/posts\/278686","targetHints":{"allow":["GET"]}}],"collection":[{"href":"https:\/\/www.gaveanews.com\/index.php\/wp-json\/wp\/v2\/posts"}],"about":[{"href":"https:\/\/www.gaveanews.com\/index.php\/wp-json\/wp\/v2\/types\/post"}],"author":[{"embeddable":true,"href":"https:\/\/www.gaveanews.com\/index.php\/wp-json\/wp\/v2\/users\/39"}],"replies":[{"embeddable":true,"href":"https:\/\/www.gaveanews.com\/index.php\/wp-json\/wp\/v2\/comments?post=278686"}],"version-history":[{"count":1,"href":"https:\/\/www.gaveanews.com\/index.php\/wp-json\/wp\/v2\/posts\/278686\/revisions"}],"predecessor-version":[{"id":278688,"href":"https:\/\/www.gaveanews.com\/index.php\/wp-json\/wp\/v2\/posts\/278686\/revisions\/278688"}],"wp:featuredmedia":[{"embeddable":true,"href":"https:\/\/www.gaveanews.com\/index.php\/wp-json\/wp\/v2\/media\/101250"}],"wp:attachment":[{"href":"https:\/\/www.gaveanews.com\/index.php\/wp-json\/wp\/v2\/media?parent=278686"}],"wp:term":[{"taxonomy":"category","embeddable":true,"href":"https:\/\/www.gaveanews.com\/index.php\/wp-json\/wp\/v2\/categories?post=278686"},{"taxonomy":"post_tag","embeddable":true,"href":"https:\/\/www.gaveanews.com\/index.php\/wp-json\/wp\/v2\/tags?post=278686"}],"curies":[{"name":"wp","href":"https:\/\/api.w.org\/{rel}","templated":true}]}}