{"id":278692,"date":"2025-10-17T10:15:00","date_gmt":"2025-10-17T13:15:00","guid":{"rendered":"https:\/\/www.gaveanews.com\/?p=278692"},"modified":"2025-10-17T09:59:57","modified_gmt":"2025-10-17T12:59:57","slug":"a-declaracao-de-leo-ortiz-do-flamengo-direcionada-ao-time-do-palmeiras","status":"publish","type":"post","link":"https:\/\/www.gaveanews.com\/index.php\/2025\/10\/17\/a-declaracao-de-leo-ortiz-do-flamengo-direcionada-ao-time-do-palmeiras\/","title":{"rendered":"A declara\u00e7\u00e3o de L\u00e9o Ortiz, do Flamengo, direcionada ao time do Palmeiras"},"content":{"rendered":"\n<p><a href=\"https:\/\/www.gaveanews.com\/index.php\/category\/brasileirao\/flamengo\/\" target=\"_blank\" rel=\"noopener noreferrer\">Flamengo<\/a> e <a href=\"https:\/\/www.gaveanews.com\/index.php\/category\/brasileirao\/palmeiras\/\" target=\"_blank\" rel=\"noopener noreferrer\">Palmeiras<\/a> se enfrentam no Maracan\u00e3, domingo (19 de outubro), em duelo direto pela lideran\u00e7a. O Rubro-Negro venceu o <a href=\"https:\/\/www.gaveanews.com\/index.php\/category\/brasileirao\/botafogo\/\" target=\"_blank\" rel=\"noopener noreferrer\">Botafogo<\/a> por 3 a 0 na quarta-feira (15 de outubro). A equipe de Filipe Lu\u00eds tem 58 pontos, contra 61 do l\u00edder alviverde. O confronto \u00e9 tratado como \u201cfinal\u201d do Brasileir\u00e3o.<\/p>\n\n\n\n<p>A partida da 29\u00aa rodada come\u00e7a \u00e0s 16 horas (hor\u00e1rio de Bras\u00edlia). Globo, ge TV (YouTube) e Premiere transmitem o jogo para os torcedores.<\/p>\n\n\n\n<p>O zagueiro L\u00e9o Ortiz destacou o desafio de enfrentar o time de Abel Ferreira, conhecido por sua organiza\u00e7\u00e3o t\u00e1tica e intensidade. Segundo o defensor, o Palmeiras costuma adotar uma marca\u00e7\u00e3o individual em v\u00e1rios setores do campo, o que torna o jogo mais f\u00edsico e exige concentra\u00e7\u00e3o m\u00e1xima.<\/p>\n\n\n\n<p>&#8220;O Palmeiras acho que j\u00e1 h\u00e1 alguns anos vem com uma caracter\u00edstica de marca\u00e7\u00e3o individual. Ent\u00e3o, eles acompanham muito os jogadores. Tipo, vai ficar um jogador exclusivamente marcando o Pedro. Eles v\u00e3o igualar, como a gente fala, n\u00e9? V\u00e3o igualar e a\u00ed fica um jogo mais f\u00edsico&#8221;.<\/p>\n\n\n\n<p>Para superar esse cen\u00e1rio, o defensor apontou Jorge Carrascal como poss\u00edvel arma do Flamengo.<\/p>\n\n\n\n<p>&#8220;O Carrascal, que \u00e9 um grandios\u00edssimo jogador, pode nos ajudar muito a quebrar essa marca\u00e7\u00e3o individual deles&#8221;.<\/p>\n\n\n\n<p>Ortiz tamb\u00e9m demonstrou preocupa\u00e7\u00e3o com a arbitragem do cl\u00e1ssico. A CBF ainda n\u00e3o anunciou o nome do \u00e1rbitro para Flamengo x Palmeiras. A fala foi dada em entrevista \u00e0 \u2018Caz\u00e9TV\u2019.<\/p>\n\n\n\n<p>&#8220;Eu fico pensando: imagina a cabe\u00e7a do \u00e1rbitro que vai apitar domingo? Imagina o quanto pressionado ele est\u00e1. Exato (a semana dele vai ser pior que a minha). Ser\u00e1 que ele est\u00e1 preparado para estar t\u00e3o pressionado assim?&#8221;.<\/p>\n","protected":false},"excerpt":{"rendered":"<p>Flamengo e Palmeiras se enfrentam no Maracan\u00e3, domingo (19 de outubro), em duelo direto pela lideran\u00e7a. O Rubro-Negro venceu o Botafogo por 3 a 0 na quarta-feira (15 de outubro). A equipe de Filipe Lu\u00eds tem 58 pontos, contra 61 do l\u00edder alviverde. O confronto \u00e9 tratado como \u201cfinal\u201d do Brasileir\u00e3o. A partida da 29\u00aa [&hellip;]<\/p>\n","protected":false},"author":39,"featured_media":130723,"comment_status":"open","ping_status":"closed","sticky":false,"template":"","format":"standard","meta":{"footnotes":""},"categories":[1],"tags":[],"class_list":["post-278692","post","type-post","status-publish","format-standard","has-post-thumbnail","hentry","category-flamengo"],"yoast_head":"<!-- This site is optimized with the Yoast SEO Premium plugin v24.2 (Yoast SEO v26.9) - https:\/\/yoast.com\/product\/yoast-seo-premium-wordpress\/ -->\n<title>A declara\u00e7\u00e3o de L\u00e9o Ortiz, do Flamengo, direcionada ao time do Palmeiras<\/title>\n<meta name=\"robots\" content=\"index, follow, max-snippet:-1, max-image-preview:large, max-video-preview:-1\" \/>\n<link rel=\"canonical\" href=\"https:\/\/www.gaveanews.com\/index.php\/2025\/10\/17\/a-declaracao-de-leo-ortiz-do-flamengo-direcionada-ao-time-do-palmeiras\/\" \/>\n<meta property=\"og:locale\" content=\"pt_BR\" \/>\n<meta property=\"og:type\" content=\"article\" \/>\n<meta property=\"og:title\" content=\"A declara\u00e7\u00e3o de L\u00e9o Ortiz, do Flamengo, direcionada ao time do Palmeiras\" \/>\n<meta property=\"og:description\" content=\"Flamengo e Palmeiras se enfrentam no Maracan\u00e3, domingo (19 de outubro), em duelo direto pela lideran\u00e7a. O Rubro-Negro venceu o Botafogo por 3 a 0 na quarta-feira (15 de outubro). A equipe de Filipe Lu\u00eds tem 58 pontos, contra 61 do l\u00edder alviverde. O confronto \u00e9 tratado como \u201cfinal\u201d do Brasileir\u00e3o. A partida da 29\u00aa [&hellip;]\" \/>\n<meta property=\"og:url\" content=\"https:\/\/www.gaveanews.com\/index.php\/2025\/10\/17\/a-declaracao-de-leo-ortiz-do-flamengo-direcionada-ao-time-do-palmeiras\/\" \/>\n<meta property=\"og:site_name\" content=\"G\u00e1vea News\" \/>\n<meta property=\"article:publisher\" content=\"https:\/\/facebook.com\/gaveaNews\/\" \/>\n<meta property=\"article:published_time\" content=\"2025-10-17T13:15:00+00:00\" \/>\n<meta property=\"og:image\" content=\"https:\/\/www.gaveanews.com\/wp-content\/uploads\/Leo-Ortiz-em-coletiva-de-apresentacao-no-Flamengo.webp\" \/>\n\t<meta property=\"og:image:width\" content=\"1480\" \/>\n\t<meta property=\"og:image:height\" content=\"929\" \/>\n\t<meta property=\"og:image:type\" content=\"image\/png\" \/>\n<meta name=\"author\" content=\"Reda\u00e7\u00e3o\" \/>\n<meta name=\"twitter:card\" content=\"summary_large_image\" \/>\n<meta name=\"twitter:label1\" content=\"Escrito por\" \/>\n\t<meta name=\"twitter:data1\" content=\"Reda\u00e7\u00e3o\" \/>\n\t<meta name=\"twitter:label2\" content=\"Est. tempo de leitura\" \/>\n\t<meta name=\"twitter:data2\" content=\"2 minutos\" \/>\n<script type=\"application\/ld+json\" class=\"yoast-schema-graph\">{\"@context\":\"https:\/\/schema.org\",\"@graph\":[{\"@type\":\"NewsArticle\",\"@id\":\"https:\/\/www.gaveanews.com\/index.php\/2025\/10\/17\/a-declaracao-de-leo-ortiz-do-flamengo-direcionada-ao-time-do-palmeiras\/#article\",\"isPartOf\":{\"@id\":\"https:\/\/www.gaveanews.com\/index.php\/2025\/10\/17\/a-declaracao-de-leo-ortiz-do-flamengo-direcionada-ao-time-do-palmeiras\/\"},\"author\":{\"name\":\"Reda\u00e7\u00e3o\",\"@id\":\"https:\/\/www.gaveanews.com\/#\/schema\/person\/c88645e3d550d0b6574305e67dd5a716\"},\"headline\":\"A declara\u00e7\u00e3o de L\u00e9o Ortiz, do Flamengo, direcionada ao time do Palmeiras\",\"datePublished\":\"2025-10-17T13:15:00+00:00\",\"mainEntityOfPage\":{\"@id\":\"https:\/\/www.gaveanews.com\/index.php\/2025\/10\/17\/a-declaracao-de-leo-ortiz-do-flamengo-direcionada-ao-time-do-palmeiras\/\"},\"wordCount\":303,\"commentCount\":0,\"image\":{\"@id\":\"https:\/\/www.gaveanews.com\/index.php\/2025\/10\/17\/a-declaracao-de-leo-ortiz-do-flamengo-direcionada-ao-time-do-palmeiras\/#primaryimage\"},\"thumbnailUrl\":\"https:\/\/www.gaveanews.com\/wp-content\/uploads\/Leo-Ortiz-em-coletiva-de-apresentacao-no-Flamengo.webp\",\"articleSection\":[\"Flamengo\"],\"inLanguage\":\"pt-BR\",\"potentialAction\":[{\"@type\":\"CommentAction\",\"name\":\"Comment\",\"target\":[\"https:\/\/www.gaveanews.com\/index.php\/2025\/10\/17\/a-declaracao-de-leo-ortiz-do-flamengo-direcionada-ao-time-do-palmeiras\/#respond\"]}],\"copyrightYear\":\"2025\",\"copyrightHolder\":{\"@id\":\"https:\/\/www.gaveanews.com\/#organization\"}},{\"@type\":\"WebPage\",\"@id\":\"https:\/\/www.gaveanews.com\/index.php\/2025\/10\/17\/a-declaracao-de-leo-ortiz-do-flamengo-direcionada-ao-time-do-palmeiras\/\",\"url\":\"https:\/\/www.gaveanews.com\/index.php\/2025\/10\/17\/a-declaracao-de-leo-ortiz-do-flamengo-direcionada-ao-time-do-palmeiras\/\",\"name\":\"A declara\u00e7\u00e3o de L\u00e9o Ortiz, do Flamengo, direcionada ao time do Palmeiras\",\"isPartOf\":{\"@id\":\"https:\/\/www.gaveanews.com\/#website\"},\"primaryImageOfPage\":{\"@id\":\"https:\/\/www.gaveanews.com\/index.php\/2025\/10\/17\/a-declaracao-de-leo-ortiz-do-flamengo-direcionada-ao-time-do-palmeiras\/#primaryimage\"},\"image\":{\"@id\":\"https:\/\/www.gaveanews.com\/index.php\/2025\/10\/17\/a-declaracao-de-leo-ortiz-do-flamengo-direcionada-ao-time-do-palmeiras\/#primaryimage\"},\"thumbnailUrl\":\"https:\/\/www.gaveanews.com\/wp-content\/uploads\/Leo-Ortiz-em-coletiva-de-apresentacao-no-Flamengo.webp\",\"datePublished\":\"2025-10-17T13:15:00+00:00\",\"author\":{\"@id\":\"https:\/\/www.gaveanews.com\/#\/schema\/person\/c88645e3d550d0b6574305e67dd5a716\"},\"breadcrumb\":{\"@id\":\"https:\/\/www.gaveanews.com\/index.php\/2025\/10\/17\/a-declaracao-de-leo-ortiz-do-flamengo-direcionada-ao-time-do-palmeiras\/#breadcrumb\"},\"inLanguage\":\"pt-BR\",\"potentialAction\":[{\"@type\":\"ReadAction\",\"target\":[\"https:\/\/www.gaveanews.com\/index.php\/2025\/10\/17\/a-declaracao-de-leo-ortiz-do-flamengo-direcionada-ao-time-do-palmeiras\/\"]}]},{\"@type\":\"ImageObject\",\"inLanguage\":\"pt-BR\",\"@id\":\"https:\/\/www.gaveanews.com\/index.php\/2025\/10\/17\/a-declaracao-de-leo-ortiz-do-flamengo-direcionada-ao-time-do-palmeiras\/#primaryimage\",\"url\":\"https:\/\/www.gaveanews.com\/wp-content\/uploads\/Leo-Ortiz-em-coletiva-de-apresentacao-no-Flamengo.webp\",\"contentUrl\":\"https:\/\/www.gaveanews.com\/wp-content\/uploads\/Leo-Ortiz-em-coletiva-de-apresentacao-no-Flamengo.webp\",\"width\":1480,\"height\":929,\"caption\":\"Leo Ortiz em coletiva de apresenta\u00e7\u00e3o no Flamengo - Foto: reprodu\u00e7\u00e3o FlaTV\"},{\"@type\":\"BreadcrumbList\",\"@id\":\"https:\/\/www.gaveanews.com\/index.php\/2025\/10\/17\/a-declaracao-de-leo-ortiz-do-flamengo-direcionada-ao-time-do-palmeiras\/#breadcrumb\",\"itemListElement\":[{\"@type\":\"ListItem\",\"position\":1,\"name\":\"Home\",\"item\":\"https:\/\/www.gaveanews.com\/\"},{\"@type\":\"ListItem\",\"position\":2,\"name\":\"A declara\u00e7\u00e3o de L\u00e9o Ortiz, do Flamengo, direcionada ao time do Palmeiras\"}]},{\"@type\":\"WebSite\",\"@id\":\"https:\/\/www.gaveanews.com\/#website\",\"url\":\"https:\/\/www.gaveanews.com\/\",\"name\":\"G\u00e1vea News\",\"description\":\"Veja todas as not\u00edcias sobre o Flamengo: Contrata\u00e7\u00f5es, categorias de base, resultados das partidas, tabela de classifica\u00e7\u00e3o, pr\u00f3ximos jogos!\",\"potentialAction\":[{\"@type\":\"SearchAction\",\"target\":{\"@type\":\"EntryPoint\",\"urlTemplate\":\"https:\/\/www.gaveanews.com\/?s={search_term_string}\"},\"query-input\":{\"@type\":\"PropertyValueSpecification\",\"valueRequired\":true,\"valueName\":\"search_term_string\"}}],\"inLanguage\":\"pt-BR\"},{\"@type\":\"Person\",\"@id\":\"https:\/\/www.gaveanews.com\/#\/schema\/person\/c88645e3d550d0b6574305e67dd5a716\",\"name\":\"Reda\u00e7\u00e3o\",\"image\":{\"@type\":\"ImageObject\",\"inLanguage\":\"pt-BR\",\"@id\":\"https:\/\/www.gaveanews.com\/#\/schema\/person\/image\/\",\"url\":\"https:\/\/secure.gravatar.com\/avatar\/434098fd823f0dc1b062d14ca22bacaa6e38de28d8c816bbef6fc2f8c44d8ba3?s=96&d=mm&r=g\",\"contentUrl\":\"https:\/\/secure.gravatar.com\/avatar\/434098fd823f0dc1b062d14ca22bacaa6e38de28d8c816bbef6fc2f8c44d8ba3?s=96&d=mm&r=g\",\"caption\":\"Reda\u00e7\u00e3o\"}}]}<\/script>\n<!-- \/ Yoast SEO Premium plugin. -->","yoast_head_json":{"title":"A declara\u00e7\u00e3o de L\u00e9o Ortiz, do Flamengo, direcionada ao time do Palmeiras","robots":{"index":"index","follow":"follow","max-snippet":"max-snippet:-1","max-image-preview":"max-image-preview:large","max-video-preview":"max-video-preview:-1"},"canonical":"https:\/\/www.gaveanews.com\/index.php\/2025\/10\/17\/a-declaracao-de-leo-ortiz-do-flamengo-direcionada-ao-time-do-palmeiras\/","og_locale":"pt_BR","og_type":"article","og_title":"A declara\u00e7\u00e3o de L\u00e9o Ortiz, do Flamengo, direcionada ao time do Palmeiras","og_description":"Flamengo e Palmeiras se enfrentam no Maracan\u00e3, domingo (19 de outubro), em duelo direto pela lideran\u00e7a. O Rubro-Negro venceu o Botafogo por 3 a 0 na quarta-feira (15 de outubro). A equipe de Filipe Lu\u00eds tem 58 pontos, contra 61 do l\u00edder alviverde. O confronto \u00e9 tratado como \u201cfinal\u201d do Brasileir\u00e3o. A partida da 29\u00aa [&hellip;]","og_url":"https:\/\/www.gaveanews.com\/index.php\/2025\/10\/17\/a-declaracao-de-leo-ortiz-do-flamengo-direcionada-ao-time-do-palmeiras\/","og_site_name":"G\u00e1vea News","article_publisher":"https:\/\/facebook.com\/gaveaNews\/","article_published_time":"2025-10-17T13:15:00+00:00","og_image":[{"width":1480,"height":929,"url":"https:\/\/www.gaveanews.com\/wp-content\/uploads\/Leo-Ortiz-em-coletiva-de-apresentacao-no-Flamengo.webp","type":"image\/png"}],"author":"Reda\u00e7\u00e3o","twitter_card":"summary_large_image","twitter_misc":{"Escrito por":"Reda\u00e7\u00e3o","Est. tempo de leitura":"2 minutos"},"schema":{"@context":"https:\/\/schema.org","@graph":[{"@type":"NewsArticle","@id":"https:\/\/www.gaveanews.com\/index.php\/2025\/10\/17\/a-declaracao-de-leo-ortiz-do-flamengo-direcionada-ao-time-do-palmeiras\/#article","isPartOf":{"@id":"https:\/\/www.gaveanews.com\/index.php\/2025\/10\/17\/a-declaracao-de-leo-ortiz-do-flamengo-direcionada-ao-time-do-palmeiras\/"},"author":{"name":"Reda\u00e7\u00e3o","@id":"https:\/\/www.gaveanews.com\/#\/schema\/person\/c88645e3d550d0b6574305e67dd5a716"},"headline":"A declara\u00e7\u00e3o de L\u00e9o Ortiz, do Flamengo, direcionada ao time do Palmeiras","datePublished":"2025-10-17T13:15:00+00:00","mainEntityOfPage":{"@id":"https:\/\/www.gaveanews.com\/index.php\/2025\/10\/17\/a-declaracao-de-leo-ortiz-do-flamengo-direcionada-ao-time-do-palmeiras\/"},"wordCount":303,"commentCount":0,"image":{"@id":"https:\/\/www.gaveanews.com\/index.php\/2025\/10\/17\/a-declaracao-de-leo-ortiz-do-flamengo-direcionada-ao-time-do-palmeiras\/#primaryimage"},"thumbnailUrl":"https:\/\/www.gaveanews.com\/wp-content\/uploads\/Leo-Ortiz-em-coletiva-de-apresentacao-no-Flamengo.webp","articleSection":["Flamengo"],"inLanguage":"pt-BR","potentialAction":[{"@type":"CommentAction","name":"Comment","target":["https:\/\/www.gaveanews.com\/index.php\/2025\/10\/17\/a-declaracao-de-leo-ortiz-do-flamengo-direcionada-ao-time-do-palmeiras\/#respond"]}],"copyrightYear":"2025","copyrightHolder":{"@id":"https:\/\/www.gaveanews.com\/#organization"}},{"@type":"WebPage","@id":"https:\/\/www.gaveanews.com\/index.php\/2025\/10\/17\/a-declaracao-de-leo-ortiz-do-flamengo-direcionada-ao-time-do-palmeiras\/","url":"https:\/\/www.gaveanews.com\/index.php\/2025\/10\/17\/a-declaracao-de-leo-ortiz-do-flamengo-direcionada-ao-time-do-palmeiras\/","name":"A declara\u00e7\u00e3o de L\u00e9o Ortiz, do Flamengo, direcionada ao time do Palmeiras","isPartOf":{"@id":"https:\/\/www.gaveanews.com\/#website"},"primaryImageOfPage":{"@id":"https:\/\/www.gaveanews.com\/index.php\/2025\/10\/17\/a-declaracao-de-leo-ortiz-do-flamengo-direcionada-ao-time-do-palmeiras\/#primaryimage"},"image":{"@id":"https:\/\/www.gaveanews.com\/index.php\/2025\/10\/17\/a-declaracao-de-leo-ortiz-do-flamengo-direcionada-ao-time-do-palmeiras\/#primaryimage"},"thumbnailUrl":"https:\/\/www.gaveanews.com\/wp-content\/uploads\/Leo-Ortiz-em-coletiva-de-apresentacao-no-Flamengo.webp","datePublished":"2025-10-17T13:15:00+00:00","author":{"@id":"https:\/\/www.gaveanews.com\/#\/schema\/person\/c88645e3d550d0b6574305e67dd5a716"},"breadcrumb":{"@id":"https:\/\/www.gaveanews.com\/index.php\/2025\/10\/17\/a-declaracao-de-leo-ortiz-do-flamengo-direcionada-ao-time-do-palmeiras\/#breadcrumb"},"inLanguage":"pt-BR","potentialAction":[{"@type":"ReadAction","target":["https:\/\/www.gaveanews.com\/index.php\/2025\/10\/17\/a-declaracao-de-leo-ortiz-do-flamengo-direcionada-ao-time-do-palmeiras\/"]}]},{"@type":"ImageObject","inLanguage":"pt-BR","@id":"https:\/\/www.gaveanews.com\/index.php\/2025\/10\/17\/a-declaracao-de-leo-ortiz-do-flamengo-direcionada-ao-time-do-palmeiras\/#primaryimage","url":"https:\/\/www.gaveanews.com\/wp-content\/uploads\/Leo-Ortiz-em-coletiva-de-apresentacao-no-Flamengo.webp","contentUrl":"https:\/\/www.gaveanews.com\/wp-content\/uploads\/Leo-Ortiz-em-coletiva-de-apresentacao-no-Flamengo.webp","width":1480,"height":929,"caption":"Leo Ortiz em coletiva de apresenta\u00e7\u00e3o no Flamengo - Foto: reprodu\u00e7\u00e3o FlaTV"},{"@type":"BreadcrumbList","@id":"https:\/\/www.gaveanews.com\/index.php\/2025\/10\/17\/a-declaracao-de-leo-ortiz-do-flamengo-direcionada-ao-time-do-palmeiras\/#breadcrumb","itemListElement":[{"@type":"ListItem","position":1,"name":"Home","item":"https:\/\/www.gaveanews.com\/"},{"@type":"ListItem","position":2,"name":"A declara\u00e7\u00e3o de L\u00e9o Ortiz, do Flamengo, direcionada ao time do Palmeiras"}]},{"@type":"WebSite","@id":"https:\/\/www.gaveanews.com\/#website","url":"https:\/\/www.gaveanews.com\/","name":"G\u00e1vea News","description":"Veja todas as not\u00edcias sobre o Flamengo: Contrata\u00e7\u00f5es, categorias de base, resultados das partidas, tabela de classifica\u00e7\u00e3o, pr\u00f3ximos jogos!","potentialAction":[{"@type":"SearchAction","target":{"@type":"EntryPoint","urlTemplate":"https:\/\/www.gaveanews.com\/?s={search_term_string}"},"query-input":{"@type":"PropertyValueSpecification","valueRequired":true,"valueName":"search_term_string"}}],"inLanguage":"pt-BR"},{"@type":"Person","@id":"https:\/\/www.gaveanews.com\/#\/schema\/person\/c88645e3d550d0b6574305e67dd5a716","name":"Reda\u00e7\u00e3o","image":{"@type":"ImageObject","inLanguage":"pt-BR","@id":"https:\/\/www.gaveanews.com\/#\/schema\/person\/image\/","url":"https:\/\/secure.gravatar.com\/avatar\/434098fd823f0dc1b062d14ca22bacaa6e38de28d8c816bbef6fc2f8c44d8ba3?s=96&d=mm&r=g","contentUrl":"https:\/\/secure.gravatar.com\/avatar\/434098fd823f0dc1b062d14ca22bacaa6e38de28d8c816bbef6fc2f8c44d8ba3?s=96&d=mm&r=g","caption":"Reda\u00e7\u00e3o"}}]}},"_links":{"self":[{"href":"https:\/\/www.gaveanews.com\/index.php\/wp-json\/wp\/v2\/posts\/278692","targetHints":{"allow":["GET"]}}],"collection":[{"href":"https:\/\/www.gaveanews.com\/index.php\/wp-json\/wp\/v2\/posts"}],"about":[{"href":"https:\/\/www.gaveanews.com\/index.php\/wp-json\/wp\/v2\/types\/post"}],"author":[{"embeddable":true,"href":"https:\/\/www.gaveanews.com\/index.php\/wp-json\/wp\/v2\/users\/39"}],"replies":[{"embeddable":true,"href":"https:\/\/www.gaveanews.com\/index.php\/wp-json\/wp\/v2\/comments?post=278692"}],"version-history":[{"count":1,"href":"https:\/\/www.gaveanews.com\/index.php\/wp-json\/wp\/v2\/posts\/278692\/revisions"}],"predecessor-version":[{"id":278696,"href":"https:\/\/www.gaveanews.com\/index.php\/wp-json\/wp\/v2\/posts\/278692\/revisions\/278696"}],"wp:featuredmedia":[{"embeddable":true,"href":"https:\/\/www.gaveanews.com\/index.php\/wp-json\/wp\/v2\/media\/130723"}],"wp:attachment":[{"href":"https:\/\/www.gaveanews.com\/index.php\/wp-json\/wp\/v2\/media?parent=278692"}],"wp:term":[{"taxonomy":"category","embeddable":true,"href":"https:\/\/www.gaveanews.com\/index.php\/wp-json\/wp\/v2\/categories?post=278692"},{"taxonomy":"post_tag","embeddable":true,"href":"https:\/\/www.gaveanews.com\/index.php\/wp-json\/wp\/v2\/tags?post=278692"}],"curies":[{"name":"wp","href":"https:\/\/api.w.org\/{rel}","templated":true}]}}