{"id":278698,"date":"2025-10-17T11:23:01","date_gmt":"2025-10-17T14:23:01","guid":{"rendered":"https:\/\/www.gaveanews.com\/?p=278698"},"modified":"2025-10-17T11:23:06","modified_gmt":"2025-10-17T14:23:06","slug":"ex-flamengo-vai-assinar-com-o-palmeiras","status":"publish","type":"post","link":"https:\/\/www.gaveanews.com\/index.php\/2025\/10\/17\/ex-flamengo-vai-assinar-com-o-palmeiras\/","title":{"rendered":"Ex-Flamengo vai assinar com o Palmeiras"},"content":{"rendered":"\n<p>O <a href=\"https:\/\/www.gaveanews.com\/index.php\/category\/brasileirao\/palmeiras\/\" target=\"_blank\" rel=\"noopener noreferrer\">Palmeiras<\/a> definiu Rosana Augusto como a nova t\u00e9cnica do time feminino para 2026, ap\u00f3s a sa\u00edda de Camilla Orlando para a Sele\u00e7\u00e3o Brasileira Feminina Sub-20. A treinadora anunciou sua sa\u00edda do <a href=\"https:\/\/www.gaveanews.com\/index.php\/category\/brasileirao\/flamengo\/\" target=\"_blank\" rel=\"noopener noreferrer\">Flamengo<\/a> nesta quinta-feira (16 de outubro), em comum acordo com a diretoria.<\/p>\n\n\n\n<p>No clube paulista, a chegada ocorre enquanto o Verd\u00e3o disputa o Campeonato Paulista e a Copa do Brasil nesta temporada. Ainda n\u00e3o h\u00e1 nenhuma informa\u00e7\u00e3o oficialmente confirmada sobre data de apresenta\u00e7\u00e3o.<\/p>\n\n\n\n<p>No Flamengo, Rosana liderou uma campanha de recupera\u00e7\u00e3o no Campeonato Brasileiro e levou o time at\u00e9 as quartas de final. Ela conquistou a Copa Rio Feminina e mantinha \u00f3tima campanha no Campeonato Estadual. Foram 15 jogos no comando rubro-negro, com dez vit\u00f3rias, dois empates e tr\u00eas derrotas, uma delas para o Palmeiras no Brasileir\u00e3o. Na Copa do Brasil, o Flamengo foi eliminado nas oitavas de final pelo S\u00e3o Paulo.<\/p>\n\n\n\n<figure class=\"wp-block-embed is-type-photo is-provider-flickr wp-block-embed-flickr\"><div class=\"wp-block-embed__wrapper\">\n<a href=\"https:\/\/www.flickr.com\/photos\/201155970@N03\/54858935374\/in\/dateposted-public\/\"><img loading=\"lazy\" decoding=\"async\" src=\"https:\/\/live.staticflickr.com\/65535\/54858935374_06f13c0f11_z.jpg\" alt=\"imagem_2025-10-16_111243692\" width=\"640\" height=\"427\" \/><\/a>\n<\/div><\/figure>\n\n\n\n<p>Em nota de despedida, Rosana avaliou o per\u00edodo no clube carioca.<\/p>\n\n\n\n<p>\u201cNeste per\u00edodo, conseguimos imprimir um pouco do DNA da institui\u00e7\u00e3o tamb\u00e9m na equipe feminina, com performance e resultados importantes, trazendo a torcida ainda mais para o nosso lado\u201d.<\/p>\n\n\n\n<p>J\u00e1 o Flamengo se manifestou oficialmente ao agradecer os servi\u00e7os prestados e confirmar a mudan\u00e7a de rota para 2026. O planejamento foca na filosofia \u201cCraque o Flamengo faz em casa\u201d.<\/p>\n\n\n\n<p>A diretoria destacou o sucesso das categorias de base, com conquistas como a primeira edi\u00e7\u00e3o da Copinha Feminina, o Campeonato Brasileiro Sub-20 e o bicampeonato Estadual Sub-20. O clube informou que anunciar\u00e1 em breve o novo nome para o comando da equipe feminina.<\/p>\n\n\n\n<p>Na equipe principal, a aposta em jovens formadas no clube j\u00e1 \u00e9 realidade. Foram promovidas e ganharam espa\u00e7o atletas como as zagueiras Barraca e N\u00fabia, as laterais Ana Laura e Diovanna, a volante Let\u00edcia, a meia-atacante Mariana e as atacantes Duda Rodrigues e Laysa.<\/p>\n\n\n\n<p>Pelo Palmeiras, Rosana atuou como jogadora em 2020, com 19 partidas, seis gols e quatro assist\u00eancias. Ela tem quatro participa\u00e7\u00f5es em Jogos Ol\u00edmpicos, com pratas em 2004 e 2008, al\u00e9m de quatro Copas do Mundo e tr\u00eas Jogos Pan-Americanos.<\/p>\n","protected":false},"excerpt":{"rendered":"<p>O Palmeiras definiu Rosana Augusto como a nova t\u00e9cnica do time feminino para 2026, ap\u00f3s a sa\u00edda de Camilla Orlando para a Sele\u00e7\u00e3o Brasileira Feminina Sub-20. A treinadora anunciou sua sa\u00edda do Flamengo nesta quinta-feira (16 de outubro), em comum acordo com a diretoria. No clube paulista, a chegada ocorre enquanto o Verd\u00e3o disputa o [&hellip;]<\/p>\n","protected":false},"author":39,"featured_media":155182,"comment_status":"open","ping_status":"closed","sticky":false,"template":"","format":"standard","meta":{"footnotes":""},"categories":[1],"tags":[],"class_list":["post-278698","post","type-post","status-publish","format-standard","has-post-thumbnail","hentry","category-flamengo"],"yoast_head":"<!-- This site is optimized with the Yoast SEO Premium plugin v24.2 (Yoast SEO v26.9) - https:\/\/yoast.com\/product\/yoast-seo-premium-wordpress\/ -->\n<title>Ex-Flamengo vai assinar com o Palmeiras<\/title>\n<meta name=\"description\" content=\"O Palmeiras confirmou a chegada de um novo refor\u00e7o para sua equipe em 2026, vindo do Flamengo, em uma movimenta\u00e7\u00e3o estrat\u00e9gica ap\u00f3s mudan\u00e7a no comando t\u00e9cnico.\" \/>\n<meta name=\"robots\" content=\"index, follow, max-snippet:-1, max-image-preview:large, max-video-preview:-1\" \/>\n<link rel=\"canonical\" href=\"https:\/\/www.gaveanews.com\/index.php\/2025\/10\/17\/ex-flamengo-vai-assinar-com-o-palmeiras\/\" \/>\n<meta property=\"og:locale\" content=\"pt_BR\" \/>\n<meta property=\"og:type\" content=\"article\" \/>\n<meta property=\"og:title\" content=\"Ex-Flamengo vai assinar com o Palmeiras\" \/>\n<meta property=\"og:description\" content=\"O Palmeiras confirmou a chegada de um novo refor\u00e7o para sua equipe em 2026, vindo do Flamengo, em uma movimenta\u00e7\u00e3o estrat\u00e9gica ap\u00f3s mudan\u00e7a no comando t\u00e9cnico.\" \/>\n<meta property=\"og:url\" content=\"https:\/\/www.gaveanews.com\/index.php\/2025\/10\/17\/ex-flamengo-vai-assinar-com-o-palmeiras\/\" \/>\n<meta property=\"og:site_name\" content=\"G\u00e1vea News\" \/>\n<meta property=\"article:publisher\" content=\"https:\/\/facebook.com\/gaveaNews\/\" \/>\n<meta property=\"article:published_time\" content=\"2025-10-17T14:23:01+00:00\" \/>\n<meta property=\"article:modified_time\" content=\"2025-10-17T14:23:06+00:00\" \/>\n<meta property=\"og:image\" content=\"http:\/\/www.gaveanews.com\/wp-content\/uploads\/Allianz-Parque-estadio-do-Palmeiras.webp\" \/>\n\t<meta property=\"og:image:width\" content=\"1023\" \/>\n\t<meta property=\"og:image:height\" content=\"767\" \/>\n\t<meta property=\"og:image:type\" content=\"image\/webp\" \/>\n<meta name=\"author\" content=\"Reda\u00e7\u00e3o\" \/>\n<meta name=\"twitter:card\" content=\"summary_large_image\" \/>\n<meta name=\"twitter:label1\" content=\"Escrito por\" \/>\n\t<meta name=\"twitter:data1\" content=\"Reda\u00e7\u00e3o\" \/>\n\t<meta name=\"twitter:label2\" content=\"Est. tempo de leitura\" \/>\n\t<meta name=\"twitter:data2\" content=\"3 minutos\" \/>\n<script type=\"application\/ld+json\" class=\"yoast-schema-graph\">{\"@context\":\"https:\/\/schema.org\",\"@graph\":[{\"@type\":\"NewsArticle\",\"@id\":\"https:\/\/www.gaveanews.com\/index.php\/2025\/10\/17\/ex-flamengo-vai-assinar-com-o-palmeiras\/#article\",\"isPartOf\":{\"@id\":\"https:\/\/www.gaveanews.com\/index.php\/2025\/10\/17\/ex-flamengo-vai-assinar-com-o-palmeiras\/\"},\"author\":{\"name\":\"Reda\u00e7\u00e3o\",\"@id\":\"https:\/\/www.gaveanews.com\/#\/schema\/person\/c88645e3d550d0b6574305e67dd5a716\"},\"headline\":\"Ex-Flamengo vai assinar com o Palmeiras\",\"datePublished\":\"2025-10-17T14:23:01+00:00\",\"dateModified\":\"2025-10-17T14:23:06+00:00\",\"mainEntityOfPage\":{\"@id\":\"https:\/\/www.gaveanews.com\/index.php\/2025\/10\/17\/ex-flamengo-vai-assinar-com-o-palmeiras\/\"},\"wordCount\":373,\"commentCount\":0,\"image\":{\"@id\":\"https:\/\/www.gaveanews.com\/index.php\/2025\/10\/17\/ex-flamengo-vai-assinar-com-o-palmeiras\/#primaryimage\"},\"thumbnailUrl\":\"https:\/\/www.gaveanews.com\/wp-content\/uploads\/Allianz-Parque-estadio-do-Palmeiras.webp\",\"articleSection\":[\"Flamengo\"],\"inLanguage\":\"pt-BR\",\"potentialAction\":[{\"@type\":\"CommentAction\",\"name\":\"Comment\",\"target\":[\"https:\/\/www.gaveanews.com\/index.php\/2025\/10\/17\/ex-flamengo-vai-assinar-com-o-palmeiras\/#respond\"]}],\"copyrightYear\":\"2025\",\"copyrightHolder\":{\"@id\":\"https:\/\/www.gaveanews.com\/#organization\"}},{\"@type\":\"WebPage\",\"@id\":\"https:\/\/www.gaveanews.com\/index.php\/2025\/10\/17\/ex-flamengo-vai-assinar-com-o-palmeiras\/\",\"url\":\"https:\/\/www.gaveanews.com\/index.php\/2025\/10\/17\/ex-flamengo-vai-assinar-com-o-palmeiras\/\",\"name\":\"Ex-Flamengo vai assinar com o Palmeiras\",\"isPartOf\":{\"@id\":\"https:\/\/www.gaveanews.com\/#website\"},\"primaryImageOfPage\":{\"@id\":\"https:\/\/www.gaveanews.com\/index.php\/2025\/10\/17\/ex-flamengo-vai-assinar-com-o-palmeiras\/#primaryimage\"},\"image\":{\"@id\":\"https:\/\/www.gaveanews.com\/index.php\/2025\/10\/17\/ex-flamengo-vai-assinar-com-o-palmeiras\/#primaryimage\"},\"thumbnailUrl\":\"https:\/\/www.gaveanews.com\/wp-content\/uploads\/Allianz-Parque-estadio-do-Palmeiras.webp\",\"datePublished\":\"2025-10-17T14:23:01+00:00\",\"dateModified\":\"2025-10-17T14:23:06+00:00\",\"author\":{\"@id\":\"https:\/\/www.gaveanews.com\/#\/schema\/person\/c88645e3d550d0b6574305e67dd5a716\"},\"description\":\"O Palmeiras confirmou a chegada de um novo refor\u00e7o para sua equipe em 2026, vindo do Flamengo, em uma movimenta\u00e7\u00e3o estrat\u00e9gica ap\u00f3s mudan\u00e7a no comando t\u00e9cnico.\",\"breadcrumb\":{\"@id\":\"https:\/\/www.gaveanews.com\/index.php\/2025\/10\/17\/ex-flamengo-vai-assinar-com-o-palmeiras\/#breadcrumb\"},\"inLanguage\":\"pt-BR\",\"potentialAction\":[{\"@type\":\"ReadAction\",\"target\":[\"https:\/\/www.gaveanews.com\/index.php\/2025\/10\/17\/ex-flamengo-vai-assinar-com-o-palmeiras\/\"]}]},{\"@type\":\"ImageObject\",\"inLanguage\":\"pt-BR\",\"@id\":\"https:\/\/www.gaveanews.com\/index.php\/2025\/10\/17\/ex-flamengo-vai-assinar-com-o-palmeiras\/#primaryimage\",\"url\":\"https:\/\/www.gaveanews.com\/wp-content\/uploads\/Allianz-Parque-estadio-do-Palmeiras.webp\",\"contentUrl\":\"https:\/\/www.gaveanews.com\/wp-content\/uploads\/Allianz-Parque-estadio-do-Palmeiras.webp\",\"width\":1023,\"height\":767,\"caption\":\"Allianz Parque, est\u00e1dio do Palmeiras (Foto: Reprodu\u00e7\u00e3o\/Palmeiras)\"},{\"@type\":\"BreadcrumbList\",\"@id\":\"https:\/\/www.gaveanews.com\/index.php\/2025\/10\/17\/ex-flamengo-vai-assinar-com-o-palmeiras\/#breadcrumb\",\"itemListElement\":[{\"@type\":\"ListItem\",\"position\":1,\"name\":\"Home\",\"item\":\"https:\/\/www.gaveanews.com\/\"},{\"@type\":\"ListItem\",\"position\":2,\"name\":\"Ex-Flamengo vai assinar com o Palmeiras\"}]},{\"@type\":\"WebSite\",\"@id\":\"https:\/\/www.gaveanews.com\/#website\",\"url\":\"https:\/\/www.gaveanews.com\/\",\"name\":\"G\u00e1vea News\",\"description\":\"Veja todas as not\u00edcias sobre o Flamengo: Contrata\u00e7\u00f5es, categorias de base, resultados das partidas, tabela de classifica\u00e7\u00e3o, pr\u00f3ximos jogos!\",\"potentialAction\":[{\"@type\":\"SearchAction\",\"target\":{\"@type\":\"EntryPoint\",\"urlTemplate\":\"https:\/\/www.gaveanews.com\/?s={search_term_string}\"},\"query-input\":{\"@type\":\"PropertyValueSpecification\",\"valueRequired\":true,\"valueName\":\"search_term_string\"}}],\"inLanguage\":\"pt-BR\"},{\"@type\":\"Person\",\"@id\":\"https:\/\/www.gaveanews.com\/#\/schema\/person\/c88645e3d550d0b6574305e67dd5a716\",\"name\":\"Reda\u00e7\u00e3o\",\"image\":{\"@type\":\"ImageObject\",\"inLanguage\":\"pt-BR\",\"@id\":\"https:\/\/www.gaveanews.com\/#\/schema\/person\/image\/\",\"url\":\"https:\/\/secure.gravatar.com\/avatar\/434098fd823f0dc1b062d14ca22bacaa6e38de28d8c816bbef6fc2f8c44d8ba3?s=96&d=mm&r=g\",\"contentUrl\":\"https:\/\/secure.gravatar.com\/avatar\/434098fd823f0dc1b062d14ca22bacaa6e38de28d8c816bbef6fc2f8c44d8ba3?s=96&d=mm&r=g\",\"caption\":\"Reda\u00e7\u00e3o\"}}]}<\/script>\n<!-- \/ Yoast SEO Premium plugin. -->","yoast_head_json":{"title":"Ex-Flamengo vai assinar com o Palmeiras","description":"O Palmeiras confirmou a chegada de um novo refor\u00e7o para sua equipe em 2026, vindo do Flamengo, em uma movimenta\u00e7\u00e3o estrat\u00e9gica ap\u00f3s mudan\u00e7a no comando t\u00e9cnico.","robots":{"index":"index","follow":"follow","max-snippet":"max-snippet:-1","max-image-preview":"max-image-preview:large","max-video-preview":"max-video-preview:-1"},"canonical":"https:\/\/www.gaveanews.com\/index.php\/2025\/10\/17\/ex-flamengo-vai-assinar-com-o-palmeiras\/","og_locale":"pt_BR","og_type":"article","og_title":"Ex-Flamengo vai assinar com o Palmeiras","og_description":"O Palmeiras confirmou a chegada de um novo refor\u00e7o para sua equipe em 2026, vindo do Flamengo, em uma movimenta\u00e7\u00e3o estrat\u00e9gica ap\u00f3s mudan\u00e7a no comando t\u00e9cnico.","og_url":"https:\/\/www.gaveanews.com\/index.php\/2025\/10\/17\/ex-flamengo-vai-assinar-com-o-palmeiras\/","og_site_name":"G\u00e1vea News","article_publisher":"https:\/\/facebook.com\/gaveaNews\/","article_published_time":"2025-10-17T14:23:01+00:00","article_modified_time":"2025-10-17T14:23:06+00:00","og_image":[{"width":1023,"height":767,"url":"http:\/\/www.gaveanews.com\/wp-content\/uploads\/Allianz-Parque-estadio-do-Palmeiras.webp","type":"image\/webp"}],"author":"Reda\u00e7\u00e3o","twitter_card":"summary_large_image","twitter_misc":{"Escrito por":"Reda\u00e7\u00e3o","Est. tempo de leitura":"3 minutos"},"schema":{"@context":"https:\/\/schema.org","@graph":[{"@type":"NewsArticle","@id":"https:\/\/www.gaveanews.com\/index.php\/2025\/10\/17\/ex-flamengo-vai-assinar-com-o-palmeiras\/#article","isPartOf":{"@id":"https:\/\/www.gaveanews.com\/index.php\/2025\/10\/17\/ex-flamengo-vai-assinar-com-o-palmeiras\/"},"author":{"name":"Reda\u00e7\u00e3o","@id":"https:\/\/www.gaveanews.com\/#\/schema\/person\/c88645e3d550d0b6574305e67dd5a716"},"headline":"Ex-Flamengo vai assinar com o Palmeiras","datePublished":"2025-10-17T14:23:01+00:00","dateModified":"2025-10-17T14:23:06+00:00","mainEntityOfPage":{"@id":"https:\/\/www.gaveanews.com\/index.php\/2025\/10\/17\/ex-flamengo-vai-assinar-com-o-palmeiras\/"},"wordCount":373,"commentCount":0,"image":{"@id":"https:\/\/www.gaveanews.com\/index.php\/2025\/10\/17\/ex-flamengo-vai-assinar-com-o-palmeiras\/#primaryimage"},"thumbnailUrl":"https:\/\/www.gaveanews.com\/wp-content\/uploads\/Allianz-Parque-estadio-do-Palmeiras.webp","articleSection":["Flamengo"],"inLanguage":"pt-BR","potentialAction":[{"@type":"CommentAction","name":"Comment","target":["https:\/\/www.gaveanews.com\/index.php\/2025\/10\/17\/ex-flamengo-vai-assinar-com-o-palmeiras\/#respond"]}],"copyrightYear":"2025","copyrightHolder":{"@id":"https:\/\/www.gaveanews.com\/#organization"}},{"@type":"WebPage","@id":"https:\/\/www.gaveanews.com\/index.php\/2025\/10\/17\/ex-flamengo-vai-assinar-com-o-palmeiras\/","url":"https:\/\/www.gaveanews.com\/index.php\/2025\/10\/17\/ex-flamengo-vai-assinar-com-o-palmeiras\/","name":"Ex-Flamengo vai assinar com o Palmeiras","isPartOf":{"@id":"https:\/\/www.gaveanews.com\/#website"},"primaryImageOfPage":{"@id":"https:\/\/www.gaveanews.com\/index.php\/2025\/10\/17\/ex-flamengo-vai-assinar-com-o-palmeiras\/#primaryimage"},"image":{"@id":"https:\/\/www.gaveanews.com\/index.php\/2025\/10\/17\/ex-flamengo-vai-assinar-com-o-palmeiras\/#primaryimage"},"thumbnailUrl":"https:\/\/www.gaveanews.com\/wp-content\/uploads\/Allianz-Parque-estadio-do-Palmeiras.webp","datePublished":"2025-10-17T14:23:01+00:00","dateModified":"2025-10-17T14:23:06+00:00","author":{"@id":"https:\/\/www.gaveanews.com\/#\/schema\/person\/c88645e3d550d0b6574305e67dd5a716"},"description":"O Palmeiras confirmou a chegada de um novo refor\u00e7o para sua equipe em 2026, vindo do Flamengo, em uma movimenta\u00e7\u00e3o estrat\u00e9gica ap\u00f3s mudan\u00e7a no comando t\u00e9cnico.","breadcrumb":{"@id":"https:\/\/www.gaveanews.com\/index.php\/2025\/10\/17\/ex-flamengo-vai-assinar-com-o-palmeiras\/#breadcrumb"},"inLanguage":"pt-BR","potentialAction":[{"@type":"ReadAction","target":["https:\/\/www.gaveanews.com\/index.php\/2025\/10\/17\/ex-flamengo-vai-assinar-com-o-palmeiras\/"]}]},{"@type":"ImageObject","inLanguage":"pt-BR","@id":"https:\/\/www.gaveanews.com\/index.php\/2025\/10\/17\/ex-flamengo-vai-assinar-com-o-palmeiras\/#primaryimage","url":"https:\/\/www.gaveanews.com\/wp-content\/uploads\/Allianz-Parque-estadio-do-Palmeiras.webp","contentUrl":"https:\/\/www.gaveanews.com\/wp-content\/uploads\/Allianz-Parque-estadio-do-Palmeiras.webp","width":1023,"height":767,"caption":"Allianz Parque, est\u00e1dio do Palmeiras (Foto: Reprodu\u00e7\u00e3o\/Palmeiras)"},{"@type":"BreadcrumbList","@id":"https:\/\/www.gaveanews.com\/index.php\/2025\/10\/17\/ex-flamengo-vai-assinar-com-o-palmeiras\/#breadcrumb","itemListElement":[{"@type":"ListItem","position":1,"name":"Home","item":"https:\/\/www.gaveanews.com\/"},{"@type":"ListItem","position":2,"name":"Ex-Flamengo vai assinar com o Palmeiras"}]},{"@type":"WebSite","@id":"https:\/\/www.gaveanews.com\/#website","url":"https:\/\/www.gaveanews.com\/","name":"G\u00e1vea News","description":"Veja todas as not\u00edcias sobre o Flamengo: Contrata\u00e7\u00f5es, categorias de base, resultados das partidas, tabela de classifica\u00e7\u00e3o, pr\u00f3ximos jogos!","potentialAction":[{"@type":"SearchAction","target":{"@type":"EntryPoint","urlTemplate":"https:\/\/www.gaveanews.com\/?s={search_term_string}"},"query-input":{"@type":"PropertyValueSpecification","valueRequired":true,"valueName":"search_term_string"}}],"inLanguage":"pt-BR"},{"@type":"Person","@id":"https:\/\/www.gaveanews.com\/#\/schema\/person\/c88645e3d550d0b6574305e67dd5a716","name":"Reda\u00e7\u00e3o","image":{"@type":"ImageObject","inLanguage":"pt-BR","@id":"https:\/\/www.gaveanews.com\/#\/schema\/person\/image\/","url":"https:\/\/secure.gravatar.com\/avatar\/434098fd823f0dc1b062d14ca22bacaa6e38de28d8c816bbef6fc2f8c44d8ba3?s=96&d=mm&r=g","contentUrl":"https:\/\/secure.gravatar.com\/avatar\/434098fd823f0dc1b062d14ca22bacaa6e38de28d8c816bbef6fc2f8c44d8ba3?s=96&d=mm&r=g","caption":"Reda\u00e7\u00e3o"}}]}},"_links":{"self":[{"href":"https:\/\/www.gaveanews.com\/index.php\/wp-json\/wp\/v2\/posts\/278698","targetHints":{"allow":["GET"]}}],"collection":[{"href":"https:\/\/www.gaveanews.com\/index.php\/wp-json\/wp\/v2\/posts"}],"about":[{"href":"https:\/\/www.gaveanews.com\/index.php\/wp-json\/wp\/v2\/types\/post"}],"author":[{"embeddable":true,"href":"https:\/\/www.gaveanews.com\/index.php\/wp-json\/wp\/v2\/users\/39"}],"replies":[{"embeddable":true,"href":"https:\/\/www.gaveanews.com\/index.php\/wp-json\/wp\/v2\/comments?post=278698"}],"version-history":[{"count":1,"href":"https:\/\/www.gaveanews.com\/index.php\/wp-json\/wp\/v2\/posts\/278698\/revisions"}],"predecessor-version":[{"id":278704,"href":"https:\/\/www.gaveanews.com\/index.php\/wp-json\/wp\/v2\/posts\/278698\/revisions\/278704"}],"wp:featuredmedia":[{"embeddable":true,"href":"https:\/\/www.gaveanews.com\/index.php\/wp-json\/wp\/v2\/media\/155182"}],"wp:attachment":[{"href":"https:\/\/www.gaveanews.com\/index.php\/wp-json\/wp\/v2\/media?parent=278698"}],"wp:term":[{"taxonomy":"category","embeddable":true,"href":"https:\/\/www.gaveanews.com\/index.php\/wp-json\/wp\/v2\/categories?post=278698"},{"taxonomy":"post_tag","embeddable":true,"href":"https:\/\/www.gaveanews.com\/index.php\/wp-json\/wp\/v2\/tags?post=278698"}],"curies":[{"name":"wp","href":"https:\/\/api.w.org\/{rel}","templated":true}]}}