{"id":278701,"date":"2025-10-17T12:00:00","date_gmt":"2025-10-17T15:00:00","guid":{"rendered":"https:\/\/www.gaveanews.com\/?p=278701"},"modified":"2025-10-17T11:37:13","modified_gmt":"2025-10-17T14:37:13","slug":"cbf-anuncia-nova-data-da-partida-atrasada-do-flamengo-no-brasileirao","status":"publish","type":"post","link":"https:\/\/www.gaveanews.com\/index.php\/2025\/10\/17\/cbf-anuncia-nova-data-da-partida-atrasada-do-flamengo-no-brasileirao\/","title":{"rendered":"CBF anuncia nova data da partida atrasada do Flamengo no Brasileir\u00e3o"},"content":{"rendered":"\n<p>A CBF anunciou, nesta quinta-feira (16 de outubro), a remarca\u00e7\u00e3o de Sport x Flamengo, jogo atrasado da 12\u00aa rodada do Brasileir\u00e3o. O duelo havia sido alterado por conta de um evento previamente agendado na Arena de Pernambuco. No campeonato, o Flamengo persegue o l\u00edder Palmeiras, enquanto o Sport luta para n\u00e3o cair.<\/p>\n\n\n\n<p>A nova data da partida foi definida para o dia 15 de novembro, \u00e0s 18h30 (hor\u00e1rio de Bras\u00edlia), na Arena de Pernambuco. Antes, o confronto estava marcado para 13 de novembro, \u00e0s 20h30.<\/p>\n\n\n\n<p>O Sport informou que recebeu, nesta quinta-feira (16), a confirma\u00e7\u00e3o oficial da CBF sobre a realiza\u00e7\u00e3o do jogo. O servi\u00e7o de opera\u00e7\u00e3o \u2014 com informa\u00e7\u00f5es sobre ingressos e acessos \u2014 ser\u00e1 divulgado mais perto da data. O novo dia coincide com o anivers\u00e1rio de 130 anos do Flamengo.<\/p>\n\n\n\n<p>O local da partida j\u00e1 havia sido transferido da Ilha do Retiro para a Arena de Pernambuco. O Sport vendeu a opera\u00e7\u00e3o por R$ 3 milh\u00f5es l\u00edquidos a uma empresa privada. Pelo acordo, o clube ampliou de 10% para 30% o espa\u00e7o destinado \u00e0 torcida visitante, que ocupar\u00e1 os setores norte inferior e superior.<\/p>\n\n\n\n<p>O acerto vem sendo criticado por torcedores do Sport nas redes sociais. O contrato foi firmado no fim de julho, e a confirma\u00e7\u00e3o da data inicial ocorreu apenas em 9 de outubro.<\/p>\n\n\n\n<p>O clube pernambucano afirma que o acordo n\u00e3o configura venda de mando. Entre os pontos, est\u00e3o participa\u00e7\u00e3o na opera\u00e7\u00e3o, respeito \u00e0 setoriza\u00e7\u00e3o, check-ins a s\u00f3cios e participa\u00e7\u00e3o na precifica\u00e7\u00e3o. O ge apurou que h\u00e1 garantias contratuais contra pre\u00e7os abusivos aos torcedores.<\/p>\n","protected":false},"excerpt":{"rendered":"<p>A CBF anunciou, nesta quinta-feira (16 de outubro), a remarca\u00e7\u00e3o de Sport x Flamengo, jogo atrasado da 12\u00aa rodada do Brasileir\u00e3o. O duelo havia sido alterado por conta de um evento previamente agendado na Arena de Pernambuco. No campeonato, o Flamengo persegue o l\u00edder Palmeiras, enquanto o Sport luta para n\u00e3o cair. A nova data [&hellip;]<\/p>\n","protected":false},"author":39,"featured_media":274870,"comment_status":"open","ping_status":"closed","sticky":false,"template":"","format":"standard","meta":{"footnotes":""},"categories":[1],"tags":[],"class_list":["post-278701","post","type-post","status-publish","format-standard","has-post-thumbnail","hentry","category-flamengo"],"yoast_head":"<!-- This site is optimized with the Yoast SEO Premium plugin v24.2 (Yoast SEO v26.9) - https:\/\/yoast.com\/product\/yoast-seo-premium-wordpress\/ -->\n<title>CBF anuncia nova data da partida atrasada do Flamengo no Brasileir\u00e3o<\/title>\n<meta name=\"robots\" content=\"index, follow, max-snippet:-1, max-image-preview:large, max-video-preview:-1\" \/>\n<link rel=\"canonical\" href=\"https:\/\/www.gaveanews.com\/index.php\/2025\/10\/17\/cbf-anuncia-nova-data-da-partida-atrasada-do-flamengo-no-brasileirao\/\" \/>\n<meta property=\"og:locale\" content=\"pt_BR\" \/>\n<meta property=\"og:type\" content=\"article\" \/>\n<meta property=\"og:title\" content=\"CBF anuncia nova data da partida atrasada do Flamengo no Brasileir\u00e3o\" \/>\n<meta property=\"og:description\" content=\"A CBF anunciou, nesta quinta-feira (16 de outubro), a remarca\u00e7\u00e3o de Sport x Flamengo, jogo atrasado da 12\u00aa rodada do Brasileir\u00e3o. O duelo havia sido alterado por conta de um evento previamente agendado na Arena de Pernambuco. No campeonato, o Flamengo persegue o l\u00edder Palmeiras, enquanto o Sport luta para n\u00e3o cair. A nova data [&hellip;]\" \/>\n<meta property=\"og:url\" content=\"https:\/\/www.gaveanews.com\/index.php\/2025\/10\/17\/cbf-anuncia-nova-data-da-partida-atrasada-do-flamengo-no-brasileirao\/\" \/>\n<meta property=\"og:site_name\" content=\"G\u00e1vea News\" \/>\n<meta property=\"article:publisher\" content=\"https:\/\/facebook.com\/gaveaNews\/\" \/>\n<meta property=\"article:published_time\" content=\"2025-10-17T15:00:00+00:00\" \/>\n<meta property=\"og:image\" content=\"https:\/\/www.gaveanews.com\/wp-content\/uploads\/FLAMENGO-X-VITORIA-CAMPEONATO-BRASILEIRO.jpg\" \/>\n\t<meta property=\"og:image:width\" content=\"799\" \/>\n\t<meta property=\"og:image:height\" content=\"533\" \/>\n\t<meta property=\"og:image:type\" content=\"image\/jpeg\" \/>\n<meta name=\"author\" content=\"Reda\u00e7\u00e3o\" \/>\n<meta name=\"twitter:card\" content=\"summary_large_image\" \/>\n<meta name=\"twitter:label1\" content=\"Escrito por\" \/>\n\t<meta name=\"twitter:data1\" content=\"Reda\u00e7\u00e3o\" \/>\n\t<meta name=\"twitter:label2\" content=\"Est. tempo de leitura\" \/>\n\t<meta name=\"twitter:data2\" content=\"2 minutos\" \/>\n<script type=\"application\/ld+json\" class=\"yoast-schema-graph\">{\"@context\":\"https:\/\/schema.org\",\"@graph\":[{\"@type\":\"NewsArticle\",\"@id\":\"https:\/\/www.gaveanews.com\/index.php\/2025\/10\/17\/cbf-anuncia-nova-data-da-partida-atrasada-do-flamengo-no-brasileirao\/#article\",\"isPartOf\":{\"@id\":\"https:\/\/www.gaveanews.com\/index.php\/2025\/10\/17\/cbf-anuncia-nova-data-da-partida-atrasada-do-flamengo-no-brasileirao\/\"},\"author\":{\"name\":\"Reda\u00e7\u00e3o\",\"@id\":\"https:\/\/www.gaveanews.com\/#\/schema\/person\/c88645e3d550d0b6574305e67dd5a716\"},\"headline\":\"CBF anuncia nova data da partida atrasada do Flamengo no Brasileir\u00e3o\",\"datePublished\":\"2025-10-17T15:00:00+00:00\",\"mainEntityOfPage\":{\"@id\":\"https:\/\/www.gaveanews.com\/index.php\/2025\/10\/17\/cbf-anuncia-nova-data-da-partida-atrasada-do-flamengo-no-brasileirao\/\"},\"wordCount\":284,\"commentCount\":0,\"image\":{\"@id\":\"https:\/\/www.gaveanews.com\/index.php\/2025\/10\/17\/cbf-anuncia-nova-data-da-partida-atrasada-do-flamengo-no-brasileirao\/#primaryimage\"},\"thumbnailUrl\":\"https:\/\/www.gaveanews.com\/wp-content\/uploads\/FLAMENGO-X-VITORIA-CAMPEONATO-BRASILEIRO.jpg\",\"articleSection\":[\"Flamengo\"],\"inLanguage\":\"pt-BR\",\"potentialAction\":[{\"@type\":\"CommentAction\",\"name\":\"Comment\",\"target\":[\"https:\/\/www.gaveanews.com\/index.php\/2025\/10\/17\/cbf-anuncia-nova-data-da-partida-atrasada-do-flamengo-no-brasileirao\/#respond\"]}],\"copyrightYear\":\"2025\",\"copyrightHolder\":{\"@id\":\"https:\/\/www.gaveanews.com\/#organization\"}},{\"@type\":\"WebPage\",\"@id\":\"https:\/\/www.gaveanews.com\/index.php\/2025\/10\/17\/cbf-anuncia-nova-data-da-partida-atrasada-do-flamengo-no-brasileirao\/\",\"url\":\"https:\/\/www.gaveanews.com\/index.php\/2025\/10\/17\/cbf-anuncia-nova-data-da-partida-atrasada-do-flamengo-no-brasileirao\/\",\"name\":\"CBF anuncia nova data da partida atrasada do Flamengo no Brasileir\u00e3o\",\"isPartOf\":{\"@id\":\"https:\/\/www.gaveanews.com\/#website\"},\"primaryImageOfPage\":{\"@id\":\"https:\/\/www.gaveanews.com\/index.php\/2025\/10\/17\/cbf-anuncia-nova-data-da-partida-atrasada-do-flamengo-no-brasileirao\/#primaryimage\"},\"image\":{\"@id\":\"https:\/\/www.gaveanews.com\/index.php\/2025\/10\/17\/cbf-anuncia-nova-data-da-partida-atrasada-do-flamengo-no-brasileirao\/#primaryimage\"},\"thumbnailUrl\":\"https:\/\/www.gaveanews.com\/wp-content\/uploads\/FLAMENGO-X-VITORIA-CAMPEONATO-BRASILEIRO.jpg\",\"datePublished\":\"2025-10-17T15:00:00+00:00\",\"author\":{\"@id\":\"https:\/\/www.gaveanews.com\/#\/schema\/person\/c88645e3d550d0b6574305e67dd5a716\"},\"breadcrumb\":{\"@id\":\"https:\/\/www.gaveanews.com\/index.php\/2025\/10\/17\/cbf-anuncia-nova-data-da-partida-atrasada-do-flamengo-no-brasileirao\/#breadcrumb\"},\"inLanguage\":\"pt-BR\",\"potentialAction\":[{\"@type\":\"ReadAction\",\"target\":[\"https:\/\/www.gaveanews.com\/index.php\/2025\/10\/17\/cbf-anuncia-nova-data-da-partida-atrasada-do-flamengo-no-brasileirao\/\"]}]},{\"@type\":\"ImageObject\",\"inLanguage\":\"pt-BR\",\"@id\":\"https:\/\/www.gaveanews.com\/index.php\/2025\/10\/17\/cbf-anuncia-nova-data-da-partida-atrasada-do-flamengo-no-brasileirao\/#primaryimage\",\"url\":\"https:\/\/www.gaveanews.com\/wp-content\/uploads\/FLAMENGO-X-VITORIA-CAMPEONATO-BRASILEIRO.jpg\",\"contentUrl\":\"https:\/\/www.gaveanews.com\/wp-content\/uploads\/FLAMENGO-X-VITORIA-CAMPEONATO-BRASILEIRO.jpg\",\"width\":799,\"height\":533,\"caption\":\"Flamengo x Vit\u00f3ria pelo Brasileir\u00e3o 2025 (Foto: Gilvan de Souza\/Flamengo)\"},{\"@type\":\"BreadcrumbList\",\"@id\":\"https:\/\/www.gaveanews.com\/index.php\/2025\/10\/17\/cbf-anuncia-nova-data-da-partida-atrasada-do-flamengo-no-brasileirao\/#breadcrumb\",\"itemListElement\":[{\"@type\":\"ListItem\",\"position\":1,\"name\":\"Home\",\"item\":\"https:\/\/www.gaveanews.com\/\"},{\"@type\":\"ListItem\",\"position\":2,\"name\":\"CBF anuncia nova data da partida atrasada do Flamengo no Brasileir\u00e3o\"}]},{\"@type\":\"WebSite\",\"@id\":\"https:\/\/www.gaveanews.com\/#website\",\"url\":\"https:\/\/www.gaveanews.com\/\",\"name\":\"G\u00e1vea News\",\"description\":\"Veja todas as not\u00edcias sobre o Flamengo: Contrata\u00e7\u00f5es, categorias de base, resultados das partidas, tabela de classifica\u00e7\u00e3o, pr\u00f3ximos jogos!\",\"potentialAction\":[{\"@type\":\"SearchAction\",\"target\":{\"@type\":\"EntryPoint\",\"urlTemplate\":\"https:\/\/www.gaveanews.com\/?s={search_term_string}\"},\"query-input\":{\"@type\":\"PropertyValueSpecification\",\"valueRequired\":true,\"valueName\":\"search_term_string\"}}],\"inLanguage\":\"pt-BR\"},{\"@type\":\"Person\",\"@id\":\"https:\/\/www.gaveanews.com\/#\/schema\/person\/c88645e3d550d0b6574305e67dd5a716\",\"name\":\"Reda\u00e7\u00e3o\",\"image\":{\"@type\":\"ImageObject\",\"inLanguage\":\"pt-BR\",\"@id\":\"https:\/\/www.gaveanews.com\/#\/schema\/person\/image\/\",\"url\":\"https:\/\/secure.gravatar.com\/avatar\/434098fd823f0dc1b062d14ca22bacaa6e38de28d8c816bbef6fc2f8c44d8ba3?s=96&d=mm&r=g\",\"contentUrl\":\"https:\/\/secure.gravatar.com\/avatar\/434098fd823f0dc1b062d14ca22bacaa6e38de28d8c816bbef6fc2f8c44d8ba3?s=96&d=mm&r=g\",\"caption\":\"Reda\u00e7\u00e3o\"}}]}<\/script>\n<!-- \/ Yoast SEO Premium plugin. -->","yoast_head_json":{"title":"CBF anuncia nova data da partida atrasada do Flamengo no Brasileir\u00e3o","robots":{"index":"index","follow":"follow","max-snippet":"max-snippet:-1","max-image-preview":"max-image-preview:large","max-video-preview":"max-video-preview:-1"},"canonical":"https:\/\/www.gaveanews.com\/index.php\/2025\/10\/17\/cbf-anuncia-nova-data-da-partida-atrasada-do-flamengo-no-brasileirao\/","og_locale":"pt_BR","og_type":"article","og_title":"CBF anuncia nova data da partida atrasada do Flamengo no Brasileir\u00e3o","og_description":"A CBF anunciou, nesta quinta-feira (16 de outubro), a remarca\u00e7\u00e3o de Sport x Flamengo, jogo atrasado da 12\u00aa rodada do Brasileir\u00e3o. O duelo havia sido alterado por conta de um evento previamente agendado na Arena de Pernambuco. No campeonato, o Flamengo persegue o l\u00edder Palmeiras, enquanto o Sport luta para n\u00e3o cair. A nova data [&hellip;]","og_url":"https:\/\/www.gaveanews.com\/index.php\/2025\/10\/17\/cbf-anuncia-nova-data-da-partida-atrasada-do-flamengo-no-brasileirao\/","og_site_name":"G\u00e1vea News","article_publisher":"https:\/\/facebook.com\/gaveaNews\/","article_published_time":"2025-10-17T15:00:00+00:00","og_image":[{"width":799,"height":533,"url":"https:\/\/www.gaveanews.com\/wp-content\/uploads\/FLAMENGO-X-VITORIA-CAMPEONATO-BRASILEIRO.jpg","type":"image\/jpeg"}],"author":"Reda\u00e7\u00e3o","twitter_card":"summary_large_image","twitter_misc":{"Escrito por":"Reda\u00e7\u00e3o","Est. tempo de leitura":"2 minutos"},"schema":{"@context":"https:\/\/schema.org","@graph":[{"@type":"NewsArticle","@id":"https:\/\/www.gaveanews.com\/index.php\/2025\/10\/17\/cbf-anuncia-nova-data-da-partida-atrasada-do-flamengo-no-brasileirao\/#article","isPartOf":{"@id":"https:\/\/www.gaveanews.com\/index.php\/2025\/10\/17\/cbf-anuncia-nova-data-da-partida-atrasada-do-flamengo-no-brasileirao\/"},"author":{"name":"Reda\u00e7\u00e3o","@id":"https:\/\/www.gaveanews.com\/#\/schema\/person\/c88645e3d550d0b6574305e67dd5a716"},"headline":"CBF anuncia nova data da partida atrasada do Flamengo no Brasileir\u00e3o","datePublished":"2025-10-17T15:00:00+00:00","mainEntityOfPage":{"@id":"https:\/\/www.gaveanews.com\/index.php\/2025\/10\/17\/cbf-anuncia-nova-data-da-partida-atrasada-do-flamengo-no-brasileirao\/"},"wordCount":284,"commentCount":0,"image":{"@id":"https:\/\/www.gaveanews.com\/index.php\/2025\/10\/17\/cbf-anuncia-nova-data-da-partida-atrasada-do-flamengo-no-brasileirao\/#primaryimage"},"thumbnailUrl":"https:\/\/www.gaveanews.com\/wp-content\/uploads\/FLAMENGO-X-VITORIA-CAMPEONATO-BRASILEIRO.jpg","articleSection":["Flamengo"],"inLanguage":"pt-BR","potentialAction":[{"@type":"CommentAction","name":"Comment","target":["https:\/\/www.gaveanews.com\/index.php\/2025\/10\/17\/cbf-anuncia-nova-data-da-partida-atrasada-do-flamengo-no-brasileirao\/#respond"]}],"copyrightYear":"2025","copyrightHolder":{"@id":"https:\/\/www.gaveanews.com\/#organization"}},{"@type":"WebPage","@id":"https:\/\/www.gaveanews.com\/index.php\/2025\/10\/17\/cbf-anuncia-nova-data-da-partida-atrasada-do-flamengo-no-brasileirao\/","url":"https:\/\/www.gaveanews.com\/index.php\/2025\/10\/17\/cbf-anuncia-nova-data-da-partida-atrasada-do-flamengo-no-brasileirao\/","name":"CBF anuncia nova data da partida atrasada do Flamengo no Brasileir\u00e3o","isPartOf":{"@id":"https:\/\/www.gaveanews.com\/#website"},"primaryImageOfPage":{"@id":"https:\/\/www.gaveanews.com\/index.php\/2025\/10\/17\/cbf-anuncia-nova-data-da-partida-atrasada-do-flamengo-no-brasileirao\/#primaryimage"},"image":{"@id":"https:\/\/www.gaveanews.com\/index.php\/2025\/10\/17\/cbf-anuncia-nova-data-da-partida-atrasada-do-flamengo-no-brasileirao\/#primaryimage"},"thumbnailUrl":"https:\/\/www.gaveanews.com\/wp-content\/uploads\/FLAMENGO-X-VITORIA-CAMPEONATO-BRASILEIRO.jpg","datePublished":"2025-10-17T15:00:00+00:00","author":{"@id":"https:\/\/www.gaveanews.com\/#\/schema\/person\/c88645e3d550d0b6574305e67dd5a716"},"breadcrumb":{"@id":"https:\/\/www.gaveanews.com\/index.php\/2025\/10\/17\/cbf-anuncia-nova-data-da-partida-atrasada-do-flamengo-no-brasileirao\/#breadcrumb"},"inLanguage":"pt-BR","potentialAction":[{"@type":"ReadAction","target":["https:\/\/www.gaveanews.com\/index.php\/2025\/10\/17\/cbf-anuncia-nova-data-da-partida-atrasada-do-flamengo-no-brasileirao\/"]}]},{"@type":"ImageObject","inLanguage":"pt-BR","@id":"https:\/\/www.gaveanews.com\/index.php\/2025\/10\/17\/cbf-anuncia-nova-data-da-partida-atrasada-do-flamengo-no-brasileirao\/#primaryimage","url":"https:\/\/www.gaveanews.com\/wp-content\/uploads\/FLAMENGO-X-VITORIA-CAMPEONATO-BRASILEIRO.jpg","contentUrl":"https:\/\/www.gaveanews.com\/wp-content\/uploads\/FLAMENGO-X-VITORIA-CAMPEONATO-BRASILEIRO.jpg","width":799,"height":533,"caption":"Flamengo x Vit\u00f3ria pelo Brasileir\u00e3o 2025 (Foto: Gilvan de Souza\/Flamengo)"},{"@type":"BreadcrumbList","@id":"https:\/\/www.gaveanews.com\/index.php\/2025\/10\/17\/cbf-anuncia-nova-data-da-partida-atrasada-do-flamengo-no-brasileirao\/#breadcrumb","itemListElement":[{"@type":"ListItem","position":1,"name":"Home","item":"https:\/\/www.gaveanews.com\/"},{"@type":"ListItem","position":2,"name":"CBF anuncia nova data da partida atrasada do Flamengo no Brasileir\u00e3o"}]},{"@type":"WebSite","@id":"https:\/\/www.gaveanews.com\/#website","url":"https:\/\/www.gaveanews.com\/","name":"G\u00e1vea News","description":"Veja todas as not\u00edcias sobre o Flamengo: Contrata\u00e7\u00f5es, categorias de base, resultados das partidas, tabela de classifica\u00e7\u00e3o, pr\u00f3ximos jogos!","potentialAction":[{"@type":"SearchAction","target":{"@type":"EntryPoint","urlTemplate":"https:\/\/www.gaveanews.com\/?s={search_term_string}"},"query-input":{"@type":"PropertyValueSpecification","valueRequired":true,"valueName":"search_term_string"}}],"inLanguage":"pt-BR"},{"@type":"Person","@id":"https:\/\/www.gaveanews.com\/#\/schema\/person\/c88645e3d550d0b6574305e67dd5a716","name":"Reda\u00e7\u00e3o","image":{"@type":"ImageObject","inLanguage":"pt-BR","@id":"https:\/\/www.gaveanews.com\/#\/schema\/person\/image\/","url":"https:\/\/secure.gravatar.com\/avatar\/434098fd823f0dc1b062d14ca22bacaa6e38de28d8c816bbef6fc2f8c44d8ba3?s=96&d=mm&r=g","contentUrl":"https:\/\/secure.gravatar.com\/avatar\/434098fd823f0dc1b062d14ca22bacaa6e38de28d8c816bbef6fc2f8c44d8ba3?s=96&d=mm&r=g","caption":"Reda\u00e7\u00e3o"}}]}},"_links":{"self":[{"href":"https:\/\/www.gaveanews.com\/index.php\/wp-json\/wp\/v2\/posts\/278701","targetHints":{"allow":["GET"]}}],"collection":[{"href":"https:\/\/www.gaveanews.com\/index.php\/wp-json\/wp\/v2\/posts"}],"about":[{"href":"https:\/\/www.gaveanews.com\/index.php\/wp-json\/wp\/v2\/types\/post"}],"author":[{"embeddable":true,"href":"https:\/\/www.gaveanews.com\/index.php\/wp-json\/wp\/v2\/users\/39"}],"replies":[{"embeddable":true,"href":"https:\/\/www.gaveanews.com\/index.php\/wp-json\/wp\/v2\/comments?post=278701"}],"version-history":[{"count":1,"href":"https:\/\/www.gaveanews.com\/index.php\/wp-json\/wp\/v2\/posts\/278701\/revisions"}],"predecessor-version":[{"id":278709,"href":"https:\/\/www.gaveanews.com\/index.php\/wp-json\/wp\/v2\/posts\/278701\/revisions\/278709"}],"wp:featuredmedia":[{"embeddable":true,"href":"https:\/\/www.gaveanews.com\/index.php\/wp-json\/wp\/v2\/media\/274870"}],"wp:attachment":[{"href":"https:\/\/www.gaveanews.com\/index.php\/wp-json\/wp\/v2\/media?parent=278701"}],"wp:term":[{"taxonomy":"category","embeddable":true,"href":"https:\/\/www.gaveanews.com\/index.php\/wp-json\/wp\/v2\/categories?post=278701"},{"taxonomy":"post_tag","embeddable":true,"href":"https:\/\/www.gaveanews.com\/index.php\/wp-json\/wp\/v2\/tags?post=278701"}],"curies":[{"name":"wp","href":"https:\/\/api.w.org\/{rel}","templated":true}]}}