{"id":278718,"date":"2025-10-17T15:03:49","date_gmt":"2025-10-17T18:03:49","guid":{"rendered":"https:\/\/www.gaveanews.com\/?p=278718"},"modified":"2025-10-17T15:03:54","modified_gmt":"2025-10-17T18:03:54","slug":"palmeiras-tera-desfalque-de-peso-para-partida-contra-o-flamengo","status":"publish","type":"post","link":"https:\/\/www.gaveanews.com\/index.php\/2025\/10\/17\/palmeiras-tera-desfalque-de-peso-para-partida-contra-o-flamengo\/","title":{"rendered":"Palmeiras ter\u00e1 desfalque de peso para partida contra o Flamengo"},"content":{"rendered":"\n<p>O Palmeiras enfrenta o Flamengo no domingo (19 de outubro), \u00e0s 16 horas (hor\u00e1rio de Bras\u00edlia), no Maracan\u00e3, pela 29\u00aa rodada do Campeonato Brasileiro. A partida coloca frente a frente o l\u00edder da competi\u00e7\u00e3o, com 61 pontos, e o segundo colocado, que soma 58, em confronto direto pela ponta da tabela.<\/p>\n\n\n\n<p>Na v\u00e9spera da viagem ao Rio de Janeiro, o clube paulista confirmou um desfalque importante. O goleiro Weverton sofreu uma fissura em um osso da m\u00e3o direita e est\u00e1 fora do duelo. O jogador j\u00e1 est\u00e1 com a regi\u00e3o imobilizada e iniciar\u00e1 tratamento conservador na Academia de Futebol, segundo informa\u00e7\u00f5es divulgadas nesta sexta-feira (17 de outubro) pelo <em>ge.globo<\/em>.<\/p>\n\n\n\n<p>O Palmeiras se pronunciou oficialmente no in\u00edcio da tarde para detalhar a situa\u00e7\u00e3o cl\u00ednica do atleta e informou que n\u00e3o h\u00e1 necessidade de cirurgia no momento. A comiss\u00e3o t\u00e9cnica definir\u00e1 entre Marcelo Lomba e Carlos Miguel quem ocupar\u00e1 a vaga no gol diante do Flamengo, conforme indicou a nota.<\/p>\n\n\n\n<figure class=\"wp-block-image size-large\"><img loading=\"lazy\" decoding=\"async\" width=\"905\" height=\"1024\" src=\"http:\/\/www.gaveanews.com\/wp-content\/uploads\/Weverton-durante-o-jogo-entre-Botafogo-x-Palmeiras-pelo-Brasileirao-2024-905x1024.webp\" alt=\"\" class=\"wp-image-153071\" srcset=\"https:\/\/www.gaveanews.com\/wp-content\/uploads\/Weverton-durante-o-jogo-entre-Botafogo-x-Palmeiras-pelo-Brasileirao-2024-905x1024.webp 905w, https:\/\/www.gaveanews.com\/wp-content\/uploads\/Weverton-durante-o-jogo-entre-Botafogo-x-Palmeiras-pelo-Brasileirao-2024-265x300.webp 265w, https:\/\/www.gaveanews.com\/wp-content\/uploads\/Weverton-durante-o-jogo-entre-Botafogo-x-Palmeiras-pelo-Brasileirao-2024-768x869.webp 768w, https:\/\/www.gaveanews.com\/wp-content\/uploads\/Weverton-durante-o-jogo-entre-Botafogo-x-Palmeiras-pelo-Brasileirao-2024-371x420.webp 371w, https:\/\/www.gaveanews.com\/wp-content\/uploads\/Weverton-durante-o-jogo-entre-Botafogo-x-Palmeiras-pelo-Brasileirao-2024-742x840.webp 742w, https:\/\/www.gaveanews.com\/wp-content\/uploads\/Weverton-durante-o-jogo-entre-Botafogo-x-Palmeiras-pelo-Brasileirao-2024-640x725.webp 640w, https:\/\/www.gaveanews.com\/wp-content\/uploads\/Weverton-durante-o-jogo-entre-Botafogo-x-Palmeiras-pelo-Brasileirao-2024-1280x1449.webp 1280w, https:\/\/www.gaveanews.com\/wp-content\/uploads\/Weverton-durante-o-jogo-entre-Botafogo-x-Palmeiras-pelo-Brasileirao-2024-681x771.webp 681w, https:\/\/www.gaveanews.com\/wp-content\/uploads\/Weverton-durante-o-jogo-entre-Botafogo-x-Palmeiras-pelo-Brasileirao-2024-100x113.webp 100w, https:\/\/www.gaveanews.com\/wp-content\/uploads\/Weverton-durante-o-jogo-entre-Botafogo-x-Palmeiras-pelo-Brasileirao-2024.webp 1325w\" sizes=\"auto, (max-width: 905px) 100vw, 905px\" \/><figcaption class=\"wp-element-caption\">Weverton durante o jogo entre Botafogo x Palmeiras pelo Brasileir\u00e3o 2024 (Foto: Cesar Greco\/Palmeiras)<\/figcaption><\/figure>\n\n\n\n<p>Titular absoluto desde o in\u00edcio da temporada, Weverton \u00e9 o atleta que mais atuou pelo clube em 2025 \u2014 foram 58 jogos disputados, de um total de 62 compromissos do time at\u00e9 aqui. Marcelo Lomba participou das outras quatro partidas. A \u00faltima aus\u00eancia do goleiro titular havia ocorrido no dia 3 de agosto, quando foi poupado na vit\u00f3ria sobre o Vit\u00f3ria, tamb\u00e9m pelo Brasileir\u00e3o.<\/p>\n\n\n\n<p>Carlos Miguel, contratado duas semanas depois daquela partida, aparece como alternativa. Ex-jogador do Nottingham Forest, o goleiro de 23 anos custou 5,5 milh\u00f5es de euros (R$ 34,7 milh\u00f5es na cota\u00e7\u00e3o da \u00e9poca) e assinou contrato at\u00e9 2030. Embora seja visto internamente como o futuro da posi\u00e7\u00e3o, o jovem ainda n\u00e3o estreou pelo Palmeiras.<\/p>\n\n\n\n<p>A defini\u00e7\u00e3o sobre o substituto deve ocorrer no treino da tarde desta sexta-feira, na Academia de Futebol, o \u00faltimo antes da viagem para o Rio. O elenco embarca no s\u00e1bado (18 de outubro) para a capital fluminense, onde encerrar\u00e1 a prepara\u00e7\u00e3o para o confronto decisivo no Maracan\u00e3.<\/p>\n","protected":false},"excerpt":{"rendered":"<p>O Palmeiras enfrenta o Flamengo no domingo (19 de outubro), \u00e0s 16 horas (hor\u00e1rio de Bras\u00edlia), no Maracan\u00e3, pela 29\u00aa rodada do Campeonato Brasileiro. A partida coloca frente a frente o l\u00edder da competi\u00e7\u00e3o, com 61 pontos, e o segundo colocado, que soma 58, em confronto direto pela ponta da tabela. Na v\u00e9spera da viagem [&hellip;]<\/p>\n","protected":false},"author":39,"featured_media":267040,"comment_status":"open","ping_status":"closed","sticky":false,"template":"","format":"standard","meta":{"footnotes":""},"categories":[1],"tags":[],"class_list":["post-278718","post","type-post","status-publish","format-standard","has-post-thumbnail","hentry","category-flamengo"],"yoast_head":"<!-- This site is optimized with the Yoast SEO Premium plugin v24.2 (Yoast SEO v26.9) - https:\/\/yoast.com\/product\/yoast-seo-premium-wordpress\/ -->\n<title>Palmeiras ter\u00e1 desfalque de peso para partida contra o Flamengo<\/title>\n<meta name=\"robots\" content=\"index, follow, max-snippet:-1, max-image-preview:large, max-video-preview:-1\" \/>\n<link rel=\"canonical\" href=\"https:\/\/www.gaveanews.com\/index.php\/2025\/10\/17\/palmeiras-tera-desfalque-de-peso-para-partida-contra-o-flamengo\/\" \/>\n<meta property=\"og:locale\" content=\"pt_BR\" \/>\n<meta property=\"og:type\" content=\"article\" \/>\n<meta property=\"og:title\" content=\"Palmeiras ter\u00e1 desfalque de peso para partida contra o Flamengo\" \/>\n<meta property=\"og:description\" content=\"O Palmeiras enfrenta o Flamengo no domingo (19 de outubro), \u00e0s 16 horas (hor\u00e1rio de Bras\u00edlia), no Maracan\u00e3, pela 29\u00aa rodada do Campeonato Brasileiro. A partida coloca frente a frente o l\u00edder da competi\u00e7\u00e3o, com 61 pontos, e o segundo colocado, que soma 58, em confronto direto pela ponta da tabela. Na v\u00e9spera da viagem [&hellip;]\" \/>\n<meta property=\"og:url\" content=\"https:\/\/www.gaveanews.com\/index.php\/2025\/10\/17\/palmeiras-tera-desfalque-de-peso-para-partida-contra-o-flamengo\/\" \/>\n<meta property=\"og:site_name\" content=\"G\u00e1vea News\" \/>\n<meta property=\"article:publisher\" content=\"https:\/\/facebook.com\/gaveaNews\/\" \/>\n<meta property=\"article:published_time\" content=\"2025-10-17T18:03:49+00:00\" \/>\n<meta property=\"article:modified_time\" content=\"2025-10-17T18:03:54+00:00\" \/>\n<meta property=\"og:image\" content=\"http:\/\/www.gaveanews.com\/wp-content\/uploads\/Flamengo-em-vitoria-sobre-o-Palmeiras-no-ultimo-domingo-25-no-Allianz-Parque-pelo-Brasileirao-.webp\" \/>\n\t<meta property=\"og:image:width\" content=\"1200\" \/>\n\t<meta property=\"og:image:height\" content=\"900\" \/>\n\t<meta property=\"og:image:type\" content=\"image\/webp\" \/>\n<meta name=\"author\" content=\"Reda\u00e7\u00e3o\" \/>\n<meta name=\"twitter:card\" content=\"summary_large_image\" \/>\n<meta name=\"twitter:label1\" content=\"Escrito por\" \/>\n\t<meta name=\"twitter:data1\" content=\"Reda\u00e7\u00e3o\" \/>\n\t<meta name=\"twitter:label2\" content=\"Est. tempo de leitura\" \/>\n\t<meta name=\"twitter:data2\" content=\"3 minutos\" \/>\n<script type=\"application\/ld+json\" class=\"yoast-schema-graph\">{\"@context\":\"https:\/\/schema.org\",\"@graph\":[{\"@type\":\"NewsArticle\",\"@id\":\"https:\/\/www.gaveanews.com\/index.php\/2025\/10\/17\/palmeiras-tera-desfalque-de-peso-para-partida-contra-o-flamengo\/#article\",\"isPartOf\":{\"@id\":\"https:\/\/www.gaveanews.com\/index.php\/2025\/10\/17\/palmeiras-tera-desfalque-de-peso-para-partida-contra-o-flamengo\/\"},\"author\":{\"name\":\"Reda\u00e7\u00e3o\",\"@id\":\"https:\/\/www.gaveanews.com\/#\/schema\/person\/c88645e3d550d0b6574305e67dd5a716\"},\"headline\":\"Palmeiras ter\u00e1 desfalque de peso para partida contra o Flamengo\",\"datePublished\":\"2025-10-17T18:03:49+00:00\",\"dateModified\":\"2025-10-17T18:03:54+00:00\",\"mainEntityOfPage\":{\"@id\":\"https:\/\/www.gaveanews.com\/index.php\/2025\/10\/17\/palmeiras-tera-desfalque-de-peso-para-partida-contra-o-flamengo\/\"},\"wordCount\":359,\"commentCount\":0,\"image\":{\"@id\":\"https:\/\/www.gaveanews.com\/index.php\/2025\/10\/17\/palmeiras-tera-desfalque-de-peso-para-partida-contra-o-flamengo\/#primaryimage\"},\"thumbnailUrl\":\"https:\/\/www.gaveanews.com\/wp-content\/uploads\/Flamengo-em-vitoria-sobre-o-Palmeiras-no-ultimo-domingo-25-no-Allianz-Parque-pelo-Brasileirao-.webp\",\"articleSection\":[\"Flamengo\"],\"inLanguage\":\"pt-BR\",\"potentialAction\":[{\"@type\":\"CommentAction\",\"name\":\"Comment\",\"target\":[\"https:\/\/www.gaveanews.com\/index.php\/2025\/10\/17\/palmeiras-tera-desfalque-de-peso-para-partida-contra-o-flamengo\/#respond\"]}],\"copyrightYear\":\"2025\",\"copyrightHolder\":{\"@id\":\"https:\/\/www.gaveanews.com\/#organization\"}},{\"@type\":\"WebPage\",\"@id\":\"https:\/\/www.gaveanews.com\/index.php\/2025\/10\/17\/palmeiras-tera-desfalque-de-peso-para-partida-contra-o-flamengo\/\",\"url\":\"https:\/\/www.gaveanews.com\/index.php\/2025\/10\/17\/palmeiras-tera-desfalque-de-peso-para-partida-contra-o-flamengo\/\",\"name\":\"Palmeiras ter\u00e1 desfalque de peso para partida contra o Flamengo\",\"isPartOf\":{\"@id\":\"https:\/\/www.gaveanews.com\/#website\"},\"primaryImageOfPage\":{\"@id\":\"https:\/\/www.gaveanews.com\/index.php\/2025\/10\/17\/palmeiras-tera-desfalque-de-peso-para-partida-contra-o-flamengo\/#primaryimage\"},\"image\":{\"@id\":\"https:\/\/www.gaveanews.com\/index.php\/2025\/10\/17\/palmeiras-tera-desfalque-de-peso-para-partida-contra-o-flamengo\/#primaryimage\"},\"thumbnailUrl\":\"https:\/\/www.gaveanews.com\/wp-content\/uploads\/Flamengo-em-vitoria-sobre-o-Palmeiras-no-ultimo-domingo-25-no-Allianz-Parque-pelo-Brasileirao-.webp\",\"datePublished\":\"2025-10-17T18:03:49+00:00\",\"dateModified\":\"2025-10-17T18:03:54+00:00\",\"author\":{\"@id\":\"https:\/\/www.gaveanews.com\/#\/schema\/person\/c88645e3d550d0b6574305e67dd5a716\"},\"breadcrumb\":{\"@id\":\"https:\/\/www.gaveanews.com\/index.php\/2025\/10\/17\/palmeiras-tera-desfalque-de-peso-para-partida-contra-o-flamengo\/#breadcrumb\"},\"inLanguage\":\"pt-BR\",\"potentialAction\":[{\"@type\":\"ReadAction\",\"target\":[\"https:\/\/www.gaveanews.com\/index.php\/2025\/10\/17\/palmeiras-tera-desfalque-de-peso-para-partida-contra-o-flamengo\/\"]}]},{\"@type\":\"ImageObject\",\"inLanguage\":\"pt-BR\",\"@id\":\"https:\/\/www.gaveanews.com\/index.php\/2025\/10\/17\/palmeiras-tera-desfalque-de-peso-para-partida-contra-o-flamengo\/#primaryimage\",\"url\":\"https:\/\/www.gaveanews.com\/wp-content\/uploads\/Flamengo-em-vitoria-sobre-o-Palmeiras-no-ultimo-domingo-25-no-Allianz-Parque-pelo-Brasileirao-.webp\",\"contentUrl\":\"https:\/\/www.gaveanews.com\/wp-content\/uploads\/Flamengo-em-vitoria-sobre-o-Palmeiras-no-ultimo-domingo-25-no-Allianz-Parque-pelo-Brasileirao-.webp\",\"width\":1200,\"height\":900},{\"@type\":\"BreadcrumbList\",\"@id\":\"https:\/\/www.gaveanews.com\/index.php\/2025\/10\/17\/palmeiras-tera-desfalque-de-peso-para-partida-contra-o-flamengo\/#breadcrumb\",\"itemListElement\":[{\"@type\":\"ListItem\",\"position\":1,\"name\":\"Home\",\"item\":\"https:\/\/www.gaveanews.com\/\"},{\"@type\":\"ListItem\",\"position\":2,\"name\":\"Palmeiras ter\u00e1 desfalque de peso para partida contra o Flamengo\"}]},{\"@type\":\"WebSite\",\"@id\":\"https:\/\/www.gaveanews.com\/#website\",\"url\":\"https:\/\/www.gaveanews.com\/\",\"name\":\"G\u00e1vea News\",\"description\":\"Veja todas as not\u00edcias sobre o Flamengo: Contrata\u00e7\u00f5es, categorias de base, resultados das partidas, tabela de classifica\u00e7\u00e3o, pr\u00f3ximos jogos!\",\"potentialAction\":[{\"@type\":\"SearchAction\",\"target\":{\"@type\":\"EntryPoint\",\"urlTemplate\":\"https:\/\/www.gaveanews.com\/?s={search_term_string}\"},\"query-input\":{\"@type\":\"PropertyValueSpecification\",\"valueRequired\":true,\"valueName\":\"search_term_string\"}}],\"inLanguage\":\"pt-BR\"},{\"@type\":\"Person\",\"@id\":\"https:\/\/www.gaveanews.com\/#\/schema\/person\/c88645e3d550d0b6574305e67dd5a716\",\"name\":\"Reda\u00e7\u00e3o\",\"image\":{\"@type\":\"ImageObject\",\"inLanguage\":\"pt-BR\",\"@id\":\"https:\/\/www.gaveanews.com\/#\/schema\/person\/image\/\",\"url\":\"https:\/\/secure.gravatar.com\/avatar\/434098fd823f0dc1b062d14ca22bacaa6e38de28d8c816bbef6fc2f8c44d8ba3?s=96&d=mm&r=g\",\"contentUrl\":\"https:\/\/secure.gravatar.com\/avatar\/434098fd823f0dc1b062d14ca22bacaa6e38de28d8c816bbef6fc2f8c44d8ba3?s=96&d=mm&r=g\",\"caption\":\"Reda\u00e7\u00e3o\"}}]}<\/script>\n<!-- \/ Yoast SEO Premium plugin. -->","yoast_head_json":{"title":"Palmeiras ter\u00e1 desfalque de peso para partida contra o Flamengo","robots":{"index":"index","follow":"follow","max-snippet":"max-snippet:-1","max-image-preview":"max-image-preview:large","max-video-preview":"max-video-preview:-1"},"canonical":"https:\/\/www.gaveanews.com\/index.php\/2025\/10\/17\/palmeiras-tera-desfalque-de-peso-para-partida-contra-o-flamengo\/","og_locale":"pt_BR","og_type":"article","og_title":"Palmeiras ter\u00e1 desfalque de peso para partida contra o Flamengo","og_description":"O Palmeiras enfrenta o Flamengo no domingo (19 de outubro), \u00e0s 16 horas (hor\u00e1rio de Bras\u00edlia), no Maracan\u00e3, pela 29\u00aa rodada do Campeonato Brasileiro. A partida coloca frente a frente o l\u00edder da competi\u00e7\u00e3o, com 61 pontos, e o segundo colocado, que soma 58, em confronto direto pela ponta da tabela. Na v\u00e9spera da viagem [&hellip;]","og_url":"https:\/\/www.gaveanews.com\/index.php\/2025\/10\/17\/palmeiras-tera-desfalque-de-peso-para-partida-contra-o-flamengo\/","og_site_name":"G\u00e1vea News","article_publisher":"https:\/\/facebook.com\/gaveaNews\/","article_published_time":"2025-10-17T18:03:49+00:00","article_modified_time":"2025-10-17T18:03:54+00:00","og_image":[{"width":1200,"height":900,"url":"http:\/\/www.gaveanews.com\/wp-content\/uploads\/Flamengo-em-vitoria-sobre-o-Palmeiras-no-ultimo-domingo-25-no-Allianz-Parque-pelo-Brasileirao-.webp","type":"image\/webp"}],"author":"Reda\u00e7\u00e3o","twitter_card":"summary_large_image","twitter_misc":{"Escrito por":"Reda\u00e7\u00e3o","Est. tempo de leitura":"3 minutos"},"schema":{"@context":"https:\/\/schema.org","@graph":[{"@type":"NewsArticle","@id":"https:\/\/www.gaveanews.com\/index.php\/2025\/10\/17\/palmeiras-tera-desfalque-de-peso-para-partida-contra-o-flamengo\/#article","isPartOf":{"@id":"https:\/\/www.gaveanews.com\/index.php\/2025\/10\/17\/palmeiras-tera-desfalque-de-peso-para-partida-contra-o-flamengo\/"},"author":{"name":"Reda\u00e7\u00e3o","@id":"https:\/\/www.gaveanews.com\/#\/schema\/person\/c88645e3d550d0b6574305e67dd5a716"},"headline":"Palmeiras ter\u00e1 desfalque de peso para partida contra o Flamengo","datePublished":"2025-10-17T18:03:49+00:00","dateModified":"2025-10-17T18:03:54+00:00","mainEntityOfPage":{"@id":"https:\/\/www.gaveanews.com\/index.php\/2025\/10\/17\/palmeiras-tera-desfalque-de-peso-para-partida-contra-o-flamengo\/"},"wordCount":359,"commentCount":0,"image":{"@id":"https:\/\/www.gaveanews.com\/index.php\/2025\/10\/17\/palmeiras-tera-desfalque-de-peso-para-partida-contra-o-flamengo\/#primaryimage"},"thumbnailUrl":"https:\/\/www.gaveanews.com\/wp-content\/uploads\/Flamengo-em-vitoria-sobre-o-Palmeiras-no-ultimo-domingo-25-no-Allianz-Parque-pelo-Brasileirao-.webp","articleSection":["Flamengo"],"inLanguage":"pt-BR","potentialAction":[{"@type":"CommentAction","name":"Comment","target":["https:\/\/www.gaveanews.com\/index.php\/2025\/10\/17\/palmeiras-tera-desfalque-de-peso-para-partida-contra-o-flamengo\/#respond"]}],"copyrightYear":"2025","copyrightHolder":{"@id":"https:\/\/www.gaveanews.com\/#organization"}},{"@type":"WebPage","@id":"https:\/\/www.gaveanews.com\/index.php\/2025\/10\/17\/palmeiras-tera-desfalque-de-peso-para-partida-contra-o-flamengo\/","url":"https:\/\/www.gaveanews.com\/index.php\/2025\/10\/17\/palmeiras-tera-desfalque-de-peso-para-partida-contra-o-flamengo\/","name":"Palmeiras ter\u00e1 desfalque de peso para partida contra o Flamengo","isPartOf":{"@id":"https:\/\/www.gaveanews.com\/#website"},"primaryImageOfPage":{"@id":"https:\/\/www.gaveanews.com\/index.php\/2025\/10\/17\/palmeiras-tera-desfalque-de-peso-para-partida-contra-o-flamengo\/#primaryimage"},"image":{"@id":"https:\/\/www.gaveanews.com\/index.php\/2025\/10\/17\/palmeiras-tera-desfalque-de-peso-para-partida-contra-o-flamengo\/#primaryimage"},"thumbnailUrl":"https:\/\/www.gaveanews.com\/wp-content\/uploads\/Flamengo-em-vitoria-sobre-o-Palmeiras-no-ultimo-domingo-25-no-Allianz-Parque-pelo-Brasileirao-.webp","datePublished":"2025-10-17T18:03:49+00:00","dateModified":"2025-10-17T18:03:54+00:00","author":{"@id":"https:\/\/www.gaveanews.com\/#\/schema\/person\/c88645e3d550d0b6574305e67dd5a716"},"breadcrumb":{"@id":"https:\/\/www.gaveanews.com\/index.php\/2025\/10\/17\/palmeiras-tera-desfalque-de-peso-para-partida-contra-o-flamengo\/#breadcrumb"},"inLanguage":"pt-BR","potentialAction":[{"@type":"ReadAction","target":["https:\/\/www.gaveanews.com\/index.php\/2025\/10\/17\/palmeiras-tera-desfalque-de-peso-para-partida-contra-o-flamengo\/"]}]},{"@type":"ImageObject","inLanguage":"pt-BR","@id":"https:\/\/www.gaveanews.com\/index.php\/2025\/10\/17\/palmeiras-tera-desfalque-de-peso-para-partida-contra-o-flamengo\/#primaryimage","url":"https:\/\/www.gaveanews.com\/wp-content\/uploads\/Flamengo-em-vitoria-sobre-o-Palmeiras-no-ultimo-domingo-25-no-Allianz-Parque-pelo-Brasileirao-.webp","contentUrl":"https:\/\/www.gaveanews.com\/wp-content\/uploads\/Flamengo-em-vitoria-sobre-o-Palmeiras-no-ultimo-domingo-25-no-Allianz-Parque-pelo-Brasileirao-.webp","width":1200,"height":900},{"@type":"BreadcrumbList","@id":"https:\/\/www.gaveanews.com\/index.php\/2025\/10\/17\/palmeiras-tera-desfalque-de-peso-para-partida-contra-o-flamengo\/#breadcrumb","itemListElement":[{"@type":"ListItem","position":1,"name":"Home","item":"https:\/\/www.gaveanews.com\/"},{"@type":"ListItem","position":2,"name":"Palmeiras ter\u00e1 desfalque de peso para partida contra o Flamengo"}]},{"@type":"WebSite","@id":"https:\/\/www.gaveanews.com\/#website","url":"https:\/\/www.gaveanews.com\/","name":"G\u00e1vea News","description":"Veja todas as not\u00edcias sobre o Flamengo: Contrata\u00e7\u00f5es, categorias de base, resultados das partidas, tabela de classifica\u00e7\u00e3o, pr\u00f3ximos jogos!","potentialAction":[{"@type":"SearchAction","target":{"@type":"EntryPoint","urlTemplate":"https:\/\/www.gaveanews.com\/?s={search_term_string}"},"query-input":{"@type":"PropertyValueSpecification","valueRequired":true,"valueName":"search_term_string"}}],"inLanguage":"pt-BR"},{"@type":"Person","@id":"https:\/\/www.gaveanews.com\/#\/schema\/person\/c88645e3d550d0b6574305e67dd5a716","name":"Reda\u00e7\u00e3o","image":{"@type":"ImageObject","inLanguage":"pt-BR","@id":"https:\/\/www.gaveanews.com\/#\/schema\/person\/image\/","url":"https:\/\/secure.gravatar.com\/avatar\/434098fd823f0dc1b062d14ca22bacaa6e38de28d8c816bbef6fc2f8c44d8ba3?s=96&d=mm&r=g","contentUrl":"https:\/\/secure.gravatar.com\/avatar\/434098fd823f0dc1b062d14ca22bacaa6e38de28d8c816bbef6fc2f8c44d8ba3?s=96&d=mm&r=g","caption":"Reda\u00e7\u00e3o"}}]}},"_links":{"self":[{"href":"https:\/\/www.gaveanews.com\/index.php\/wp-json\/wp\/v2\/posts\/278718","targetHints":{"allow":["GET"]}}],"collection":[{"href":"https:\/\/www.gaveanews.com\/index.php\/wp-json\/wp\/v2\/posts"}],"about":[{"href":"https:\/\/www.gaveanews.com\/index.php\/wp-json\/wp\/v2\/types\/post"}],"author":[{"embeddable":true,"href":"https:\/\/www.gaveanews.com\/index.php\/wp-json\/wp\/v2\/users\/39"}],"replies":[{"embeddable":true,"href":"https:\/\/www.gaveanews.com\/index.php\/wp-json\/wp\/v2\/comments?post=278718"}],"version-history":[{"count":1,"href":"https:\/\/www.gaveanews.com\/index.php\/wp-json\/wp\/v2\/posts\/278718\/revisions"}],"predecessor-version":[{"id":278726,"href":"https:\/\/www.gaveanews.com\/index.php\/wp-json\/wp\/v2\/posts\/278718\/revisions\/278726"}],"wp:featuredmedia":[{"embeddable":true,"href":"https:\/\/www.gaveanews.com\/index.php\/wp-json\/wp\/v2\/media\/267040"}],"wp:attachment":[{"href":"https:\/\/www.gaveanews.com\/index.php\/wp-json\/wp\/v2\/media?parent=278718"}],"wp:term":[{"taxonomy":"category","embeddable":true,"href":"https:\/\/www.gaveanews.com\/index.php\/wp-json\/wp\/v2\/categories?post=278718"},{"taxonomy":"post_tag","embeddable":true,"href":"https:\/\/www.gaveanews.com\/index.php\/wp-json\/wp\/v2\/tags?post=278718"}],"curies":[{"name":"wp","href":"https:\/\/api.w.org\/{rel}","templated":true}]}}