{"id":278719,"date":"2025-10-17T14:48:38","date_gmt":"2025-10-17T17:48:38","guid":{"rendered":"https:\/\/www.gaveanews.com\/?p=278719"},"modified":"2025-10-17T14:48:43","modified_gmt":"2025-10-17T17:48:43","slug":"flamengo-emite-nota-oficial-e-confirma-nova-contratacao","status":"publish","type":"post","link":"https:\/\/www.gaveanews.com\/index.php\/2025\/10\/17\/flamengo-emite-nota-oficial-e-confirma-nova-contratacao\/","title":{"rendered":"Flamengo emite nota oficial e confirma nova contrata\u00e7\u00e3o"},"content":{"rendered":"\n<p>O <a href=\"https:\/\/www.gaveanews.com\/index.php\/category\/brasileirao\/flamengo\/\" target=\"_blank\" rel=\"noopener noreferrer\">Flamengo<\/a> anunciou a contrata\u00e7\u00e3o de Celso Silva como novo treinador do futebol feminino nesta sexta-feira (17 de outubro). O retorno ocorre ap\u00f3s a sa\u00edda de Rosana Augusto.<\/p>\n\n\n\n<p>Em comum acordo, conforme informado por ambos, os caminhos foram separados. Rosana preferiu n\u00e3o apostar no plano de readequa\u00e7\u00e3o financeira do Flamengo. O cen\u00e1rio atual envolve corte de gastos e forte uso das categorias de base. Celso assume o time principal em meio ao Carioca. Ele vai assistir ao jogo de s\u00e1bado (18 de outubro), contra o Real Heips, na G\u00e1vea, pelo Estadual. A equipe \u00e9 vice-l\u00edder, com quatro vit\u00f3rias e um empate em cinco partidas.<\/p>\n\n\n\n<p>Nesta sexta-feira (17 de outubro), Celso esteve no CFZ, teve o primeiro contato com o elenco e iniciou a segunda passagem. Na etapa anterior, ele acumulou t\u00edtulos pelo clube, como a Copinha, o Brasileir\u00e3o e o Carioca. Em declara\u00e7\u00e3o, descreveu a emo\u00e7\u00e3o do retorno.<\/p>\n\n\n\n<p>&#8220;Esse retorno ao Flamengo me deixa extremamente emocionado, grato e honrado. Poder representar de novo essa institui\u00e7\u00e3o \u00e9 motivo de muito orgulho. J\u00e1 vivi muitos anos aqui, passei por v\u00e1rios per\u00edodos e vivi momentos que ficaram marcados na minha vida at\u00e9 hoje, como o t\u00edtulo brasileiro em 2016 e a conquista da Copinha&#8221;.<\/p>\n\n\n\n<figure class=\"wp-block-embed is-type-photo is-provider-flickr wp-block-embed-flickr\"><div class=\"wp-block-embed__wrapper\">\n<a href=\"https:\/\/www.flickr.com\/photos\/201155970@N03\/54861074381\/in\/dateposted-public\/\"><img loading=\"lazy\" decoding=\"async\" src=\"https:\/\/live.staticflickr.com\/65535\/54861074381_2e8bbc3705_z.jpg\" alt=\"imagem_2025-10-17_144744505\" width=\"640\" height=\"630\" \/><\/a>\n<\/div><\/figure>\n\n\n\n<p>Ele avaliou o tamanho da miss\u00e3o e falou em continuidade do trabalho feito na temporada, com foco em corresponder \u00e0 confian\u00e7a da diretoria.<\/p>\n\n\n\n<p>&#8220;Entendo que \u00e9 uma miss\u00e3o desafiadora pela grandeza do clube, mas \u00e9 o que todo profissional deseja. Ent\u00e3o, agrade\u00e7o \u00e0 diretoria pela confian\u00e7a e espero poder corresponder \u00e0s expectativas, atrav\u00e9s de muito trabalho, suor e dedica\u00e7\u00e3o. Vamos dar continuidade no que j\u00e1 foi constru\u00eddo nessa temporada e planejar a pr\u00f3xima, com foco sempre em fazer o Flamengo melhor&#8221;.<\/p>\n\n\n\n<p>O treinador retorna ao clube ap\u00f3s passagem pelo sub-20 feminino do S\u00e3o Paulo. Na primeira etapa no Rubro-Negro, trabalhou em diferentes fun\u00e7\u00f5es e acumulou conquistas nas categorias de base. A agenda prev\u00ea que Celso acompanhe o duelo de s\u00e1bado (18 de outubro) contra o Real Heips, na G\u00e1vea, pelo Carioca.<\/p>\n","protected":false},"excerpt":{"rendered":"<p>O Flamengo anunciou a contrata\u00e7\u00e3o de Celso Silva como novo treinador do futebol feminino nesta sexta-feira (17 de outubro). O retorno ocorre ap\u00f3s a sa\u00edda de Rosana Augusto. Em comum acordo, conforme informado por ambos, os caminhos foram separados. Rosana preferiu n\u00e3o apostar no plano de readequa\u00e7\u00e3o financeira do Flamengo. O cen\u00e1rio atual envolve corte [&hellip;]<\/p>\n","protected":false},"author":39,"featured_media":121425,"comment_status":"open","ping_status":"closed","sticky":false,"template":"","format":"standard","meta":{"footnotes":""},"categories":[1],"tags":[],"class_list":["post-278719","post","type-post","status-publish","format-standard","has-post-thumbnail","hentry","category-flamengo"],"yoast_head":"<!-- This site is optimized with the Yoast SEO Premium plugin v24.2 (Yoast SEO v26.9) - https:\/\/yoast.com\/product\/yoast-seo-premium-wordpress\/ -->\n<title>Flamengo emite nota oficial e confirma nova contrata\u00e7\u00e3o<\/title>\n<meta name=\"description\" content=\"Nesta sexta-feira, o novo contratado esteve no CFZ, teve o primeiro contato com o elenco e iniciou a segunda passagem.\" \/>\n<meta name=\"robots\" content=\"index, follow, max-snippet:-1, max-image-preview:large, max-video-preview:-1\" \/>\n<link rel=\"canonical\" href=\"https:\/\/www.gaveanews.com\/index.php\/2025\/10\/17\/flamengo-emite-nota-oficial-e-confirma-nova-contratacao\/\" \/>\n<meta property=\"og:locale\" content=\"pt_BR\" \/>\n<meta property=\"og:type\" content=\"article\" \/>\n<meta property=\"og:title\" content=\"Flamengo emite nota oficial e confirma nova contrata\u00e7\u00e3o\" \/>\n<meta property=\"og:description\" content=\"Nesta sexta-feira, o novo contratado esteve no CFZ, teve o primeiro contato com o elenco e iniciou a segunda passagem.\" \/>\n<meta property=\"og:url\" content=\"https:\/\/www.gaveanews.com\/index.php\/2025\/10\/17\/flamengo-emite-nota-oficial-e-confirma-nova-contratacao\/\" \/>\n<meta property=\"og:site_name\" content=\"G\u00e1vea News\" \/>\n<meta property=\"article:publisher\" content=\"https:\/\/facebook.com\/gaveaNews\/\" \/>\n<meta property=\"article:published_time\" content=\"2025-10-17T17:48:38+00:00\" \/>\n<meta property=\"article:modified_time\" content=\"2025-10-17T17:48:43+00:00\" \/>\n<meta property=\"og:image\" content=\"http:\/\/www.gaveanews.com\/wp-content\/uploads\/escudoFLA.webp\" \/>\n\t<meta property=\"og:image:width\" content=\"900\" \/>\n\t<meta property=\"og:image:height\" content=\"530\" \/>\n\t<meta property=\"og:image:type\" content=\"image\/webp\" \/>\n<meta name=\"author\" content=\"Reda\u00e7\u00e3o\" \/>\n<meta name=\"twitter:card\" content=\"summary_large_image\" \/>\n<meta name=\"twitter:label1\" content=\"Escrito por\" \/>\n\t<meta name=\"twitter:data1\" content=\"Reda\u00e7\u00e3o\" \/>\n\t<meta name=\"twitter:label2\" content=\"Est. tempo de leitura\" \/>\n\t<meta name=\"twitter:data2\" content=\"3 minutos\" \/>\n<script type=\"application\/ld+json\" class=\"yoast-schema-graph\">{\"@context\":\"https:\/\/schema.org\",\"@graph\":[{\"@type\":\"NewsArticle\",\"@id\":\"https:\/\/www.gaveanews.com\/index.php\/2025\/10\/17\/flamengo-emite-nota-oficial-e-confirma-nova-contratacao\/#article\",\"isPartOf\":{\"@id\":\"https:\/\/www.gaveanews.com\/index.php\/2025\/10\/17\/flamengo-emite-nota-oficial-e-confirma-nova-contratacao\/\"},\"author\":{\"name\":\"Reda\u00e7\u00e3o\",\"@id\":\"https:\/\/www.gaveanews.com\/#\/schema\/person\/c88645e3d550d0b6574305e67dd5a716\"},\"headline\":\"Flamengo emite nota oficial e confirma nova contrata\u00e7\u00e3o\",\"datePublished\":\"2025-10-17T17:48:38+00:00\",\"dateModified\":\"2025-10-17T17:48:43+00:00\",\"mainEntityOfPage\":{\"@id\":\"https:\/\/www.gaveanews.com\/index.php\/2025\/10\/17\/flamengo-emite-nota-oficial-e-confirma-nova-contratacao\/\"},\"wordCount\":371,\"commentCount\":0,\"image\":{\"@id\":\"https:\/\/www.gaveanews.com\/index.php\/2025\/10\/17\/flamengo-emite-nota-oficial-e-confirma-nova-contratacao\/#primaryimage\"},\"thumbnailUrl\":\"https:\/\/www.gaveanews.com\/wp-content\/uploads\/escudoFLA.webp\",\"articleSection\":[\"Flamengo\"],\"inLanguage\":\"pt-BR\",\"potentialAction\":[{\"@type\":\"CommentAction\",\"name\":\"Comment\",\"target\":[\"https:\/\/www.gaveanews.com\/index.php\/2025\/10\/17\/flamengo-emite-nota-oficial-e-confirma-nova-contratacao\/#respond\"]}],\"copyrightYear\":\"2025\",\"copyrightHolder\":{\"@id\":\"https:\/\/www.gaveanews.com\/#organization\"}},{\"@type\":\"WebPage\",\"@id\":\"https:\/\/www.gaveanews.com\/index.php\/2025\/10\/17\/flamengo-emite-nota-oficial-e-confirma-nova-contratacao\/\",\"url\":\"https:\/\/www.gaveanews.com\/index.php\/2025\/10\/17\/flamengo-emite-nota-oficial-e-confirma-nova-contratacao\/\",\"name\":\"Flamengo emite nota oficial e confirma nova contrata\u00e7\u00e3o\",\"isPartOf\":{\"@id\":\"https:\/\/www.gaveanews.com\/#website\"},\"primaryImageOfPage\":{\"@id\":\"https:\/\/www.gaveanews.com\/index.php\/2025\/10\/17\/flamengo-emite-nota-oficial-e-confirma-nova-contratacao\/#primaryimage\"},\"image\":{\"@id\":\"https:\/\/www.gaveanews.com\/index.php\/2025\/10\/17\/flamengo-emite-nota-oficial-e-confirma-nova-contratacao\/#primaryimage\"},\"thumbnailUrl\":\"https:\/\/www.gaveanews.com\/wp-content\/uploads\/escudoFLA.webp\",\"datePublished\":\"2025-10-17T17:48:38+00:00\",\"dateModified\":\"2025-10-17T17:48:43+00:00\",\"author\":{\"@id\":\"https:\/\/www.gaveanews.com\/#\/schema\/person\/c88645e3d550d0b6574305e67dd5a716\"},\"description\":\"Nesta sexta-feira, o novo contratado esteve no CFZ, teve o primeiro contato com o elenco e iniciou a segunda passagem.\",\"breadcrumb\":{\"@id\":\"https:\/\/www.gaveanews.com\/index.php\/2025\/10\/17\/flamengo-emite-nota-oficial-e-confirma-nova-contratacao\/#breadcrumb\"},\"inLanguage\":\"pt-BR\",\"potentialAction\":[{\"@type\":\"ReadAction\",\"target\":[\"https:\/\/www.gaveanews.com\/index.php\/2025\/10\/17\/flamengo-emite-nota-oficial-e-confirma-nova-contratacao\/\"]}]},{\"@type\":\"ImageObject\",\"inLanguage\":\"pt-BR\",\"@id\":\"https:\/\/www.gaveanews.com\/index.php\/2025\/10\/17\/flamengo-emite-nota-oficial-e-confirma-nova-contratacao\/#primaryimage\",\"url\":\"https:\/\/www.gaveanews.com\/wp-content\/uploads\/escudoFLA.webp\",\"contentUrl\":\"https:\/\/www.gaveanews.com\/wp-content\/uploads\/escudoFLA.webp\",\"width\":900,\"height\":530,\"caption\":\"Escudo do Flamengo (Foto: Reprodu\u00e7\u00e3o)\"},{\"@type\":\"BreadcrumbList\",\"@id\":\"https:\/\/www.gaveanews.com\/index.php\/2025\/10\/17\/flamengo-emite-nota-oficial-e-confirma-nova-contratacao\/#breadcrumb\",\"itemListElement\":[{\"@type\":\"ListItem\",\"position\":1,\"name\":\"Home\",\"item\":\"https:\/\/www.gaveanews.com\/\"},{\"@type\":\"ListItem\",\"position\":2,\"name\":\"Flamengo emite nota oficial e confirma nova contrata\u00e7\u00e3o\"}]},{\"@type\":\"WebSite\",\"@id\":\"https:\/\/www.gaveanews.com\/#website\",\"url\":\"https:\/\/www.gaveanews.com\/\",\"name\":\"G\u00e1vea News\",\"description\":\"Veja todas as not\u00edcias sobre o Flamengo: Contrata\u00e7\u00f5es, categorias de base, resultados das partidas, tabela de classifica\u00e7\u00e3o, pr\u00f3ximos jogos!\",\"potentialAction\":[{\"@type\":\"SearchAction\",\"target\":{\"@type\":\"EntryPoint\",\"urlTemplate\":\"https:\/\/www.gaveanews.com\/?s={search_term_string}\"},\"query-input\":{\"@type\":\"PropertyValueSpecification\",\"valueRequired\":true,\"valueName\":\"search_term_string\"}}],\"inLanguage\":\"pt-BR\"},{\"@type\":\"Person\",\"@id\":\"https:\/\/www.gaveanews.com\/#\/schema\/person\/c88645e3d550d0b6574305e67dd5a716\",\"name\":\"Reda\u00e7\u00e3o\",\"image\":{\"@type\":\"ImageObject\",\"inLanguage\":\"pt-BR\",\"@id\":\"https:\/\/www.gaveanews.com\/#\/schema\/person\/image\/\",\"url\":\"https:\/\/secure.gravatar.com\/avatar\/434098fd823f0dc1b062d14ca22bacaa6e38de28d8c816bbef6fc2f8c44d8ba3?s=96&d=mm&r=g\",\"contentUrl\":\"https:\/\/secure.gravatar.com\/avatar\/434098fd823f0dc1b062d14ca22bacaa6e38de28d8c816bbef6fc2f8c44d8ba3?s=96&d=mm&r=g\",\"caption\":\"Reda\u00e7\u00e3o\"}}]}<\/script>\n<!-- \/ Yoast SEO Premium plugin. -->","yoast_head_json":{"title":"Flamengo emite nota oficial e confirma nova contrata\u00e7\u00e3o","description":"Nesta sexta-feira, o novo contratado esteve no CFZ, teve o primeiro contato com o elenco e iniciou a segunda passagem.","robots":{"index":"index","follow":"follow","max-snippet":"max-snippet:-1","max-image-preview":"max-image-preview:large","max-video-preview":"max-video-preview:-1"},"canonical":"https:\/\/www.gaveanews.com\/index.php\/2025\/10\/17\/flamengo-emite-nota-oficial-e-confirma-nova-contratacao\/","og_locale":"pt_BR","og_type":"article","og_title":"Flamengo emite nota oficial e confirma nova contrata\u00e7\u00e3o","og_description":"Nesta sexta-feira, o novo contratado esteve no CFZ, teve o primeiro contato com o elenco e iniciou a segunda passagem.","og_url":"https:\/\/www.gaveanews.com\/index.php\/2025\/10\/17\/flamengo-emite-nota-oficial-e-confirma-nova-contratacao\/","og_site_name":"G\u00e1vea News","article_publisher":"https:\/\/facebook.com\/gaveaNews\/","article_published_time":"2025-10-17T17:48:38+00:00","article_modified_time":"2025-10-17T17:48:43+00:00","og_image":[{"width":900,"height":530,"url":"http:\/\/www.gaveanews.com\/wp-content\/uploads\/escudoFLA.webp","type":"image\/webp"}],"author":"Reda\u00e7\u00e3o","twitter_card":"summary_large_image","twitter_misc":{"Escrito por":"Reda\u00e7\u00e3o","Est. tempo de leitura":"3 minutos"},"schema":{"@context":"https:\/\/schema.org","@graph":[{"@type":"NewsArticle","@id":"https:\/\/www.gaveanews.com\/index.php\/2025\/10\/17\/flamengo-emite-nota-oficial-e-confirma-nova-contratacao\/#article","isPartOf":{"@id":"https:\/\/www.gaveanews.com\/index.php\/2025\/10\/17\/flamengo-emite-nota-oficial-e-confirma-nova-contratacao\/"},"author":{"name":"Reda\u00e7\u00e3o","@id":"https:\/\/www.gaveanews.com\/#\/schema\/person\/c88645e3d550d0b6574305e67dd5a716"},"headline":"Flamengo emite nota oficial e confirma nova contrata\u00e7\u00e3o","datePublished":"2025-10-17T17:48:38+00:00","dateModified":"2025-10-17T17:48:43+00:00","mainEntityOfPage":{"@id":"https:\/\/www.gaveanews.com\/index.php\/2025\/10\/17\/flamengo-emite-nota-oficial-e-confirma-nova-contratacao\/"},"wordCount":371,"commentCount":0,"image":{"@id":"https:\/\/www.gaveanews.com\/index.php\/2025\/10\/17\/flamengo-emite-nota-oficial-e-confirma-nova-contratacao\/#primaryimage"},"thumbnailUrl":"https:\/\/www.gaveanews.com\/wp-content\/uploads\/escudoFLA.webp","articleSection":["Flamengo"],"inLanguage":"pt-BR","potentialAction":[{"@type":"CommentAction","name":"Comment","target":["https:\/\/www.gaveanews.com\/index.php\/2025\/10\/17\/flamengo-emite-nota-oficial-e-confirma-nova-contratacao\/#respond"]}],"copyrightYear":"2025","copyrightHolder":{"@id":"https:\/\/www.gaveanews.com\/#organization"}},{"@type":"WebPage","@id":"https:\/\/www.gaveanews.com\/index.php\/2025\/10\/17\/flamengo-emite-nota-oficial-e-confirma-nova-contratacao\/","url":"https:\/\/www.gaveanews.com\/index.php\/2025\/10\/17\/flamengo-emite-nota-oficial-e-confirma-nova-contratacao\/","name":"Flamengo emite nota oficial e confirma nova contrata\u00e7\u00e3o","isPartOf":{"@id":"https:\/\/www.gaveanews.com\/#website"},"primaryImageOfPage":{"@id":"https:\/\/www.gaveanews.com\/index.php\/2025\/10\/17\/flamengo-emite-nota-oficial-e-confirma-nova-contratacao\/#primaryimage"},"image":{"@id":"https:\/\/www.gaveanews.com\/index.php\/2025\/10\/17\/flamengo-emite-nota-oficial-e-confirma-nova-contratacao\/#primaryimage"},"thumbnailUrl":"https:\/\/www.gaveanews.com\/wp-content\/uploads\/escudoFLA.webp","datePublished":"2025-10-17T17:48:38+00:00","dateModified":"2025-10-17T17:48:43+00:00","author":{"@id":"https:\/\/www.gaveanews.com\/#\/schema\/person\/c88645e3d550d0b6574305e67dd5a716"},"description":"Nesta sexta-feira, o novo contratado esteve no CFZ, teve o primeiro contato com o elenco e iniciou a segunda passagem.","breadcrumb":{"@id":"https:\/\/www.gaveanews.com\/index.php\/2025\/10\/17\/flamengo-emite-nota-oficial-e-confirma-nova-contratacao\/#breadcrumb"},"inLanguage":"pt-BR","potentialAction":[{"@type":"ReadAction","target":["https:\/\/www.gaveanews.com\/index.php\/2025\/10\/17\/flamengo-emite-nota-oficial-e-confirma-nova-contratacao\/"]}]},{"@type":"ImageObject","inLanguage":"pt-BR","@id":"https:\/\/www.gaveanews.com\/index.php\/2025\/10\/17\/flamengo-emite-nota-oficial-e-confirma-nova-contratacao\/#primaryimage","url":"https:\/\/www.gaveanews.com\/wp-content\/uploads\/escudoFLA.webp","contentUrl":"https:\/\/www.gaveanews.com\/wp-content\/uploads\/escudoFLA.webp","width":900,"height":530,"caption":"Escudo do Flamengo (Foto: Reprodu\u00e7\u00e3o)"},{"@type":"BreadcrumbList","@id":"https:\/\/www.gaveanews.com\/index.php\/2025\/10\/17\/flamengo-emite-nota-oficial-e-confirma-nova-contratacao\/#breadcrumb","itemListElement":[{"@type":"ListItem","position":1,"name":"Home","item":"https:\/\/www.gaveanews.com\/"},{"@type":"ListItem","position":2,"name":"Flamengo emite nota oficial e confirma nova contrata\u00e7\u00e3o"}]},{"@type":"WebSite","@id":"https:\/\/www.gaveanews.com\/#website","url":"https:\/\/www.gaveanews.com\/","name":"G\u00e1vea News","description":"Veja todas as not\u00edcias sobre o Flamengo: Contrata\u00e7\u00f5es, categorias de base, resultados das partidas, tabela de classifica\u00e7\u00e3o, pr\u00f3ximos jogos!","potentialAction":[{"@type":"SearchAction","target":{"@type":"EntryPoint","urlTemplate":"https:\/\/www.gaveanews.com\/?s={search_term_string}"},"query-input":{"@type":"PropertyValueSpecification","valueRequired":true,"valueName":"search_term_string"}}],"inLanguage":"pt-BR"},{"@type":"Person","@id":"https:\/\/www.gaveanews.com\/#\/schema\/person\/c88645e3d550d0b6574305e67dd5a716","name":"Reda\u00e7\u00e3o","image":{"@type":"ImageObject","inLanguage":"pt-BR","@id":"https:\/\/www.gaveanews.com\/#\/schema\/person\/image\/","url":"https:\/\/secure.gravatar.com\/avatar\/434098fd823f0dc1b062d14ca22bacaa6e38de28d8c816bbef6fc2f8c44d8ba3?s=96&d=mm&r=g","contentUrl":"https:\/\/secure.gravatar.com\/avatar\/434098fd823f0dc1b062d14ca22bacaa6e38de28d8c816bbef6fc2f8c44d8ba3?s=96&d=mm&r=g","caption":"Reda\u00e7\u00e3o"}}]}},"_links":{"self":[{"href":"https:\/\/www.gaveanews.com\/index.php\/wp-json\/wp\/v2\/posts\/278719","targetHints":{"allow":["GET"]}}],"collection":[{"href":"https:\/\/www.gaveanews.com\/index.php\/wp-json\/wp\/v2\/posts"}],"about":[{"href":"https:\/\/www.gaveanews.com\/index.php\/wp-json\/wp\/v2\/types\/post"}],"author":[{"embeddable":true,"href":"https:\/\/www.gaveanews.com\/index.php\/wp-json\/wp\/v2\/users\/39"}],"replies":[{"embeddable":true,"href":"https:\/\/www.gaveanews.com\/index.php\/wp-json\/wp\/v2\/comments?post=278719"}],"version-history":[{"count":1,"href":"https:\/\/www.gaveanews.com\/index.php\/wp-json\/wp\/v2\/posts\/278719\/revisions"}],"predecessor-version":[{"id":278724,"href":"https:\/\/www.gaveanews.com\/index.php\/wp-json\/wp\/v2\/posts\/278719\/revisions\/278724"}],"wp:featuredmedia":[{"embeddable":true,"href":"https:\/\/www.gaveanews.com\/index.php\/wp-json\/wp\/v2\/media\/121425"}],"wp:attachment":[{"href":"https:\/\/www.gaveanews.com\/index.php\/wp-json\/wp\/v2\/media?parent=278719"}],"wp:term":[{"taxonomy":"category","embeddable":true,"href":"https:\/\/www.gaveanews.com\/index.php\/wp-json\/wp\/v2\/categories?post=278719"},{"taxonomy":"post_tag","embeddable":true,"href":"https:\/\/www.gaveanews.com\/index.php\/wp-json\/wp\/v2\/tags?post=278719"}],"curies":[{"name":"wp","href":"https:\/\/api.w.org\/{rel}","templated":true}]}}