{"id":278727,"date":"2025-10-17T16:15:00","date_gmt":"2025-10-17T19:15:00","guid":{"rendered":"https:\/\/www.gaveanews.com\/?p=278727"},"modified":"2025-10-17T15:40:34","modified_gmt":"2025-10-17T18:40:34","slug":"diego-ribas-se-emociona-ao-lembrar-de-ex-companheiro-dos-tempos-de-flamengo","status":"publish","type":"post","link":"https:\/\/www.gaveanews.com\/index.php\/2025\/10\/17\/diego-ribas-se-emociona-ao-lembrar-de-ex-companheiro-dos-tempos-de-flamengo\/","title":{"rendered":"Diego Ribas se emociona ao lembrar de ex-companheiro dos tempos de Flamengo"},"content":{"rendered":"\n<p>Diego Ribas, ex-meia do <a href=\"https:\/\/www.gaveanews.com\/index.php\/category\/brasileirao\/flamengo\/\" target=\"_blank\" rel=\"noopener noreferrer\">Flamengo<\/a>, palestrou para 400 garis da Comlurb na Cidade das Artes, no Rio de Janeiro, na quinta-feira (16 de outubro). O encontro abordou lideran\u00e7a e coletividade. Ele se emocionou ao relembrar Adenir Silva, o Seu Denir, massagista s\u00edmbolo do clube.<\/p>\n\n\n\n<p>Segundo Diego, Denir o convenceu a desistir de deixar o Flamengo em 2019. Naquele ano, ele perdeu um p\u00eanalti na elimina\u00e7\u00e3o da Copa do Brasil para o Athletico-PR. No embarque para enfrentar o Corinthians, torcedores o hostilizaram e jogaram pipocas em seu rosto.<\/p>\n\n\n\n<p>Durante a palestra, o ex-jogador contou que chorou ao chegar ao quarto do hotel em S\u00e3o Paulo e pensou em sair do clube. Foi quando Denir bateu \u00e0 porta e ofereceu apoio.<\/p>\n\n\n\n<p>&#8220;Eu abro a porta e est\u00e1 o Denir. Ele sentou na beira da minha cama e falou que j\u00e1 trabalhava h\u00e1 anos no clube, que viu muita coisa acontecer e que, \u00e0s vezes, passar por essas situa\u00e7\u00f5es tornavam os jogadores mais fortes. Ele pediu para eu erguer a cabe\u00e7a, pois eu ainda seria \u00eddolo do Flamengo&#8221;.<\/p>\n\n\n\n<p>Na palestra, Diego tamb\u00e9m refor\u00e7ou a import\u00e2ncia de cada fun\u00e7\u00e3o no time e na sociedade.<\/p>\n\n\n\n<p>&#8220;Cada pessoa, na sua fun\u00e7\u00e3o, pode fazer a diferen\u00e7a no seu mundo para as pessoas que est\u00e3o ao seu redor. A\u00ed est\u00e1 um rapaz que fez a diferen\u00e7a na minha vida pois, se n\u00e3o fosse o Denir, eu n\u00e3o teria suportado o que eu suportei com a camisa do Flamengo . Um cara que foi homenageado com um verdadeiro \u00eddolo. Maracan\u00e3 lotado, com a bandeira dele como reconhecimento&#8221;.<\/p>\n\n\n\n<p>O audit\u00f3rio se levantou e aplaudiu Diego de p\u00e9. Um tel\u00e3o exibiu uma foto dele com Denir e outra com a bandeira da torcida rubro-negra com o rosto do massagista. A esposa, Bruna, e o filho, Matteo, acompanharam a homenagem.<\/p>\n\n\n\n<p>Denir foi massagista do Flamengo por 42 anos. Diagnosticado com c\u00e2ncer em setembro de 2022, ele faleceu na segunda-feira (01 de janeiro) de 2024, ap\u00f3s trabalhar com gera\u00e7\u00f5es que v\u00e3o de Zico a Gabigol.<\/p>\n\n\n\n<p>Diego \u00e9 embaixador sem fins lucrativos da Comlurb e firmou parceria para a\u00e7\u00f5es de conscientiza\u00e7\u00e3o sobre reciclagem, responsabilidade social e preserva\u00e7\u00e3o da cidade. At\u00e9 o fim do ano, participar\u00e1 de a\u00e7\u00f5es mensais. A primeira foi simb\u00f3lica: ele vestiu o uniforme e atuou como gari por um dia, ajudando na limpeza da praia da Barra da Tijuca, na Zona Oeste. <\/p>\n\n\n\n<p>De janeiro a agosto de 2025, a Comlurb recolheu 35.400 toneladas de res\u00edduos nas praias. A Barra liderou com 7.395 toneladas, seguida da Ilha do Governador, impactada pelo lixo de mar\u00e9, com 5.767 toneladas.<\/p>\n","protected":false},"excerpt":{"rendered":"<p>Diego Ribas, ex-meia do Flamengo, palestrou para 400 garis da Comlurb na Cidade das Artes, no Rio de Janeiro, na quinta-feira (16 de outubro). O encontro abordou lideran\u00e7a e coletividade. Ele se emocionou ao relembrar Adenir Silva, o Seu Denir, massagista s\u00edmbolo do clube. Segundo Diego, Denir o convenceu a desistir de deixar o Flamengo [&hellip;]<\/p>\n","protected":false},"author":39,"featured_media":156893,"comment_status":"open","ping_status":"closed","sticky":false,"template":"","format":"standard","meta":{"footnotes":""},"categories":[1],"tags":[],"class_list":["post-278727","post","type-post","status-publish","format-standard","has-post-thumbnail","hentry","category-flamengo"],"yoast_head":"<!-- This site is optimized with the Yoast SEO Premium plugin v24.2 (Yoast SEO v26.9) - https:\/\/yoast.com\/product\/yoast-seo-premium-wordpress\/ -->\n<title>Diego Ribas se emociona ao lembrar de ex-companheiro dos tempos de Flamengo<\/title>\n<meta name=\"robots\" content=\"index, follow, max-snippet:-1, max-image-preview:large, max-video-preview:-1\" \/>\n<link rel=\"canonical\" href=\"https:\/\/www.gaveanews.com\/index.php\/2025\/10\/17\/diego-ribas-se-emociona-ao-lembrar-de-ex-companheiro-dos-tempos-de-flamengo\/\" \/>\n<meta property=\"og:locale\" content=\"pt_BR\" \/>\n<meta property=\"og:type\" content=\"article\" \/>\n<meta property=\"og:title\" content=\"Diego Ribas se emociona ao lembrar de ex-companheiro dos tempos de Flamengo\" \/>\n<meta property=\"og:description\" content=\"Diego Ribas, ex-meia do Flamengo, palestrou para 400 garis da Comlurb na Cidade das Artes, no Rio de Janeiro, na quinta-feira (16 de outubro). O encontro abordou lideran\u00e7a e coletividade. Ele se emocionou ao relembrar Adenir Silva, o Seu Denir, massagista s\u00edmbolo do clube. Segundo Diego, Denir o convenceu a desistir de deixar o Flamengo [&hellip;]\" \/>\n<meta property=\"og:url\" content=\"https:\/\/www.gaveanews.com\/index.php\/2025\/10\/17\/diego-ribas-se-emociona-ao-lembrar-de-ex-companheiro-dos-tempos-de-flamengo\/\" \/>\n<meta property=\"og:site_name\" content=\"G\u00e1vea News\" \/>\n<meta property=\"article:publisher\" content=\"https:\/\/facebook.com\/gaveaNews\/\" \/>\n<meta property=\"article:published_time\" content=\"2025-10-17T19:15:00+00:00\" \/>\n<meta property=\"og:image\" content=\"https:\/\/www.gaveanews.com\/wp-content\/uploads\/Diego-Ribas-ex-Flamengo-em-palestra.webp\" \/>\n\t<meta property=\"og:image:width\" content=\"1125\" \/>\n\t<meta property=\"og:image:height\" content=\"794\" \/>\n\t<meta property=\"og:image:type\" content=\"image\/jpeg\" \/>\n<meta name=\"author\" content=\"Reda\u00e7\u00e3o\" \/>\n<meta name=\"twitter:card\" content=\"summary_large_image\" \/>\n<meta name=\"twitter:label1\" content=\"Escrito por\" \/>\n\t<meta name=\"twitter:data1\" content=\"Reda\u00e7\u00e3o\" \/>\n\t<meta name=\"twitter:label2\" content=\"Est. tempo de leitura\" \/>\n\t<meta name=\"twitter:data2\" content=\"3 minutos\" \/>\n<script type=\"application\/ld+json\" class=\"yoast-schema-graph\">{\"@context\":\"https:\/\/schema.org\",\"@graph\":[{\"@type\":\"NewsArticle\",\"@id\":\"https:\/\/www.gaveanews.com\/index.php\/2025\/10\/17\/diego-ribas-se-emociona-ao-lembrar-de-ex-companheiro-dos-tempos-de-flamengo\/#article\",\"isPartOf\":{\"@id\":\"https:\/\/www.gaveanews.com\/index.php\/2025\/10\/17\/diego-ribas-se-emociona-ao-lembrar-de-ex-companheiro-dos-tempos-de-flamengo\/\"},\"author\":{\"name\":\"Reda\u00e7\u00e3o\",\"@id\":\"https:\/\/www.gaveanews.com\/#\/schema\/person\/c88645e3d550d0b6574305e67dd5a716\"},\"headline\":\"Diego Ribas se emociona ao lembrar de ex-companheiro dos tempos de Flamengo\",\"datePublished\":\"2025-10-17T19:15:00+00:00\",\"mainEntityOfPage\":{\"@id\":\"https:\/\/www.gaveanews.com\/index.php\/2025\/10\/17\/diego-ribas-se-emociona-ao-lembrar-de-ex-companheiro-dos-tempos-de-flamengo\/\"},\"wordCount\":452,\"commentCount\":0,\"image\":{\"@id\":\"https:\/\/www.gaveanews.com\/index.php\/2025\/10\/17\/diego-ribas-se-emociona-ao-lembrar-de-ex-companheiro-dos-tempos-de-flamengo\/#primaryimage\"},\"thumbnailUrl\":\"https:\/\/www.gaveanews.com\/wp-content\/uploads\/Diego-Ribas-ex-Flamengo-em-palestra.webp\",\"articleSection\":[\"Flamengo\"],\"inLanguage\":\"pt-BR\",\"potentialAction\":[{\"@type\":\"CommentAction\",\"name\":\"Comment\",\"target\":[\"https:\/\/www.gaveanews.com\/index.php\/2025\/10\/17\/diego-ribas-se-emociona-ao-lembrar-de-ex-companheiro-dos-tempos-de-flamengo\/#respond\"]}],\"copyrightYear\":\"2025\",\"copyrightHolder\":{\"@id\":\"https:\/\/www.gaveanews.com\/#organization\"}},{\"@type\":\"WebPage\",\"@id\":\"https:\/\/www.gaveanews.com\/index.php\/2025\/10\/17\/diego-ribas-se-emociona-ao-lembrar-de-ex-companheiro-dos-tempos-de-flamengo\/\",\"url\":\"https:\/\/www.gaveanews.com\/index.php\/2025\/10\/17\/diego-ribas-se-emociona-ao-lembrar-de-ex-companheiro-dos-tempos-de-flamengo\/\",\"name\":\"Diego Ribas se emociona ao lembrar de ex-companheiro dos tempos de Flamengo\",\"isPartOf\":{\"@id\":\"https:\/\/www.gaveanews.com\/#website\"},\"primaryImageOfPage\":{\"@id\":\"https:\/\/www.gaveanews.com\/index.php\/2025\/10\/17\/diego-ribas-se-emociona-ao-lembrar-de-ex-companheiro-dos-tempos-de-flamengo\/#primaryimage\"},\"image\":{\"@id\":\"https:\/\/www.gaveanews.com\/index.php\/2025\/10\/17\/diego-ribas-se-emociona-ao-lembrar-de-ex-companheiro-dos-tempos-de-flamengo\/#primaryimage\"},\"thumbnailUrl\":\"https:\/\/www.gaveanews.com\/wp-content\/uploads\/Diego-Ribas-ex-Flamengo-em-palestra.webp\",\"datePublished\":\"2025-10-17T19:15:00+00:00\",\"author\":{\"@id\":\"https:\/\/www.gaveanews.com\/#\/schema\/person\/c88645e3d550d0b6574305e67dd5a716\"},\"breadcrumb\":{\"@id\":\"https:\/\/www.gaveanews.com\/index.php\/2025\/10\/17\/diego-ribas-se-emociona-ao-lembrar-de-ex-companheiro-dos-tempos-de-flamengo\/#breadcrumb\"},\"inLanguage\":\"pt-BR\",\"potentialAction\":[{\"@type\":\"ReadAction\",\"target\":[\"https:\/\/www.gaveanews.com\/index.php\/2025\/10\/17\/diego-ribas-se-emociona-ao-lembrar-de-ex-companheiro-dos-tempos-de-flamengo\/\"]}]},{\"@type\":\"ImageObject\",\"inLanguage\":\"pt-BR\",\"@id\":\"https:\/\/www.gaveanews.com\/index.php\/2025\/10\/17\/diego-ribas-se-emociona-ao-lembrar-de-ex-companheiro-dos-tempos-de-flamengo\/#primaryimage\",\"url\":\"https:\/\/www.gaveanews.com\/wp-content\/uploads\/Diego-Ribas-ex-Flamengo-em-palestra.webp\",\"contentUrl\":\"https:\/\/www.gaveanews.com\/wp-content\/uploads\/Diego-Ribas-ex-Flamengo-em-palestra.webp\",\"width\":1125,\"height\":794,\"caption\":\"Diego Ribas ex-Flamengo em palestra (Foto: Instagram\/Diego Ribas)\"},{\"@type\":\"BreadcrumbList\",\"@id\":\"https:\/\/www.gaveanews.com\/index.php\/2025\/10\/17\/diego-ribas-se-emociona-ao-lembrar-de-ex-companheiro-dos-tempos-de-flamengo\/#breadcrumb\",\"itemListElement\":[{\"@type\":\"ListItem\",\"position\":1,\"name\":\"Home\",\"item\":\"https:\/\/www.gaveanews.com\/\"},{\"@type\":\"ListItem\",\"position\":2,\"name\":\"Diego Ribas se emociona ao lembrar de ex-companheiro dos tempos de Flamengo\"}]},{\"@type\":\"WebSite\",\"@id\":\"https:\/\/www.gaveanews.com\/#website\",\"url\":\"https:\/\/www.gaveanews.com\/\",\"name\":\"G\u00e1vea News\",\"description\":\"Veja todas as not\u00edcias sobre o Flamengo: Contrata\u00e7\u00f5es, categorias de base, resultados das partidas, tabela de classifica\u00e7\u00e3o, pr\u00f3ximos jogos!\",\"potentialAction\":[{\"@type\":\"SearchAction\",\"target\":{\"@type\":\"EntryPoint\",\"urlTemplate\":\"https:\/\/www.gaveanews.com\/?s={search_term_string}\"},\"query-input\":{\"@type\":\"PropertyValueSpecification\",\"valueRequired\":true,\"valueName\":\"search_term_string\"}}],\"inLanguage\":\"pt-BR\"},{\"@type\":\"Person\",\"@id\":\"https:\/\/www.gaveanews.com\/#\/schema\/person\/c88645e3d550d0b6574305e67dd5a716\",\"name\":\"Reda\u00e7\u00e3o\",\"image\":{\"@type\":\"ImageObject\",\"inLanguage\":\"pt-BR\",\"@id\":\"https:\/\/www.gaveanews.com\/#\/schema\/person\/image\/\",\"url\":\"https:\/\/secure.gravatar.com\/avatar\/434098fd823f0dc1b062d14ca22bacaa6e38de28d8c816bbef6fc2f8c44d8ba3?s=96&d=mm&r=g\",\"contentUrl\":\"https:\/\/secure.gravatar.com\/avatar\/434098fd823f0dc1b062d14ca22bacaa6e38de28d8c816bbef6fc2f8c44d8ba3?s=96&d=mm&r=g\",\"caption\":\"Reda\u00e7\u00e3o\"}}]}<\/script>\n<!-- \/ Yoast SEO Premium plugin. -->","yoast_head_json":{"title":"Diego Ribas se emociona ao lembrar de ex-companheiro dos tempos de Flamengo","robots":{"index":"index","follow":"follow","max-snippet":"max-snippet:-1","max-image-preview":"max-image-preview:large","max-video-preview":"max-video-preview:-1"},"canonical":"https:\/\/www.gaveanews.com\/index.php\/2025\/10\/17\/diego-ribas-se-emociona-ao-lembrar-de-ex-companheiro-dos-tempos-de-flamengo\/","og_locale":"pt_BR","og_type":"article","og_title":"Diego Ribas se emociona ao lembrar de ex-companheiro dos tempos de Flamengo","og_description":"Diego Ribas, ex-meia do Flamengo, palestrou para 400 garis da Comlurb na Cidade das Artes, no Rio de Janeiro, na quinta-feira (16 de outubro). O encontro abordou lideran\u00e7a e coletividade. Ele se emocionou ao relembrar Adenir Silva, o Seu Denir, massagista s\u00edmbolo do clube. Segundo Diego, Denir o convenceu a desistir de deixar o Flamengo [&hellip;]","og_url":"https:\/\/www.gaveanews.com\/index.php\/2025\/10\/17\/diego-ribas-se-emociona-ao-lembrar-de-ex-companheiro-dos-tempos-de-flamengo\/","og_site_name":"G\u00e1vea News","article_publisher":"https:\/\/facebook.com\/gaveaNews\/","article_published_time":"2025-10-17T19:15:00+00:00","og_image":[{"width":1125,"height":794,"url":"https:\/\/www.gaveanews.com\/wp-content\/uploads\/Diego-Ribas-ex-Flamengo-em-palestra.webp","type":"image\/jpeg"}],"author":"Reda\u00e7\u00e3o","twitter_card":"summary_large_image","twitter_misc":{"Escrito por":"Reda\u00e7\u00e3o","Est. tempo de leitura":"3 minutos"},"schema":{"@context":"https:\/\/schema.org","@graph":[{"@type":"NewsArticle","@id":"https:\/\/www.gaveanews.com\/index.php\/2025\/10\/17\/diego-ribas-se-emociona-ao-lembrar-de-ex-companheiro-dos-tempos-de-flamengo\/#article","isPartOf":{"@id":"https:\/\/www.gaveanews.com\/index.php\/2025\/10\/17\/diego-ribas-se-emociona-ao-lembrar-de-ex-companheiro-dos-tempos-de-flamengo\/"},"author":{"name":"Reda\u00e7\u00e3o","@id":"https:\/\/www.gaveanews.com\/#\/schema\/person\/c88645e3d550d0b6574305e67dd5a716"},"headline":"Diego Ribas se emociona ao lembrar de ex-companheiro dos tempos de Flamengo","datePublished":"2025-10-17T19:15:00+00:00","mainEntityOfPage":{"@id":"https:\/\/www.gaveanews.com\/index.php\/2025\/10\/17\/diego-ribas-se-emociona-ao-lembrar-de-ex-companheiro-dos-tempos-de-flamengo\/"},"wordCount":452,"commentCount":0,"image":{"@id":"https:\/\/www.gaveanews.com\/index.php\/2025\/10\/17\/diego-ribas-se-emociona-ao-lembrar-de-ex-companheiro-dos-tempos-de-flamengo\/#primaryimage"},"thumbnailUrl":"https:\/\/www.gaveanews.com\/wp-content\/uploads\/Diego-Ribas-ex-Flamengo-em-palestra.webp","articleSection":["Flamengo"],"inLanguage":"pt-BR","potentialAction":[{"@type":"CommentAction","name":"Comment","target":["https:\/\/www.gaveanews.com\/index.php\/2025\/10\/17\/diego-ribas-se-emociona-ao-lembrar-de-ex-companheiro-dos-tempos-de-flamengo\/#respond"]}],"copyrightYear":"2025","copyrightHolder":{"@id":"https:\/\/www.gaveanews.com\/#organization"}},{"@type":"WebPage","@id":"https:\/\/www.gaveanews.com\/index.php\/2025\/10\/17\/diego-ribas-se-emociona-ao-lembrar-de-ex-companheiro-dos-tempos-de-flamengo\/","url":"https:\/\/www.gaveanews.com\/index.php\/2025\/10\/17\/diego-ribas-se-emociona-ao-lembrar-de-ex-companheiro-dos-tempos-de-flamengo\/","name":"Diego Ribas se emociona ao lembrar de ex-companheiro dos tempos de Flamengo","isPartOf":{"@id":"https:\/\/www.gaveanews.com\/#website"},"primaryImageOfPage":{"@id":"https:\/\/www.gaveanews.com\/index.php\/2025\/10\/17\/diego-ribas-se-emociona-ao-lembrar-de-ex-companheiro-dos-tempos-de-flamengo\/#primaryimage"},"image":{"@id":"https:\/\/www.gaveanews.com\/index.php\/2025\/10\/17\/diego-ribas-se-emociona-ao-lembrar-de-ex-companheiro-dos-tempos-de-flamengo\/#primaryimage"},"thumbnailUrl":"https:\/\/www.gaveanews.com\/wp-content\/uploads\/Diego-Ribas-ex-Flamengo-em-palestra.webp","datePublished":"2025-10-17T19:15:00+00:00","author":{"@id":"https:\/\/www.gaveanews.com\/#\/schema\/person\/c88645e3d550d0b6574305e67dd5a716"},"breadcrumb":{"@id":"https:\/\/www.gaveanews.com\/index.php\/2025\/10\/17\/diego-ribas-se-emociona-ao-lembrar-de-ex-companheiro-dos-tempos-de-flamengo\/#breadcrumb"},"inLanguage":"pt-BR","potentialAction":[{"@type":"ReadAction","target":["https:\/\/www.gaveanews.com\/index.php\/2025\/10\/17\/diego-ribas-se-emociona-ao-lembrar-de-ex-companheiro-dos-tempos-de-flamengo\/"]}]},{"@type":"ImageObject","inLanguage":"pt-BR","@id":"https:\/\/www.gaveanews.com\/index.php\/2025\/10\/17\/diego-ribas-se-emociona-ao-lembrar-de-ex-companheiro-dos-tempos-de-flamengo\/#primaryimage","url":"https:\/\/www.gaveanews.com\/wp-content\/uploads\/Diego-Ribas-ex-Flamengo-em-palestra.webp","contentUrl":"https:\/\/www.gaveanews.com\/wp-content\/uploads\/Diego-Ribas-ex-Flamengo-em-palestra.webp","width":1125,"height":794,"caption":"Diego Ribas ex-Flamengo em palestra (Foto: Instagram\/Diego Ribas)"},{"@type":"BreadcrumbList","@id":"https:\/\/www.gaveanews.com\/index.php\/2025\/10\/17\/diego-ribas-se-emociona-ao-lembrar-de-ex-companheiro-dos-tempos-de-flamengo\/#breadcrumb","itemListElement":[{"@type":"ListItem","position":1,"name":"Home","item":"https:\/\/www.gaveanews.com\/"},{"@type":"ListItem","position":2,"name":"Diego Ribas se emociona ao lembrar de ex-companheiro dos tempos de Flamengo"}]},{"@type":"WebSite","@id":"https:\/\/www.gaveanews.com\/#website","url":"https:\/\/www.gaveanews.com\/","name":"G\u00e1vea News","description":"Veja todas as not\u00edcias sobre o Flamengo: Contrata\u00e7\u00f5es, categorias de base, resultados das partidas, tabela de classifica\u00e7\u00e3o, pr\u00f3ximos jogos!","potentialAction":[{"@type":"SearchAction","target":{"@type":"EntryPoint","urlTemplate":"https:\/\/www.gaveanews.com\/?s={search_term_string}"},"query-input":{"@type":"PropertyValueSpecification","valueRequired":true,"valueName":"search_term_string"}}],"inLanguage":"pt-BR"},{"@type":"Person","@id":"https:\/\/www.gaveanews.com\/#\/schema\/person\/c88645e3d550d0b6574305e67dd5a716","name":"Reda\u00e7\u00e3o","image":{"@type":"ImageObject","inLanguage":"pt-BR","@id":"https:\/\/www.gaveanews.com\/#\/schema\/person\/image\/","url":"https:\/\/secure.gravatar.com\/avatar\/434098fd823f0dc1b062d14ca22bacaa6e38de28d8c816bbef6fc2f8c44d8ba3?s=96&d=mm&r=g","contentUrl":"https:\/\/secure.gravatar.com\/avatar\/434098fd823f0dc1b062d14ca22bacaa6e38de28d8c816bbef6fc2f8c44d8ba3?s=96&d=mm&r=g","caption":"Reda\u00e7\u00e3o"}}]}},"_links":{"self":[{"href":"https:\/\/www.gaveanews.com\/index.php\/wp-json\/wp\/v2\/posts\/278727","targetHints":{"allow":["GET"]}}],"collection":[{"href":"https:\/\/www.gaveanews.com\/index.php\/wp-json\/wp\/v2\/posts"}],"about":[{"href":"https:\/\/www.gaveanews.com\/index.php\/wp-json\/wp\/v2\/types\/post"}],"author":[{"embeddable":true,"href":"https:\/\/www.gaveanews.com\/index.php\/wp-json\/wp\/v2\/users\/39"}],"replies":[{"embeddable":true,"href":"https:\/\/www.gaveanews.com\/index.php\/wp-json\/wp\/v2\/comments?post=278727"}],"version-history":[{"count":1,"href":"https:\/\/www.gaveanews.com\/index.php\/wp-json\/wp\/v2\/posts\/278727\/revisions"}],"predecessor-version":[{"id":278732,"href":"https:\/\/www.gaveanews.com\/index.php\/wp-json\/wp\/v2\/posts\/278727\/revisions\/278732"}],"wp:featuredmedia":[{"embeddable":true,"href":"https:\/\/www.gaveanews.com\/index.php\/wp-json\/wp\/v2\/media\/156893"}],"wp:attachment":[{"href":"https:\/\/www.gaveanews.com\/index.php\/wp-json\/wp\/v2\/media?parent=278727"}],"wp:term":[{"taxonomy":"category","embeddable":true,"href":"https:\/\/www.gaveanews.com\/index.php\/wp-json\/wp\/v2\/categories?post=278727"},{"taxonomy":"post_tag","embeddable":true,"href":"https:\/\/www.gaveanews.com\/index.php\/wp-json\/wp\/v2\/tags?post=278727"}],"curies":[{"name":"wp","href":"https:\/\/api.w.org\/{rel}","templated":true}]}}