{"id":278730,"date":"2025-10-17T16:30:00","date_gmt":"2025-10-17T19:30:00","guid":{"rendered":"https:\/\/www.gaveanews.com\/?p=278730"},"modified":"2025-10-17T15:49:17","modified_gmt":"2025-10-17T18:49:17","slug":"flamengo-deve-ter-mais-um-desfalque-de-peso-para-a-partida-contra-o-palmeiras","status":"publish","type":"post","link":"https:\/\/www.gaveanews.com\/index.php\/2025\/10\/17\/flamengo-deve-ter-mais-um-desfalque-de-peso-para-a-partida-contra-o-palmeiras\/","title":{"rendered":"Flamengo deve ter mais um desfalque de peso para a partida contra o Palmeiras"},"content":{"rendered":"\n<p><a href=\"https:\/\/www.gaveanews.com\/index.php\/category\/brasileirao\/flamengo\/\" target=\"_blank\" rel=\"noopener noreferrer\">Flamengo<\/a> e <a href=\"https:\/\/www.gaveanews.com\/index.php\/category\/brasileirao\/palmeiras\/\" target=\"_blank\" rel=\"noopener noreferrer\">Palmeiras<\/a> se enfrentam no domingo (19), \u00e0s 16 horas (hor\u00e1rio de Bras\u00edlia), no Maracan\u00e3, pela 29\u00aa rodada do Campeonato Brasileiro. O Palmeiras lidera com 61 pontos; o Flamengo tem 58. O duelo ocorre em meio a reavalia\u00e7\u00f5es no elenco rubro-negro.<\/p>\n\n\n\n<p>Sa\u00fal \u00d1\u00edguez sente dores no tornozelo esquerdo e n\u00e3o treinou com o grupo nesta sexta-feira (17). Na quinta-feira (16), trabalhou de forma individual e fez apenas exerc\u00edcios f\u00edsicos, sem integrar atividades coletivas. Por este motivo, o camisa 8 provavelmente ser\u00e1 baixa importante contra o Alviverde. Ele j\u00e1 ficou fora dos jogos contra Bahia e <a href=\"https:\/\/www.gaveanews.com\/index.php\/category\/brasileirao\/botafogo\/\" target=\"_blank\" rel=\"noopener noreferrer\">Botafogo<\/a>, ambos pelo Brasileir\u00e3o.<\/p>\n\n\n\n<p>Enquanto isso, Nicol\u00e1s De la Cruz e Allan treinaram normalmente e reaparecem como op\u00e7\u00f5es, conforme relatos da quinta-feira (16). Filipe Lu\u00eds trabalha com quatro alternativas para a fun\u00e7\u00e3o: De la Cruz, Allan, Jorginho e Evertton Ara\u00fajo. <\/p>\n\n\n\n<p>Erick Pulgar \u00e9 outra op\u00e7\u00e3o, mas n\u00e3o deve estar em condi\u00e7\u00f5es de atuar por 90 minutos. Ele voltou os gramados para participar de parte do segundo tempo da vit\u00f3ria por 3 a 0 sobre o Botafogo, ap\u00f3s cerca de tr\u00eas meses em recupera\u00e7\u00e3o de les\u00e3o. <\/p>\n\n\n\n<p>Por falar em Ninho do Urubu e prepara\u00e7\u00e3o para o cl\u00e1ssico, um teste antigoping surpresa foi realizado no Centro de Treinamento nesta sexta-feira (17). Os atletas treinaram normalmente ap\u00f3s o procedimento, mas o Rubro-Negro emitiu um comunicado questionando alguns m\u00e9todos da equipe do controle de dopagem que, segundo o clube, atrapalhou parte da atividade. <\/p>\n\n\n\n<h2 class=\"wp-block-heading\" id=\"h-veja-comunicado-do-flamengo\">Veja comunicado do Flamengo<\/h2>\n\n\n\n<p>&#8220;O Clube de Regatas do Flamengo manifesta seu desconforto com a postura adotada pela Autoridade Brasileira de Controle de Dopagem (ABCD), que realizou, nesta sexta-feira (17), dia da principal atividade antes da partida de domingo (19), uma a\u00e7\u00e3o surpresa no Centro de Treinamento do Ninho do Urubu.<\/p>\n\n\n\n<p>A visita, marcada pela exig\u00eancia de acompanhamento presencial de todo o trabalho em campo \u2014 inclusive em momentos que tradicionalmente s\u00e3o restritos \u00e0 comiss\u00e3o t\u00e9cnica e aos jogadores \u2014, desorganizou a rotina programada e exp\u00f4s indevidamente a privacidade do grupo. Dos nove representantes da ABCD presentes, tr\u00eas assistiram integralmente \u00e0s movimenta\u00e7\u00f5es t\u00e1ticas da equipe antes de um compromisso decisivo no fim de semana.<\/p>\n\n\n\n<p>Al\u00e9m disso, a interven\u00e7\u00e3o interrompeu o aquecimento, impediu os exerc\u00edcios de ativa\u00e7\u00e3o e atrasou o in\u00edcio das atividades, afetando de forma direta a condu\u00e7\u00e3o do treino.<\/p>\n\n\n\n<p>O clube recorda que, nesta mesma semana, o elenco rubro-negro j\u00e1 havia sido integralmente testado pela Conmebol, em procedimento que envolveu os quatro semifinalistas da Libertadores.<\/p>\n\n\n\n<p>O Flamengo reitera seu compromisso inabal\u00e1vel com a transpar\u00eancia e com o combate ao doping no esporte, mas entende que tais a\u00e7\u00f5es devem observar os princ\u00edpios de isonomia, planejamento e respeito \u00e0 privacidade t\u00e9cnica&#8221;.<\/p>\n\n\n\n<p><\/p>\n","protected":false},"excerpt":{"rendered":"<p>Flamengo e Palmeiras se enfrentam no domingo (19), \u00e0s 16 horas (hor\u00e1rio de Bras\u00edlia), no Maracan\u00e3, pela 29\u00aa rodada do Campeonato Brasileiro. O Palmeiras lidera com 61 pontos; o Flamengo tem 58. O duelo ocorre em meio a reavalia\u00e7\u00f5es no elenco rubro-negro. Sa\u00fal \u00d1\u00edguez sente dores no tornozelo esquerdo e n\u00e3o treinou com o grupo [&hellip;]<\/p>\n","protected":false},"author":39,"featured_media":276139,"comment_status":"open","ping_status":"closed","sticky":false,"template":"","format":"standard","meta":{"footnotes":""},"categories":[1],"tags":[],"class_list":["post-278730","post","type-post","status-publish","format-standard","has-post-thumbnail","hentry","category-flamengo"],"yoast_head":"<!-- This site is optimized with the Yoast SEO Premium plugin v24.2 (Yoast SEO v26.9) - https:\/\/yoast.com\/product\/yoast-seo-premium-wordpress\/ -->\n<title>Flamengo deve ter mais um desfalque de peso para a partida contra o Palmeiras<\/title>\n<meta name=\"robots\" content=\"index, follow, max-snippet:-1, max-image-preview:large, max-video-preview:-1\" \/>\n<link rel=\"canonical\" href=\"https:\/\/www.gaveanews.com\/index.php\/2025\/10\/17\/flamengo-deve-ter-mais-um-desfalque-de-peso-para-a-partida-contra-o-palmeiras\/\" \/>\n<meta property=\"og:locale\" content=\"pt_BR\" \/>\n<meta property=\"og:type\" content=\"article\" \/>\n<meta property=\"og:title\" content=\"Flamengo deve ter mais um desfalque de peso para a partida contra o Palmeiras\" \/>\n<meta property=\"og:description\" content=\"Flamengo e Palmeiras se enfrentam no domingo (19), \u00e0s 16 horas (hor\u00e1rio de Bras\u00edlia), no Maracan\u00e3, pela 29\u00aa rodada do Campeonato Brasileiro. O Palmeiras lidera com 61 pontos; o Flamengo tem 58. O duelo ocorre em meio a reavalia\u00e7\u00f5es no elenco rubro-negro. Sa\u00fal \u00d1\u00edguez sente dores no tornozelo esquerdo e n\u00e3o treinou com o grupo [&hellip;]\" \/>\n<meta property=\"og:url\" content=\"https:\/\/www.gaveanews.com\/index.php\/2025\/10\/17\/flamengo-deve-ter-mais-um-desfalque-de-peso-para-a-partida-contra-o-palmeiras\/\" \/>\n<meta property=\"og:site_name\" content=\"G\u00e1vea News\" \/>\n<meta property=\"article:publisher\" content=\"https:\/\/facebook.com\/gaveaNews\/\" \/>\n<meta property=\"article:published_time\" content=\"2025-10-17T19:30:00+00:00\" \/>\n<meta property=\"og:image\" content=\"https:\/\/www.gaveanews.com\/wp-content\/uploads\/Elenco-do-Flamengo-durante-treinamento.webp\" \/>\n\t<meta property=\"og:image:width\" content=\"1000\" \/>\n\t<meta property=\"og:image:height\" content=\"563\" \/>\n\t<meta property=\"og:image:type\" content=\"image\/webp\" \/>\n<meta name=\"author\" content=\"Reda\u00e7\u00e3o\" \/>\n<meta name=\"twitter:card\" content=\"summary_large_image\" \/>\n<meta name=\"twitter:label1\" content=\"Escrito por\" \/>\n\t<meta name=\"twitter:data1\" content=\"Reda\u00e7\u00e3o\" \/>\n\t<meta name=\"twitter:label2\" content=\"Est. tempo de leitura\" \/>\n\t<meta name=\"twitter:data2\" content=\"3 minutos\" \/>\n<script type=\"application\/ld+json\" class=\"yoast-schema-graph\">{\"@context\":\"https:\/\/schema.org\",\"@graph\":[{\"@type\":\"NewsArticle\",\"@id\":\"https:\/\/www.gaveanews.com\/index.php\/2025\/10\/17\/flamengo-deve-ter-mais-um-desfalque-de-peso-para-a-partida-contra-o-palmeiras\/#article\",\"isPartOf\":{\"@id\":\"https:\/\/www.gaveanews.com\/index.php\/2025\/10\/17\/flamengo-deve-ter-mais-um-desfalque-de-peso-para-a-partida-contra-o-palmeiras\/\"},\"author\":{\"name\":\"Reda\u00e7\u00e3o\",\"@id\":\"https:\/\/www.gaveanews.com\/#\/schema\/person\/c88645e3d550d0b6574305e67dd5a716\"},\"headline\":\"Flamengo deve ter mais um desfalque de peso para a partida contra o Palmeiras\",\"datePublished\":\"2025-10-17T19:30:00+00:00\",\"mainEntityOfPage\":{\"@id\":\"https:\/\/www.gaveanews.com\/index.php\/2025\/10\/17\/flamengo-deve-ter-mais-um-desfalque-de-peso-para-a-partida-contra-o-palmeiras\/\"},\"wordCount\":474,\"commentCount\":0,\"image\":{\"@id\":\"https:\/\/www.gaveanews.com\/index.php\/2025\/10\/17\/flamengo-deve-ter-mais-um-desfalque-de-peso-para-a-partida-contra-o-palmeiras\/#primaryimage\"},\"thumbnailUrl\":\"https:\/\/www.gaveanews.com\/wp-content\/uploads\/Elenco-do-Flamengo-durante-treinamento.webp\",\"articleSection\":[\"Flamengo\"],\"inLanguage\":\"pt-BR\",\"potentialAction\":[{\"@type\":\"CommentAction\",\"name\":\"Comment\",\"target\":[\"https:\/\/www.gaveanews.com\/index.php\/2025\/10\/17\/flamengo-deve-ter-mais-um-desfalque-de-peso-para-a-partida-contra-o-palmeiras\/#respond\"]}],\"copyrightYear\":\"2025\",\"copyrightHolder\":{\"@id\":\"https:\/\/www.gaveanews.com\/#organization\"}},{\"@type\":\"WebPage\",\"@id\":\"https:\/\/www.gaveanews.com\/index.php\/2025\/10\/17\/flamengo-deve-ter-mais-um-desfalque-de-peso-para-a-partida-contra-o-palmeiras\/\",\"url\":\"https:\/\/www.gaveanews.com\/index.php\/2025\/10\/17\/flamengo-deve-ter-mais-um-desfalque-de-peso-para-a-partida-contra-o-palmeiras\/\",\"name\":\"Flamengo deve ter mais um desfalque de peso para a partida contra o Palmeiras\",\"isPartOf\":{\"@id\":\"https:\/\/www.gaveanews.com\/#website\"},\"primaryImageOfPage\":{\"@id\":\"https:\/\/www.gaveanews.com\/index.php\/2025\/10\/17\/flamengo-deve-ter-mais-um-desfalque-de-peso-para-a-partida-contra-o-palmeiras\/#primaryimage\"},\"image\":{\"@id\":\"https:\/\/www.gaveanews.com\/index.php\/2025\/10\/17\/flamengo-deve-ter-mais-um-desfalque-de-peso-para-a-partida-contra-o-palmeiras\/#primaryimage\"},\"thumbnailUrl\":\"https:\/\/www.gaveanews.com\/wp-content\/uploads\/Elenco-do-Flamengo-durante-treinamento.webp\",\"datePublished\":\"2025-10-17T19:30:00+00:00\",\"author\":{\"@id\":\"https:\/\/www.gaveanews.com\/#\/schema\/person\/c88645e3d550d0b6574305e67dd5a716\"},\"breadcrumb\":{\"@id\":\"https:\/\/www.gaveanews.com\/index.php\/2025\/10\/17\/flamengo-deve-ter-mais-um-desfalque-de-peso-para-a-partida-contra-o-palmeiras\/#breadcrumb\"},\"inLanguage\":\"pt-BR\",\"potentialAction\":[{\"@type\":\"ReadAction\",\"target\":[\"https:\/\/www.gaveanews.com\/index.php\/2025\/10\/17\/flamengo-deve-ter-mais-um-desfalque-de-peso-para-a-partida-contra-o-palmeiras\/\"]}]},{\"@type\":\"ImageObject\",\"inLanguage\":\"pt-BR\",\"@id\":\"https:\/\/www.gaveanews.com\/index.php\/2025\/10\/17\/flamengo-deve-ter-mais-um-desfalque-de-peso-para-a-partida-contra-o-palmeiras\/#primaryimage\",\"url\":\"https:\/\/www.gaveanews.com\/wp-content\/uploads\/Elenco-do-Flamengo-durante-treinamento.webp\",\"contentUrl\":\"https:\/\/www.gaveanews.com\/wp-content\/uploads\/Elenco-do-Flamengo-durante-treinamento.webp\",\"width\":1000,\"height\":563,\"caption\":\"Elenco do Flamengo durante treinamento (Foto: Gilvan de Souza\/Flamengo)\"},{\"@type\":\"BreadcrumbList\",\"@id\":\"https:\/\/www.gaveanews.com\/index.php\/2025\/10\/17\/flamengo-deve-ter-mais-um-desfalque-de-peso-para-a-partida-contra-o-palmeiras\/#breadcrumb\",\"itemListElement\":[{\"@type\":\"ListItem\",\"position\":1,\"name\":\"Home\",\"item\":\"https:\/\/www.gaveanews.com\/\"},{\"@type\":\"ListItem\",\"position\":2,\"name\":\"Flamengo deve ter mais um desfalque de peso para a partida contra o Palmeiras\"}]},{\"@type\":\"WebSite\",\"@id\":\"https:\/\/www.gaveanews.com\/#website\",\"url\":\"https:\/\/www.gaveanews.com\/\",\"name\":\"G\u00e1vea News\",\"description\":\"Veja todas as not\u00edcias sobre o Flamengo: Contrata\u00e7\u00f5es, categorias de base, resultados das partidas, tabela de classifica\u00e7\u00e3o, pr\u00f3ximos jogos!\",\"potentialAction\":[{\"@type\":\"SearchAction\",\"target\":{\"@type\":\"EntryPoint\",\"urlTemplate\":\"https:\/\/www.gaveanews.com\/?s={search_term_string}\"},\"query-input\":{\"@type\":\"PropertyValueSpecification\",\"valueRequired\":true,\"valueName\":\"search_term_string\"}}],\"inLanguage\":\"pt-BR\"},{\"@type\":\"Person\",\"@id\":\"https:\/\/www.gaveanews.com\/#\/schema\/person\/c88645e3d550d0b6574305e67dd5a716\",\"name\":\"Reda\u00e7\u00e3o\",\"image\":{\"@type\":\"ImageObject\",\"inLanguage\":\"pt-BR\",\"@id\":\"https:\/\/www.gaveanews.com\/#\/schema\/person\/image\/\",\"url\":\"https:\/\/secure.gravatar.com\/avatar\/434098fd823f0dc1b062d14ca22bacaa6e38de28d8c816bbef6fc2f8c44d8ba3?s=96&d=mm&r=g\",\"contentUrl\":\"https:\/\/secure.gravatar.com\/avatar\/434098fd823f0dc1b062d14ca22bacaa6e38de28d8c816bbef6fc2f8c44d8ba3?s=96&d=mm&r=g\",\"caption\":\"Reda\u00e7\u00e3o\"}}]}<\/script>\n<!-- \/ Yoast SEO Premium plugin. -->","yoast_head_json":{"title":"Flamengo deve ter mais um desfalque de peso para a partida contra o Palmeiras","robots":{"index":"index","follow":"follow","max-snippet":"max-snippet:-1","max-image-preview":"max-image-preview:large","max-video-preview":"max-video-preview:-1"},"canonical":"https:\/\/www.gaveanews.com\/index.php\/2025\/10\/17\/flamengo-deve-ter-mais-um-desfalque-de-peso-para-a-partida-contra-o-palmeiras\/","og_locale":"pt_BR","og_type":"article","og_title":"Flamengo deve ter mais um desfalque de peso para a partida contra o Palmeiras","og_description":"Flamengo e Palmeiras se enfrentam no domingo (19), \u00e0s 16 horas (hor\u00e1rio de Bras\u00edlia), no Maracan\u00e3, pela 29\u00aa rodada do Campeonato Brasileiro. O Palmeiras lidera com 61 pontos; o Flamengo tem 58. O duelo ocorre em meio a reavalia\u00e7\u00f5es no elenco rubro-negro. Sa\u00fal \u00d1\u00edguez sente dores no tornozelo esquerdo e n\u00e3o treinou com o grupo [&hellip;]","og_url":"https:\/\/www.gaveanews.com\/index.php\/2025\/10\/17\/flamengo-deve-ter-mais-um-desfalque-de-peso-para-a-partida-contra-o-palmeiras\/","og_site_name":"G\u00e1vea News","article_publisher":"https:\/\/facebook.com\/gaveaNews\/","article_published_time":"2025-10-17T19:30:00+00:00","og_image":[{"width":1000,"height":563,"url":"https:\/\/www.gaveanews.com\/wp-content\/uploads\/Elenco-do-Flamengo-durante-treinamento.webp","type":"image\/webp"}],"author":"Reda\u00e7\u00e3o","twitter_card":"summary_large_image","twitter_misc":{"Escrito por":"Reda\u00e7\u00e3o","Est. tempo de leitura":"3 minutos"},"schema":{"@context":"https:\/\/schema.org","@graph":[{"@type":"NewsArticle","@id":"https:\/\/www.gaveanews.com\/index.php\/2025\/10\/17\/flamengo-deve-ter-mais-um-desfalque-de-peso-para-a-partida-contra-o-palmeiras\/#article","isPartOf":{"@id":"https:\/\/www.gaveanews.com\/index.php\/2025\/10\/17\/flamengo-deve-ter-mais-um-desfalque-de-peso-para-a-partida-contra-o-palmeiras\/"},"author":{"name":"Reda\u00e7\u00e3o","@id":"https:\/\/www.gaveanews.com\/#\/schema\/person\/c88645e3d550d0b6574305e67dd5a716"},"headline":"Flamengo deve ter mais um desfalque de peso para a partida contra o Palmeiras","datePublished":"2025-10-17T19:30:00+00:00","mainEntityOfPage":{"@id":"https:\/\/www.gaveanews.com\/index.php\/2025\/10\/17\/flamengo-deve-ter-mais-um-desfalque-de-peso-para-a-partida-contra-o-palmeiras\/"},"wordCount":474,"commentCount":0,"image":{"@id":"https:\/\/www.gaveanews.com\/index.php\/2025\/10\/17\/flamengo-deve-ter-mais-um-desfalque-de-peso-para-a-partida-contra-o-palmeiras\/#primaryimage"},"thumbnailUrl":"https:\/\/www.gaveanews.com\/wp-content\/uploads\/Elenco-do-Flamengo-durante-treinamento.webp","articleSection":["Flamengo"],"inLanguage":"pt-BR","potentialAction":[{"@type":"CommentAction","name":"Comment","target":["https:\/\/www.gaveanews.com\/index.php\/2025\/10\/17\/flamengo-deve-ter-mais-um-desfalque-de-peso-para-a-partida-contra-o-palmeiras\/#respond"]}],"copyrightYear":"2025","copyrightHolder":{"@id":"https:\/\/www.gaveanews.com\/#organization"}},{"@type":"WebPage","@id":"https:\/\/www.gaveanews.com\/index.php\/2025\/10\/17\/flamengo-deve-ter-mais-um-desfalque-de-peso-para-a-partida-contra-o-palmeiras\/","url":"https:\/\/www.gaveanews.com\/index.php\/2025\/10\/17\/flamengo-deve-ter-mais-um-desfalque-de-peso-para-a-partida-contra-o-palmeiras\/","name":"Flamengo deve ter mais um desfalque de peso para a partida contra o Palmeiras","isPartOf":{"@id":"https:\/\/www.gaveanews.com\/#website"},"primaryImageOfPage":{"@id":"https:\/\/www.gaveanews.com\/index.php\/2025\/10\/17\/flamengo-deve-ter-mais-um-desfalque-de-peso-para-a-partida-contra-o-palmeiras\/#primaryimage"},"image":{"@id":"https:\/\/www.gaveanews.com\/index.php\/2025\/10\/17\/flamengo-deve-ter-mais-um-desfalque-de-peso-para-a-partida-contra-o-palmeiras\/#primaryimage"},"thumbnailUrl":"https:\/\/www.gaveanews.com\/wp-content\/uploads\/Elenco-do-Flamengo-durante-treinamento.webp","datePublished":"2025-10-17T19:30:00+00:00","author":{"@id":"https:\/\/www.gaveanews.com\/#\/schema\/person\/c88645e3d550d0b6574305e67dd5a716"},"breadcrumb":{"@id":"https:\/\/www.gaveanews.com\/index.php\/2025\/10\/17\/flamengo-deve-ter-mais-um-desfalque-de-peso-para-a-partida-contra-o-palmeiras\/#breadcrumb"},"inLanguage":"pt-BR","potentialAction":[{"@type":"ReadAction","target":["https:\/\/www.gaveanews.com\/index.php\/2025\/10\/17\/flamengo-deve-ter-mais-um-desfalque-de-peso-para-a-partida-contra-o-palmeiras\/"]}]},{"@type":"ImageObject","inLanguage":"pt-BR","@id":"https:\/\/www.gaveanews.com\/index.php\/2025\/10\/17\/flamengo-deve-ter-mais-um-desfalque-de-peso-para-a-partida-contra-o-palmeiras\/#primaryimage","url":"https:\/\/www.gaveanews.com\/wp-content\/uploads\/Elenco-do-Flamengo-durante-treinamento.webp","contentUrl":"https:\/\/www.gaveanews.com\/wp-content\/uploads\/Elenco-do-Flamengo-durante-treinamento.webp","width":1000,"height":563,"caption":"Elenco do Flamengo durante treinamento (Foto: Gilvan de Souza\/Flamengo)"},{"@type":"BreadcrumbList","@id":"https:\/\/www.gaveanews.com\/index.php\/2025\/10\/17\/flamengo-deve-ter-mais-um-desfalque-de-peso-para-a-partida-contra-o-palmeiras\/#breadcrumb","itemListElement":[{"@type":"ListItem","position":1,"name":"Home","item":"https:\/\/www.gaveanews.com\/"},{"@type":"ListItem","position":2,"name":"Flamengo deve ter mais um desfalque de peso para a partida contra o Palmeiras"}]},{"@type":"WebSite","@id":"https:\/\/www.gaveanews.com\/#website","url":"https:\/\/www.gaveanews.com\/","name":"G\u00e1vea News","description":"Veja todas as not\u00edcias sobre o Flamengo: Contrata\u00e7\u00f5es, categorias de base, resultados das partidas, tabela de classifica\u00e7\u00e3o, pr\u00f3ximos jogos!","potentialAction":[{"@type":"SearchAction","target":{"@type":"EntryPoint","urlTemplate":"https:\/\/www.gaveanews.com\/?s={search_term_string}"},"query-input":{"@type":"PropertyValueSpecification","valueRequired":true,"valueName":"search_term_string"}}],"inLanguage":"pt-BR"},{"@type":"Person","@id":"https:\/\/www.gaveanews.com\/#\/schema\/person\/c88645e3d550d0b6574305e67dd5a716","name":"Reda\u00e7\u00e3o","image":{"@type":"ImageObject","inLanguage":"pt-BR","@id":"https:\/\/www.gaveanews.com\/#\/schema\/person\/image\/","url":"https:\/\/secure.gravatar.com\/avatar\/434098fd823f0dc1b062d14ca22bacaa6e38de28d8c816bbef6fc2f8c44d8ba3?s=96&d=mm&r=g","contentUrl":"https:\/\/secure.gravatar.com\/avatar\/434098fd823f0dc1b062d14ca22bacaa6e38de28d8c816bbef6fc2f8c44d8ba3?s=96&d=mm&r=g","caption":"Reda\u00e7\u00e3o"}}]}},"_links":{"self":[{"href":"https:\/\/www.gaveanews.com\/index.php\/wp-json\/wp\/v2\/posts\/278730","targetHints":{"allow":["GET"]}}],"collection":[{"href":"https:\/\/www.gaveanews.com\/index.php\/wp-json\/wp\/v2\/posts"}],"about":[{"href":"https:\/\/www.gaveanews.com\/index.php\/wp-json\/wp\/v2\/types\/post"}],"author":[{"embeddable":true,"href":"https:\/\/www.gaveanews.com\/index.php\/wp-json\/wp\/v2\/users\/39"}],"replies":[{"embeddable":true,"href":"https:\/\/www.gaveanews.com\/index.php\/wp-json\/wp\/v2\/comments?post=278730"}],"version-history":[{"count":1,"href":"https:\/\/www.gaveanews.com\/index.php\/wp-json\/wp\/v2\/posts\/278730\/revisions"}],"predecessor-version":[{"id":278734,"href":"https:\/\/www.gaveanews.com\/index.php\/wp-json\/wp\/v2\/posts\/278730\/revisions\/278734"}],"wp:featuredmedia":[{"embeddable":true,"href":"https:\/\/www.gaveanews.com\/index.php\/wp-json\/wp\/v2\/media\/276139"}],"wp:attachment":[{"href":"https:\/\/www.gaveanews.com\/index.php\/wp-json\/wp\/v2\/media?parent=278730"}],"wp:term":[{"taxonomy":"category","embeddable":true,"href":"https:\/\/www.gaveanews.com\/index.php\/wp-json\/wp\/v2\/categories?post=278730"},{"taxonomy":"post_tag","embeddable":true,"href":"https:\/\/www.gaveanews.com\/index.php\/wp-json\/wp\/v2\/tags?post=278730"}],"curies":[{"name":"wp","href":"https:\/\/api.w.org\/{rel}","templated":true}]}}