{"id":278737,"date":"2025-10-17T17:45:00","date_gmt":"2025-10-17T20:45:00","guid":{"rendered":"https:\/\/www.gaveanews.com\/?p=278737"},"modified":"2025-10-17T17:28:55","modified_gmt":"2025-10-17T20:28:55","slug":"relembre-as-polemicas-de-wilton-pereira-sampaio-contra-o-flamengo","status":"publish","type":"post","link":"https:\/\/www.gaveanews.com\/index.php\/2025\/10\/17\/relembre-as-polemicas-de-wilton-pereira-sampaio-contra-o-flamengo\/","title":{"rendered":"Relembre as pol\u00eamicas de Wilton Pereira Sampaio contra o Flamengo"},"content":{"rendered":"\n<p>Depois de pol\u00eamicas com a arbitragem nas \u00faltimas rodadas, a CBF escalou Wilton Pereira Sampaio para <a href=\"https:\/\/www.gaveanews.com\/index.php\/category\/brasileirao\/palmeiras\/\" target=\"_blank\" rel=\"noopener noreferrer\">Palmeiras<\/a> x <a href=\"https:\/\/www.gaveanews.com\/index.php\/category\/brasileirao\/flamengo\/\" target=\"_blank\" rel=\"noopener noreferrer\">Flamengo<\/a>, no Maracan\u00e3, domingo (19 de outubro). A escolha envolve o l\u00edder e vice-l\u00edder do Campeonato Brasileiro.<\/p>\n\n\n\n<p>O goiano tem amplo hist\u00f3rico com ambos. Segundo o site Transfermarkt, com Wilton, o Flamengo soma 27 vit\u00f3rias, 10 empates e 10 derrotas (64,5% de aproveitamento). Com o Palmeiras, s\u00e3o 21 vit\u00f3rias, 14 empates e 16 derrotas (50,3%).<\/p>\n\n\n\n<p>Assim que a confirma\u00e7\u00e3o saiu, torcedores palmeirenses reagiram nas redes sociais e criticaram a indica\u00e7\u00e3o. Parte das manifesta\u00e7\u00f5es classificou o \u00e1rbitro com um r\u00f3tulo que ganhou tra\u00e7\u00e3o entre os coment\u00e1rios: &#8220;maior \u00e1rbitro caseiro.&#8221;<\/p>\n\n\n\n<p>Em 2023, o Flamengo entrou com processo no STJD pedindo o afastamento de Wilton por 120 dias, ap\u00f3s a Supercopa do Brasil contra o Palmeiras. Inicialmente, o clube enviou of\u00edcio \u00e0 CBF solicitando reciclagem dele e de Rodrigo D&#8217;Alonso Ferreira.<\/p>\n\n\n\n<p>&#8220;Ele cometeu erros crassos na condu\u00e7\u00e3o dessa partida. A gente s\u00f3 vem pedir uma puni\u00e7\u00e3o dele por total falta de t\u00e9cnica, inclusive, ele foi eleito o pior treinador pior \u00e1rbitro da Copa do Mundo. Assim, ele \u00e9 um cara que j\u00e1 vem mal. N\u00e3o \u00e9 pelo Flamengo , \u00e9 pelo bem do futebol brasileiro. N\u00e3o estamos contestando o resultado. O jogo \u00e9 jogado, o jogo \u00e9 no campo. Mas n\u00e3o podemos ter um \u00e1rbitro que n\u00e3o possa aplicar a regra. O Flamengo quer que o \u00e1rbitro sofra as consequ\u00eancias legais.&#8221;<\/p>\n\n\n\n<p>Tamb\u00e9m houve cr\u00edticas recentes de especialistas. O ex-\u00e1rbitro Carlos Eug\u00eanio Simon apontou erro grave em Corinthians x Flamengo, pelo Campeonato Brasileiro, no lance do lateral que originou o segundo gol rubro-negro.<\/p>\n\n\n\n<p>&#8220;O zagueiro do Corinthians toca na bola, ela vai no p\u00e9 do jogador do Flamengo e sai para lateral. Era bola do Corinthians, e o bandeirinha deu a favor do Flamengo. Desse lateral, sai o segundo gol. Erro da arbitragem.&#8221;<\/p>\n","protected":false},"excerpt":{"rendered":"<p>Depois de pol\u00eamicas com a arbitragem nas \u00faltimas rodadas, a CBF escalou Wilton Pereira Sampaio para Palmeiras x Flamengo, no Maracan\u00e3, domingo (19 de outubro). A escolha envolve o l\u00edder e vice-l\u00edder do Campeonato Brasileiro. O goiano tem amplo hist\u00f3rico com ambos. Segundo o site Transfermarkt, com Wilton, o Flamengo soma 27 vit\u00f3rias, 10 empates [&hellip;]<\/p>\n","protected":false},"author":39,"featured_media":114500,"comment_status":"open","ping_status":"closed","sticky":false,"template":"","format":"standard","meta":{"footnotes":""},"categories":[1],"tags":[],"class_list":["post-278737","post","type-post","status-publish","format-standard","has-post-thumbnail","hentry","category-flamengo"],"yoast_head":"<!-- This site is optimized with the Yoast SEO Premium plugin v24.2 (Yoast SEO v26.9) - https:\/\/yoast.com\/product\/yoast-seo-premium-wordpress\/ -->\n<title>Relembre as pol\u00eamicas de Wilton Pereira Sampaio contra o Flamengo<\/title>\n<meta name=\"robots\" content=\"index, follow, max-snippet:-1, max-image-preview:large, max-video-preview:-1\" \/>\n<link rel=\"canonical\" href=\"https:\/\/www.gaveanews.com\/index.php\/2025\/10\/17\/relembre-as-polemicas-de-wilton-pereira-sampaio-contra-o-flamengo\/\" \/>\n<meta property=\"og:locale\" content=\"pt_BR\" \/>\n<meta property=\"og:type\" content=\"article\" \/>\n<meta property=\"og:title\" content=\"Relembre as pol\u00eamicas de Wilton Pereira Sampaio contra o Flamengo\" \/>\n<meta property=\"og:description\" content=\"Depois de pol\u00eamicas com a arbitragem nas \u00faltimas rodadas, a CBF escalou Wilton Pereira Sampaio para Palmeiras x Flamengo, no Maracan\u00e3, domingo (19 de outubro). A escolha envolve o l\u00edder e vice-l\u00edder do Campeonato Brasileiro. O goiano tem amplo hist\u00f3rico com ambos. Segundo o site Transfermarkt, com Wilton, o Flamengo soma 27 vit\u00f3rias, 10 empates [&hellip;]\" \/>\n<meta property=\"og:url\" content=\"https:\/\/www.gaveanews.com\/index.php\/2025\/10\/17\/relembre-as-polemicas-de-wilton-pereira-sampaio-contra-o-flamengo\/\" \/>\n<meta property=\"og:site_name\" content=\"G\u00e1vea News\" \/>\n<meta property=\"article:publisher\" content=\"https:\/\/facebook.com\/gaveaNews\/\" \/>\n<meta property=\"article:published_time\" content=\"2025-10-17T20:45:00+00:00\" \/>\n<meta property=\"og:image\" content=\"https:\/\/www.gaveanews.com\/wp-content\/uploads\/wilton-pereira-sampaio-FLAMENGO.webp\" \/>\n\t<meta property=\"og:image:width\" content=\"1024\" \/>\n\t<meta property=\"og:image:height\" content=\"682\" \/>\n\t<meta property=\"og:image:type\" content=\"image\/webp\" \/>\n<meta name=\"author\" content=\"Reda\u00e7\u00e3o\" \/>\n<meta name=\"twitter:card\" content=\"summary_large_image\" \/>\n<meta name=\"twitter:label1\" content=\"Escrito por\" \/>\n\t<meta name=\"twitter:data1\" content=\"Reda\u00e7\u00e3o\" \/>\n\t<meta name=\"twitter:label2\" content=\"Est. tempo de leitura\" \/>\n\t<meta name=\"twitter:data2\" content=\"2 minutos\" \/>\n<script type=\"application\/ld+json\" class=\"yoast-schema-graph\">{\"@context\":\"https:\/\/schema.org\",\"@graph\":[{\"@type\":\"NewsArticle\",\"@id\":\"https:\/\/www.gaveanews.com\/index.php\/2025\/10\/17\/relembre-as-polemicas-de-wilton-pereira-sampaio-contra-o-flamengo\/#article\",\"isPartOf\":{\"@id\":\"https:\/\/www.gaveanews.com\/index.php\/2025\/10\/17\/relembre-as-polemicas-de-wilton-pereira-sampaio-contra-o-flamengo\/\"},\"author\":{\"name\":\"Reda\u00e7\u00e3o\",\"@id\":\"https:\/\/www.gaveanews.com\/#\/schema\/person\/c88645e3d550d0b6574305e67dd5a716\"},\"headline\":\"Relembre as pol\u00eamicas de Wilton Pereira Sampaio contra o Flamengo\",\"datePublished\":\"2025-10-17T20:45:00+00:00\",\"mainEntityOfPage\":{\"@id\":\"https:\/\/www.gaveanews.com\/index.php\/2025\/10\/17\/relembre-as-polemicas-de-wilton-pereira-sampaio-contra-o-flamengo\/\"},\"wordCount\":328,\"commentCount\":0,\"image\":{\"@id\":\"https:\/\/www.gaveanews.com\/index.php\/2025\/10\/17\/relembre-as-polemicas-de-wilton-pereira-sampaio-contra-o-flamengo\/#primaryimage\"},\"thumbnailUrl\":\"https:\/\/www.gaveanews.com\/wp-content\/uploads\/wilton-pereira-sampaio-FLAMENGO.webp\",\"articleSection\":[\"Flamengo\"],\"inLanguage\":\"pt-BR\",\"potentialAction\":[{\"@type\":\"CommentAction\",\"name\":\"Comment\",\"target\":[\"https:\/\/www.gaveanews.com\/index.php\/2025\/10\/17\/relembre-as-polemicas-de-wilton-pereira-sampaio-contra-o-flamengo\/#respond\"]}],\"copyrightYear\":\"2025\",\"copyrightHolder\":{\"@id\":\"https:\/\/www.gaveanews.com\/#organization\"}},{\"@type\":\"WebPage\",\"@id\":\"https:\/\/www.gaveanews.com\/index.php\/2025\/10\/17\/relembre-as-polemicas-de-wilton-pereira-sampaio-contra-o-flamengo\/\",\"url\":\"https:\/\/www.gaveanews.com\/index.php\/2025\/10\/17\/relembre-as-polemicas-de-wilton-pereira-sampaio-contra-o-flamengo\/\",\"name\":\"Relembre as pol\u00eamicas de Wilton Pereira Sampaio contra o Flamengo\",\"isPartOf\":{\"@id\":\"https:\/\/www.gaveanews.com\/#website\"},\"primaryImageOfPage\":{\"@id\":\"https:\/\/www.gaveanews.com\/index.php\/2025\/10\/17\/relembre-as-polemicas-de-wilton-pereira-sampaio-contra-o-flamengo\/#primaryimage\"},\"image\":{\"@id\":\"https:\/\/www.gaveanews.com\/index.php\/2025\/10\/17\/relembre-as-polemicas-de-wilton-pereira-sampaio-contra-o-flamengo\/#primaryimage\"},\"thumbnailUrl\":\"https:\/\/www.gaveanews.com\/wp-content\/uploads\/wilton-pereira-sampaio-FLAMENGO.webp\",\"datePublished\":\"2025-10-17T20:45:00+00:00\",\"author\":{\"@id\":\"https:\/\/www.gaveanews.com\/#\/schema\/person\/c88645e3d550d0b6574305e67dd5a716\"},\"breadcrumb\":{\"@id\":\"https:\/\/www.gaveanews.com\/index.php\/2025\/10\/17\/relembre-as-polemicas-de-wilton-pereira-sampaio-contra-o-flamengo\/#breadcrumb\"},\"inLanguage\":\"pt-BR\",\"potentialAction\":[{\"@type\":\"ReadAction\",\"target\":[\"https:\/\/www.gaveanews.com\/index.php\/2025\/10\/17\/relembre-as-polemicas-de-wilton-pereira-sampaio-contra-o-flamengo\/\"]}]},{\"@type\":\"ImageObject\",\"inLanguage\":\"pt-BR\",\"@id\":\"https:\/\/www.gaveanews.com\/index.php\/2025\/10\/17\/relembre-as-polemicas-de-wilton-pereira-sampaio-contra-o-flamengo\/#primaryimage\",\"url\":\"https:\/\/www.gaveanews.com\/wp-content\/uploads\/wilton-pereira-sampaio-FLAMENGO.webp\",\"contentUrl\":\"https:\/\/www.gaveanews.com\/wp-content\/uploads\/wilton-pereira-sampaio-FLAMENGO.webp\",\"width\":1024,\"height\":682,\"caption\":\"Wilton Pereira Sampaio no jogo entre Flamengo e Corinthians (Foto: Wagner Meier\/Getty Images)\"},{\"@type\":\"BreadcrumbList\",\"@id\":\"https:\/\/www.gaveanews.com\/index.php\/2025\/10\/17\/relembre-as-polemicas-de-wilton-pereira-sampaio-contra-o-flamengo\/#breadcrumb\",\"itemListElement\":[{\"@type\":\"ListItem\",\"position\":1,\"name\":\"Home\",\"item\":\"https:\/\/www.gaveanews.com\/\"},{\"@type\":\"ListItem\",\"position\":2,\"name\":\"Relembre as pol\u00eamicas de Wilton Pereira Sampaio contra o Flamengo\"}]},{\"@type\":\"WebSite\",\"@id\":\"https:\/\/www.gaveanews.com\/#website\",\"url\":\"https:\/\/www.gaveanews.com\/\",\"name\":\"G\u00e1vea News\",\"description\":\"Veja todas as not\u00edcias sobre o Flamengo: Contrata\u00e7\u00f5es, categorias de base, resultados das partidas, tabela de classifica\u00e7\u00e3o, pr\u00f3ximos jogos!\",\"potentialAction\":[{\"@type\":\"SearchAction\",\"target\":{\"@type\":\"EntryPoint\",\"urlTemplate\":\"https:\/\/www.gaveanews.com\/?s={search_term_string}\"},\"query-input\":{\"@type\":\"PropertyValueSpecification\",\"valueRequired\":true,\"valueName\":\"search_term_string\"}}],\"inLanguage\":\"pt-BR\"},{\"@type\":\"Person\",\"@id\":\"https:\/\/www.gaveanews.com\/#\/schema\/person\/c88645e3d550d0b6574305e67dd5a716\",\"name\":\"Reda\u00e7\u00e3o\",\"image\":{\"@type\":\"ImageObject\",\"inLanguage\":\"pt-BR\",\"@id\":\"https:\/\/www.gaveanews.com\/#\/schema\/person\/image\/\",\"url\":\"https:\/\/secure.gravatar.com\/avatar\/434098fd823f0dc1b062d14ca22bacaa6e38de28d8c816bbef6fc2f8c44d8ba3?s=96&d=mm&r=g\",\"contentUrl\":\"https:\/\/secure.gravatar.com\/avatar\/434098fd823f0dc1b062d14ca22bacaa6e38de28d8c816bbef6fc2f8c44d8ba3?s=96&d=mm&r=g\",\"caption\":\"Reda\u00e7\u00e3o\"}}]}<\/script>\n<!-- \/ Yoast SEO Premium plugin. -->","yoast_head_json":{"title":"Relembre as pol\u00eamicas de Wilton Pereira Sampaio contra o Flamengo","robots":{"index":"index","follow":"follow","max-snippet":"max-snippet:-1","max-image-preview":"max-image-preview:large","max-video-preview":"max-video-preview:-1"},"canonical":"https:\/\/www.gaveanews.com\/index.php\/2025\/10\/17\/relembre-as-polemicas-de-wilton-pereira-sampaio-contra-o-flamengo\/","og_locale":"pt_BR","og_type":"article","og_title":"Relembre as pol\u00eamicas de Wilton Pereira Sampaio contra o Flamengo","og_description":"Depois de pol\u00eamicas com a arbitragem nas \u00faltimas rodadas, a CBF escalou Wilton Pereira Sampaio para Palmeiras x Flamengo, no Maracan\u00e3, domingo (19 de outubro). A escolha envolve o l\u00edder e vice-l\u00edder do Campeonato Brasileiro. O goiano tem amplo hist\u00f3rico com ambos. Segundo o site Transfermarkt, com Wilton, o Flamengo soma 27 vit\u00f3rias, 10 empates [&hellip;]","og_url":"https:\/\/www.gaveanews.com\/index.php\/2025\/10\/17\/relembre-as-polemicas-de-wilton-pereira-sampaio-contra-o-flamengo\/","og_site_name":"G\u00e1vea News","article_publisher":"https:\/\/facebook.com\/gaveaNews\/","article_published_time":"2025-10-17T20:45:00+00:00","og_image":[{"width":1024,"height":682,"url":"https:\/\/www.gaveanews.com\/wp-content\/uploads\/wilton-pereira-sampaio-FLAMENGO.webp","type":"image\/webp"}],"author":"Reda\u00e7\u00e3o","twitter_card":"summary_large_image","twitter_misc":{"Escrito por":"Reda\u00e7\u00e3o","Est. tempo de leitura":"2 minutos"},"schema":{"@context":"https:\/\/schema.org","@graph":[{"@type":"NewsArticle","@id":"https:\/\/www.gaveanews.com\/index.php\/2025\/10\/17\/relembre-as-polemicas-de-wilton-pereira-sampaio-contra-o-flamengo\/#article","isPartOf":{"@id":"https:\/\/www.gaveanews.com\/index.php\/2025\/10\/17\/relembre-as-polemicas-de-wilton-pereira-sampaio-contra-o-flamengo\/"},"author":{"name":"Reda\u00e7\u00e3o","@id":"https:\/\/www.gaveanews.com\/#\/schema\/person\/c88645e3d550d0b6574305e67dd5a716"},"headline":"Relembre as pol\u00eamicas de Wilton Pereira Sampaio contra o Flamengo","datePublished":"2025-10-17T20:45:00+00:00","mainEntityOfPage":{"@id":"https:\/\/www.gaveanews.com\/index.php\/2025\/10\/17\/relembre-as-polemicas-de-wilton-pereira-sampaio-contra-o-flamengo\/"},"wordCount":328,"commentCount":0,"image":{"@id":"https:\/\/www.gaveanews.com\/index.php\/2025\/10\/17\/relembre-as-polemicas-de-wilton-pereira-sampaio-contra-o-flamengo\/#primaryimage"},"thumbnailUrl":"https:\/\/www.gaveanews.com\/wp-content\/uploads\/wilton-pereira-sampaio-FLAMENGO.webp","articleSection":["Flamengo"],"inLanguage":"pt-BR","potentialAction":[{"@type":"CommentAction","name":"Comment","target":["https:\/\/www.gaveanews.com\/index.php\/2025\/10\/17\/relembre-as-polemicas-de-wilton-pereira-sampaio-contra-o-flamengo\/#respond"]}],"copyrightYear":"2025","copyrightHolder":{"@id":"https:\/\/www.gaveanews.com\/#organization"}},{"@type":"WebPage","@id":"https:\/\/www.gaveanews.com\/index.php\/2025\/10\/17\/relembre-as-polemicas-de-wilton-pereira-sampaio-contra-o-flamengo\/","url":"https:\/\/www.gaveanews.com\/index.php\/2025\/10\/17\/relembre-as-polemicas-de-wilton-pereira-sampaio-contra-o-flamengo\/","name":"Relembre as pol\u00eamicas de Wilton Pereira Sampaio contra o Flamengo","isPartOf":{"@id":"https:\/\/www.gaveanews.com\/#website"},"primaryImageOfPage":{"@id":"https:\/\/www.gaveanews.com\/index.php\/2025\/10\/17\/relembre-as-polemicas-de-wilton-pereira-sampaio-contra-o-flamengo\/#primaryimage"},"image":{"@id":"https:\/\/www.gaveanews.com\/index.php\/2025\/10\/17\/relembre-as-polemicas-de-wilton-pereira-sampaio-contra-o-flamengo\/#primaryimage"},"thumbnailUrl":"https:\/\/www.gaveanews.com\/wp-content\/uploads\/wilton-pereira-sampaio-FLAMENGO.webp","datePublished":"2025-10-17T20:45:00+00:00","author":{"@id":"https:\/\/www.gaveanews.com\/#\/schema\/person\/c88645e3d550d0b6574305e67dd5a716"},"breadcrumb":{"@id":"https:\/\/www.gaveanews.com\/index.php\/2025\/10\/17\/relembre-as-polemicas-de-wilton-pereira-sampaio-contra-o-flamengo\/#breadcrumb"},"inLanguage":"pt-BR","potentialAction":[{"@type":"ReadAction","target":["https:\/\/www.gaveanews.com\/index.php\/2025\/10\/17\/relembre-as-polemicas-de-wilton-pereira-sampaio-contra-o-flamengo\/"]}]},{"@type":"ImageObject","inLanguage":"pt-BR","@id":"https:\/\/www.gaveanews.com\/index.php\/2025\/10\/17\/relembre-as-polemicas-de-wilton-pereira-sampaio-contra-o-flamengo\/#primaryimage","url":"https:\/\/www.gaveanews.com\/wp-content\/uploads\/wilton-pereira-sampaio-FLAMENGO.webp","contentUrl":"https:\/\/www.gaveanews.com\/wp-content\/uploads\/wilton-pereira-sampaio-FLAMENGO.webp","width":1024,"height":682,"caption":"Wilton Pereira Sampaio no jogo entre Flamengo e Corinthians (Foto: Wagner Meier\/Getty Images)"},{"@type":"BreadcrumbList","@id":"https:\/\/www.gaveanews.com\/index.php\/2025\/10\/17\/relembre-as-polemicas-de-wilton-pereira-sampaio-contra-o-flamengo\/#breadcrumb","itemListElement":[{"@type":"ListItem","position":1,"name":"Home","item":"https:\/\/www.gaveanews.com\/"},{"@type":"ListItem","position":2,"name":"Relembre as pol\u00eamicas de Wilton Pereira Sampaio contra o Flamengo"}]},{"@type":"WebSite","@id":"https:\/\/www.gaveanews.com\/#website","url":"https:\/\/www.gaveanews.com\/","name":"G\u00e1vea News","description":"Veja todas as not\u00edcias sobre o Flamengo: Contrata\u00e7\u00f5es, categorias de base, resultados das partidas, tabela de classifica\u00e7\u00e3o, pr\u00f3ximos jogos!","potentialAction":[{"@type":"SearchAction","target":{"@type":"EntryPoint","urlTemplate":"https:\/\/www.gaveanews.com\/?s={search_term_string}"},"query-input":{"@type":"PropertyValueSpecification","valueRequired":true,"valueName":"search_term_string"}}],"inLanguage":"pt-BR"},{"@type":"Person","@id":"https:\/\/www.gaveanews.com\/#\/schema\/person\/c88645e3d550d0b6574305e67dd5a716","name":"Reda\u00e7\u00e3o","image":{"@type":"ImageObject","inLanguage":"pt-BR","@id":"https:\/\/www.gaveanews.com\/#\/schema\/person\/image\/","url":"https:\/\/secure.gravatar.com\/avatar\/434098fd823f0dc1b062d14ca22bacaa6e38de28d8c816bbef6fc2f8c44d8ba3?s=96&d=mm&r=g","contentUrl":"https:\/\/secure.gravatar.com\/avatar\/434098fd823f0dc1b062d14ca22bacaa6e38de28d8c816bbef6fc2f8c44d8ba3?s=96&d=mm&r=g","caption":"Reda\u00e7\u00e3o"}}]}},"_links":{"self":[{"href":"https:\/\/www.gaveanews.com\/index.php\/wp-json\/wp\/v2\/posts\/278737","targetHints":{"allow":["GET"]}}],"collection":[{"href":"https:\/\/www.gaveanews.com\/index.php\/wp-json\/wp\/v2\/posts"}],"about":[{"href":"https:\/\/www.gaveanews.com\/index.php\/wp-json\/wp\/v2\/types\/post"}],"author":[{"embeddable":true,"href":"https:\/\/www.gaveanews.com\/index.php\/wp-json\/wp\/v2\/users\/39"}],"replies":[{"embeddable":true,"href":"https:\/\/www.gaveanews.com\/index.php\/wp-json\/wp\/v2\/comments?post=278737"}],"version-history":[{"count":1,"href":"https:\/\/www.gaveanews.com\/index.php\/wp-json\/wp\/v2\/posts\/278737\/revisions"}],"predecessor-version":[{"id":278750,"href":"https:\/\/www.gaveanews.com\/index.php\/wp-json\/wp\/v2\/posts\/278737\/revisions\/278750"}],"wp:featuredmedia":[{"embeddable":true,"href":"https:\/\/www.gaveanews.com\/index.php\/wp-json\/wp\/v2\/media\/114500"}],"wp:attachment":[{"href":"https:\/\/www.gaveanews.com\/index.php\/wp-json\/wp\/v2\/media?parent=278737"}],"wp:term":[{"taxonomy":"category","embeddable":true,"href":"https:\/\/www.gaveanews.com\/index.php\/wp-json\/wp\/v2\/categories?post=278737"},{"taxonomy":"post_tag","embeddable":true,"href":"https:\/\/www.gaveanews.com\/index.php\/wp-json\/wp\/v2\/tags?post=278737"}],"curies":[{"name":"wp","href":"https:\/\/api.w.org\/{rel}","templated":true}]}}