{"id":278740,"date":"2025-10-17T18:15:00","date_gmt":"2025-10-17T21:15:00","guid":{"rendered":"https:\/\/www.gaveanews.com\/?p=278740"},"modified":"2025-10-17T17:37:37","modified_gmt":"2025-10-17T20:37:37","slug":"arrascaeta-revela-novidades-sobre-renovacao-com-o-flamengo","status":"publish","type":"post","link":"https:\/\/www.gaveanews.com\/index.php\/2025\/10\/17\/arrascaeta-revela-novidades-sobre-renovacao-com-o-flamengo\/","title":{"rendered":"Arrascaeta revela novidades sobre renova\u00e7\u00e3o com o Flamengo"},"content":{"rendered":"\n<p>Nesta sexta-feira (17 de outubro), Arrascaeta atualizou a situa\u00e7\u00e3o da renova\u00e7\u00e3o com o <a href=\"https:\/\/www.gaveanews.com\/index.php\/category\/brasileirao\/flamengo\/\" target=\"_blank\" rel=\"noopener noreferrer\">Flamengo<\/a>. Em entrevista \u00e0 FlamengoTV, o meia disse que as conversas avan\u00e7aram. Segundo o &#8216;ge&#8217;, o acerto prev\u00ea validade at\u00e9 dezembro de 2028, com extens\u00e3o autom\u00e1tica por metas. O contrato atual do craque vai at\u00e9 2026.<\/p>\n\n\n\n<p>As negocia\u00e7\u00f5es est\u00e3o bem encaminhadas, e a renova\u00e7\u00e3o deve ocorrer em breve. O uruguaio soma 50 jogos, 19 gols e 14 assist\u00eancias na temporada. Torcedores aguardam ansiosamente por novidades no v\u00ednculo do camisa 10. <\/p>\n\n\n\n<p>J\u00e1 no \u2018Mengocast\u2019, da FlamengoTV, Arrascaeta demonstrou otimismo sobre um desfecho positivo para a renova\u00e7\u00e3o. <strong>\u201cEstamos a\u00ed na fase final. Se Deus quiser vai dar tudo certo e que possam vir mais anos com o Manto Sagrado\u201d.<\/strong><\/p>\n\n\n\n<p>Giorgian de Arrascaeta tamb\u00e9m avaliou a pr\u00f3pria forma e afirmou buscar patamares ainda maiores.<\/p>\n\n\n\n<p>\u201cPode ser (estar na melhor vers\u00e3o). Eu j\u00e1 tive fases muito boas em que me sentia muito bem, mas n\u00e3o sei se alcancei meu patamar m\u00e1ximo. N\u00e3o me coloco um limite. Espero cada vez tentar estar melhor. Espero que os pr\u00f3ximos anos sejam ainda melhores\u201d.<\/p>\n\n\n\n<p>Depois, o camisa 10 relatou uma conversa com Filipe Lu\u00eds quando o treinador assumiu o comando do time principal.<\/p>\n\n\n\n<p>\u201cAntes de come\u00e7ar a treinar no principal, ele foi l\u00e1 em casa. Come\u00e7amos a falar primeiro do extracampo, depois do grupo. Ele disse que estava chegando como treinador, mas queria separar a parte profissional dos amigos. E eu falei a ele: &#8220;Fili, se voc\u00ea ver que eu n\u00e3o estou pronto para jogar, n\u00e3o vou ficar bravo com voc\u00ea. Sei que se n\u00e3o jogo \u00e9 por culpa minha e n\u00e3o sua&#8221;. Foi uma das coisas que ficou clara entre n\u00f3s e o melhor que ele poderia fazer era falar com os amigos\u201d.<\/p>\n\n\n\n<p>Com a renova\u00e7\u00e3o encaminhada, Arrascaeta se prepara para ajudar o Flamengo no duelo contra o <a href=\"https:\/\/www.gaveanews.com\/index.php\/category\/brasileirao\/palmeiras\/\" target=\"_blank\" rel=\"noopener noreferrer\">Palmeiras<\/a> no Maracan\u00e3, no domingo (19 de outubro), \u00e0s 16h (de Bras\u00edlia), pela 29\u00aa rodada do Brasileir\u00e3o. O jogo \u00e9 confronto direto pelo topo da tabela e visto como &#8216;final antecipada&#8217; do torneio nacional. <\/p>\n","protected":false},"excerpt":{"rendered":"<p>Nesta sexta-feira (17 de outubro), Arrascaeta atualizou a situa\u00e7\u00e3o da renova\u00e7\u00e3o com o Flamengo. Em entrevista \u00e0 FlamengoTV, o meia disse que as conversas avan\u00e7aram. Segundo o &#8216;ge&#8217;, o acerto prev\u00ea validade at\u00e9 dezembro de 2028, com extens\u00e3o autom\u00e1tica por metas. O contrato atual do craque vai at\u00e9 2026. As negocia\u00e7\u00f5es est\u00e3o bem encaminhadas, e [&hellip;]<\/p>\n","protected":false},"author":39,"featured_media":254995,"comment_status":"open","ping_status":"closed","sticky":false,"template":"","format":"standard","meta":{"footnotes":""},"categories":[1],"tags":[],"class_list":["post-278740","post","type-post","status-publish","format-standard","has-post-thumbnail","hentry","category-flamengo"],"yoast_head":"<!-- This site is optimized with the Yoast SEO Premium plugin v24.2 (Yoast SEO v26.9) - https:\/\/yoast.com\/product\/yoast-seo-premium-wordpress\/ -->\n<title>Arrascaeta revela novidades sobre renova\u00e7\u00e3o com o Flamengo<\/title>\n<meta name=\"robots\" content=\"index, follow, max-snippet:-1, max-image-preview:large, max-video-preview:-1\" \/>\n<link rel=\"canonical\" href=\"https:\/\/www.gaveanews.com\/index.php\/2025\/10\/17\/arrascaeta-revela-novidades-sobre-renovacao-com-o-flamengo\/\" \/>\n<meta property=\"og:locale\" content=\"pt_BR\" \/>\n<meta property=\"og:type\" content=\"article\" \/>\n<meta property=\"og:title\" content=\"Arrascaeta revela novidades sobre renova\u00e7\u00e3o com o Flamengo\" \/>\n<meta property=\"og:description\" content=\"Nesta sexta-feira (17 de outubro), Arrascaeta atualizou a situa\u00e7\u00e3o da renova\u00e7\u00e3o com o Flamengo. Em entrevista \u00e0 FlamengoTV, o meia disse que as conversas avan\u00e7aram. Segundo o &#8216;ge&#8217;, o acerto prev\u00ea validade at\u00e9 dezembro de 2028, com extens\u00e3o autom\u00e1tica por metas. O contrato atual do craque vai at\u00e9 2026. As negocia\u00e7\u00f5es est\u00e3o bem encaminhadas, e [&hellip;]\" \/>\n<meta property=\"og:url\" content=\"https:\/\/www.gaveanews.com\/index.php\/2025\/10\/17\/arrascaeta-revela-novidades-sobre-renovacao-com-o-flamengo\/\" \/>\n<meta property=\"og:site_name\" content=\"G\u00e1vea News\" \/>\n<meta property=\"article:publisher\" content=\"https:\/\/facebook.com\/gaveaNews\/\" \/>\n<meta property=\"article:published_time\" content=\"2025-10-17T21:15:00+00:00\" \/>\n<meta property=\"og:image\" content=\"https:\/\/www.gaveanews.com\/wp-content\/uploads\/Arrascaeta-camisa-10-do-Flamengo-em-atuacao-no-Maracana.webp\" \/>\n\t<meta property=\"og:image:width\" content=\"1200\" \/>\n\t<meta property=\"og:image:height\" content=\"800\" \/>\n\t<meta property=\"og:image:type\" content=\"image\/png\" \/>\n<meta name=\"author\" content=\"Reda\u00e7\u00e3o\" \/>\n<meta name=\"twitter:card\" content=\"summary_large_image\" \/>\n<meta name=\"twitter:label1\" content=\"Escrito por\" \/>\n\t<meta name=\"twitter:data1\" content=\"Reda\u00e7\u00e3o\" \/>\n\t<meta name=\"twitter:label2\" content=\"Est. tempo de leitura\" \/>\n\t<meta name=\"twitter:data2\" content=\"3 minutos\" \/>\n<script type=\"application\/ld+json\" class=\"yoast-schema-graph\">{\"@context\":\"https:\/\/schema.org\",\"@graph\":[{\"@type\":\"NewsArticle\",\"@id\":\"https:\/\/www.gaveanews.com\/index.php\/2025\/10\/17\/arrascaeta-revela-novidades-sobre-renovacao-com-o-flamengo\/#article\",\"isPartOf\":{\"@id\":\"https:\/\/www.gaveanews.com\/index.php\/2025\/10\/17\/arrascaeta-revela-novidades-sobre-renovacao-com-o-flamengo\/\"},\"author\":{\"name\":\"Reda\u00e7\u00e3o\",\"@id\":\"https:\/\/www.gaveanews.com\/#\/schema\/person\/c88645e3d550d0b6574305e67dd5a716\"},\"headline\":\"Arrascaeta revela novidades sobre renova\u00e7\u00e3o com o Flamengo\",\"datePublished\":\"2025-10-17T21:15:00+00:00\",\"mainEntityOfPage\":{\"@id\":\"https:\/\/www.gaveanews.com\/index.php\/2025\/10\/17\/arrascaeta-revela-novidades-sobre-renovacao-com-o-flamengo\/\"},\"wordCount\":363,\"commentCount\":0,\"image\":{\"@id\":\"https:\/\/www.gaveanews.com\/index.php\/2025\/10\/17\/arrascaeta-revela-novidades-sobre-renovacao-com-o-flamengo\/#primaryimage\"},\"thumbnailUrl\":\"https:\/\/www.gaveanews.com\/wp-content\/uploads\/Arrascaeta-camisa-10-do-Flamengo-em-atuacao-no-Maracana.webp\",\"articleSection\":[\"Flamengo\"],\"inLanguage\":\"pt-BR\",\"potentialAction\":[{\"@type\":\"CommentAction\",\"name\":\"Comment\",\"target\":[\"https:\/\/www.gaveanews.com\/index.php\/2025\/10\/17\/arrascaeta-revela-novidades-sobre-renovacao-com-o-flamengo\/#respond\"]}],\"copyrightYear\":\"2025\",\"copyrightHolder\":{\"@id\":\"https:\/\/www.gaveanews.com\/#organization\"}},{\"@type\":\"WebPage\",\"@id\":\"https:\/\/www.gaveanews.com\/index.php\/2025\/10\/17\/arrascaeta-revela-novidades-sobre-renovacao-com-o-flamengo\/\",\"url\":\"https:\/\/www.gaveanews.com\/index.php\/2025\/10\/17\/arrascaeta-revela-novidades-sobre-renovacao-com-o-flamengo\/\",\"name\":\"Arrascaeta revela novidades sobre renova\u00e7\u00e3o com o Flamengo\",\"isPartOf\":{\"@id\":\"https:\/\/www.gaveanews.com\/#website\"},\"primaryImageOfPage\":{\"@id\":\"https:\/\/www.gaveanews.com\/index.php\/2025\/10\/17\/arrascaeta-revela-novidades-sobre-renovacao-com-o-flamengo\/#primaryimage\"},\"image\":{\"@id\":\"https:\/\/www.gaveanews.com\/index.php\/2025\/10\/17\/arrascaeta-revela-novidades-sobre-renovacao-com-o-flamengo\/#primaryimage\"},\"thumbnailUrl\":\"https:\/\/www.gaveanews.com\/wp-content\/uploads\/Arrascaeta-camisa-10-do-Flamengo-em-atuacao-no-Maracana.webp\",\"datePublished\":\"2025-10-17T21:15:00+00:00\",\"author\":{\"@id\":\"https:\/\/www.gaveanews.com\/#\/schema\/person\/c88645e3d550d0b6574305e67dd5a716\"},\"breadcrumb\":{\"@id\":\"https:\/\/www.gaveanews.com\/index.php\/2025\/10\/17\/arrascaeta-revela-novidades-sobre-renovacao-com-o-flamengo\/#breadcrumb\"},\"inLanguage\":\"pt-BR\",\"potentialAction\":[{\"@type\":\"ReadAction\",\"target\":[\"https:\/\/www.gaveanews.com\/index.php\/2025\/10\/17\/arrascaeta-revela-novidades-sobre-renovacao-com-o-flamengo\/\"]}]},{\"@type\":\"ImageObject\",\"inLanguage\":\"pt-BR\",\"@id\":\"https:\/\/www.gaveanews.com\/index.php\/2025\/10\/17\/arrascaeta-revela-novidades-sobre-renovacao-com-o-flamengo\/#primaryimage\",\"url\":\"https:\/\/www.gaveanews.com\/wp-content\/uploads\/Arrascaeta-camisa-10-do-Flamengo-em-atuacao-no-Maracana.webp\",\"contentUrl\":\"https:\/\/www.gaveanews.com\/wp-content\/uploads\/Arrascaeta-camisa-10-do-Flamengo-em-atuacao-no-Maracana.webp\",\"width\":1200,\"height\":800,\"caption\":\"Arrascaeta, camisa 10 do Flamengo, em atua\u00e7\u00e3o no Maracan\u00e3 - Foto: Gilvan de Souza\/Flamengo\"},{\"@type\":\"BreadcrumbList\",\"@id\":\"https:\/\/www.gaveanews.com\/index.php\/2025\/10\/17\/arrascaeta-revela-novidades-sobre-renovacao-com-o-flamengo\/#breadcrumb\",\"itemListElement\":[{\"@type\":\"ListItem\",\"position\":1,\"name\":\"Home\",\"item\":\"https:\/\/www.gaveanews.com\/\"},{\"@type\":\"ListItem\",\"position\":2,\"name\":\"Arrascaeta revela novidades sobre renova\u00e7\u00e3o com o Flamengo\"}]},{\"@type\":\"WebSite\",\"@id\":\"https:\/\/www.gaveanews.com\/#website\",\"url\":\"https:\/\/www.gaveanews.com\/\",\"name\":\"G\u00e1vea News\",\"description\":\"Veja todas as not\u00edcias sobre o Flamengo: Contrata\u00e7\u00f5es, categorias de base, resultados das partidas, tabela de classifica\u00e7\u00e3o, pr\u00f3ximos jogos!\",\"potentialAction\":[{\"@type\":\"SearchAction\",\"target\":{\"@type\":\"EntryPoint\",\"urlTemplate\":\"https:\/\/www.gaveanews.com\/?s={search_term_string}\"},\"query-input\":{\"@type\":\"PropertyValueSpecification\",\"valueRequired\":true,\"valueName\":\"search_term_string\"}}],\"inLanguage\":\"pt-BR\"},{\"@type\":\"Person\",\"@id\":\"https:\/\/www.gaveanews.com\/#\/schema\/person\/c88645e3d550d0b6574305e67dd5a716\",\"name\":\"Reda\u00e7\u00e3o\",\"image\":{\"@type\":\"ImageObject\",\"inLanguage\":\"pt-BR\",\"@id\":\"https:\/\/www.gaveanews.com\/#\/schema\/person\/image\/\",\"url\":\"https:\/\/secure.gravatar.com\/avatar\/434098fd823f0dc1b062d14ca22bacaa6e38de28d8c816bbef6fc2f8c44d8ba3?s=96&d=mm&r=g\",\"contentUrl\":\"https:\/\/secure.gravatar.com\/avatar\/434098fd823f0dc1b062d14ca22bacaa6e38de28d8c816bbef6fc2f8c44d8ba3?s=96&d=mm&r=g\",\"caption\":\"Reda\u00e7\u00e3o\"}}]}<\/script>\n<!-- \/ Yoast SEO Premium plugin. -->","yoast_head_json":{"title":"Arrascaeta revela novidades sobre renova\u00e7\u00e3o com o Flamengo","robots":{"index":"index","follow":"follow","max-snippet":"max-snippet:-1","max-image-preview":"max-image-preview:large","max-video-preview":"max-video-preview:-1"},"canonical":"https:\/\/www.gaveanews.com\/index.php\/2025\/10\/17\/arrascaeta-revela-novidades-sobre-renovacao-com-o-flamengo\/","og_locale":"pt_BR","og_type":"article","og_title":"Arrascaeta revela novidades sobre renova\u00e7\u00e3o com o Flamengo","og_description":"Nesta sexta-feira (17 de outubro), Arrascaeta atualizou a situa\u00e7\u00e3o da renova\u00e7\u00e3o com o Flamengo. Em entrevista \u00e0 FlamengoTV, o meia disse que as conversas avan\u00e7aram. Segundo o &#8216;ge&#8217;, o acerto prev\u00ea validade at\u00e9 dezembro de 2028, com extens\u00e3o autom\u00e1tica por metas. O contrato atual do craque vai at\u00e9 2026. As negocia\u00e7\u00f5es est\u00e3o bem encaminhadas, e [&hellip;]","og_url":"https:\/\/www.gaveanews.com\/index.php\/2025\/10\/17\/arrascaeta-revela-novidades-sobre-renovacao-com-o-flamengo\/","og_site_name":"G\u00e1vea News","article_publisher":"https:\/\/facebook.com\/gaveaNews\/","article_published_time":"2025-10-17T21:15:00+00:00","og_image":[{"width":1200,"height":800,"url":"https:\/\/www.gaveanews.com\/wp-content\/uploads\/Arrascaeta-camisa-10-do-Flamengo-em-atuacao-no-Maracana.webp","type":"image\/png"}],"author":"Reda\u00e7\u00e3o","twitter_card":"summary_large_image","twitter_misc":{"Escrito por":"Reda\u00e7\u00e3o","Est. tempo de leitura":"3 minutos"},"schema":{"@context":"https:\/\/schema.org","@graph":[{"@type":"NewsArticle","@id":"https:\/\/www.gaveanews.com\/index.php\/2025\/10\/17\/arrascaeta-revela-novidades-sobre-renovacao-com-o-flamengo\/#article","isPartOf":{"@id":"https:\/\/www.gaveanews.com\/index.php\/2025\/10\/17\/arrascaeta-revela-novidades-sobre-renovacao-com-o-flamengo\/"},"author":{"name":"Reda\u00e7\u00e3o","@id":"https:\/\/www.gaveanews.com\/#\/schema\/person\/c88645e3d550d0b6574305e67dd5a716"},"headline":"Arrascaeta revela novidades sobre renova\u00e7\u00e3o com o Flamengo","datePublished":"2025-10-17T21:15:00+00:00","mainEntityOfPage":{"@id":"https:\/\/www.gaveanews.com\/index.php\/2025\/10\/17\/arrascaeta-revela-novidades-sobre-renovacao-com-o-flamengo\/"},"wordCount":363,"commentCount":0,"image":{"@id":"https:\/\/www.gaveanews.com\/index.php\/2025\/10\/17\/arrascaeta-revela-novidades-sobre-renovacao-com-o-flamengo\/#primaryimage"},"thumbnailUrl":"https:\/\/www.gaveanews.com\/wp-content\/uploads\/Arrascaeta-camisa-10-do-Flamengo-em-atuacao-no-Maracana.webp","articleSection":["Flamengo"],"inLanguage":"pt-BR","potentialAction":[{"@type":"CommentAction","name":"Comment","target":["https:\/\/www.gaveanews.com\/index.php\/2025\/10\/17\/arrascaeta-revela-novidades-sobre-renovacao-com-o-flamengo\/#respond"]}],"copyrightYear":"2025","copyrightHolder":{"@id":"https:\/\/www.gaveanews.com\/#organization"}},{"@type":"WebPage","@id":"https:\/\/www.gaveanews.com\/index.php\/2025\/10\/17\/arrascaeta-revela-novidades-sobre-renovacao-com-o-flamengo\/","url":"https:\/\/www.gaveanews.com\/index.php\/2025\/10\/17\/arrascaeta-revela-novidades-sobre-renovacao-com-o-flamengo\/","name":"Arrascaeta revela novidades sobre renova\u00e7\u00e3o com o Flamengo","isPartOf":{"@id":"https:\/\/www.gaveanews.com\/#website"},"primaryImageOfPage":{"@id":"https:\/\/www.gaveanews.com\/index.php\/2025\/10\/17\/arrascaeta-revela-novidades-sobre-renovacao-com-o-flamengo\/#primaryimage"},"image":{"@id":"https:\/\/www.gaveanews.com\/index.php\/2025\/10\/17\/arrascaeta-revela-novidades-sobre-renovacao-com-o-flamengo\/#primaryimage"},"thumbnailUrl":"https:\/\/www.gaveanews.com\/wp-content\/uploads\/Arrascaeta-camisa-10-do-Flamengo-em-atuacao-no-Maracana.webp","datePublished":"2025-10-17T21:15:00+00:00","author":{"@id":"https:\/\/www.gaveanews.com\/#\/schema\/person\/c88645e3d550d0b6574305e67dd5a716"},"breadcrumb":{"@id":"https:\/\/www.gaveanews.com\/index.php\/2025\/10\/17\/arrascaeta-revela-novidades-sobre-renovacao-com-o-flamengo\/#breadcrumb"},"inLanguage":"pt-BR","potentialAction":[{"@type":"ReadAction","target":["https:\/\/www.gaveanews.com\/index.php\/2025\/10\/17\/arrascaeta-revela-novidades-sobre-renovacao-com-o-flamengo\/"]}]},{"@type":"ImageObject","inLanguage":"pt-BR","@id":"https:\/\/www.gaveanews.com\/index.php\/2025\/10\/17\/arrascaeta-revela-novidades-sobre-renovacao-com-o-flamengo\/#primaryimage","url":"https:\/\/www.gaveanews.com\/wp-content\/uploads\/Arrascaeta-camisa-10-do-Flamengo-em-atuacao-no-Maracana.webp","contentUrl":"https:\/\/www.gaveanews.com\/wp-content\/uploads\/Arrascaeta-camisa-10-do-Flamengo-em-atuacao-no-Maracana.webp","width":1200,"height":800,"caption":"Arrascaeta, camisa 10 do Flamengo, em atua\u00e7\u00e3o no Maracan\u00e3 - Foto: Gilvan de Souza\/Flamengo"},{"@type":"BreadcrumbList","@id":"https:\/\/www.gaveanews.com\/index.php\/2025\/10\/17\/arrascaeta-revela-novidades-sobre-renovacao-com-o-flamengo\/#breadcrumb","itemListElement":[{"@type":"ListItem","position":1,"name":"Home","item":"https:\/\/www.gaveanews.com\/"},{"@type":"ListItem","position":2,"name":"Arrascaeta revela novidades sobre renova\u00e7\u00e3o com o Flamengo"}]},{"@type":"WebSite","@id":"https:\/\/www.gaveanews.com\/#website","url":"https:\/\/www.gaveanews.com\/","name":"G\u00e1vea News","description":"Veja todas as not\u00edcias sobre o Flamengo: Contrata\u00e7\u00f5es, categorias de base, resultados das partidas, tabela de classifica\u00e7\u00e3o, pr\u00f3ximos jogos!","potentialAction":[{"@type":"SearchAction","target":{"@type":"EntryPoint","urlTemplate":"https:\/\/www.gaveanews.com\/?s={search_term_string}"},"query-input":{"@type":"PropertyValueSpecification","valueRequired":true,"valueName":"search_term_string"}}],"inLanguage":"pt-BR"},{"@type":"Person","@id":"https:\/\/www.gaveanews.com\/#\/schema\/person\/c88645e3d550d0b6574305e67dd5a716","name":"Reda\u00e7\u00e3o","image":{"@type":"ImageObject","inLanguage":"pt-BR","@id":"https:\/\/www.gaveanews.com\/#\/schema\/person\/image\/","url":"https:\/\/secure.gravatar.com\/avatar\/434098fd823f0dc1b062d14ca22bacaa6e38de28d8c816bbef6fc2f8c44d8ba3?s=96&d=mm&r=g","contentUrl":"https:\/\/secure.gravatar.com\/avatar\/434098fd823f0dc1b062d14ca22bacaa6e38de28d8c816bbef6fc2f8c44d8ba3?s=96&d=mm&r=g","caption":"Reda\u00e7\u00e3o"}}]}},"_links":{"self":[{"href":"https:\/\/www.gaveanews.com\/index.php\/wp-json\/wp\/v2\/posts\/278740","targetHints":{"allow":["GET"]}}],"collection":[{"href":"https:\/\/www.gaveanews.com\/index.php\/wp-json\/wp\/v2\/posts"}],"about":[{"href":"https:\/\/www.gaveanews.com\/index.php\/wp-json\/wp\/v2\/types\/post"}],"author":[{"embeddable":true,"href":"https:\/\/www.gaveanews.com\/index.php\/wp-json\/wp\/v2\/users\/39"}],"replies":[{"embeddable":true,"href":"https:\/\/www.gaveanews.com\/index.php\/wp-json\/wp\/v2\/comments?post=278740"}],"version-history":[{"count":1,"href":"https:\/\/www.gaveanews.com\/index.php\/wp-json\/wp\/v2\/posts\/278740\/revisions"}],"predecessor-version":[{"id":278754,"href":"https:\/\/www.gaveanews.com\/index.php\/wp-json\/wp\/v2\/posts\/278740\/revisions\/278754"}],"wp:featuredmedia":[{"embeddable":true,"href":"https:\/\/www.gaveanews.com\/index.php\/wp-json\/wp\/v2\/media\/254995"}],"wp:attachment":[{"href":"https:\/\/www.gaveanews.com\/index.php\/wp-json\/wp\/v2\/media?parent=278740"}],"wp:term":[{"taxonomy":"category","embeddable":true,"href":"https:\/\/www.gaveanews.com\/index.php\/wp-json\/wp\/v2\/categories?post=278740"},{"taxonomy":"post_tag","embeddable":true,"href":"https:\/\/www.gaveanews.com\/index.php\/wp-json\/wp\/v2\/tags?post=278740"}],"curies":[{"name":"wp","href":"https:\/\/api.w.org\/{rel}","templated":true}]}}