{"id":278747,"date":"2025-10-17T18:45:00","date_gmt":"2025-10-17T21:45:00","guid":{"rendered":"https:\/\/www.gaveanews.com\/?p=278747"},"modified":"2025-10-17T17:54:21","modified_gmt":"2025-10-17T20:54:21","slug":"jornalista-aponta-jogadores-do-palmeiras-que-seriam-titulares-no-flamengo","status":"publish","type":"post","link":"https:\/\/www.gaveanews.com\/index.php\/2025\/10\/17\/jornalista-aponta-jogadores-do-palmeiras-que-seriam-titulares-no-flamengo\/","title":{"rendered":"Jornalista aponta jogadores do Palmeiras que seriam titulares no Flamengo"},"content":{"rendered":"\n<p>Com o cl\u00e1ssico entre Flamengo e Palmeiras se aproximando, marcado para domingo (19) \u00e0s 16h (hor\u00e1rio de Bras\u00edlia), no Maracan\u00e3, o jornalista Vitor Birner realizou uma an\u00e1lise comparativa entre os elencos das duas equipes, avaliando jogador por jogador. A proposta foi identificar quais atletas do time paulista seriam titulares no atual Flamengo, caso houvesse uma fus\u00e3o entre os dois grupos.<\/p>\n\n\n\n<p>Apesar da for\u00e7a coletiva dos dois elencos, apenas tr\u00eas palmeirenses foram apontados como superiores em suas posi\u00e7\u00f5es, de acordo com Birner. A an\u00e1lise, feita durante participa\u00e7\u00e3o na &#8216;ESPN&#8217;, destacou a presen\u00e7a de Weverton, Gustavo G\u00f3mez e Vitor Roque como nomes capazes de assumir a titularidade imediata no time rubro-negro.<\/p>\n\n\n\n<p>O goleiro Weverton foi o primeiro a ser citado. Para Birner, mesmo com Agust\u00edn Rossi sendo um dos pilares da temporada do Flamengo, o palmeirense levaria vantagem pela consist\u00eancia e capacidade em decis\u00f5es. O comentarista foi enf\u00e1tico ao defender essa escolha: \u201cWeverton seria titular no Flamengo, desbancando Rossi\u201d.<\/p>\n\n\n\n<p>Na defesa, Gustavo G\u00f3mez foi descrito como presen\u00e7a incontest\u00e1vel. Birner afirmou que o paraguaio, mesmo com a sa\u00edda de bola menos refinada que alguns defensores do Flamengo, compensaria com lideran\u00e7a e solidez. \u201cG\u00f3mez seria titular com sobras\u201d, declarou o jornalista, refor\u00e7ando a confian\u00e7a na consist\u00eancia defensiva do capit\u00e3o do Palmeiras.<\/p>\n\n\n\n<p>J\u00e1 no ataque, Vitor Roque foi preferido em rela\u00e7\u00e3o a Pedro, numa escolha que surpreendeu parte da audi\u00eancia. Birner justificou a decis\u00e3o com base no momento atual dos dois jogadores, destacando as atua\u00e7\u00f5es recentes como fator decisivo. Ambos v\u00eam de boas partidas, mas, segundo ele, o atacante palmeirense vive fase superior.<\/p>\n\n\n\n<p>Curiosamente, no meio-campo, Birner optou por manter a forma\u00e7\u00e3o do Flamengo, liderada por Arrascaeta, Jorginho e Sa\u00fal \u00d1\u00edguez. A men\u00e7\u00e3o a Andreas Pereira foi feita com ressalvas, dado o hist\u00f3rico do jogador em sua primeira passagem pelo clube carioca. Dessa forma, o setor foi o \u00fanico sem altera\u00e7\u00e3o sugerida.<\/p>\n\n\n\n<p>Na constru\u00e7\u00e3o de um time ideal combinando os dois elencos, a escala\u00e7\u00e3o indicada por Birner ficou assim: <strong>Weverton; Varela, L\u00e9o Ortiz, Gustavo G\u00f3mez e Alex Sandro; Jorginho, Sa\u00fal \u00d1\u00edguez e Arrascaeta; Samuel Lino, Gonzalo Plata e Vitor Roque.<\/strong><\/p>\n\n\n\n<p>Por fim, o jornalista ainda comentou sobre os t\u00e9cnicos. Na sua vis\u00e3o, Abel Ferreira se encaixaria melhor no Flamengo do que Filipe Lu\u00eds, principalmente por sua experi\u00eancia e capacidade de extrair mais do elenco mesmo em cen\u00e1rios adversos. \u201cAbel tira mais, com menos\u201d, concluiu Birner.<\/p>\n\n\n\n<p>Flamengo e Palmeiras medem for\u00e7as no domingo (19), no Maracan\u00e3, para disputar o confronto direto pela lideran\u00e7a do torneio nacional. A bola rola \u00e0s 16h (hor\u00e1rio de Bras\u00edlia), e o Rubro-Nego precisa vencer para empatar com o Alviverde em pontua\u00e7\u00e3o e deixar em aberto a briga pelo topo da tabela.<\/p>\n","protected":false},"excerpt":{"rendered":"<p>Com o cl\u00e1ssico entre Flamengo e Palmeiras se aproximando, marcado para domingo (19) \u00e0s 16h (hor\u00e1rio de Bras\u00edlia), no Maracan\u00e3, o jornalista Vitor Birner realizou uma an\u00e1lise comparativa entre os elencos das duas equipes, avaliando jogador por jogador. A proposta foi identificar quais atletas do time paulista seriam titulares no atual Flamengo, caso houvesse uma [&hellip;]<\/p>\n","protected":false},"author":39,"featured_media":266967,"comment_status":"open","ping_status":"closed","sticky":false,"template":"","format":"standard","meta":{"footnotes":""},"categories":[1],"tags":[],"class_list":["post-278747","post","type-post","status-publish","format-standard","has-post-thumbnail","hentry","category-flamengo"],"yoast_head":"<!-- This site is optimized with the Yoast SEO Premium plugin v24.2 (Yoast SEO v26.9) - https:\/\/yoast.com\/product\/yoast-seo-premium-wordpress\/ -->\n<title>Jornalista aponta jogadores do Palmeiras que seriam titulares no Flamengo<\/title>\n<meta name=\"robots\" content=\"index, follow, max-snippet:-1, max-image-preview:large, max-video-preview:-1\" \/>\n<link rel=\"canonical\" href=\"https:\/\/www.gaveanews.com\/index.php\/2025\/10\/17\/jornalista-aponta-jogadores-do-palmeiras-que-seriam-titulares-no-flamengo\/\" \/>\n<meta property=\"og:locale\" content=\"pt_BR\" \/>\n<meta property=\"og:type\" content=\"article\" \/>\n<meta property=\"og:title\" content=\"Jornalista aponta jogadores do Palmeiras que seriam titulares no Flamengo\" \/>\n<meta property=\"og:description\" content=\"Com o cl\u00e1ssico entre Flamengo e Palmeiras se aproximando, marcado para domingo (19) \u00e0s 16h (hor\u00e1rio de Bras\u00edlia), no Maracan\u00e3, o jornalista Vitor Birner realizou uma an\u00e1lise comparativa entre os elencos das duas equipes, avaliando jogador por jogador. A proposta foi identificar quais atletas do time paulista seriam titulares no atual Flamengo, caso houvesse uma [&hellip;]\" \/>\n<meta property=\"og:url\" content=\"https:\/\/www.gaveanews.com\/index.php\/2025\/10\/17\/jornalista-aponta-jogadores-do-palmeiras-que-seriam-titulares-no-flamengo\/\" \/>\n<meta property=\"og:site_name\" content=\"G\u00e1vea News\" \/>\n<meta property=\"article:publisher\" content=\"https:\/\/facebook.com\/gaveaNews\/\" \/>\n<meta property=\"article:published_time\" content=\"2025-10-17T21:45:00+00:00\" \/>\n<meta property=\"og:image\" content=\"https:\/\/www.gaveanews.com\/wp-content\/uploads\/Arrascaeta-durante-a-vitoria-do-Flamengo-sobre-o-Palmeiras-no-Allianz-Parque.webp\" \/>\n\t<meta property=\"og:image:width\" content=\"1200\" \/>\n\t<meta property=\"og:image:height\" content=\"900\" \/>\n\t<meta property=\"og:image:type\" content=\"image\/webp\" \/>\n<meta name=\"author\" content=\"Reda\u00e7\u00e3o\" \/>\n<meta name=\"twitter:card\" content=\"summary_large_image\" \/>\n<meta name=\"twitter:label1\" content=\"Escrito por\" \/>\n\t<meta name=\"twitter:data1\" content=\"Reda\u00e7\u00e3o\" \/>\n\t<meta name=\"twitter:label2\" content=\"Est. tempo de leitura\" \/>\n\t<meta name=\"twitter:data2\" content=\"3 minutos\" \/>\n<script type=\"application\/ld+json\" class=\"yoast-schema-graph\">{\"@context\":\"https:\/\/schema.org\",\"@graph\":[{\"@type\":\"NewsArticle\",\"@id\":\"https:\/\/www.gaveanews.com\/index.php\/2025\/10\/17\/jornalista-aponta-jogadores-do-palmeiras-que-seriam-titulares-no-flamengo\/#article\",\"isPartOf\":{\"@id\":\"https:\/\/www.gaveanews.com\/index.php\/2025\/10\/17\/jornalista-aponta-jogadores-do-palmeiras-que-seriam-titulares-no-flamengo\/\"},\"author\":{\"name\":\"Reda\u00e7\u00e3o\",\"@id\":\"https:\/\/www.gaveanews.com\/#\/schema\/person\/c88645e3d550d0b6574305e67dd5a716\"},\"headline\":\"Jornalista aponta jogadores do Palmeiras que seriam titulares no Flamengo\",\"datePublished\":\"2025-10-17T21:45:00+00:00\",\"mainEntityOfPage\":{\"@id\":\"https:\/\/www.gaveanews.com\/index.php\/2025\/10\/17\/jornalista-aponta-jogadores-do-palmeiras-que-seriam-titulares-no-flamengo\/\"},\"wordCount\":499,\"commentCount\":0,\"image\":{\"@id\":\"https:\/\/www.gaveanews.com\/index.php\/2025\/10\/17\/jornalista-aponta-jogadores-do-palmeiras-que-seriam-titulares-no-flamengo\/#primaryimage\"},\"thumbnailUrl\":\"https:\/\/www.gaveanews.com\/wp-content\/uploads\/Arrascaeta-durante-a-vitoria-do-Flamengo-sobre-o-Palmeiras-no-Allianz-Parque.webp\",\"articleSection\":[\"Flamengo\"],\"inLanguage\":\"pt-BR\",\"potentialAction\":[{\"@type\":\"CommentAction\",\"name\":\"Comment\",\"target\":[\"https:\/\/www.gaveanews.com\/index.php\/2025\/10\/17\/jornalista-aponta-jogadores-do-palmeiras-que-seriam-titulares-no-flamengo\/#respond\"]}],\"copyrightYear\":\"2025\",\"copyrightHolder\":{\"@id\":\"https:\/\/www.gaveanews.com\/#organization\"}},{\"@type\":\"WebPage\",\"@id\":\"https:\/\/www.gaveanews.com\/index.php\/2025\/10\/17\/jornalista-aponta-jogadores-do-palmeiras-que-seriam-titulares-no-flamengo\/\",\"url\":\"https:\/\/www.gaveanews.com\/index.php\/2025\/10\/17\/jornalista-aponta-jogadores-do-palmeiras-que-seriam-titulares-no-flamengo\/\",\"name\":\"Jornalista aponta jogadores do Palmeiras que seriam titulares no Flamengo\",\"isPartOf\":{\"@id\":\"https:\/\/www.gaveanews.com\/#website\"},\"primaryImageOfPage\":{\"@id\":\"https:\/\/www.gaveanews.com\/index.php\/2025\/10\/17\/jornalista-aponta-jogadores-do-palmeiras-que-seriam-titulares-no-flamengo\/#primaryimage\"},\"image\":{\"@id\":\"https:\/\/www.gaveanews.com\/index.php\/2025\/10\/17\/jornalista-aponta-jogadores-do-palmeiras-que-seriam-titulares-no-flamengo\/#primaryimage\"},\"thumbnailUrl\":\"https:\/\/www.gaveanews.com\/wp-content\/uploads\/Arrascaeta-durante-a-vitoria-do-Flamengo-sobre-o-Palmeiras-no-Allianz-Parque.webp\",\"datePublished\":\"2025-10-17T21:45:00+00:00\",\"author\":{\"@id\":\"https:\/\/www.gaveanews.com\/#\/schema\/person\/c88645e3d550d0b6574305e67dd5a716\"},\"breadcrumb\":{\"@id\":\"https:\/\/www.gaveanews.com\/index.php\/2025\/10\/17\/jornalista-aponta-jogadores-do-palmeiras-que-seriam-titulares-no-flamengo\/#breadcrumb\"},\"inLanguage\":\"pt-BR\",\"potentialAction\":[{\"@type\":\"ReadAction\",\"target\":[\"https:\/\/www.gaveanews.com\/index.php\/2025\/10\/17\/jornalista-aponta-jogadores-do-palmeiras-que-seriam-titulares-no-flamengo\/\"]}]},{\"@type\":\"ImageObject\",\"inLanguage\":\"pt-BR\",\"@id\":\"https:\/\/www.gaveanews.com\/index.php\/2025\/10\/17\/jornalista-aponta-jogadores-do-palmeiras-que-seriam-titulares-no-flamengo\/#primaryimage\",\"url\":\"https:\/\/www.gaveanews.com\/wp-content\/uploads\/Arrascaeta-durante-a-vitoria-do-Flamengo-sobre-o-Palmeiras-no-Allianz-Parque.webp\",\"contentUrl\":\"https:\/\/www.gaveanews.com\/wp-content\/uploads\/Arrascaeta-durante-a-vitoria-do-Flamengo-sobre-o-Palmeiras-no-Allianz-Parque.webp\",\"width\":1200,\"height\":900,\"caption\":\"Arrascaeta durante a vit\u00f3ria do Flamengo sobre o Palmeiras, no Allianz Parque - Foto: Adriano Fontes\/Flamengo\"},{\"@type\":\"BreadcrumbList\",\"@id\":\"https:\/\/www.gaveanews.com\/index.php\/2025\/10\/17\/jornalista-aponta-jogadores-do-palmeiras-que-seriam-titulares-no-flamengo\/#breadcrumb\",\"itemListElement\":[{\"@type\":\"ListItem\",\"position\":1,\"name\":\"Home\",\"item\":\"https:\/\/www.gaveanews.com\/\"},{\"@type\":\"ListItem\",\"position\":2,\"name\":\"Jornalista aponta jogadores do Palmeiras que seriam titulares no Flamengo\"}]},{\"@type\":\"WebSite\",\"@id\":\"https:\/\/www.gaveanews.com\/#website\",\"url\":\"https:\/\/www.gaveanews.com\/\",\"name\":\"G\u00e1vea News\",\"description\":\"Veja todas as not\u00edcias sobre o Flamengo: Contrata\u00e7\u00f5es, categorias de base, resultados das partidas, tabela de classifica\u00e7\u00e3o, pr\u00f3ximos jogos!\",\"potentialAction\":[{\"@type\":\"SearchAction\",\"target\":{\"@type\":\"EntryPoint\",\"urlTemplate\":\"https:\/\/www.gaveanews.com\/?s={search_term_string}\"},\"query-input\":{\"@type\":\"PropertyValueSpecification\",\"valueRequired\":true,\"valueName\":\"search_term_string\"}}],\"inLanguage\":\"pt-BR\"},{\"@type\":\"Person\",\"@id\":\"https:\/\/www.gaveanews.com\/#\/schema\/person\/c88645e3d550d0b6574305e67dd5a716\",\"name\":\"Reda\u00e7\u00e3o\",\"image\":{\"@type\":\"ImageObject\",\"inLanguage\":\"pt-BR\",\"@id\":\"https:\/\/www.gaveanews.com\/#\/schema\/person\/image\/\",\"url\":\"https:\/\/secure.gravatar.com\/avatar\/434098fd823f0dc1b062d14ca22bacaa6e38de28d8c816bbef6fc2f8c44d8ba3?s=96&d=mm&r=g\",\"contentUrl\":\"https:\/\/secure.gravatar.com\/avatar\/434098fd823f0dc1b062d14ca22bacaa6e38de28d8c816bbef6fc2f8c44d8ba3?s=96&d=mm&r=g\",\"caption\":\"Reda\u00e7\u00e3o\"}}]}<\/script>\n<!-- \/ Yoast SEO Premium plugin. -->","yoast_head_json":{"title":"Jornalista aponta jogadores do Palmeiras que seriam titulares no Flamengo","robots":{"index":"index","follow":"follow","max-snippet":"max-snippet:-1","max-image-preview":"max-image-preview:large","max-video-preview":"max-video-preview:-1"},"canonical":"https:\/\/www.gaveanews.com\/index.php\/2025\/10\/17\/jornalista-aponta-jogadores-do-palmeiras-que-seriam-titulares-no-flamengo\/","og_locale":"pt_BR","og_type":"article","og_title":"Jornalista aponta jogadores do Palmeiras que seriam titulares no Flamengo","og_description":"Com o cl\u00e1ssico entre Flamengo e Palmeiras se aproximando, marcado para domingo (19) \u00e0s 16h (hor\u00e1rio de Bras\u00edlia), no Maracan\u00e3, o jornalista Vitor Birner realizou uma an\u00e1lise comparativa entre os elencos das duas equipes, avaliando jogador por jogador. A proposta foi identificar quais atletas do time paulista seriam titulares no atual Flamengo, caso houvesse uma [&hellip;]","og_url":"https:\/\/www.gaveanews.com\/index.php\/2025\/10\/17\/jornalista-aponta-jogadores-do-palmeiras-que-seriam-titulares-no-flamengo\/","og_site_name":"G\u00e1vea News","article_publisher":"https:\/\/facebook.com\/gaveaNews\/","article_published_time":"2025-10-17T21:45:00+00:00","og_image":[{"width":1200,"height":900,"url":"https:\/\/www.gaveanews.com\/wp-content\/uploads\/Arrascaeta-durante-a-vitoria-do-Flamengo-sobre-o-Palmeiras-no-Allianz-Parque.webp","type":"image\/webp"}],"author":"Reda\u00e7\u00e3o","twitter_card":"summary_large_image","twitter_misc":{"Escrito por":"Reda\u00e7\u00e3o","Est. tempo de leitura":"3 minutos"},"schema":{"@context":"https:\/\/schema.org","@graph":[{"@type":"NewsArticle","@id":"https:\/\/www.gaveanews.com\/index.php\/2025\/10\/17\/jornalista-aponta-jogadores-do-palmeiras-que-seriam-titulares-no-flamengo\/#article","isPartOf":{"@id":"https:\/\/www.gaveanews.com\/index.php\/2025\/10\/17\/jornalista-aponta-jogadores-do-palmeiras-que-seriam-titulares-no-flamengo\/"},"author":{"name":"Reda\u00e7\u00e3o","@id":"https:\/\/www.gaveanews.com\/#\/schema\/person\/c88645e3d550d0b6574305e67dd5a716"},"headline":"Jornalista aponta jogadores do Palmeiras que seriam titulares no Flamengo","datePublished":"2025-10-17T21:45:00+00:00","mainEntityOfPage":{"@id":"https:\/\/www.gaveanews.com\/index.php\/2025\/10\/17\/jornalista-aponta-jogadores-do-palmeiras-que-seriam-titulares-no-flamengo\/"},"wordCount":499,"commentCount":0,"image":{"@id":"https:\/\/www.gaveanews.com\/index.php\/2025\/10\/17\/jornalista-aponta-jogadores-do-palmeiras-que-seriam-titulares-no-flamengo\/#primaryimage"},"thumbnailUrl":"https:\/\/www.gaveanews.com\/wp-content\/uploads\/Arrascaeta-durante-a-vitoria-do-Flamengo-sobre-o-Palmeiras-no-Allianz-Parque.webp","articleSection":["Flamengo"],"inLanguage":"pt-BR","potentialAction":[{"@type":"CommentAction","name":"Comment","target":["https:\/\/www.gaveanews.com\/index.php\/2025\/10\/17\/jornalista-aponta-jogadores-do-palmeiras-que-seriam-titulares-no-flamengo\/#respond"]}],"copyrightYear":"2025","copyrightHolder":{"@id":"https:\/\/www.gaveanews.com\/#organization"}},{"@type":"WebPage","@id":"https:\/\/www.gaveanews.com\/index.php\/2025\/10\/17\/jornalista-aponta-jogadores-do-palmeiras-que-seriam-titulares-no-flamengo\/","url":"https:\/\/www.gaveanews.com\/index.php\/2025\/10\/17\/jornalista-aponta-jogadores-do-palmeiras-que-seriam-titulares-no-flamengo\/","name":"Jornalista aponta jogadores do Palmeiras que seriam titulares no Flamengo","isPartOf":{"@id":"https:\/\/www.gaveanews.com\/#website"},"primaryImageOfPage":{"@id":"https:\/\/www.gaveanews.com\/index.php\/2025\/10\/17\/jornalista-aponta-jogadores-do-palmeiras-que-seriam-titulares-no-flamengo\/#primaryimage"},"image":{"@id":"https:\/\/www.gaveanews.com\/index.php\/2025\/10\/17\/jornalista-aponta-jogadores-do-palmeiras-que-seriam-titulares-no-flamengo\/#primaryimage"},"thumbnailUrl":"https:\/\/www.gaveanews.com\/wp-content\/uploads\/Arrascaeta-durante-a-vitoria-do-Flamengo-sobre-o-Palmeiras-no-Allianz-Parque.webp","datePublished":"2025-10-17T21:45:00+00:00","author":{"@id":"https:\/\/www.gaveanews.com\/#\/schema\/person\/c88645e3d550d0b6574305e67dd5a716"},"breadcrumb":{"@id":"https:\/\/www.gaveanews.com\/index.php\/2025\/10\/17\/jornalista-aponta-jogadores-do-palmeiras-que-seriam-titulares-no-flamengo\/#breadcrumb"},"inLanguage":"pt-BR","potentialAction":[{"@type":"ReadAction","target":["https:\/\/www.gaveanews.com\/index.php\/2025\/10\/17\/jornalista-aponta-jogadores-do-palmeiras-que-seriam-titulares-no-flamengo\/"]}]},{"@type":"ImageObject","inLanguage":"pt-BR","@id":"https:\/\/www.gaveanews.com\/index.php\/2025\/10\/17\/jornalista-aponta-jogadores-do-palmeiras-que-seriam-titulares-no-flamengo\/#primaryimage","url":"https:\/\/www.gaveanews.com\/wp-content\/uploads\/Arrascaeta-durante-a-vitoria-do-Flamengo-sobre-o-Palmeiras-no-Allianz-Parque.webp","contentUrl":"https:\/\/www.gaveanews.com\/wp-content\/uploads\/Arrascaeta-durante-a-vitoria-do-Flamengo-sobre-o-Palmeiras-no-Allianz-Parque.webp","width":1200,"height":900,"caption":"Arrascaeta durante a vit\u00f3ria do Flamengo sobre o Palmeiras, no Allianz Parque - Foto: Adriano Fontes\/Flamengo"},{"@type":"BreadcrumbList","@id":"https:\/\/www.gaveanews.com\/index.php\/2025\/10\/17\/jornalista-aponta-jogadores-do-palmeiras-que-seriam-titulares-no-flamengo\/#breadcrumb","itemListElement":[{"@type":"ListItem","position":1,"name":"Home","item":"https:\/\/www.gaveanews.com\/"},{"@type":"ListItem","position":2,"name":"Jornalista aponta jogadores do Palmeiras que seriam titulares no Flamengo"}]},{"@type":"WebSite","@id":"https:\/\/www.gaveanews.com\/#website","url":"https:\/\/www.gaveanews.com\/","name":"G\u00e1vea News","description":"Veja todas as not\u00edcias sobre o Flamengo: Contrata\u00e7\u00f5es, categorias de base, resultados das partidas, tabela de classifica\u00e7\u00e3o, pr\u00f3ximos jogos!","potentialAction":[{"@type":"SearchAction","target":{"@type":"EntryPoint","urlTemplate":"https:\/\/www.gaveanews.com\/?s={search_term_string}"},"query-input":{"@type":"PropertyValueSpecification","valueRequired":true,"valueName":"search_term_string"}}],"inLanguage":"pt-BR"},{"@type":"Person","@id":"https:\/\/www.gaveanews.com\/#\/schema\/person\/c88645e3d550d0b6574305e67dd5a716","name":"Reda\u00e7\u00e3o","image":{"@type":"ImageObject","inLanguage":"pt-BR","@id":"https:\/\/www.gaveanews.com\/#\/schema\/person\/image\/","url":"https:\/\/secure.gravatar.com\/avatar\/434098fd823f0dc1b062d14ca22bacaa6e38de28d8c816bbef6fc2f8c44d8ba3?s=96&d=mm&r=g","contentUrl":"https:\/\/secure.gravatar.com\/avatar\/434098fd823f0dc1b062d14ca22bacaa6e38de28d8c816bbef6fc2f8c44d8ba3?s=96&d=mm&r=g","caption":"Reda\u00e7\u00e3o"}}]}},"_links":{"self":[{"href":"https:\/\/www.gaveanews.com\/index.php\/wp-json\/wp\/v2\/posts\/278747","targetHints":{"allow":["GET"]}}],"collection":[{"href":"https:\/\/www.gaveanews.com\/index.php\/wp-json\/wp\/v2\/posts"}],"about":[{"href":"https:\/\/www.gaveanews.com\/index.php\/wp-json\/wp\/v2\/types\/post"}],"author":[{"embeddable":true,"href":"https:\/\/www.gaveanews.com\/index.php\/wp-json\/wp\/v2\/users\/39"}],"replies":[{"embeddable":true,"href":"https:\/\/www.gaveanews.com\/index.php\/wp-json\/wp\/v2\/comments?post=278747"}],"version-history":[{"count":1,"href":"https:\/\/www.gaveanews.com\/index.php\/wp-json\/wp\/v2\/posts\/278747\/revisions"}],"predecessor-version":[{"id":278758,"href":"https:\/\/www.gaveanews.com\/index.php\/wp-json\/wp\/v2\/posts\/278747\/revisions\/278758"}],"wp:featuredmedia":[{"embeddable":true,"href":"https:\/\/www.gaveanews.com\/index.php\/wp-json\/wp\/v2\/media\/266967"}],"wp:attachment":[{"href":"https:\/\/www.gaveanews.com\/index.php\/wp-json\/wp\/v2\/media?parent=278747"}],"wp:term":[{"taxonomy":"category","embeddable":true,"href":"https:\/\/www.gaveanews.com\/index.php\/wp-json\/wp\/v2\/categories?post=278747"},{"taxonomy":"post_tag","embeddable":true,"href":"https:\/\/www.gaveanews.com\/index.php\/wp-json\/wp\/v2\/tags?post=278747"}],"curies":[{"name":"wp","href":"https:\/\/api.w.org\/{rel}","templated":true}]}}