{"id":278766,"date":"2025-10-17T19:46:18","date_gmt":"2025-10-17T22:46:18","guid":{"rendered":"https:\/\/www.gaveanews.com\/?p=278766"},"modified":"2025-10-17T19:46:26","modified_gmt":"2025-10-17T22:46:26","slug":"preco-da-nova-camisa-do-flamengo-chama-atencao","status":"publish","type":"post","link":"https:\/\/www.gaveanews.com\/index.php\/2025\/10\/17\/preco-da-nova-camisa-do-flamengo-chama-atencao\/","title":{"rendered":"Pre\u00e7o da nova camisa do Flamengo chama aten\u00e7\u00e3o"},"content":{"rendered":"\n<p>O Flamengo apresentou nesta sexta-feira (17) um novo modelo de camisa que promete virar objeto de desejo entre torcedores e colecionadores. Desenvolvido em parceria com a Adidas, o lan\u00e7amento integra uma linha especial voltada ao p\u00fablico casual, com design e proposta distintos dos uniformes utilizados em campo.<\/p>\n\n\n\n<p>Batizada de \u201cLifestyler\u201d, a pe\u00e7a ser\u00e1 vendida em edi\u00e7\u00e3o extremamente limitada. Ao todo, ser\u00e3o apenas 3.600 unidades dispon\u00edveis em 100 lojas selecionadas, cada uma com 36 camisas. A estrat\u00e9gia de exclusividade faz parte do plano do clube de ampliar sua presen\u00e7a no mercado de moda esportiva e refor\u00e7ar o apelo da marca Flamengo como estilo de vida, n\u00e3o apenas s\u00edmbolo esportivo.<\/p>\n\n\n\n<p>Mas o fator que mais tem despertado debate \u00e9 o pre\u00e7o. O novo manto chega \u00e0s prateleiras por R$ 699, valor que rapidamente dominou as discuss\u00f5es entre os torcedores. A quantia \u00e9 considerada alta at\u00e9 mesmo para produtos oficiais de clubes brasileiros, o que aumentou o contraste com o n\u00famero reduzido de unidades.<\/p>\n\n\n\n<figure class=\"wp-block-embed is-type-photo is-provider-flickr wp-block-embed-flickr\"><div class=\"wp-block-embed__wrapper\">\n<a href=\"https:\/\/www.flickr.com\/photos\/201155970@N03\/54861818678\/in\/dateposted-public\/\"><img loading=\"lazy\" decoding=\"async\" src=\"https:\/\/live.staticflickr.com\/65535\/54861818678_3708d369f5_c.jpg\" alt=\"imagem_2025-10-17_194556931\" width=\"640\" height=\"800\" \/><\/a>\n<\/div><\/figure>\n\n\n\n<p>O design, no entanto, aposta em diferenciais visuais. Predominantemente preta, a camisa exibe o escudo CRF e o logotipo da Adidas em vermelho, com as tradicionais tr\u00eas listras nos ombros. A gola polo em tom rubro-negro refor\u00e7a o visual sofisticado. O modelo traz ainda \u201cdesenhos espalhados como marcas d\u2019\u00e1gua\u201d, al\u00e9m do antigo logotipo da fornecedora esportiva, usado como elemento nost\u00e1lgico.<\/p>\n\n\n\n<p>Inicialmente previsto para novembro, o lan\u00e7amento foi antecipado para o fim de semana de Flamengo x Palmeiras, no Maracan\u00e3, v\u00e1lido pela 29\u00aa rodada do Campeonato Brasileiro. A ideia \u00e9 aproveitar a grande visibilidade do confronto para impulsionar o interesse do p\u00fablico.<\/p>\n\n\n\n<p>O modelo \u201cLifestyler\u201d n\u00e3o ser\u00e1 usado em partidas. Trata-se de um item exclusivo para torcedores, complementando a atual linha de uniformes, composta pelos modelos rubro-negro tradicional, branco e o terceiro em tom dourado. Dessa forma, o Flamengo investe em uma estrat\u00e9gia que combina escassez, design e posicionamento premium.<\/p>\n","protected":false},"excerpt":{"rendered":"<p>O Flamengo apresentou nesta sexta-feira (17) um novo modelo de camisa que promete virar objeto de desejo entre torcedores e colecionadores. Desenvolvido em parceria com a Adidas, o lan\u00e7amento integra uma linha especial voltada ao p\u00fablico casual, com design e proposta distintos dos uniformes utilizados em campo. Batizada de \u201cLifestyler\u201d, a pe\u00e7a ser\u00e1 vendida em [&hellip;]<\/p>\n","protected":false},"author":15,"featured_media":127354,"comment_status":"open","ping_status":"closed","sticky":false,"template":"","format":"standard","meta":{"footnotes":""},"categories":[1],"tags":[],"class_list":["post-278766","post","type-post","status-publish","format-standard","has-post-thumbnail","hentry","category-flamengo"],"yoast_head":"<!-- This site is optimized with the Yoast SEO Premium plugin v24.2 (Yoast SEO v26.9) - https:\/\/yoast.com\/product\/yoast-seo-premium-wordpress\/ -->\n<title>Pre\u00e7o da nova camisa do Flamengo chama aten\u00e7\u00e3o<\/title>\n<meta name=\"robots\" content=\"index, follow, max-snippet:-1, max-image-preview:large, max-video-preview:-1\" \/>\n<link rel=\"canonical\" href=\"https:\/\/www.gaveanews.com\/index.php\/2025\/10\/17\/preco-da-nova-camisa-do-flamengo-chama-atencao\/\" \/>\n<meta property=\"og:locale\" content=\"pt_BR\" \/>\n<meta property=\"og:type\" content=\"article\" \/>\n<meta property=\"og:title\" content=\"Pre\u00e7o da nova camisa do Flamengo chama aten\u00e7\u00e3o\" \/>\n<meta property=\"og:description\" content=\"O Flamengo apresentou nesta sexta-feira (17) um novo modelo de camisa que promete virar objeto de desejo entre torcedores e colecionadores. Desenvolvido em parceria com a Adidas, o lan\u00e7amento integra uma linha especial voltada ao p\u00fablico casual, com design e proposta distintos dos uniformes utilizados em campo. Batizada de \u201cLifestyler\u201d, a pe\u00e7a ser\u00e1 vendida em [&hellip;]\" \/>\n<meta property=\"og:url\" content=\"https:\/\/www.gaveanews.com\/index.php\/2025\/10\/17\/preco-da-nova-camisa-do-flamengo-chama-atencao\/\" \/>\n<meta property=\"og:site_name\" content=\"G\u00e1vea News\" \/>\n<meta property=\"article:publisher\" content=\"https:\/\/facebook.com\/gaveaNews\/\" \/>\n<meta property=\"article:published_time\" content=\"2025-10-17T22:46:18+00:00\" \/>\n<meta property=\"article:modified_time\" content=\"2025-10-17T22:46:26+00:00\" \/>\n<meta property=\"og:image\" content=\"http:\/\/www.gaveanews.com\/wp-content\/uploads\/camisa-flamengo.webp\" \/>\n\t<meta property=\"og:image:width\" content=\"483\" \/>\n\t<meta property=\"og:image:height\" content=\"322\" \/>\n\t<meta property=\"og:image:type\" content=\"image\/webp\" \/>\n<meta name=\"author\" content=\"Henrique Machado\" \/>\n<meta name=\"twitter:card\" content=\"summary_large_image\" \/>\n<meta name=\"twitter:label1\" content=\"Escrito por\" \/>\n\t<meta name=\"twitter:data1\" content=\"Henrique Machado\" \/>\n\t<meta name=\"twitter:label2\" content=\"Est. tempo de leitura\" \/>\n\t<meta name=\"twitter:data2\" content=\"2 minutos\" \/>\n<script type=\"application\/ld+json\" class=\"yoast-schema-graph\">{\"@context\":\"https:\/\/schema.org\",\"@graph\":[{\"@type\":\"NewsArticle\",\"@id\":\"https:\/\/www.gaveanews.com\/index.php\/2025\/10\/17\/preco-da-nova-camisa-do-flamengo-chama-atencao\/#article\",\"isPartOf\":{\"@id\":\"https:\/\/www.gaveanews.com\/index.php\/2025\/10\/17\/preco-da-nova-camisa-do-flamengo-chama-atencao\/\"},\"author\":{\"name\":\"Henrique Machado\",\"@id\":\"https:\/\/www.gaveanews.com\/#\/schema\/person\/fd07635ec039ec3ba74ad18ec8a6dbd6\"},\"headline\":\"Pre\u00e7o da nova camisa do Flamengo chama aten\u00e7\u00e3o\",\"datePublished\":\"2025-10-17T22:46:18+00:00\",\"dateModified\":\"2025-10-17T22:46:26+00:00\",\"mainEntityOfPage\":{\"@id\":\"https:\/\/www.gaveanews.com\/index.php\/2025\/10\/17\/preco-da-nova-camisa-do-flamengo-chama-atencao\/\"},\"wordCount\":343,\"commentCount\":0,\"image\":{\"@id\":\"https:\/\/www.gaveanews.com\/index.php\/2025\/10\/17\/preco-da-nova-camisa-do-flamengo-chama-atencao\/#primaryimage\"},\"thumbnailUrl\":\"https:\/\/www.gaveanews.com\/wp-content\/uploads\/camisa-flamengo.webp\",\"articleSection\":[\"Flamengo\"],\"inLanguage\":\"pt-BR\",\"potentialAction\":[{\"@type\":\"CommentAction\",\"name\":\"Comment\",\"target\":[\"https:\/\/www.gaveanews.com\/index.php\/2025\/10\/17\/preco-da-nova-camisa-do-flamengo-chama-atencao\/#respond\"]}],\"copyrightYear\":\"2025\",\"copyrightHolder\":{\"@id\":\"https:\/\/www.gaveanews.com\/#organization\"}},{\"@type\":\"WebPage\",\"@id\":\"https:\/\/www.gaveanews.com\/index.php\/2025\/10\/17\/preco-da-nova-camisa-do-flamengo-chama-atencao\/\",\"url\":\"https:\/\/www.gaveanews.com\/index.php\/2025\/10\/17\/preco-da-nova-camisa-do-flamengo-chama-atencao\/\",\"name\":\"Pre\u00e7o da nova camisa do Flamengo chama aten\u00e7\u00e3o\",\"isPartOf\":{\"@id\":\"https:\/\/www.gaveanews.com\/#website\"},\"primaryImageOfPage\":{\"@id\":\"https:\/\/www.gaveanews.com\/index.php\/2025\/10\/17\/preco-da-nova-camisa-do-flamengo-chama-atencao\/#primaryimage\"},\"image\":{\"@id\":\"https:\/\/www.gaveanews.com\/index.php\/2025\/10\/17\/preco-da-nova-camisa-do-flamengo-chama-atencao\/#primaryimage\"},\"thumbnailUrl\":\"https:\/\/www.gaveanews.com\/wp-content\/uploads\/camisa-flamengo.webp\",\"datePublished\":\"2025-10-17T22:46:18+00:00\",\"dateModified\":\"2025-10-17T22:46:26+00:00\",\"author\":{\"@id\":\"https:\/\/www.gaveanews.com\/#\/schema\/person\/fd07635ec039ec3ba74ad18ec8a6dbd6\"},\"breadcrumb\":{\"@id\":\"https:\/\/www.gaveanews.com\/index.php\/2025\/10\/17\/preco-da-nova-camisa-do-flamengo-chama-atencao\/#breadcrumb\"},\"inLanguage\":\"pt-BR\",\"potentialAction\":[{\"@type\":\"ReadAction\",\"target\":[\"https:\/\/www.gaveanews.com\/index.php\/2025\/10\/17\/preco-da-nova-camisa-do-flamengo-chama-atencao\/\"]}]},{\"@type\":\"ImageObject\",\"inLanguage\":\"pt-BR\",\"@id\":\"https:\/\/www.gaveanews.com\/index.php\/2025\/10\/17\/preco-da-nova-camisa-do-flamengo-chama-atencao\/#primaryimage\",\"url\":\"https:\/\/www.gaveanews.com\/wp-content\/uploads\/camisa-flamengo.webp\",\"contentUrl\":\"https:\/\/www.gaveanews.com\/wp-content\/uploads\/camisa-flamengo.webp\",\"width\":483,\"height\":322,\"caption\":\"Escudo do Flamengo (Foto: Reprodu\u00e7\u00e3o)\"},{\"@type\":\"BreadcrumbList\",\"@id\":\"https:\/\/www.gaveanews.com\/index.php\/2025\/10\/17\/preco-da-nova-camisa-do-flamengo-chama-atencao\/#breadcrumb\",\"itemListElement\":[{\"@type\":\"ListItem\",\"position\":1,\"name\":\"Home\",\"item\":\"https:\/\/www.gaveanews.com\/\"},{\"@type\":\"ListItem\",\"position\":2,\"name\":\"Pre\u00e7o da nova camisa do Flamengo chama aten\u00e7\u00e3o\"}]},{\"@type\":\"WebSite\",\"@id\":\"https:\/\/www.gaveanews.com\/#website\",\"url\":\"https:\/\/www.gaveanews.com\/\",\"name\":\"G\u00e1vea News\",\"description\":\"Veja todas as not\u00edcias sobre o Flamengo: Contrata\u00e7\u00f5es, categorias de base, resultados das partidas, tabela de classifica\u00e7\u00e3o, pr\u00f3ximos jogos!\",\"potentialAction\":[{\"@type\":\"SearchAction\",\"target\":{\"@type\":\"EntryPoint\",\"urlTemplate\":\"https:\/\/www.gaveanews.com\/?s={search_term_string}\"},\"query-input\":{\"@type\":\"PropertyValueSpecification\",\"valueRequired\":true,\"valueName\":\"search_term_string\"}}],\"inLanguage\":\"pt-BR\"},{\"@type\":\"Person\",\"@id\":\"https:\/\/www.gaveanews.com\/#\/schema\/person\/fd07635ec039ec3ba74ad18ec8a6dbd6\",\"name\":\"Henrique Machado\",\"image\":{\"@type\":\"ImageObject\",\"inLanguage\":\"pt-BR\",\"@id\":\"https:\/\/www.gaveanews.com\/#\/schema\/person\/image\/\",\"url\":\"https:\/\/secure.gravatar.com\/avatar\/b95e35997e01d9800c1b6184bd79d4d898d370a3fce2584f5c77b907d5c7d9e9?s=96&d=mm&r=g\",\"contentUrl\":\"https:\/\/secure.gravatar.com\/avatar\/b95e35997e01d9800c1b6184bd79d4d898d370a3fce2584f5c77b907d5c7d9e9?s=96&d=mm&r=g\",\"caption\":\"Henrique Machado\"}}]}<\/script>\n<!-- \/ Yoast SEO Premium plugin. -->","yoast_head_json":{"title":"Pre\u00e7o da nova camisa do Flamengo chama aten\u00e7\u00e3o","robots":{"index":"index","follow":"follow","max-snippet":"max-snippet:-1","max-image-preview":"max-image-preview:large","max-video-preview":"max-video-preview:-1"},"canonical":"https:\/\/www.gaveanews.com\/index.php\/2025\/10\/17\/preco-da-nova-camisa-do-flamengo-chama-atencao\/","og_locale":"pt_BR","og_type":"article","og_title":"Pre\u00e7o da nova camisa do Flamengo chama aten\u00e7\u00e3o","og_description":"O Flamengo apresentou nesta sexta-feira (17) um novo modelo de camisa que promete virar objeto de desejo entre torcedores e colecionadores. Desenvolvido em parceria com a Adidas, o lan\u00e7amento integra uma linha especial voltada ao p\u00fablico casual, com design e proposta distintos dos uniformes utilizados em campo. Batizada de \u201cLifestyler\u201d, a pe\u00e7a ser\u00e1 vendida em [&hellip;]","og_url":"https:\/\/www.gaveanews.com\/index.php\/2025\/10\/17\/preco-da-nova-camisa-do-flamengo-chama-atencao\/","og_site_name":"G\u00e1vea News","article_publisher":"https:\/\/facebook.com\/gaveaNews\/","article_published_time":"2025-10-17T22:46:18+00:00","article_modified_time":"2025-10-17T22:46:26+00:00","og_image":[{"width":483,"height":322,"url":"http:\/\/www.gaveanews.com\/wp-content\/uploads\/camisa-flamengo.webp","type":"image\/webp"}],"author":"Henrique Machado","twitter_card":"summary_large_image","twitter_misc":{"Escrito por":"Henrique Machado","Est. tempo de leitura":"2 minutos"},"schema":{"@context":"https:\/\/schema.org","@graph":[{"@type":"NewsArticle","@id":"https:\/\/www.gaveanews.com\/index.php\/2025\/10\/17\/preco-da-nova-camisa-do-flamengo-chama-atencao\/#article","isPartOf":{"@id":"https:\/\/www.gaveanews.com\/index.php\/2025\/10\/17\/preco-da-nova-camisa-do-flamengo-chama-atencao\/"},"author":{"name":"Henrique Machado","@id":"https:\/\/www.gaveanews.com\/#\/schema\/person\/fd07635ec039ec3ba74ad18ec8a6dbd6"},"headline":"Pre\u00e7o da nova camisa do Flamengo chama aten\u00e7\u00e3o","datePublished":"2025-10-17T22:46:18+00:00","dateModified":"2025-10-17T22:46:26+00:00","mainEntityOfPage":{"@id":"https:\/\/www.gaveanews.com\/index.php\/2025\/10\/17\/preco-da-nova-camisa-do-flamengo-chama-atencao\/"},"wordCount":343,"commentCount":0,"image":{"@id":"https:\/\/www.gaveanews.com\/index.php\/2025\/10\/17\/preco-da-nova-camisa-do-flamengo-chama-atencao\/#primaryimage"},"thumbnailUrl":"https:\/\/www.gaveanews.com\/wp-content\/uploads\/camisa-flamengo.webp","articleSection":["Flamengo"],"inLanguage":"pt-BR","potentialAction":[{"@type":"CommentAction","name":"Comment","target":["https:\/\/www.gaveanews.com\/index.php\/2025\/10\/17\/preco-da-nova-camisa-do-flamengo-chama-atencao\/#respond"]}],"copyrightYear":"2025","copyrightHolder":{"@id":"https:\/\/www.gaveanews.com\/#organization"}},{"@type":"WebPage","@id":"https:\/\/www.gaveanews.com\/index.php\/2025\/10\/17\/preco-da-nova-camisa-do-flamengo-chama-atencao\/","url":"https:\/\/www.gaveanews.com\/index.php\/2025\/10\/17\/preco-da-nova-camisa-do-flamengo-chama-atencao\/","name":"Pre\u00e7o da nova camisa do Flamengo chama aten\u00e7\u00e3o","isPartOf":{"@id":"https:\/\/www.gaveanews.com\/#website"},"primaryImageOfPage":{"@id":"https:\/\/www.gaveanews.com\/index.php\/2025\/10\/17\/preco-da-nova-camisa-do-flamengo-chama-atencao\/#primaryimage"},"image":{"@id":"https:\/\/www.gaveanews.com\/index.php\/2025\/10\/17\/preco-da-nova-camisa-do-flamengo-chama-atencao\/#primaryimage"},"thumbnailUrl":"https:\/\/www.gaveanews.com\/wp-content\/uploads\/camisa-flamengo.webp","datePublished":"2025-10-17T22:46:18+00:00","dateModified":"2025-10-17T22:46:26+00:00","author":{"@id":"https:\/\/www.gaveanews.com\/#\/schema\/person\/fd07635ec039ec3ba74ad18ec8a6dbd6"},"breadcrumb":{"@id":"https:\/\/www.gaveanews.com\/index.php\/2025\/10\/17\/preco-da-nova-camisa-do-flamengo-chama-atencao\/#breadcrumb"},"inLanguage":"pt-BR","potentialAction":[{"@type":"ReadAction","target":["https:\/\/www.gaveanews.com\/index.php\/2025\/10\/17\/preco-da-nova-camisa-do-flamengo-chama-atencao\/"]}]},{"@type":"ImageObject","inLanguage":"pt-BR","@id":"https:\/\/www.gaveanews.com\/index.php\/2025\/10\/17\/preco-da-nova-camisa-do-flamengo-chama-atencao\/#primaryimage","url":"https:\/\/www.gaveanews.com\/wp-content\/uploads\/camisa-flamengo.webp","contentUrl":"https:\/\/www.gaveanews.com\/wp-content\/uploads\/camisa-flamengo.webp","width":483,"height":322,"caption":"Escudo do Flamengo (Foto: Reprodu\u00e7\u00e3o)"},{"@type":"BreadcrumbList","@id":"https:\/\/www.gaveanews.com\/index.php\/2025\/10\/17\/preco-da-nova-camisa-do-flamengo-chama-atencao\/#breadcrumb","itemListElement":[{"@type":"ListItem","position":1,"name":"Home","item":"https:\/\/www.gaveanews.com\/"},{"@type":"ListItem","position":2,"name":"Pre\u00e7o da nova camisa do Flamengo chama aten\u00e7\u00e3o"}]},{"@type":"WebSite","@id":"https:\/\/www.gaveanews.com\/#website","url":"https:\/\/www.gaveanews.com\/","name":"G\u00e1vea News","description":"Veja todas as not\u00edcias sobre o Flamengo: Contrata\u00e7\u00f5es, categorias de base, resultados das partidas, tabela de classifica\u00e7\u00e3o, pr\u00f3ximos jogos!","potentialAction":[{"@type":"SearchAction","target":{"@type":"EntryPoint","urlTemplate":"https:\/\/www.gaveanews.com\/?s={search_term_string}"},"query-input":{"@type":"PropertyValueSpecification","valueRequired":true,"valueName":"search_term_string"}}],"inLanguage":"pt-BR"},{"@type":"Person","@id":"https:\/\/www.gaveanews.com\/#\/schema\/person\/fd07635ec039ec3ba74ad18ec8a6dbd6","name":"Henrique Machado","image":{"@type":"ImageObject","inLanguage":"pt-BR","@id":"https:\/\/www.gaveanews.com\/#\/schema\/person\/image\/","url":"https:\/\/secure.gravatar.com\/avatar\/b95e35997e01d9800c1b6184bd79d4d898d370a3fce2584f5c77b907d5c7d9e9?s=96&d=mm&r=g","contentUrl":"https:\/\/secure.gravatar.com\/avatar\/b95e35997e01d9800c1b6184bd79d4d898d370a3fce2584f5c77b907d5c7d9e9?s=96&d=mm&r=g","caption":"Henrique Machado"}}]}},"_links":{"self":[{"href":"https:\/\/www.gaveanews.com\/index.php\/wp-json\/wp\/v2\/posts\/278766","targetHints":{"allow":["GET"]}}],"collection":[{"href":"https:\/\/www.gaveanews.com\/index.php\/wp-json\/wp\/v2\/posts"}],"about":[{"href":"https:\/\/www.gaveanews.com\/index.php\/wp-json\/wp\/v2\/types\/post"}],"author":[{"embeddable":true,"href":"https:\/\/www.gaveanews.com\/index.php\/wp-json\/wp\/v2\/users\/15"}],"replies":[{"embeddable":true,"href":"https:\/\/www.gaveanews.com\/index.php\/wp-json\/wp\/v2\/comments?post=278766"}],"version-history":[{"count":1,"href":"https:\/\/www.gaveanews.com\/index.php\/wp-json\/wp\/v2\/posts\/278766\/revisions"}],"predecessor-version":[{"id":278767,"href":"https:\/\/www.gaveanews.com\/index.php\/wp-json\/wp\/v2\/posts\/278766\/revisions\/278767"}],"wp:featuredmedia":[{"embeddable":true,"href":"https:\/\/www.gaveanews.com\/index.php\/wp-json\/wp\/v2\/media\/127354"}],"wp:attachment":[{"href":"https:\/\/www.gaveanews.com\/index.php\/wp-json\/wp\/v2\/media?parent=278766"}],"wp:term":[{"taxonomy":"category","embeddable":true,"href":"https:\/\/www.gaveanews.com\/index.php\/wp-json\/wp\/v2\/categories?post=278766"},{"taxonomy":"post_tag","embeddable":true,"href":"https:\/\/www.gaveanews.com\/index.php\/wp-json\/wp\/v2\/tags?post=278766"}],"curies":[{"name":"wp","href":"https:\/\/api.w.org\/{rel}","templated":true}]}}