{"id":278771,"date":"2025-10-18T15:00:00","date_gmt":"2025-10-18T18:00:00","guid":{"rendered":"https:\/\/www.gaveanews.com\/?p=278771"},"modified":"2025-10-18T14:57:52","modified_gmt":"2025-10-18T17:57:52","slug":"gabriel-jesus-no-flamengo-o-que-sabemos-sobre-o-atacante-do-arsenal","status":"publish","type":"post","link":"https:\/\/www.gaveanews.com\/index.php\/2025\/10\/18\/gabriel-jesus-no-flamengo-o-que-sabemos-sobre-o-atacante-do-arsenal\/","title":{"rendered":"Gabriel Jesus no Flamengo? O que sabemos sobre o atacante do Arsenal"},"content":{"rendered":"\n<p>O futuro de Gabriel Jesus no futebol europeu est\u00e1 cada vez mais incerto. Contratado pelo Arsenal em 2022, ap\u00f3s passagem vitoriosa pelo Manchester City, o atacante brasileiro n\u00e3o conseguiu manter o protagonismo esperado em Londres. A combina\u00e7\u00e3o entre desempenho abaixo do esperado e recorr\u00eancia de les\u00f5es contribuiu para que o clube ingl\u00eas j\u00e1 sinalizasse a inten\u00e7\u00e3o de negoci\u00e1-lo na janela de transfer\u00eancias do in\u00edcio de 2026.<\/p>\n\n\n\n<p>Atualmente, Gabriel Jesus se recupera de uma les\u00e3o ligamentar no joelho e s\u00f3 deve voltar aos gramados em dezembro. Na \u00faltima temporada, participou de apenas 27 partidas, sendo titular em menos da metade delas. A chegada de Viktor Gy\u00f6keres ao elenco de Mikel Arteta refor\u00e7a ainda mais a ideia de que o brasileiro perdeu espa\u00e7o e dificilmente voltar\u00e1 a ser pe\u00e7a-chave no time londrino.<\/p>\n\n\n\n<p>Diante dessa conjuntura, surgiram rumores de que o Flamengo estaria interessado em contar com o atacante em 2026. A poss\u00edvel contrata\u00e7\u00e3o ganhou destaque principalmente por conta do perfil t\u00e9cnico do jogador, visto como um centroavante m\u00f3vel, capaz de atuar tanto centralizado quanto pelos lados. Essa versatilidade o diferenciaria de outros nomes do elenco rubro-negro, como Pedro.<\/p>\n\n\n\n<p>Entretanto, apesar das especula\u00e7\u00f5es iniciais, o cen\u00e1rio mais recente aponta para o encerramento da possibilidade de Gabriel Jesus defender o Flamengo. Conforme informa\u00e7\u00f5es do jornalista \u201cPaparazzo Rubro-Negro\u201d, o clube at\u00e9 tentou uma aproxima\u00e7\u00e3o com o estafe do atleta, mas recebeu uma sinaliza\u00e7\u00e3o negativa quanto \u00e0 possibilidade de negocia\u00e7\u00e3o. Al\u00e9m disso, internamente, a diretoria entende que o elenco atual j\u00e1 possui solu\u00e7\u00f5es suficientes para o setor ofensivo e n\u00e3o pretende realizar grandes investimentos nessa posi\u00e7\u00e3o.<\/p>\n\n\n\n<figure class=\"wp-block-image size-large\"><img loading=\"lazy\" decoding=\"async\" width=\"1024\" height=\"576\" src=\"http:\/\/www.gaveanews.com\/wp-content\/uploads\/Gabriel-Jesus-durante-treino-do-Brasil-1024x576.webp\" alt=\"\" class=\"wp-image-140748\" srcset=\"https:\/\/www.gaveanews.com\/wp-content\/uploads\/Gabriel-Jesus-durante-treino-do-Brasil-1024x576.webp 1024w, https:\/\/www.gaveanews.com\/wp-content\/uploads\/Gabriel-Jesus-durante-treino-do-Brasil-300x169.webp 300w, https:\/\/www.gaveanews.com\/wp-content\/uploads\/Gabriel-Jesus-durante-treino-do-Brasil-768x432.webp 768w, https:\/\/www.gaveanews.com\/wp-content\/uploads\/Gabriel-Jesus-durante-treino-do-Brasil-747x420.webp 747w, https:\/\/www.gaveanews.com\/wp-content\/uploads\/Gabriel-Jesus-durante-treino-do-Brasil-640x360.webp 640w, https:\/\/www.gaveanews.com\/wp-content\/uploads\/Gabriel-Jesus-durante-treino-do-Brasil-681x383.webp 681w, https:\/\/www.gaveanews.com\/wp-content\/uploads\/Gabriel-Jesus-durante-treino-do-Brasil-100x56.webp 100w, https:\/\/www.gaveanews.com\/wp-content\/uploads\/Gabriel-Jesus-durante-treino-do-Brasil.webp 1200w\" sizes=\"auto, (max-width: 1024px) 100vw, 1024px\" \/><figcaption class=\"wp-element-caption\">Gabriel Jesus durante treino do Brasil (Foto: Vitor Silva\/CBF)<\/figcaption><\/figure>\n\n\n\n<p>Com isso, o nome do argentino Paulo Dybala passou a ser cogitado nos bastidores do clube carioca. O meia-atacante da Roma, embora tenha vencimentos considerados altos, poderia se tornar vi\u00e1vel com o apoio de patrocinadores e por estar em reta final de contrato com a equipe italiana.<\/p>\n\n\n\n<p>Gabriel Jesus tem contrato com o Arsenal at\u00e9 2029 e um valor de mercado estimado em 32 milh\u00f5es de euros. Desde sua chegada aos Gunners, soma 96 partidas, com 26 gols e 20 assist\u00eancias. Apesar de manter um hist\u00f3rico regular de participa\u00e7\u00f5es, as les\u00f5es frequentes dificultaram a consolida\u00e7\u00e3o de uma sequ\u00eancia consistente de jogos e desempenho elevado.<\/p>\n\n\n\n<p>Portanto, embora o atacante siga no radar do mercado internacional, a possibilidade de atuar pelo Flamengo na pr\u00f3xima temporada perdeu for\u00e7a. O clube carioca, ao menos por ora, parece ter mudado seu foco para outras alternativas no planejamento de 2026.<\/p>\n","protected":false},"excerpt":{"rendered":"<p>O futuro de Gabriel Jesus no futebol europeu est\u00e1 cada vez mais incerto. Contratado pelo Arsenal em 2022, ap\u00f3s passagem vitoriosa pelo Manchester City, o atacante brasileiro n\u00e3o conseguiu manter o protagonismo esperado em Londres. A combina\u00e7\u00e3o entre desempenho abaixo do esperado e recorr\u00eancia de les\u00f5es contribuiu para que o clube ingl\u00eas j\u00e1 sinalizasse a [&hellip;]<\/p>\n","protected":false},"author":39,"featured_media":200976,"comment_status":"open","ping_status":"closed","sticky":false,"template":"","format":"standard","meta":{"footnotes":""},"categories":[1],"tags":[],"class_list":["post-278771","post","type-post","status-publish","format-standard","has-post-thumbnail","hentry","category-flamengo"],"yoast_head":"<!-- This site is optimized with the Yoast SEO Premium plugin v24.2 (Yoast SEO v26.9) - https:\/\/yoast.com\/product\/yoast-seo-premium-wordpress\/ -->\n<title>Gabriel Jesus no Flamengo? O que sabemos sobre o atacante do Arsenal<\/title>\n<meta name=\"robots\" content=\"index, follow, max-snippet:-1, max-image-preview:large, max-video-preview:-1\" \/>\n<link rel=\"canonical\" href=\"https:\/\/www.gaveanews.com\/index.php\/2025\/10\/18\/gabriel-jesus-no-flamengo-o-que-sabemos-sobre-o-atacante-do-arsenal\/\" \/>\n<meta property=\"og:locale\" content=\"pt_BR\" \/>\n<meta property=\"og:type\" content=\"article\" \/>\n<meta property=\"og:title\" content=\"Gabriel Jesus no Flamengo? O que sabemos sobre o atacante do Arsenal\" \/>\n<meta property=\"og:description\" content=\"O futuro de Gabriel Jesus no futebol europeu est\u00e1 cada vez mais incerto. Contratado pelo Arsenal em 2022, ap\u00f3s passagem vitoriosa pelo Manchester City, o atacante brasileiro n\u00e3o conseguiu manter o protagonismo esperado em Londres. A combina\u00e7\u00e3o entre desempenho abaixo do esperado e recorr\u00eancia de les\u00f5es contribuiu para que o clube ingl\u00eas j\u00e1 sinalizasse a [&hellip;]\" \/>\n<meta property=\"og:url\" content=\"https:\/\/www.gaveanews.com\/index.php\/2025\/10\/18\/gabriel-jesus-no-flamengo-o-que-sabemos-sobre-o-atacante-do-arsenal\/\" \/>\n<meta property=\"og:site_name\" content=\"G\u00e1vea News\" \/>\n<meta property=\"article:publisher\" content=\"https:\/\/facebook.com\/gaveaNews\/\" \/>\n<meta property=\"article:published_time\" content=\"2025-10-18T18:00:00+00:00\" \/>\n<meta property=\"og:image\" content=\"https:\/\/www.gaveanews.com\/wp-content\/uploads\/Gabriel-Jesus-em-acao-pelo-Arsenal.webp\" \/>\n\t<meta property=\"og:image:width\" content=\"1047\" \/>\n\t<meta property=\"og:image:height\" content=\"788\" \/>\n\t<meta property=\"og:image:type\" content=\"image\/jpeg\" \/>\n<meta name=\"author\" content=\"Reda\u00e7\u00e3o\" \/>\n<meta name=\"twitter:card\" content=\"summary_large_image\" \/>\n<meta name=\"twitter:label1\" content=\"Escrito por\" \/>\n\t<meta name=\"twitter:data1\" content=\"Reda\u00e7\u00e3o\" \/>\n\t<meta name=\"twitter:label2\" content=\"Est. tempo de leitura\" \/>\n\t<meta name=\"twitter:data2\" content=\"3 minutos\" \/>\n<script type=\"application\/ld+json\" class=\"yoast-schema-graph\">{\"@context\":\"https:\/\/schema.org\",\"@graph\":[{\"@type\":\"NewsArticle\",\"@id\":\"https:\/\/www.gaveanews.com\/index.php\/2025\/10\/18\/gabriel-jesus-no-flamengo-o-que-sabemos-sobre-o-atacante-do-arsenal\/#article\",\"isPartOf\":{\"@id\":\"https:\/\/www.gaveanews.com\/index.php\/2025\/10\/18\/gabriel-jesus-no-flamengo-o-que-sabemos-sobre-o-atacante-do-arsenal\/\"},\"author\":{\"name\":\"Reda\u00e7\u00e3o\",\"@id\":\"https:\/\/www.gaveanews.com\/#\/schema\/person\/c88645e3d550d0b6574305e67dd5a716\"},\"headline\":\"Gabriel Jesus no Flamengo? O que sabemos sobre o atacante do Arsenal\",\"datePublished\":\"2025-10-18T18:00:00+00:00\",\"mainEntityOfPage\":{\"@id\":\"https:\/\/www.gaveanews.com\/index.php\/2025\/10\/18\/gabriel-jesus-no-flamengo-o-que-sabemos-sobre-o-atacante-do-arsenal\/\"},\"wordCount\":454,\"commentCount\":0,\"image\":{\"@id\":\"https:\/\/www.gaveanews.com\/index.php\/2025\/10\/18\/gabriel-jesus-no-flamengo-o-que-sabemos-sobre-o-atacante-do-arsenal\/#primaryimage\"},\"thumbnailUrl\":\"https:\/\/www.gaveanews.com\/wp-content\/uploads\/Gabriel-Jesus-em-acao-pelo-Arsenal.webp\",\"articleSection\":[\"Flamengo\"],\"inLanguage\":\"pt-BR\",\"potentialAction\":[{\"@type\":\"CommentAction\",\"name\":\"Comment\",\"target\":[\"https:\/\/www.gaveanews.com\/index.php\/2025\/10\/18\/gabriel-jesus-no-flamengo-o-que-sabemos-sobre-o-atacante-do-arsenal\/#respond\"]}],\"copyrightYear\":\"2025\",\"copyrightHolder\":{\"@id\":\"https:\/\/www.gaveanews.com\/#organization\"}},{\"@type\":\"WebPage\",\"@id\":\"https:\/\/www.gaveanews.com\/index.php\/2025\/10\/18\/gabriel-jesus-no-flamengo-o-que-sabemos-sobre-o-atacante-do-arsenal\/\",\"url\":\"https:\/\/www.gaveanews.com\/index.php\/2025\/10\/18\/gabriel-jesus-no-flamengo-o-que-sabemos-sobre-o-atacante-do-arsenal\/\",\"name\":\"Gabriel Jesus no Flamengo? O que sabemos sobre o atacante do Arsenal\",\"isPartOf\":{\"@id\":\"https:\/\/www.gaveanews.com\/#website\"},\"primaryImageOfPage\":{\"@id\":\"https:\/\/www.gaveanews.com\/index.php\/2025\/10\/18\/gabriel-jesus-no-flamengo-o-que-sabemos-sobre-o-atacante-do-arsenal\/#primaryimage\"},\"image\":{\"@id\":\"https:\/\/www.gaveanews.com\/index.php\/2025\/10\/18\/gabriel-jesus-no-flamengo-o-que-sabemos-sobre-o-atacante-do-arsenal\/#primaryimage\"},\"thumbnailUrl\":\"https:\/\/www.gaveanews.com\/wp-content\/uploads\/Gabriel-Jesus-em-acao-pelo-Arsenal.webp\",\"datePublished\":\"2025-10-18T18:00:00+00:00\",\"author\":{\"@id\":\"https:\/\/www.gaveanews.com\/#\/schema\/person\/c88645e3d550d0b6574305e67dd5a716\"},\"breadcrumb\":{\"@id\":\"https:\/\/www.gaveanews.com\/index.php\/2025\/10\/18\/gabriel-jesus-no-flamengo-o-que-sabemos-sobre-o-atacante-do-arsenal\/#breadcrumb\"},\"inLanguage\":\"pt-BR\",\"potentialAction\":[{\"@type\":\"ReadAction\",\"target\":[\"https:\/\/www.gaveanews.com\/index.php\/2025\/10\/18\/gabriel-jesus-no-flamengo-o-que-sabemos-sobre-o-atacante-do-arsenal\/\"]}]},{\"@type\":\"ImageObject\",\"inLanguage\":\"pt-BR\",\"@id\":\"https:\/\/www.gaveanews.com\/index.php\/2025\/10\/18\/gabriel-jesus-no-flamengo-o-que-sabemos-sobre-o-atacante-do-arsenal\/#primaryimage\",\"url\":\"https:\/\/www.gaveanews.com\/wp-content\/uploads\/Gabriel-Jesus-em-acao-pelo-Arsenal.webp\",\"contentUrl\":\"https:\/\/www.gaveanews.com\/wp-content\/uploads\/Gabriel-Jesus-em-acao-pelo-Arsenal.webp\",\"width\":1047,\"height\":788,\"caption\":\"Gabriel Jesus em a\u00e7\u00e3o pelo Arsenal (Foto: Reprodu\u00e7\u00e3o\/Instagram Gabriel Jesus)\"},{\"@type\":\"BreadcrumbList\",\"@id\":\"https:\/\/www.gaveanews.com\/index.php\/2025\/10\/18\/gabriel-jesus-no-flamengo-o-que-sabemos-sobre-o-atacante-do-arsenal\/#breadcrumb\",\"itemListElement\":[{\"@type\":\"ListItem\",\"position\":1,\"name\":\"Home\",\"item\":\"https:\/\/www.gaveanews.com\/\"},{\"@type\":\"ListItem\",\"position\":2,\"name\":\"Gabriel Jesus no Flamengo? O que sabemos sobre o atacante do Arsenal\"}]},{\"@type\":\"WebSite\",\"@id\":\"https:\/\/www.gaveanews.com\/#website\",\"url\":\"https:\/\/www.gaveanews.com\/\",\"name\":\"G\u00e1vea News\",\"description\":\"Veja todas as not\u00edcias sobre o Flamengo: Contrata\u00e7\u00f5es, categorias de base, resultados das partidas, tabela de classifica\u00e7\u00e3o, pr\u00f3ximos jogos!\",\"potentialAction\":[{\"@type\":\"SearchAction\",\"target\":{\"@type\":\"EntryPoint\",\"urlTemplate\":\"https:\/\/www.gaveanews.com\/?s={search_term_string}\"},\"query-input\":{\"@type\":\"PropertyValueSpecification\",\"valueRequired\":true,\"valueName\":\"search_term_string\"}}],\"inLanguage\":\"pt-BR\"},{\"@type\":\"Person\",\"@id\":\"https:\/\/www.gaveanews.com\/#\/schema\/person\/c88645e3d550d0b6574305e67dd5a716\",\"name\":\"Reda\u00e7\u00e3o\",\"image\":{\"@type\":\"ImageObject\",\"inLanguage\":\"pt-BR\",\"@id\":\"https:\/\/www.gaveanews.com\/#\/schema\/person\/image\/\",\"url\":\"https:\/\/secure.gravatar.com\/avatar\/434098fd823f0dc1b062d14ca22bacaa6e38de28d8c816bbef6fc2f8c44d8ba3?s=96&d=mm&r=g\",\"contentUrl\":\"https:\/\/secure.gravatar.com\/avatar\/434098fd823f0dc1b062d14ca22bacaa6e38de28d8c816bbef6fc2f8c44d8ba3?s=96&d=mm&r=g\",\"caption\":\"Reda\u00e7\u00e3o\"}}]}<\/script>\n<!-- \/ Yoast SEO Premium plugin. -->","yoast_head_json":{"title":"Gabriel Jesus no Flamengo? O que sabemos sobre o atacante do Arsenal","robots":{"index":"index","follow":"follow","max-snippet":"max-snippet:-1","max-image-preview":"max-image-preview:large","max-video-preview":"max-video-preview:-1"},"canonical":"https:\/\/www.gaveanews.com\/index.php\/2025\/10\/18\/gabriel-jesus-no-flamengo-o-que-sabemos-sobre-o-atacante-do-arsenal\/","og_locale":"pt_BR","og_type":"article","og_title":"Gabriel Jesus no Flamengo? O que sabemos sobre o atacante do Arsenal","og_description":"O futuro de Gabriel Jesus no futebol europeu est\u00e1 cada vez mais incerto. Contratado pelo Arsenal em 2022, ap\u00f3s passagem vitoriosa pelo Manchester City, o atacante brasileiro n\u00e3o conseguiu manter o protagonismo esperado em Londres. A combina\u00e7\u00e3o entre desempenho abaixo do esperado e recorr\u00eancia de les\u00f5es contribuiu para que o clube ingl\u00eas j\u00e1 sinalizasse a [&hellip;]","og_url":"https:\/\/www.gaveanews.com\/index.php\/2025\/10\/18\/gabriel-jesus-no-flamengo-o-que-sabemos-sobre-o-atacante-do-arsenal\/","og_site_name":"G\u00e1vea News","article_publisher":"https:\/\/facebook.com\/gaveaNews\/","article_published_time":"2025-10-18T18:00:00+00:00","og_image":[{"width":1047,"height":788,"url":"https:\/\/www.gaveanews.com\/wp-content\/uploads\/Gabriel-Jesus-em-acao-pelo-Arsenal.webp","type":"image\/jpeg"}],"author":"Reda\u00e7\u00e3o","twitter_card":"summary_large_image","twitter_misc":{"Escrito por":"Reda\u00e7\u00e3o","Est. tempo de leitura":"3 minutos"},"schema":{"@context":"https:\/\/schema.org","@graph":[{"@type":"NewsArticle","@id":"https:\/\/www.gaveanews.com\/index.php\/2025\/10\/18\/gabriel-jesus-no-flamengo-o-que-sabemos-sobre-o-atacante-do-arsenal\/#article","isPartOf":{"@id":"https:\/\/www.gaveanews.com\/index.php\/2025\/10\/18\/gabriel-jesus-no-flamengo-o-que-sabemos-sobre-o-atacante-do-arsenal\/"},"author":{"name":"Reda\u00e7\u00e3o","@id":"https:\/\/www.gaveanews.com\/#\/schema\/person\/c88645e3d550d0b6574305e67dd5a716"},"headline":"Gabriel Jesus no Flamengo? O que sabemos sobre o atacante do Arsenal","datePublished":"2025-10-18T18:00:00+00:00","mainEntityOfPage":{"@id":"https:\/\/www.gaveanews.com\/index.php\/2025\/10\/18\/gabriel-jesus-no-flamengo-o-que-sabemos-sobre-o-atacante-do-arsenal\/"},"wordCount":454,"commentCount":0,"image":{"@id":"https:\/\/www.gaveanews.com\/index.php\/2025\/10\/18\/gabriel-jesus-no-flamengo-o-que-sabemos-sobre-o-atacante-do-arsenal\/#primaryimage"},"thumbnailUrl":"https:\/\/www.gaveanews.com\/wp-content\/uploads\/Gabriel-Jesus-em-acao-pelo-Arsenal.webp","articleSection":["Flamengo"],"inLanguage":"pt-BR","potentialAction":[{"@type":"CommentAction","name":"Comment","target":["https:\/\/www.gaveanews.com\/index.php\/2025\/10\/18\/gabriel-jesus-no-flamengo-o-que-sabemos-sobre-o-atacante-do-arsenal\/#respond"]}],"copyrightYear":"2025","copyrightHolder":{"@id":"https:\/\/www.gaveanews.com\/#organization"}},{"@type":"WebPage","@id":"https:\/\/www.gaveanews.com\/index.php\/2025\/10\/18\/gabriel-jesus-no-flamengo-o-que-sabemos-sobre-o-atacante-do-arsenal\/","url":"https:\/\/www.gaveanews.com\/index.php\/2025\/10\/18\/gabriel-jesus-no-flamengo-o-que-sabemos-sobre-o-atacante-do-arsenal\/","name":"Gabriel Jesus no Flamengo? O que sabemos sobre o atacante do Arsenal","isPartOf":{"@id":"https:\/\/www.gaveanews.com\/#website"},"primaryImageOfPage":{"@id":"https:\/\/www.gaveanews.com\/index.php\/2025\/10\/18\/gabriel-jesus-no-flamengo-o-que-sabemos-sobre-o-atacante-do-arsenal\/#primaryimage"},"image":{"@id":"https:\/\/www.gaveanews.com\/index.php\/2025\/10\/18\/gabriel-jesus-no-flamengo-o-que-sabemos-sobre-o-atacante-do-arsenal\/#primaryimage"},"thumbnailUrl":"https:\/\/www.gaveanews.com\/wp-content\/uploads\/Gabriel-Jesus-em-acao-pelo-Arsenal.webp","datePublished":"2025-10-18T18:00:00+00:00","author":{"@id":"https:\/\/www.gaveanews.com\/#\/schema\/person\/c88645e3d550d0b6574305e67dd5a716"},"breadcrumb":{"@id":"https:\/\/www.gaveanews.com\/index.php\/2025\/10\/18\/gabriel-jesus-no-flamengo-o-que-sabemos-sobre-o-atacante-do-arsenal\/#breadcrumb"},"inLanguage":"pt-BR","potentialAction":[{"@type":"ReadAction","target":["https:\/\/www.gaveanews.com\/index.php\/2025\/10\/18\/gabriel-jesus-no-flamengo-o-que-sabemos-sobre-o-atacante-do-arsenal\/"]}]},{"@type":"ImageObject","inLanguage":"pt-BR","@id":"https:\/\/www.gaveanews.com\/index.php\/2025\/10\/18\/gabriel-jesus-no-flamengo-o-que-sabemos-sobre-o-atacante-do-arsenal\/#primaryimage","url":"https:\/\/www.gaveanews.com\/wp-content\/uploads\/Gabriel-Jesus-em-acao-pelo-Arsenal.webp","contentUrl":"https:\/\/www.gaveanews.com\/wp-content\/uploads\/Gabriel-Jesus-em-acao-pelo-Arsenal.webp","width":1047,"height":788,"caption":"Gabriel Jesus em a\u00e7\u00e3o pelo Arsenal (Foto: Reprodu\u00e7\u00e3o\/Instagram Gabriel Jesus)"},{"@type":"BreadcrumbList","@id":"https:\/\/www.gaveanews.com\/index.php\/2025\/10\/18\/gabriel-jesus-no-flamengo-o-que-sabemos-sobre-o-atacante-do-arsenal\/#breadcrumb","itemListElement":[{"@type":"ListItem","position":1,"name":"Home","item":"https:\/\/www.gaveanews.com\/"},{"@type":"ListItem","position":2,"name":"Gabriel Jesus no Flamengo? O que sabemos sobre o atacante do Arsenal"}]},{"@type":"WebSite","@id":"https:\/\/www.gaveanews.com\/#website","url":"https:\/\/www.gaveanews.com\/","name":"G\u00e1vea News","description":"Veja todas as not\u00edcias sobre o Flamengo: Contrata\u00e7\u00f5es, categorias de base, resultados das partidas, tabela de classifica\u00e7\u00e3o, pr\u00f3ximos jogos!","potentialAction":[{"@type":"SearchAction","target":{"@type":"EntryPoint","urlTemplate":"https:\/\/www.gaveanews.com\/?s={search_term_string}"},"query-input":{"@type":"PropertyValueSpecification","valueRequired":true,"valueName":"search_term_string"}}],"inLanguage":"pt-BR"},{"@type":"Person","@id":"https:\/\/www.gaveanews.com\/#\/schema\/person\/c88645e3d550d0b6574305e67dd5a716","name":"Reda\u00e7\u00e3o","image":{"@type":"ImageObject","inLanguage":"pt-BR","@id":"https:\/\/www.gaveanews.com\/#\/schema\/person\/image\/","url":"https:\/\/secure.gravatar.com\/avatar\/434098fd823f0dc1b062d14ca22bacaa6e38de28d8c816bbef6fc2f8c44d8ba3?s=96&d=mm&r=g","contentUrl":"https:\/\/secure.gravatar.com\/avatar\/434098fd823f0dc1b062d14ca22bacaa6e38de28d8c816bbef6fc2f8c44d8ba3?s=96&d=mm&r=g","caption":"Reda\u00e7\u00e3o"}}]}},"_links":{"self":[{"href":"https:\/\/www.gaveanews.com\/index.php\/wp-json\/wp\/v2\/posts\/278771","targetHints":{"allow":["GET"]}}],"collection":[{"href":"https:\/\/www.gaveanews.com\/index.php\/wp-json\/wp\/v2\/posts"}],"about":[{"href":"https:\/\/www.gaveanews.com\/index.php\/wp-json\/wp\/v2\/types\/post"}],"author":[{"embeddable":true,"href":"https:\/\/www.gaveanews.com\/index.php\/wp-json\/wp\/v2\/users\/39"}],"replies":[{"embeddable":true,"href":"https:\/\/www.gaveanews.com\/index.php\/wp-json\/wp\/v2\/comments?post=278771"}],"version-history":[{"count":1,"href":"https:\/\/www.gaveanews.com\/index.php\/wp-json\/wp\/v2\/posts\/278771\/revisions"}],"predecessor-version":[{"id":278778,"href":"https:\/\/www.gaveanews.com\/index.php\/wp-json\/wp\/v2\/posts\/278771\/revisions\/278778"}],"wp:featuredmedia":[{"embeddable":true,"href":"https:\/\/www.gaveanews.com\/index.php\/wp-json\/wp\/v2\/media\/200976"}],"wp:attachment":[{"href":"https:\/\/www.gaveanews.com\/index.php\/wp-json\/wp\/v2\/media?parent=278771"}],"wp:term":[{"taxonomy":"category","embeddable":true,"href":"https:\/\/www.gaveanews.com\/index.php\/wp-json\/wp\/v2\/categories?post=278771"},{"taxonomy":"post_tag","embeddable":true,"href":"https:\/\/www.gaveanews.com\/index.php\/wp-json\/wp\/v2\/tags?post=278771"}],"curies":[{"name":"wp","href":"https:\/\/api.w.org\/{rel}","templated":true}]}}