{"id":278772,"date":"2025-10-18T15:15:00","date_gmt":"2025-10-18T18:15:00","guid":{"rendered":"https:\/\/www.gaveanews.com\/?p=278772"},"modified":"2025-10-18T15:10:01","modified_gmt":"2025-10-18T18:10:01","slug":"a-declaracao-do-tecnico-do-racing-envolvendo-o-flamengo","status":"publish","type":"post","link":"https:\/\/www.gaveanews.com\/index.php\/2025\/10\/18\/a-declaracao-do-tecnico-do-racing-envolvendo-o-flamengo\/","title":{"rendered":"A declara\u00e7\u00e3o do t\u00e9cnico do Racing envolvendo o Flamengo"},"content":{"rendered":"\n<p><a href=\"https:\/\/www.gaveanews.com\/index.php\/category\/brasileirao\/flamengo\/\" target=\"_blank\" rel=\"noopener noreferrer\">Flamengo<\/a> e Racing se enfrentam na quarta-feira (22 de outubro), \u00e0s 21h30 (hor\u00e1rio de Bras\u00edlia), no Maracan\u00e3, pela ida da semifinal da Libertadores. A Conmebol definiu a arbitragem da partida e escalou o venezuelano Jes\u00fas Valenzuela como \u00e1rbitro principal, enquanto o equatoriano Carlo Orbe comanda o VAR. A Globo e a ge tv exibem o duelo ao vivo.<\/p>\n\n\n\n<p>O t\u00e9cnico do Racing, Gustavo Costas, concedeu coletiva na noite de sexta-feira (17 de outubro). Ele relatou estudo do Flamengo e descreveu a ansiedade antes do confronto.<\/p>\n\n\n\n<p>&#8220;Ontem (quinta), eram duas da manh\u00e3 e eu estava vendo jogos do Flamengo . N\u00e3o estou nervoso, mas muito ansioso. Desde os seis anos me do\u00eda a barriga quando sabia que ia ao est\u00e1dio ver o Racing. Agora tamb\u00e9m me d\u00f3i muito a barriga&#8221;.<\/p>\n\n\n\n<p>Com nove reservas, o Racing venceu o Aldosivi por 1 a 0, com p\u00eanalti de cavadinha de Luciano Vietto, no El Cilindro, pela 13\u00aa rodada. Na coletiva, Costas focou no Flamengo.<\/p>\n\n\n\n<p>&#8220;Meus filhos tamb\u00e9m nunca viram o Racing campe\u00e3o da Copa Libertadores . \u00c9 um sonho. Nos manejamos com loucura, estamos aqui, como na Sul-Americana ou na Recopa (\u2026) Agora estamos nas semifinais\u2026 \u00c9 dif\u00edcil, o t\u00e9cnico deles (Filipe Lu\u00eds) ganha muito mais do que eu, os jogadores (do Flamengo ) jogaram na Europa\u2026 N\u00e3o importa, vamos para conseguir tudo&#8221;.<\/p>\n\n\n\n<figure class=\"wp-block-image size-large\"><img loading=\"lazy\" decoding=\"async\" width=\"1024\" height=\"768\" src=\"http:\/\/www.gaveanews.com\/wp-content\/uploads\/Gustavo-Costas-tecnico-do-Racing-ao-lado-de-jogadores-1024x768.png\" alt=\"\" class=\"wp-image-278782\" srcset=\"https:\/\/www.gaveanews.com\/wp-content\/uploads\/Gustavo-Costas-tecnico-do-Racing-ao-lado-de-jogadores-1024x768.png 1024w, https:\/\/www.gaveanews.com\/wp-content\/uploads\/Gustavo-Costas-tecnico-do-Racing-ao-lado-de-jogadores-300x225.png 300w, https:\/\/www.gaveanews.com\/wp-content\/uploads\/Gustavo-Costas-tecnico-do-Racing-ao-lado-de-jogadores-768x576.png 768w, https:\/\/www.gaveanews.com\/wp-content\/uploads\/Gustavo-Costas-tecnico-do-Racing-ao-lado-de-jogadores-560x420.png 560w, https:\/\/www.gaveanews.com\/wp-content\/uploads\/Gustavo-Costas-tecnico-do-Racing-ao-lado-de-jogadores-1120x840.png 1120w, https:\/\/www.gaveanews.com\/wp-content\/uploads\/Gustavo-Costas-tecnico-do-Racing-ao-lado-de-jogadores-80x60.png 80w, https:\/\/www.gaveanews.com\/wp-content\/uploads\/Gustavo-Costas-tecnico-do-Racing-ao-lado-de-jogadores-160x120.png 160w, https:\/\/www.gaveanews.com\/wp-content\/uploads\/Gustavo-Costas-tecnico-do-Racing-ao-lado-de-jogadores-100x75.png 100w, https:\/\/www.gaveanews.com\/wp-content\/uploads\/Gustavo-Costas-tecnico-do-Racing-ao-lado-de-jogadores-200x150.png 200w, https:\/\/www.gaveanews.com\/wp-content\/uploads\/Gustavo-Costas-tecnico-do-Racing-ao-lado-de-jogadores-180x135.png 180w, https:\/\/www.gaveanews.com\/wp-content\/uploads\/Gustavo-Costas-tecnico-do-Racing-ao-lado-de-jogadores-360x270.png 360w, https:\/\/www.gaveanews.com\/wp-content\/uploads\/Gustavo-Costas-tecnico-do-Racing-ao-lado-de-jogadores-238x178.png 238w, https:\/\/www.gaveanews.com\/wp-content\/uploads\/Gustavo-Costas-tecnico-do-Racing-ao-lado-de-jogadores-476x356.png 476w, https:\/\/www.gaveanews.com\/wp-content\/uploads\/Gustavo-Costas-tecnico-do-Racing-ao-lado-de-jogadores-640x480.png 640w, https:\/\/www.gaveanews.com\/wp-content\/uploads\/Gustavo-Costas-tecnico-do-Racing-ao-lado-de-jogadores-681x511.png 681w, https:\/\/www.gaveanews.com\/wp-content\/uploads\/Gustavo-Costas-tecnico-do-Racing-ao-lado-de-jogadores.png 1200w\" sizes=\"auto, (max-width: 1024px) 100vw, 1024px\" \/><figcaption class=\"wp-element-caption\">Gustavo Costas, t\u00e9cnico do Racing, ao lado de jogadores (Foto: Reprodu\u00e7\u00e3o\/Instagram Gustavo Costas)<\/figcaption><\/figure>\n\n\n\n<p>Na fala seguinte, o treinador valorizou o momento do clube e projetou a possibilide de chegar \u00e0 final\u00edssima do torneio.<\/p>\n\n\n\n<p>&#8220;S\u00e3o momentos lindos que o Racing est\u00e1 passando, me deixa muito feliz que gera\u00e7\u00f5es novas estejam vivendo isso, que \u00e9 lindo, mesmo que \u00e0s vezes n\u00e3o saibam tudo o que o clube passou. Gosto de tudo, gosto do que \u00e9 meu e tamb\u00e9m gosto do que est\u00e1 \u00e0 frente. Conquistamos algo lindo. N\u00e3o sei quantas coisas conquistamos assim internacionalmente, acho que em 1967. \u00c9 um momento lindo, temos que aproveitar. Faz 28 anos que n\u00e3o est\u00e1vamos nas semifinais, agora temos que chegar a Lima como der&#8221;.<\/p>\n\n\n\n<p>As semifinais acontecem nas quartas-feiras (22 e 29 de outubro). A ida ser\u00e1 no Maracan\u00e3, e a volta no Cilindro de Avellaneda. Quem passar disputar\u00e1 a final em Lima, no Peru, em 29 de novembro, contra LDU (EQU) ou <a href=\"https:\/\/www.gaveanews.com\/index.php\/category\/brasileirao\/palmeiras\/\" target=\"_blank\" rel=\"noopener noreferrer\">Palmeiras<\/a>.<\/p>\n","protected":false},"excerpt":{"rendered":"<p>Flamengo e Racing se enfrentam na quarta-feira (22 de outubro), \u00e0s 21h30 (hor\u00e1rio de Bras\u00edlia), no Maracan\u00e3, pela ida da semifinal da Libertadores. A Conmebol definiu a arbitragem da partida e escalou o venezuelano Jes\u00fas Valenzuela como \u00e1rbitro principal, enquanto o equatoriano Carlo Orbe comanda o VAR. A Globo e a ge tv exibem o [&hellip;]<\/p>\n","protected":false},"author":39,"featured_media":278783,"comment_status":"open","ping_status":"closed","sticky":false,"template":"","format":"standard","meta":{"footnotes":""},"categories":[1],"tags":[],"class_list":["post-278772","post","type-post","status-publish","format-standard","has-post-thumbnail","hentry","category-flamengo"],"yoast_head":"<!-- This site is optimized with the Yoast SEO Premium plugin v24.2 (Yoast SEO v26.9) - https:\/\/yoast.com\/product\/yoast-seo-premium-wordpress\/ -->\n<title>A declara\u00e7\u00e3o do t\u00e9cnico do Racing envolvendo o Flamengo<\/title>\n<meta name=\"robots\" content=\"index, follow, max-snippet:-1, max-image-preview:large, max-video-preview:-1\" \/>\n<link rel=\"canonical\" href=\"https:\/\/www.gaveanews.com\/index.php\/2025\/10\/18\/a-declaracao-do-tecnico-do-racing-envolvendo-o-flamengo\/\" \/>\n<meta property=\"og:locale\" content=\"pt_BR\" \/>\n<meta property=\"og:type\" content=\"article\" \/>\n<meta property=\"og:title\" content=\"A declara\u00e7\u00e3o do t\u00e9cnico do Racing envolvendo o Flamengo\" \/>\n<meta property=\"og:description\" content=\"Flamengo e Racing se enfrentam na quarta-feira (22 de outubro), \u00e0s 21h30 (hor\u00e1rio de Bras\u00edlia), no Maracan\u00e3, pela ida da semifinal da Libertadores. A Conmebol definiu a arbitragem da partida e escalou o venezuelano Jes\u00fas Valenzuela como \u00e1rbitro principal, enquanto o equatoriano Carlo Orbe comanda o VAR. A Globo e a ge tv exibem o [&hellip;]\" \/>\n<meta property=\"og:url\" content=\"https:\/\/www.gaveanews.com\/index.php\/2025\/10\/18\/a-declaracao-do-tecnico-do-racing-envolvendo-o-flamengo\/\" \/>\n<meta property=\"og:site_name\" content=\"G\u00e1vea News\" \/>\n<meta property=\"article:publisher\" content=\"https:\/\/facebook.com\/gaveaNews\/\" \/>\n<meta property=\"article:published_time\" content=\"2025-10-18T18:15:00+00:00\" \/>\n<meta property=\"og:image\" content=\"https:\/\/www.gaveanews.com\/wp-content\/uploads\/Gustavo-Costas-tecnico-do-Racing.png\" \/>\n\t<meta property=\"og:image:width\" content=\"1200\" \/>\n\t<meta property=\"og:image:height\" content=\"900\" \/>\n\t<meta property=\"og:image:type\" content=\"image\/png\" \/>\n<meta name=\"author\" content=\"Reda\u00e7\u00e3o\" \/>\n<meta name=\"twitter:card\" content=\"summary_large_image\" \/>\n<meta name=\"twitter:label1\" content=\"Escrito por\" \/>\n\t<meta name=\"twitter:data1\" content=\"Reda\u00e7\u00e3o\" \/>\n\t<meta name=\"twitter:label2\" content=\"Est. tempo de leitura\" \/>\n\t<meta name=\"twitter:data2\" content=\"3 minutos\" \/>\n<script type=\"application\/ld+json\" class=\"yoast-schema-graph\">{\"@context\":\"https:\/\/schema.org\",\"@graph\":[{\"@type\":\"NewsArticle\",\"@id\":\"https:\/\/www.gaveanews.com\/index.php\/2025\/10\/18\/a-declaracao-do-tecnico-do-racing-envolvendo-o-flamengo\/#article\",\"isPartOf\":{\"@id\":\"https:\/\/www.gaveanews.com\/index.php\/2025\/10\/18\/a-declaracao-do-tecnico-do-racing-envolvendo-o-flamengo\/\"},\"author\":{\"name\":\"Reda\u00e7\u00e3o\",\"@id\":\"https:\/\/www.gaveanews.com\/#\/schema\/person\/c88645e3d550d0b6574305e67dd5a716\"},\"headline\":\"A declara\u00e7\u00e3o do t\u00e9cnico do Racing envolvendo o Flamengo\",\"datePublished\":\"2025-10-18T18:15:00+00:00\",\"mainEntityOfPage\":{\"@id\":\"https:\/\/www.gaveanews.com\/index.php\/2025\/10\/18\/a-declaracao-do-tecnico-do-racing-envolvendo-o-flamengo\/\"},\"wordCount\":395,\"commentCount\":0,\"image\":{\"@id\":\"https:\/\/www.gaveanews.com\/index.php\/2025\/10\/18\/a-declaracao-do-tecnico-do-racing-envolvendo-o-flamengo\/#primaryimage\"},\"thumbnailUrl\":\"https:\/\/www.gaveanews.com\/wp-content\/uploads\/Gustavo-Costas-tecnico-do-Racing.png\",\"articleSection\":[\"Flamengo\"],\"inLanguage\":\"pt-BR\",\"potentialAction\":[{\"@type\":\"CommentAction\",\"name\":\"Comment\",\"target\":[\"https:\/\/www.gaveanews.com\/index.php\/2025\/10\/18\/a-declaracao-do-tecnico-do-racing-envolvendo-o-flamengo\/#respond\"]}],\"copyrightYear\":\"2025\",\"copyrightHolder\":{\"@id\":\"https:\/\/www.gaveanews.com\/#organization\"}},{\"@type\":\"WebPage\",\"@id\":\"https:\/\/www.gaveanews.com\/index.php\/2025\/10\/18\/a-declaracao-do-tecnico-do-racing-envolvendo-o-flamengo\/\",\"url\":\"https:\/\/www.gaveanews.com\/index.php\/2025\/10\/18\/a-declaracao-do-tecnico-do-racing-envolvendo-o-flamengo\/\",\"name\":\"A declara\u00e7\u00e3o do t\u00e9cnico do Racing envolvendo o Flamengo\",\"isPartOf\":{\"@id\":\"https:\/\/www.gaveanews.com\/#website\"},\"primaryImageOfPage\":{\"@id\":\"https:\/\/www.gaveanews.com\/index.php\/2025\/10\/18\/a-declaracao-do-tecnico-do-racing-envolvendo-o-flamengo\/#primaryimage\"},\"image\":{\"@id\":\"https:\/\/www.gaveanews.com\/index.php\/2025\/10\/18\/a-declaracao-do-tecnico-do-racing-envolvendo-o-flamengo\/#primaryimage\"},\"thumbnailUrl\":\"https:\/\/www.gaveanews.com\/wp-content\/uploads\/Gustavo-Costas-tecnico-do-Racing.png\",\"datePublished\":\"2025-10-18T18:15:00+00:00\",\"author\":{\"@id\":\"https:\/\/www.gaveanews.com\/#\/schema\/person\/c88645e3d550d0b6574305e67dd5a716\"},\"breadcrumb\":{\"@id\":\"https:\/\/www.gaveanews.com\/index.php\/2025\/10\/18\/a-declaracao-do-tecnico-do-racing-envolvendo-o-flamengo\/#breadcrumb\"},\"inLanguage\":\"pt-BR\",\"potentialAction\":[{\"@type\":\"ReadAction\",\"target\":[\"https:\/\/www.gaveanews.com\/index.php\/2025\/10\/18\/a-declaracao-do-tecnico-do-racing-envolvendo-o-flamengo\/\"]}]},{\"@type\":\"ImageObject\",\"inLanguage\":\"pt-BR\",\"@id\":\"https:\/\/www.gaveanews.com\/index.php\/2025\/10\/18\/a-declaracao-do-tecnico-do-racing-envolvendo-o-flamengo\/#primaryimage\",\"url\":\"https:\/\/www.gaveanews.com\/wp-content\/uploads\/Gustavo-Costas-tecnico-do-Racing.png\",\"contentUrl\":\"https:\/\/www.gaveanews.com\/wp-content\/uploads\/Gustavo-Costas-tecnico-do-Racing.png\",\"width\":1200,\"height\":900,\"caption\":\"Gustavo Costas, t\u00e9cnico do Racing (Foto: Reprodu\u00e7\u00e3o\/Instagram Racing)\"},{\"@type\":\"BreadcrumbList\",\"@id\":\"https:\/\/www.gaveanews.com\/index.php\/2025\/10\/18\/a-declaracao-do-tecnico-do-racing-envolvendo-o-flamengo\/#breadcrumb\",\"itemListElement\":[{\"@type\":\"ListItem\",\"position\":1,\"name\":\"Home\",\"item\":\"https:\/\/www.gaveanews.com\/\"},{\"@type\":\"ListItem\",\"position\":2,\"name\":\"A declara\u00e7\u00e3o do t\u00e9cnico do Racing envolvendo o Flamengo\"}]},{\"@type\":\"WebSite\",\"@id\":\"https:\/\/www.gaveanews.com\/#website\",\"url\":\"https:\/\/www.gaveanews.com\/\",\"name\":\"G\u00e1vea News\",\"description\":\"Veja todas as not\u00edcias sobre o Flamengo: Contrata\u00e7\u00f5es, categorias de base, resultados das partidas, tabela de classifica\u00e7\u00e3o, pr\u00f3ximos jogos!\",\"potentialAction\":[{\"@type\":\"SearchAction\",\"target\":{\"@type\":\"EntryPoint\",\"urlTemplate\":\"https:\/\/www.gaveanews.com\/?s={search_term_string}\"},\"query-input\":{\"@type\":\"PropertyValueSpecification\",\"valueRequired\":true,\"valueName\":\"search_term_string\"}}],\"inLanguage\":\"pt-BR\"},{\"@type\":\"Person\",\"@id\":\"https:\/\/www.gaveanews.com\/#\/schema\/person\/c88645e3d550d0b6574305e67dd5a716\",\"name\":\"Reda\u00e7\u00e3o\",\"image\":{\"@type\":\"ImageObject\",\"inLanguage\":\"pt-BR\",\"@id\":\"https:\/\/www.gaveanews.com\/#\/schema\/person\/image\/\",\"url\":\"https:\/\/secure.gravatar.com\/avatar\/434098fd823f0dc1b062d14ca22bacaa6e38de28d8c816bbef6fc2f8c44d8ba3?s=96&d=mm&r=g\",\"contentUrl\":\"https:\/\/secure.gravatar.com\/avatar\/434098fd823f0dc1b062d14ca22bacaa6e38de28d8c816bbef6fc2f8c44d8ba3?s=96&d=mm&r=g\",\"caption\":\"Reda\u00e7\u00e3o\"}}]}<\/script>\n<!-- \/ Yoast SEO Premium plugin. -->","yoast_head_json":{"title":"A declara\u00e7\u00e3o do t\u00e9cnico do Racing envolvendo o Flamengo","robots":{"index":"index","follow":"follow","max-snippet":"max-snippet:-1","max-image-preview":"max-image-preview:large","max-video-preview":"max-video-preview:-1"},"canonical":"https:\/\/www.gaveanews.com\/index.php\/2025\/10\/18\/a-declaracao-do-tecnico-do-racing-envolvendo-o-flamengo\/","og_locale":"pt_BR","og_type":"article","og_title":"A declara\u00e7\u00e3o do t\u00e9cnico do Racing envolvendo o Flamengo","og_description":"Flamengo e Racing se enfrentam na quarta-feira (22 de outubro), \u00e0s 21h30 (hor\u00e1rio de Bras\u00edlia), no Maracan\u00e3, pela ida da semifinal da Libertadores. A Conmebol definiu a arbitragem da partida e escalou o venezuelano Jes\u00fas Valenzuela como \u00e1rbitro principal, enquanto o equatoriano Carlo Orbe comanda o VAR. A Globo e a ge tv exibem o [&hellip;]","og_url":"https:\/\/www.gaveanews.com\/index.php\/2025\/10\/18\/a-declaracao-do-tecnico-do-racing-envolvendo-o-flamengo\/","og_site_name":"G\u00e1vea News","article_publisher":"https:\/\/facebook.com\/gaveaNews\/","article_published_time":"2025-10-18T18:15:00+00:00","og_image":[{"width":1200,"height":900,"url":"https:\/\/www.gaveanews.com\/wp-content\/uploads\/Gustavo-Costas-tecnico-do-Racing.png","type":"image\/png"}],"author":"Reda\u00e7\u00e3o","twitter_card":"summary_large_image","twitter_misc":{"Escrito por":"Reda\u00e7\u00e3o","Est. tempo de leitura":"3 minutos"},"schema":{"@context":"https:\/\/schema.org","@graph":[{"@type":"NewsArticle","@id":"https:\/\/www.gaveanews.com\/index.php\/2025\/10\/18\/a-declaracao-do-tecnico-do-racing-envolvendo-o-flamengo\/#article","isPartOf":{"@id":"https:\/\/www.gaveanews.com\/index.php\/2025\/10\/18\/a-declaracao-do-tecnico-do-racing-envolvendo-o-flamengo\/"},"author":{"name":"Reda\u00e7\u00e3o","@id":"https:\/\/www.gaveanews.com\/#\/schema\/person\/c88645e3d550d0b6574305e67dd5a716"},"headline":"A declara\u00e7\u00e3o do t\u00e9cnico do Racing envolvendo o Flamengo","datePublished":"2025-10-18T18:15:00+00:00","mainEntityOfPage":{"@id":"https:\/\/www.gaveanews.com\/index.php\/2025\/10\/18\/a-declaracao-do-tecnico-do-racing-envolvendo-o-flamengo\/"},"wordCount":395,"commentCount":0,"image":{"@id":"https:\/\/www.gaveanews.com\/index.php\/2025\/10\/18\/a-declaracao-do-tecnico-do-racing-envolvendo-o-flamengo\/#primaryimage"},"thumbnailUrl":"https:\/\/www.gaveanews.com\/wp-content\/uploads\/Gustavo-Costas-tecnico-do-Racing.png","articleSection":["Flamengo"],"inLanguage":"pt-BR","potentialAction":[{"@type":"CommentAction","name":"Comment","target":["https:\/\/www.gaveanews.com\/index.php\/2025\/10\/18\/a-declaracao-do-tecnico-do-racing-envolvendo-o-flamengo\/#respond"]}],"copyrightYear":"2025","copyrightHolder":{"@id":"https:\/\/www.gaveanews.com\/#organization"}},{"@type":"WebPage","@id":"https:\/\/www.gaveanews.com\/index.php\/2025\/10\/18\/a-declaracao-do-tecnico-do-racing-envolvendo-o-flamengo\/","url":"https:\/\/www.gaveanews.com\/index.php\/2025\/10\/18\/a-declaracao-do-tecnico-do-racing-envolvendo-o-flamengo\/","name":"A declara\u00e7\u00e3o do t\u00e9cnico do Racing envolvendo o Flamengo","isPartOf":{"@id":"https:\/\/www.gaveanews.com\/#website"},"primaryImageOfPage":{"@id":"https:\/\/www.gaveanews.com\/index.php\/2025\/10\/18\/a-declaracao-do-tecnico-do-racing-envolvendo-o-flamengo\/#primaryimage"},"image":{"@id":"https:\/\/www.gaveanews.com\/index.php\/2025\/10\/18\/a-declaracao-do-tecnico-do-racing-envolvendo-o-flamengo\/#primaryimage"},"thumbnailUrl":"https:\/\/www.gaveanews.com\/wp-content\/uploads\/Gustavo-Costas-tecnico-do-Racing.png","datePublished":"2025-10-18T18:15:00+00:00","author":{"@id":"https:\/\/www.gaveanews.com\/#\/schema\/person\/c88645e3d550d0b6574305e67dd5a716"},"breadcrumb":{"@id":"https:\/\/www.gaveanews.com\/index.php\/2025\/10\/18\/a-declaracao-do-tecnico-do-racing-envolvendo-o-flamengo\/#breadcrumb"},"inLanguage":"pt-BR","potentialAction":[{"@type":"ReadAction","target":["https:\/\/www.gaveanews.com\/index.php\/2025\/10\/18\/a-declaracao-do-tecnico-do-racing-envolvendo-o-flamengo\/"]}]},{"@type":"ImageObject","inLanguage":"pt-BR","@id":"https:\/\/www.gaveanews.com\/index.php\/2025\/10\/18\/a-declaracao-do-tecnico-do-racing-envolvendo-o-flamengo\/#primaryimage","url":"https:\/\/www.gaveanews.com\/wp-content\/uploads\/Gustavo-Costas-tecnico-do-Racing.png","contentUrl":"https:\/\/www.gaveanews.com\/wp-content\/uploads\/Gustavo-Costas-tecnico-do-Racing.png","width":1200,"height":900,"caption":"Gustavo Costas, t\u00e9cnico do Racing (Foto: Reprodu\u00e7\u00e3o\/Instagram Racing)"},{"@type":"BreadcrumbList","@id":"https:\/\/www.gaveanews.com\/index.php\/2025\/10\/18\/a-declaracao-do-tecnico-do-racing-envolvendo-o-flamengo\/#breadcrumb","itemListElement":[{"@type":"ListItem","position":1,"name":"Home","item":"https:\/\/www.gaveanews.com\/"},{"@type":"ListItem","position":2,"name":"A declara\u00e7\u00e3o do t\u00e9cnico do Racing envolvendo o Flamengo"}]},{"@type":"WebSite","@id":"https:\/\/www.gaveanews.com\/#website","url":"https:\/\/www.gaveanews.com\/","name":"G\u00e1vea News","description":"Veja todas as not\u00edcias sobre o Flamengo: Contrata\u00e7\u00f5es, categorias de base, resultados das partidas, tabela de classifica\u00e7\u00e3o, pr\u00f3ximos jogos!","potentialAction":[{"@type":"SearchAction","target":{"@type":"EntryPoint","urlTemplate":"https:\/\/www.gaveanews.com\/?s={search_term_string}"},"query-input":{"@type":"PropertyValueSpecification","valueRequired":true,"valueName":"search_term_string"}}],"inLanguage":"pt-BR"},{"@type":"Person","@id":"https:\/\/www.gaveanews.com\/#\/schema\/person\/c88645e3d550d0b6574305e67dd5a716","name":"Reda\u00e7\u00e3o","image":{"@type":"ImageObject","inLanguage":"pt-BR","@id":"https:\/\/www.gaveanews.com\/#\/schema\/person\/image\/","url":"https:\/\/secure.gravatar.com\/avatar\/434098fd823f0dc1b062d14ca22bacaa6e38de28d8c816bbef6fc2f8c44d8ba3?s=96&d=mm&r=g","contentUrl":"https:\/\/secure.gravatar.com\/avatar\/434098fd823f0dc1b062d14ca22bacaa6e38de28d8c816bbef6fc2f8c44d8ba3?s=96&d=mm&r=g","caption":"Reda\u00e7\u00e3o"}}]}},"_links":{"self":[{"href":"https:\/\/www.gaveanews.com\/index.php\/wp-json\/wp\/v2\/posts\/278772","targetHints":{"allow":["GET"]}}],"collection":[{"href":"https:\/\/www.gaveanews.com\/index.php\/wp-json\/wp\/v2\/posts"}],"about":[{"href":"https:\/\/www.gaveanews.com\/index.php\/wp-json\/wp\/v2\/types\/post"}],"author":[{"embeddable":true,"href":"https:\/\/www.gaveanews.com\/index.php\/wp-json\/wp\/v2\/users\/39"}],"replies":[{"embeddable":true,"href":"https:\/\/www.gaveanews.com\/index.php\/wp-json\/wp\/v2\/comments?post=278772"}],"version-history":[{"count":1,"href":"https:\/\/www.gaveanews.com\/index.php\/wp-json\/wp\/v2\/posts\/278772\/revisions"}],"predecessor-version":[{"id":278784,"href":"https:\/\/www.gaveanews.com\/index.php\/wp-json\/wp\/v2\/posts\/278772\/revisions\/278784"}],"wp:featuredmedia":[{"embeddable":true,"href":"https:\/\/www.gaveanews.com\/index.php\/wp-json\/wp\/v2\/media\/278783"}],"wp:attachment":[{"href":"https:\/\/www.gaveanews.com\/index.php\/wp-json\/wp\/v2\/media?parent=278772"}],"wp:term":[{"taxonomy":"category","embeddable":true,"href":"https:\/\/www.gaveanews.com\/index.php\/wp-json\/wp\/v2\/categories?post=278772"},{"taxonomy":"post_tag","embeddable":true,"href":"https:\/\/www.gaveanews.com\/index.php\/wp-json\/wp\/v2\/tags?post=278772"}],"curies":[{"name":"wp","href":"https:\/\/api.w.org\/{rel}","templated":true}]}}