{"id":278786,"date":"2025-10-18T16:15:00","date_gmt":"2025-10-18T19:15:00","guid":{"rendered":"https:\/\/www.gaveanews.com\/?p=278786"},"modified":"2025-10-18T15:57:34","modified_gmt":"2025-10-18T18:57:34","slug":"defensor-do-palmeiras-e-sincero-ao-falar-sobre-o-flamengo","status":"publish","type":"post","link":"https:\/\/www.gaveanews.com\/index.php\/2025\/10\/18\/defensor-do-palmeiras-e-sincero-ao-falar-sobre-o-flamengo\/","title":{"rendered":"Defensor do Palmeiras \u00e9 sincero ao falar sobre o Flamengo"},"content":{"rendered":"\n<p><a href=\"https:\/\/www.gaveanews.com\/index.php\/category\/brasileirao\/flamengo\/\" target=\"_blank\" rel=\"noopener noreferrer\">Flamengo<\/a> e <a href=\"https:\/\/www.gaveanews.com\/index.php\/category\/brasileirao\/palmeiras\/\" target=\"_blank\" rel=\"noopener noreferrer\">Palmeiras<\/a>, l\u00edder e vice-l\u00edder do Brasileiro, se enfrentam no Maracan\u00e3 no domingo (19 de outubro). O jogo come\u00e7a \u00e0s 16 horas (hor\u00e1rio de Bras\u00edlia), e \u00e9 considerado uma final antecipada, j\u00e1 que apenas tr\u00eas pontos separam as equipes na tabela.<\/p>\n\n\n\n<p>Em entrevista ao &#8216;ge&#8217;, o lateral Piquerez valorizou o advers\u00e1rio ao comentar o desafio no Rio de Janeiro. <strong>&#8220;O Flamengo \u00e9 uma das maiores pot\u00eancias do Brasil e do mundo&#8221;.<\/strong><\/p>\n\n\n\n<p>O Verd\u00e3o carrega dois tabus contra o rival. N\u00e3o vence o Flamengo em jogos do Brasileir\u00e3o desde 2017, e no Maracan\u00e3, enfrenta um jejum de 10 anos. A \u00faltima vit\u00f3ria foi em 2015, por 2 a 1, com gols de Dudu e Vitor Hugo. Como visitante, o triunfo mais recente ocorreu em 2016, em Bras\u00edlia, por 2 a 1, com Gabriel Jesus e Jean.<\/p>\n\n\n\n<figure class=\"wp-block-image size-large\"><img loading=\"lazy\" decoding=\"async\" width=\"824\" height=\"1024\" src=\"http:\/\/www.gaveanews.com\/wp-content\/uploads\/Joaquin-Piquerez-em-acao-pelo-time-do-Palmeiras-824x1024.webp\" alt=\"\" class=\"wp-image-161875\" srcset=\"https:\/\/www.gaveanews.com\/wp-content\/uploads\/Joaquin-Piquerez-em-acao-pelo-time-do-Palmeiras-824x1024.webp 824w, https:\/\/www.gaveanews.com\/wp-content\/uploads\/Joaquin-Piquerez-em-acao-pelo-time-do-Palmeiras-241x300.webp 241w, https:\/\/www.gaveanews.com\/wp-content\/uploads\/Joaquin-Piquerez-em-acao-pelo-time-do-Palmeiras-768x955.webp 768w, https:\/\/www.gaveanews.com\/wp-content\/uploads\/Joaquin-Piquerez-em-acao-pelo-time-do-Palmeiras-1236x1536.webp 1236w, https:\/\/www.gaveanews.com\/wp-content\/uploads\/Joaquin-Piquerez-em-acao-pelo-time-do-Palmeiras-338x420.webp 338w, https:\/\/www.gaveanews.com\/wp-content\/uploads\/Joaquin-Piquerez-em-acao-pelo-time-do-Palmeiras-676x840.webp 676w, https:\/\/www.gaveanews.com\/wp-content\/uploads\/Joaquin-Piquerez-em-acao-pelo-time-do-Palmeiras-640x796.webp 640w, https:\/\/www.gaveanews.com\/wp-content\/uploads\/Joaquin-Piquerez-em-acao-pelo-time-do-Palmeiras-681x847.webp 681w, https:\/\/www.gaveanews.com\/wp-content\/uploads\/Joaquin-Piquerez-em-acao-pelo-time-do-Palmeiras-100x124.webp 100w, https:\/\/www.gaveanews.com\/wp-content\/uploads\/Joaquin-Piquerez-em-acao-pelo-time-do-Palmeiras.webp 1242w\" sizes=\"auto, (max-width: 824px) 100vw, 824px\" \/><figcaption class=\"wp-element-caption\">Joaqu\u00edn Piquerez em a\u00e7\u00e3o pelo time do Palmeiras (Foto: Reprodu\u00e7\u00e3o\/Instagram)<\/figcaption><\/figure>\n\n\n\n<p>Sobre o tabu envolvendo o Maracan\u00e3, o uruguaio tamb\u00e9m destacou a for\u00e7a do rival jogando em casa, com o apoio de sua torcida.<\/p>\n\n\n\n<p>&#8220;No campo deles, eles s\u00e3o muito fortes, mas estamos preparados para ir l\u00e1, para brigar e sair vitoriosos. Faz 10 anos, mas esses n\u00fameros s\u00e3o feitos para serem quebrados, n\u00e9? Ent\u00e3o tomara que o domingo seja a data certa para a gente retomar a vit\u00f3ria l\u00e1&#8221;.<\/p>\n\n\n\n<p>Piquerez j\u00e1 enfrentou o Flamengo nove vezes, com duas vit\u00f3rias, quatro empates e tr\u00eas derrotas. Ele n\u00e3o marcou gols nem deu assist\u00eancias nesses jogos. O lateral foi titular em todas, incluindo a final da Libertadores de 2021.<\/p>\n\n\n\n<p>O retrospecto geral do confronto \u00e9 equilibrado. Segundo dados do &#8216;O Gol&#8217;, as equipes se enfrentaram em 113 partidas, com 39 vit\u00f3rias para o Flamengo, 40 para o Palmeiras e 34 empates, com 169 gols marcados pelo Rubro-Negro e 167 pelo Alviverde.<\/p>\n\n\n\n<p>Concentrando o retrospecto apenas do Brasileir\u00e3o, s\u00e3o 72 confrontos, com 23 triunfos do Flamengo, 22 do Palmeiras e 27 empates.<\/p>\n\n\n\n<p><\/p>\n","protected":false},"excerpt":{"rendered":"<p>Flamengo e Palmeiras, l\u00edder e vice-l\u00edder do Brasileiro, se enfrentam no Maracan\u00e3 no domingo (19 de outubro). O jogo come\u00e7a \u00e0s 16 horas (hor\u00e1rio de Bras\u00edlia), e \u00e9 considerado uma final antecipada, j\u00e1 que apenas tr\u00eas pontos separam as equipes na tabela. Em entrevista ao &#8216;ge&#8217;, o lateral Piquerez valorizou o advers\u00e1rio ao comentar o [&hellip;]<\/p>\n","protected":false},"author":39,"featured_media":155182,"comment_status":"open","ping_status":"closed","sticky":false,"template":"","format":"standard","meta":{"footnotes":""},"categories":[1],"tags":[],"class_list":["post-278786","post","type-post","status-publish","format-standard","has-post-thumbnail","hentry","category-flamengo"],"yoast_head":"<!-- This site is optimized with the Yoast SEO Premium plugin v24.2 (Yoast SEO v26.9) - https:\/\/yoast.com\/product\/yoast-seo-premium-wordpress\/ -->\n<title>Defensor do Palmeiras \u00e9 sincero ao falar sobre o Flamengo<\/title>\n<meta name=\"robots\" content=\"index, follow, max-snippet:-1, max-image-preview:large, max-video-preview:-1\" \/>\n<link rel=\"canonical\" href=\"https:\/\/www.gaveanews.com\/index.php\/2025\/10\/18\/defensor-do-palmeiras-e-sincero-ao-falar-sobre-o-flamengo\/\" \/>\n<meta property=\"og:locale\" content=\"pt_BR\" \/>\n<meta property=\"og:type\" content=\"article\" \/>\n<meta property=\"og:title\" content=\"Defensor do Palmeiras \u00e9 sincero ao falar sobre o Flamengo\" \/>\n<meta property=\"og:description\" content=\"Flamengo e Palmeiras, l\u00edder e vice-l\u00edder do Brasileiro, se enfrentam no Maracan\u00e3 no domingo (19 de outubro). O jogo come\u00e7a \u00e0s 16 horas (hor\u00e1rio de Bras\u00edlia), e \u00e9 considerado uma final antecipada, j\u00e1 que apenas tr\u00eas pontos separam as equipes na tabela. Em entrevista ao &#8216;ge&#8217;, o lateral Piquerez valorizou o advers\u00e1rio ao comentar o [&hellip;]\" \/>\n<meta property=\"og:url\" content=\"https:\/\/www.gaveanews.com\/index.php\/2025\/10\/18\/defensor-do-palmeiras-e-sincero-ao-falar-sobre-o-flamengo\/\" \/>\n<meta property=\"og:site_name\" content=\"G\u00e1vea News\" \/>\n<meta property=\"article:publisher\" content=\"https:\/\/facebook.com\/gaveaNews\/\" \/>\n<meta property=\"article:published_time\" content=\"2025-10-18T19:15:00+00:00\" \/>\n<meta property=\"og:image\" content=\"https:\/\/www.gaveanews.com\/wp-content\/uploads\/Allianz-Parque-estadio-do-Palmeiras.webp\" \/>\n\t<meta property=\"og:image:width\" content=\"1023\" \/>\n\t<meta property=\"og:image:height\" content=\"767\" \/>\n\t<meta property=\"og:image:type\" content=\"image\/webp\" \/>\n<meta name=\"author\" content=\"Reda\u00e7\u00e3o\" \/>\n<meta name=\"twitter:card\" content=\"summary_large_image\" \/>\n<meta name=\"twitter:label1\" content=\"Escrito por\" \/>\n\t<meta name=\"twitter:data1\" content=\"Reda\u00e7\u00e3o\" \/>\n\t<meta name=\"twitter:label2\" content=\"Est. tempo de leitura\" \/>\n\t<meta name=\"twitter:data2\" content=\"3 minutos\" \/>\n<script type=\"application\/ld+json\" class=\"yoast-schema-graph\">{\"@context\":\"https:\/\/schema.org\",\"@graph\":[{\"@type\":\"NewsArticle\",\"@id\":\"https:\/\/www.gaveanews.com\/index.php\/2025\/10\/18\/defensor-do-palmeiras-e-sincero-ao-falar-sobre-o-flamengo\/#article\",\"isPartOf\":{\"@id\":\"https:\/\/www.gaveanews.com\/index.php\/2025\/10\/18\/defensor-do-palmeiras-e-sincero-ao-falar-sobre-o-flamengo\/\"},\"author\":{\"name\":\"Reda\u00e7\u00e3o\",\"@id\":\"https:\/\/www.gaveanews.com\/#\/schema\/person\/c88645e3d550d0b6574305e67dd5a716\"},\"headline\":\"Defensor do Palmeiras \u00e9 sincero ao falar sobre o Flamengo\",\"datePublished\":\"2025-10-18T19:15:00+00:00\",\"mainEntityOfPage\":{\"@id\":\"https:\/\/www.gaveanews.com\/index.php\/2025\/10\/18\/defensor-do-palmeiras-e-sincero-ao-falar-sobre-o-flamengo\/\"},\"wordCount\":329,\"commentCount\":0,\"image\":{\"@id\":\"https:\/\/www.gaveanews.com\/index.php\/2025\/10\/18\/defensor-do-palmeiras-e-sincero-ao-falar-sobre-o-flamengo\/#primaryimage\"},\"thumbnailUrl\":\"https:\/\/www.gaveanews.com\/wp-content\/uploads\/Allianz-Parque-estadio-do-Palmeiras.webp\",\"articleSection\":[\"Flamengo\"],\"inLanguage\":\"pt-BR\",\"potentialAction\":[{\"@type\":\"CommentAction\",\"name\":\"Comment\",\"target\":[\"https:\/\/www.gaveanews.com\/index.php\/2025\/10\/18\/defensor-do-palmeiras-e-sincero-ao-falar-sobre-o-flamengo\/#respond\"]}],\"copyrightYear\":\"2025\",\"copyrightHolder\":{\"@id\":\"https:\/\/www.gaveanews.com\/#organization\"}},{\"@type\":\"WebPage\",\"@id\":\"https:\/\/www.gaveanews.com\/index.php\/2025\/10\/18\/defensor-do-palmeiras-e-sincero-ao-falar-sobre-o-flamengo\/\",\"url\":\"https:\/\/www.gaveanews.com\/index.php\/2025\/10\/18\/defensor-do-palmeiras-e-sincero-ao-falar-sobre-o-flamengo\/\",\"name\":\"Defensor do Palmeiras \u00e9 sincero ao falar sobre o Flamengo\",\"isPartOf\":{\"@id\":\"https:\/\/www.gaveanews.com\/#website\"},\"primaryImageOfPage\":{\"@id\":\"https:\/\/www.gaveanews.com\/index.php\/2025\/10\/18\/defensor-do-palmeiras-e-sincero-ao-falar-sobre-o-flamengo\/#primaryimage\"},\"image\":{\"@id\":\"https:\/\/www.gaveanews.com\/index.php\/2025\/10\/18\/defensor-do-palmeiras-e-sincero-ao-falar-sobre-o-flamengo\/#primaryimage\"},\"thumbnailUrl\":\"https:\/\/www.gaveanews.com\/wp-content\/uploads\/Allianz-Parque-estadio-do-Palmeiras.webp\",\"datePublished\":\"2025-10-18T19:15:00+00:00\",\"author\":{\"@id\":\"https:\/\/www.gaveanews.com\/#\/schema\/person\/c88645e3d550d0b6574305e67dd5a716\"},\"breadcrumb\":{\"@id\":\"https:\/\/www.gaveanews.com\/index.php\/2025\/10\/18\/defensor-do-palmeiras-e-sincero-ao-falar-sobre-o-flamengo\/#breadcrumb\"},\"inLanguage\":\"pt-BR\",\"potentialAction\":[{\"@type\":\"ReadAction\",\"target\":[\"https:\/\/www.gaveanews.com\/index.php\/2025\/10\/18\/defensor-do-palmeiras-e-sincero-ao-falar-sobre-o-flamengo\/\"]}]},{\"@type\":\"ImageObject\",\"inLanguage\":\"pt-BR\",\"@id\":\"https:\/\/www.gaveanews.com\/index.php\/2025\/10\/18\/defensor-do-palmeiras-e-sincero-ao-falar-sobre-o-flamengo\/#primaryimage\",\"url\":\"https:\/\/www.gaveanews.com\/wp-content\/uploads\/Allianz-Parque-estadio-do-Palmeiras.webp\",\"contentUrl\":\"https:\/\/www.gaveanews.com\/wp-content\/uploads\/Allianz-Parque-estadio-do-Palmeiras.webp\",\"width\":1023,\"height\":767,\"caption\":\"Allianz Parque, est\u00e1dio do Palmeiras (Foto: Reprodu\u00e7\u00e3o\/Palmeiras)\"},{\"@type\":\"BreadcrumbList\",\"@id\":\"https:\/\/www.gaveanews.com\/index.php\/2025\/10\/18\/defensor-do-palmeiras-e-sincero-ao-falar-sobre-o-flamengo\/#breadcrumb\",\"itemListElement\":[{\"@type\":\"ListItem\",\"position\":1,\"name\":\"Home\",\"item\":\"https:\/\/www.gaveanews.com\/\"},{\"@type\":\"ListItem\",\"position\":2,\"name\":\"Defensor do Palmeiras \u00e9 sincero ao falar sobre o Flamengo\"}]},{\"@type\":\"WebSite\",\"@id\":\"https:\/\/www.gaveanews.com\/#website\",\"url\":\"https:\/\/www.gaveanews.com\/\",\"name\":\"G\u00e1vea News\",\"description\":\"Veja todas as not\u00edcias sobre o Flamengo: Contrata\u00e7\u00f5es, categorias de base, resultados das partidas, tabela de classifica\u00e7\u00e3o, pr\u00f3ximos jogos!\",\"potentialAction\":[{\"@type\":\"SearchAction\",\"target\":{\"@type\":\"EntryPoint\",\"urlTemplate\":\"https:\/\/www.gaveanews.com\/?s={search_term_string}\"},\"query-input\":{\"@type\":\"PropertyValueSpecification\",\"valueRequired\":true,\"valueName\":\"search_term_string\"}}],\"inLanguage\":\"pt-BR\"},{\"@type\":\"Person\",\"@id\":\"https:\/\/www.gaveanews.com\/#\/schema\/person\/c88645e3d550d0b6574305e67dd5a716\",\"name\":\"Reda\u00e7\u00e3o\",\"image\":{\"@type\":\"ImageObject\",\"inLanguage\":\"pt-BR\",\"@id\":\"https:\/\/www.gaveanews.com\/#\/schema\/person\/image\/\",\"url\":\"https:\/\/secure.gravatar.com\/avatar\/434098fd823f0dc1b062d14ca22bacaa6e38de28d8c816bbef6fc2f8c44d8ba3?s=96&d=mm&r=g\",\"contentUrl\":\"https:\/\/secure.gravatar.com\/avatar\/434098fd823f0dc1b062d14ca22bacaa6e38de28d8c816bbef6fc2f8c44d8ba3?s=96&d=mm&r=g\",\"caption\":\"Reda\u00e7\u00e3o\"}}]}<\/script>\n<!-- \/ Yoast SEO Premium plugin. -->","yoast_head_json":{"title":"Defensor do Palmeiras \u00e9 sincero ao falar sobre o Flamengo","robots":{"index":"index","follow":"follow","max-snippet":"max-snippet:-1","max-image-preview":"max-image-preview:large","max-video-preview":"max-video-preview:-1"},"canonical":"https:\/\/www.gaveanews.com\/index.php\/2025\/10\/18\/defensor-do-palmeiras-e-sincero-ao-falar-sobre-o-flamengo\/","og_locale":"pt_BR","og_type":"article","og_title":"Defensor do Palmeiras \u00e9 sincero ao falar sobre o Flamengo","og_description":"Flamengo e Palmeiras, l\u00edder e vice-l\u00edder do Brasileiro, se enfrentam no Maracan\u00e3 no domingo (19 de outubro). O jogo come\u00e7a \u00e0s 16 horas (hor\u00e1rio de Bras\u00edlia), e \u00e9 considerado uma final antecipada, j\u00e1 que apenas tr\u00eas pontos separam as equipes na tabela. Em entrevista ao &#8216;ge&#8217;, o lateral Piquerez valorizou o advers\u00e1rio ao comentar o [&hellip;]","og_url":"https:\/\/www.gaveanews.com\/index.php\/2025\/10\/18\/defensor-do-palmeiras-e-sincero-ao-falar-sobre-o-flamengo\/","og_site_name":"G\u00e1vea News","article_publisher":"https:\/\/facebook.com\/gaveaNews\/","article_published_time":"2025-10-18T19:15:00+00:00","og_image":[{"width":1023,"height":767,"url":"https:\/\/www.gaveanews.com\/wp-content\/uploads\/Allianz-Parque-estadio-do-Palmeiras.webp","type":"image\/webp"}],"author":"Reda\u00e7\u00e3o","twitter_card":"summary_large_image","twitter_misc":{"Escrito por":"Reda\u00e7\u00e3o","Est. tempo de leitura":"3 minutos"},"schema":{"@context":"https:\/\/schema.org","@graph":[{"@type":"NewsArticle","@id":"https:\/\/www.gaveanews.com\/index.php\/2025\/10\/18\/defensor-do-palmeiras-e-sincero-ao-falar-sobre-o-flamengo\/#article","isPartOf":{"@id":"https:\/\/www.gaveanews.com\/index.php\/2025\/10\/18\/defensor-do-palmeiras-e-sincero-ao-falar-sobre-o-flamengo\/"},"author":{"name":"Reda\u00e7\u00e3o","@id":"https:\/\/www.gaveanews.com\/#\/schema\/person\/c88645e3d550d0b6574305e67dd5a716"},"headline":"Defensor do Palmeiras \u00e9 sincero ao falar sobre o Flamengo","datePublished":"2025-10-18T19:15:00+00:00","mainEntityOfPage":{"@id":"https:\/\/www.gaveanews.com\/index.php\/2025\/10\/18\/defensor-do-palmeiras-e-sincero-ao-falar-sobre-o-flamengo\/"},"wordCount":329,"commentCount":0,"image":{"@id":"https:\/\/www.gaveanews.com\/index.php\/2025\/10\/18\/defensor-do-palmeiras-e-sincero-ao-falar-sobre-o-flamengo\/#primaryimage"},"thumbnailUrl":"https:\/\/www.gaveanews.com\/wp-content\/uploads\/Allianz-Parque-estadio-do-Palmeiras.webp","articleSection":["Flamengo"],"inLanguage":"pt-BR","potentialAction":[{"@type":"CommentAction","name":"Comment","target":["https:\/\/www.gaveanews.com\/index.php\/2025\/10\/18\/defensor-do-palmeiras-e-sincero-ao-falar-sobre-o-flamengo\/#respond"]}],"copyrightYear":"2025","copyrightHolder":{"@id":"https:\/\/www.gaveanews.com\/#organization"}},{"@type":"WebPage","@id":"https:\/\/www.gaveanews.com\/index.php\/2025\/10\/18\/defensor-do-palmeiras-e-sincero-ao-falar-sobre-o-flamengo\/","url":"https:\/\/www.gaveanews.com\/index.php\/2025\/10\/18\/defensor-do-palmeiras-e-sincero-ao-falar-sobre-o-flamengo\/","name":"Defensor do Palmeiras \u00e9 sincero ao falar sobre o Flamengo","isPartOf":{"@id":"https:\/\/www.gaveanews.com\/#website"},"primaryImageOfPage":{"@id":"https:\/\/www.gaveanews.com\/index.php\/2025\/10\/18\/defensor-do-palmeiras-e-sincero-ao-falar-sobre-o-flamengo\/#primaryimage"},"image":{"@id":"https:\/\/www.gaveanews.com\/index.php\/2025\/10\/18\/defensor-do-palmeiras-e-sincero-ao-falar-sobre-o-flamengo\/#primaryimage"},"thumbnailUrl":"https:\/\/www.gaveanews.com\/wp-content\/uploads\/Allianz-Parque-estadio-do-Palmeiras.webp","datePublished":"2025-10-18T19:15:00+00:00","author":{"@id":"https:\/\/www.gaveanews.com\/#\/schema\/person\/c88645e3d550d0b6574305e67dd5a716"},"breadcrumb":{"@id":"https:\/\/www.gaveanews.com\/index.php\/2025\/10\/18\/defensor-do-palmeiras-e-sincero-ao-falar-sobre-o-flamengo\/#breadcrumb"},"inLanguage":"pt-BR","potentialAction":[{"@type":"ReadAction","target":["https:\/\/www.gaveanews.com\/index.php\/2025\/10\/18\/defensor-do-palmeiras-e-sincero-ao-falar-sobre-o-flamengo\/"]}]},{"@type":"ImageObject","inLanguage":"pt-BR","@id":"https:\/\/www.gaveanews.com\/index.php\/2025\/10\/18\/defensor-do-palmeiras-e-sincero-ao-falar-sobre-o-flamengo\/#primaryimage","url":"https:\/\/www.gaveanews.com\/wp-content\/uploads\/Allianz-Parque-estadio-do-Palmeiras.webp","contentUrl":"https:\/\/www.gaveanews.com\/wp-content\/uploads\/Allianz-Parque-estadio-do-Palmeiras.webp","width":1023,"height":767,"caption":"Allianz Parque, est\u00e1dio do Palmeiras (Foto: Reprodu\u00e7\u00e3o\/Palmeiras)"},{"@type":"BreadcrumbList","@id":"https:\/\/www.gaveanews.com\/index.php\/2025\/10\/18\/defensor-do-palmeiras-e-sincero-ao-falar-sobre-o-flamengo\/#breadcrumb","itemListElement":[{"@type":"ListItem","position":1,"name":"Home","item":"https:\/\/www.gaveanews.com\/"},{"@type":"ListItem","position":2,"name":"Defensor do Palmeiras \u00e9 sincero ao falar sobre o Flamengo"}]},{"@type":"WebSite","@id":"https:\/\/www.gaveanews.com\/#website","url":"https:\/\/www.gaveanews.com\/","name":"G\u00e1vea News","description":"Veja todas as not\u00edcias sobre o Flamengo: Contrata\u00e7\u00f5es, categorias de base, resultados das partidas, tabela de classifica\u00e7\u00e3o, pr\u00f3ximos jogos!","potentialAction":[{"@type":"SearchAction","target":{"@type":"EntryPoint","urlTemplate":"https:\/\/www.gaveanews.com\/?s={search_term_string}"},"query-input":{"@type":"PropertyValueSpecification","valueRequired":true,"valueName":"search_term_string"}}],"inLanguage":"pt-BR"},{"@type":"Person","@id":"https:\/\/www.gaveanews.com\/#\/schema\/person\/c88645e3d550d0b6574305e67dd5a716","name":"Reda\u00e7\u00e3o","image":{"@type":"ImageObject","inLanguage":"pt-BR","@id":"https:\/\/www.gaveanews.com\/#\/schema\/person\/image\/","url":"https:\/\/secure.gravatar.com\/avatar\/434098fd823f0dc1b062d14ca22bacaa6e38de28d8c816bbef6fc2f8c44d8ba3?s=96&d=mm&r=g","contentUrl":"https:\/\/secure.gravatar.com\/avatar\/434098fd823f0dc1b062d14ca22bacaa6e38de28d8c816bbef6fc2f8c44d8ba3?s=96&d=mm&r=g","caption":"Reda\u00e7\u00e3o"}}]}},"_links":{"self":[{"href":"https:\/\/www.gaveanews.com\/index.php\/wp-json\/wp\/v2\/posts\/278786","targetHints":{"allow":["GET"]}}],"collection":[{"href":"https:\/\/www.gaveanews.com\/index.php\/wp-json\/wp\/v2\/posts"}],"about":[{"href":"https:\/\/www.gaveanews.com\/index.php\/wp-json\/wp\/v2\/types\/post"}],"author":[{"embeddable":true,"href":"https:\/\/www.gaveanews.com\/index.php\/wp-json\/wp\/v2\/users\/39"}],"replies":[{"embeddable":true,"href":"https:\/\/www.gaveanews.com\/index.php\/wp-json\/wp\/v2\/comments?post=278786"}],"version-history":[{"count":1,"href":"https:\/\/www.gaveanews.com\/index.php\/wp-json\/wp\/v2\/posts\/278786\/revisions"}],"predecessor-version":[{"id":278798,"href":"https:\/\/www.gaveanews.com\/index.php\/wp-json\/wp\/v2\/posts\/278786\/revisions\/278798"}],"wp:featuredmedia":[{"embeddable":true,"href":"https:\/\/www.gaveanews.com\/index.php\/wp-json\/wp\/v2\/media\/155182"}],"wp:attachment":[{"href":"https:\/\/www.gaveanews.com\/index.php\/wp-json\/wp\/v2\/media?parent=278786"}],"wp:term":[{"taxonomy":"category","embeddable":true,"href":"https:\/\/www.gaveanews.com\/index.php\/wp-json\/wp\/v2\/categories?post=278786"},{"taxonomy":"post_tag","embeddable":true,"href":"https:\/\/www.gaveanews.com\/index.php\/wp-json\/wp\/v2\/tags?post=278786"}],"curies":[{"name":"wp","href":"https:\/\/api.w.org\/{rel}","templated":true}]}}