{"id":278787,"date":"2025-10-18T18:00:00","date_gmt":"2025-10-18T21:00:00","guid":{"rendered":"https:\/\/www.gaveanews.com\/?p=278787"},"modified":"2025-10-18T17:03:52","modified_gmt":"2025-10-18T20:03:52","slug":"gerson-aceita-proposta-discussao-no-ct-do-flamengo-e-declaracao-do-tecnico-do-racing-as-ultimas-noticias-do-flamengo","status":"publish","type":"post","link":"https:\/\/www.gaveanews.com\/index.php\/2025\/10\/18\/gerson-aceita-proposta-discussao-no-ct-do-flamengo-e-declaracao-do-tecnico-do-racing-as-ultimas-noticias-do-flamengo\/","title":{"rendered":"Gerson aceita proposta, discuss\u00e3o no CT do Flamengo e declara\u00e7\u00e3o do t\u00e9cnico do Racing: as \u00faltimas not\u00edcias do Flamengo"},"content":{"rendered":"\n<p>As principais do dia passam por tr\u00eas frentes: o avan\u00e7o da negocia\u00e7\u00e3o para o retorno de Gerson ao Brasil, com o <a href=\"https:\/\/www.gaveanews.com\/index.php\/category\/brasileirao\/palmeiras\/\" target=\"_blank\" rel=\"noopener noreferrer\">Palmeiras<\/a> tentando um acordo com o Zenit; a a\u00e7\u00e3o surpresa da Autoridade Brasileira de Controle de Dopagem que interrompeu o treino do <a href=\"https:\/\/www.gaveanews.com\/index.php\/category\/brasileirao\/flamengo\/\" target=\"_blank\" rel=\"noopener noreferrer\">Flamengo<\/a> \u00e0s v\u00e9speras do jogo contra o Palmeiras; e a defini\u00e7\u00e3o da arbitragem para Flamengo x Racing pela Libertadores, com o t\u00e9cnico Gustavo Costas evidenciando ansiedade e ambi\u00e7\u00e3o \u00e0s portas da semifinal.<\/p>\n\n\n\n<h2 class=\"wp-block-heading\" id=\"h-gerson-perto-do-palmeiras-apos-passagem-apagada-no-zenit\">Gerson perto do Palmeiras ap\u00f3s passagem apagada no Zenit<\/h2>\n\n\n\n<p>O meio-campista Gerson, hoje no Zenit, encaminhou um retorno ao futebol brasileiro ao aceitar proposta do Palmeiras para a pr\u00f3xima temporada, segundo o jornalista Cosme R\u00edmoli, do R7. O acerto, por\u00e9m, ainda depende da libera\u00e7\u00e3o do clube russo, que det\u00e9m seus direitos econ\u00f4micos.<\/p>\n\n\n\n<p>Desde que deixou o Flamengo, em meados de 2025, Gerson n\u00e3o engrenou em S\u00e3o Petersburgo: foram nove partidas e nenhum envolvimento direto em gols. A escassez de minutos e de sequ\u00eancia pesou para o jogador considerar um novo ciclo no Brasil. Formado no <a href=\"https:\/\/www.gaveanews.com\/index.php\/category\/brasileirao\/fluminense\/\" target=\"_blank\" rel=\"noopener noreferrer\">Fluminense<\/a> e \u00eddolo rubro-negro, ele somou passagens por Roma e Olympique de Marselha antes do Zenit.<\/p>\n\n\n\n<p>O entrave principal \u00e9 financeiro. O Zenit pede 25 milh\u00f5es de euros (cerca de R$ 157 milh\u00f5es), montante equivalente ao investido na compra do atleta junto ao Flamengo. O Palmeiras considera a cifra elevada e tenta rebaixar a pedida para ajustar o neg\u00f3cio ao seu planejamento or\u00e7ament\u00e1rio.<\/p>\n\n\n\n<p>Uma alternativa em discuss\u00e3o \u00e9 incluir o jovem atacante Riquelme Fillipi na transa\u00e7\u00e3o para gerar um desconto de 10 milh\u00f5es de euros. Ainda assim, a diretoria alviverde trabalha para fechar por aproximadamente 15 milh\u00f5es de euros, o que, no desenho pretendido, reduziria o custo final para perto de 10 milh\u00f5es de euros. O projeto esportivo e a estabilidade no clube pesaram na decis\u00e3o do jogador, mas a palavra final segue com o Zenit.<\/p>\n\n\n\n<h2 class=\"wp-block-heading\" id=\"h-fiscalizacao-antidopagem-interrompe-treino-do-flamengo-e-eleva-tensao-pre-jogo\">Fiscaliza\u00e7\u00e3o antidopagem interrompe treino do Flamengo e eleva tens\u00e3o pr\u00e9-jogo<\/h2>\n\n\n\n<p>Uma a\u00e7\u00e3o surpresa da Autoridade Brasileira de Controle de Dopagem (ABCD) interrompeu o treino do Flamengo no Ninho do Urubu nesta sexta-feira (17 de outubro), na antev\u00e9spera do duelo com o Palmeiras, no Maracan\u00e3, pela 29\u00aa rodada do Brasileir\u00e3o. A presen\u00e7a dos fiscais em campo acirrou o ambiente \u00e0s v\u00e9speras do confronto direto na parte alta da tabela.<\/p>\n\n\n\n<p>De acordo com o jornalista Ven\u00ea Casagrande, houve discuss\u00e3o entre os dirigentes Jos\u00e9 Boto (diretor de futebol) e Gabriel Skinner (executivo) com os agentes. Boto questionou se o mesmo procedimento ocorreria com outros candidatos ao t\u00edtulo. Os fiscais informaram que acompanhariam integralmente a atividade comandada por Filipe Lu\u00eds.<\/p>\n\n\n\n<p>Incomodado com a proximidade dos representantes, Boto determinou que seguran\u00e7as rubro-negros acompanhassem os agentes para evitar registros de imagens do treino t\u00e1tico, ainda segundo Ven\u00ea. Em nota, o Flamengo manifestou desconforto com a postura da ABCD, citando exig\u00eancia de presen\u00e7a em momentos tradicionalmente restritos, desorganiza\u00e7\u00e3o da rotina e exposi\u00e7\u00e3o indevida da privacidade. O clube relatou que nove representantes estiveram no CT e que tr\u00eas assistiram integralmente \u00e0s movimenta\u00e7\u00f5es t\u00e1ticas.<\/p>\n\n\n\n<p>O epis\u00f3dio ocorre na mesma semana em que a Conmebol testou todo o elenco, procedimento aplicado aos quatro semifinalistas da Libertadores. Segundo o ge, dez atletas foram escolhidos para exames: L\u00e9o Pereira, L\u00e9o Ortiz, Emerson Royal, Alex Sandro, Arrascaeta, Pulgar, Carrascal, Pedro, Luiz Ara\u00fajo e Samuel Lino. Flamengo e Palmeiras se enfrentam no domingo (19), \u00e0s 16h, em jogo tratado como \u201cfinal antecipada\u201d: vit\u00f3ria carioca iguala a pontua\u00e7\u00e3o; triunfo paulista abre seis pontos e isola o l\u00edder.<\/p>\n\n\n\n<h2 class=\"wp-block-heading\" id=\"h-flamengo-x-racing-arbitragem-definida-e-gustavo-costas-revela-ansiedade\">Flamengo x Racing: arbitragem definida e Gustavo Costas revela ansiedade<\/h2>\n\n\n\n<p>Flamengo e Racing medem for\u00e7as na quarta-feira (22 de outubro), \u00e0s 21h30 (de Bras\u00edlia), no Maracan\u00e3, pela ida da semifinal da Libertadores. A Conmebol escalou o venezuelano Jes\u00fas Valenzuela como \u00e1rbitro principal e o equatoriano Carlo Orbe no VAR. Globo e ge tv transmitem ao vivo o primeiro cap\u00edtulo do duelo que vale vaga na final em Lima.<\/p>\n\n\n\n<p>O t\u00e9cnico do Racing, Gustavo Costas, concedeu coletiva na noite de sexta (17) e relatou uma prepara\u00e7\u00e3o minuciosa para enfrentar o Flamengo. Com nove reservas, o time argentino venceu o Aldosivi por 1 a 0 na 13\u00aa rodada, mas o foco do treinador esteve nos ajustes para o embate continental no Rio.<\/p>\n\n\n\n<p>\u201cOntem (quinta), eram duas da manh\u00e3 e eu estava vendo jogos do Flamengo . N\u00e3o estou nervoso, mas muito ansioso. Desde os seis anos me do\u00eda a barriga quando sabia que ia ao est\u00e1dio ver o Racing. Agora tamb\u00e9m me d\u00f3i muito a barriga\u201d.<\/p>\n\n\n\n<p>Costas tamb\u00e9m reconheceu o peso do advers\u00e1rio, a diferen\u00e7a or\u00e7ament\u00e1ria e a experi\u00eancia internacional do elenco rubro-negro, sem abrir m\u00e3o da ambi\u00e7\u00e3o de surpreender no mata-mata.<\/p>\n\n\n\n<p>\u201cMeus filhos tamb\u00e9m nunca viram o Racing campe\u00e3o da Copa Libertadores . \u00c9 um sonho. Nos manejamos com loucura, estamos aqui, como na Sul-Americana ou na Recopa (\u2026) Agora estamos nas semifinais\u2026 \u00c9 dif\u00edcil, o t\u00e9cnico deles (Filipe Lu\u00eds) ganha muito mais do que eu, os jogadores (do Flamengo ) jogaram na Europa\u2026 N\u00e3o importa, vamos para conseguir tudo\u201d.<\/p>\n\n\n\n<p>As semifinais acontecem nos dias 22 e 29 de outubro, com a volta no Cilindro de Avellaneda. Quem avan\u00e7ar pega LDU (EQU) ou Palmeiras na decis\u00e3o marcada para 29 de novembro, em Lima, no Peru \u2014 um cen\u00e1rio que eleva a expectativa e a carga emocional do clube de Avellaneda em busca de um feito hist\u00f3rico.<\/p>\n\n\n\n<p>\u201cS\u00e3o momentos lindos que o Racing est\u00e1 passando, me deixa muito feliz que gera\u00e7\u00f5es novas estejam vivendo isso, que \u00e9 lindo, mesmo que \u00e0s vezes n\u00e3o saibam tudo o que o clube passou. Gosto de tudo, gosto do que \u00e9 meu e tamb\u00e9m gosto do que est\u00e1 \u00e0 frente. Conquistamos algo lindo. N\u00e3o sei quantas coisas conquistamos assim internacionalmente, acho que em 1967. \u00c9 um momento lindo, temos que aproveitar. Faz 28 anos que n\u00e3o est\u00e1vamos nas semifinais, agora temos que chegar a Lima como der\u201d.<\/p>\n","protected":false},"excerpt":{"rendered":"<p>As principais do dia passam por tr\u00eas frentes: o avan\u00e7o da negocia\u00e7\u00e3o para o retorno de Gerson ao Brasil, com o Palmeiras tentando um acordo com o Zenit; a a\u00e7\u00e3o surpresa da Autoridade Brasileira de Controle de Dopagem que interrompeu o treino do Flamengo \u00e0s v\u00e9speras do jogo contra o Palmeiras; e a defini\u00e7\u00e3o da [&hellip;]<\/p>\n","protected":false},"author":39,"featured_media":124518,"comment_status":"open","ping_status":"closed","sticky":false,"template":"","format":"standard","meta":{"footnotes":""},"categories":[1],"tags":[],"class_list":["post-278787","post","type-post","status-publish","format-standard","has-post-thumbnail","hentry","category-flamengo"],"yoast_head":"<!-- This site is optimized with the Yoast SEO Premium plugin v24.2 (Yoast SEO v26.9) - https:\/\/yoast.com\/product\/yoast-seo-premium-wordpress\/ -->\n<title>Gerson aceita proposta, discuss\u00e3o no CT do Flamengo e declara\u00e7\u00e3o do t\u00e9cnico do Racing: as \u00faltimas not\u00edcias do Flamengo<\/title>\n<meta name=\"robots\" content=\"index, follow, max-snippet:-1, max-image-preview:large, max-video-preview:-1\" \/>\n<link rel=\"canonical\" href=\"https:\/\/www.gaveanews.com\/index.php\/2025\/10\/18\/gerson-aceita-proposta-discussao-no-ct-do-flamengo-e-declaracao-do-tecnico-do-racing-as-ultimas-noticias-do-flamengo\/\" \/>\n<meta property=\"og:locale\" content=\"pt_BR\" \/>\n<meta property=\"og:type\" content=\"article\" \/>\n<meta property=\"og:title\" content=\"Gerson aceita proposta, discuss\u00e3o no CT do Flamengo e declara\u00e7\u00e3o do t\u00e9cnico do Racing: as \u00faltimas not\u00edcias do Flamengo\" \/>\n<meta property=\"og:description\" content=\"As principais do dia passam por tr\u00eas frentes: o avan\u00e7o da negocia\u00e7\u00e3o para o retorno de Gerson ao Brasil, com o Palmeiras tentando um acordo com o Zenit; a a\u00e7\u00e3o surpresa da Autoridade Brasileira de Controle de Dopagem que interrompeu o treino do Flamengo \u00e0s v\u00e9speras do jogo contra o Palmeiras; e a defini\u00e7\u00e3o da [&hellip;]\" \/>\n<meta property=\"og:url\" content=\"https:\/\/www.gaveanews.com\/index.php\/2025\/10\/18\/gerson-aceita-proposta-discussao-no-ct-do-flamengo-e-declaracao-do-tecnico-do-racing-as-ultimas-noticias-do-flamengo\/\" \/>\n<meta property=\"og:site_name\" content=\"G\u00e1vea News\" \/>\n<meta property=\"article:publisher\" content=\"https:\/\/facebook.com\/gaveaNews\/\" \/>\n<meta property=\"article:published_time\" content=\"2025-10-18T21:00:00+00:00\" \/>\n<meta property=\"og:image\" content=\"https:\/\/www.gaveanews.com\/wp-content\/uploads\/Centro-de-Treinamento-Ninho-do-Urubu.webp\" \/>\n\t<meta property=\"og:image:width\" content=\"1200\" \/>\n\t<meta property=\"og:image:height\" content=\"799\" \/>\n\t<meta property=\"og:image:type\" content=\"image\/jpeg\" \/>\n<meta name=\"author\" content=\"Reda\u00e7\u00e3o\" \/>\n<meta name=\"twitter:card\" content=\"summary_large_image\" \/>\n<meta name=\"twitter:label1\" content=\"Escrito por\" \/>\n\t<meta name=\"twitter:data1\" content=\"Reda\u00e7\u00e3o\" \/>\n\t<meta name=\"twitter:label2\" content=\"Est. tempo de leitura\" \/>\n\t<meta name=\"twitter:data2\" content=\"6 minutos\" \/>\n<script type=\"application\/ld+json\" class=\"yoast-schema-graph\">{\"@context\":\"https:\/\/schema.org\",\"@graph\":[{\"@type\":\"NewsArticle\",\"@id\":\"https:\/\/www.gaveanews.com\/index.php\/2025\/10\/18\/gerson-aceita-proposta-discussao-no-ct-do-flamengo-e-declaracao-do-tecnico-do-racing-as-ultimas-noticias-do-flamengo\/#article\",\"isPartOf\":{\"@id\":\"https:\/\/www.gaveanews.com\/index.php\/2025\/10\/18\/gerson-aceita-proposta-discussao-no-ct-do-flamengo-e-declaracao-do-tecnico-do-racing-as-ultimas-noticias-do-flamengo\/\"},\"author\":{\"name\":\"Reda\u00e7\u00e3o\",\"@id\":\"https:\/\/www.gaveanews.com\/#\/schema\/person\/c88645e3d550d0b6574305e67dd5a716\"},\"headline\":\"Gerson aceita proposta, discuss\u00e3o no CT do Flamengo e declara\u00e7\u00e3o do t\u00e9cnico do Racing: as \u00faltimas not\u00edcias do Flamengo\",\"datePublished\":\"2025-10-18T21:00:00+00:00\",\"mainEntityOfPage\":{\"@id\":\"https:\/\/www.gaveanews.com\/index.php\/2025\/10\/18\/gerson-aceita-proposta-discussao-no-ct-do-flamengo-e-declaracao-do-tecnico-do-racing-as-ultimas-noticias-do-flamengo\/\"},\"wordCount\":1042,\"commentCount\":0,\"image\":{\"@id\":\"https:\/\/www.gaveanews.com\/index.php\/2025\/10\/18\/gerson-aceita-proposta-discussao-no-ct-do-flamengo-e-declaracao-do-tecnico-do-racing-as-ultimas-noticias-do-flamengo\/#primaryimage\"},\"thumbnailUrl\":\"https:\/\/www.gaveanews.com\/wp-content\/uploads\/Centro-de-Treinamento-Ninho-do-Urubu.webp\",\"articleSection\":[\"Flamengo\"],\"inLanguage\":\"pt-BR\",\"potentialAction\":[{\"@type\":\"CommentAction\",\"name\":\"Comment\",\"target\":[\"https:\/\/www.gaveanews.com\/index.php\/2025\/10\/18\/gerson-aceita-proposta-discussao-no-ct-do-flamengo-e-declaracao-do-tecnico-do-racing-as-ultimas-noticias-do-flamengo\/#respond\"]}],\"copyrightYear\":\"2025\",\"copyrightHolder\":{\"@id\":\"https:\/\/www.gaveanews.com\/#organization\"}},{\"@type\":\"WebPage\",\"@id\":\"https:\/\/www.gaveanews.com\/index.php\/2025\/10\/18\/gerson-aceita-proposta-discussao-no-ct-do-flamengo-e-declaracao-do-tecnico-do-racing-as-ultimas-noticias-do-flamengo\/\",\"url\":\"https:\/\/www.gaveanews.com\/index.php\/2025\/10\/18\/gerson-aceita-proposta-discussao-no-ct-do-flamengo-e-declaracao-do-tecnico-do-racing-as-ultimas-noticias-do-flamengo\/\",\"name\":\"Gerson aceita proposta, discuss\u00e3o no CT do Flamengo e declara\u00e7\u00e3o do t\u00e9cnico do Racing: as \u00faltimas not\u00edcias do Flamengo\",\"isPartOf\":{\"@id\":\"https:\/\/www.gaveanews.com\/#website\"},\"primaryImageOfPage\":{\"@id\":\"https:\/\/www.gaveanews.com\/index.php\/2025\/10\/18\/gerson-aceita-proposta-discussao-no-ct-do-flamengo-e-declaracao-do-tecnico-do-racing-as-ultimas-noticias-do-flamengo\/#primaryimage\"},\"image\":{\"@id\":\"https:\/\/www.gaveanews.com\/index.php\/2025\/10\/18\/gerson-aceita-proposta-discussao-no-ct-do-flamengo-e-declaracao-do-tecnico-do-racing-as-ultimas-noticias-do-flamengo\/#primaryimage\"},\"thumbnailUrl\":\"https:\/\/www.gaveanews.com\/wp-content\/uploads\/Centro-de-Treinamento-Ninho-do-Urubu.webp\",\"datePublished\":\"2025-10-18T21:00:00+00:00\",\"author\":{\"@id\":\"https:\/\/www.gaveanews.com\/#\/schema\/person\/c88645e3d550d0b6574305e67dd5a716\"},\"breadcrumb\":{\"@id\":\"https:\/\/www.gaveanews.com\/index.php\/2025\/10\/18\/gerson-aceita-proposta-discussao-no-ct-do-flamengo-e-declaracao-do-tecnico-do-racing-as-ultimas-noticias-do-flamengo\/#breadcrumb\"},\"inLanguage\":\"pt-BR\",\"potentialAction\":[{\"@type\":\"ReadAction\",\"target\":[\"https:\/\/www.gaveanews.com\/index.php\/2025\/10\/18\/gerson-aceita-proposta-discussao-no-ct-do-flamengo-e-declaracao-do-tecnico-do-racing-as-ultimas-noticias-do-flamengo\/\"]}]},{\"@type\":\"ImageObject\",\"inLanguage\":\"pt-BR\",\"@id\":\"https:\/\/www.gaveanews.com\/index.php\/2025\/10\/18\/gerson-aceita-proposta-discussao-no-ct-do-flamengo-e-declaracao-do-tecnico-do-racing-as-ultimas-noticias-do-flamengo\/#primaryimage\",\"url\":\"https:\/\/www.gaveanews.com\/wp-content\/uploads\/Centro-de-Treinamento-Ninho-do-Urubu.webp\",\"contentUrl\":\"https:\/\/www.gaveanews.com\/wp-content\/uploads\/Centro-de-Treinamento-Ninho-do-Urubu.webp\",\"width\":1200,\"height\":799,\"caption\":\"Centro de Treinamento Ninho do Urubu - Foto: divulga\u00e7\u00e3o\"},{\"@type\":\"BreadcrumbList\",\"@id\":\"https:\/\/www.gaveanews.com\/index.php\/2025\/10\/18\/gerson-aceita-proposta-discussao-no-ct-do-flamengo-e-declaracao-do-tecnico-do-racing-as-ultimas-noticias-do-flamengo\/#breadcrumb\",\"itemListElement\":[{\"@type\":\"ListItem\",\"position\":1,\"name\":\"Home\",\"item\":\"https:\/\/www.gaveanews.com\/\"},{\"@type\":\"ListItem\",\"position\":2,\"name\":\"Gerson aceita proposta, discuss\u00e3o no CT do Flamengo e declara\u00e7\u00e3o do t\u00e9cnico do Racing: as \u00faltimas not\u00edcias do Flamengo\"}]},{\"@type\":\"WebSite\",\"@id\":\"https:\/\/www.gaveanews.com\/#website\",\"url\":\"https:\/\/www.gaveanews.com\/\",\"name\":\"G\u00e1vea News\",\"description\":\"Veja todas as not\u00edcias sobre o Flamengo: Contrata\u00e7\u00f5es, categorias de base, resultados das partidas, tabela de classifica\u00e7\u00e3o, pr\u00f3ximos jogos!\",\"potentialAction\":[{\"@type\":\"SearchAction\",\"target\":{\"@type\":\"EntryPoint\",\"urlTemplate\":\"https:\/\/www.gaveanews.com\/?s={search_term_string}\"},\"query-input\":{\"@type\":\"PropertyValueSpecification\",\"valueRequired\":true,\"valueName\":\"search_term_string\"}}],\"inLanguage\":\"pt-BR\"},{\"@type\":\"Person\",\"@id\":\"https:\/\/www.gaveanews.com\/#\/schema\/person\/c88645e3d550d0b6574305e67dd5a716\",\"name\":\"Reda\u00e7\u00e3o\",\"image\":{\"@type\":\"ImageObject\",\"inLanguage\":\"pt-BR\",\"@id\":\"https:\/\/www.gaveanews.com\/#\/schema\/person\/image\/\",\"url\":\"https:\/\/secure.gravatar.com\/avatar\/434098fd823f0dc1b062d14ca22bacaa6e38de28d8c816bbef6fc2f8c44d8ba3?s=96&d=mm&r=g\",\"contentUrl\":\"https:\/\/secure.gravatar.com\/avatar\/434098fd823f0dc1b062d14ca22bacaa6e38de28d8c816bbef6fc2f8c44d8ba3?s=96&d=mm&r=g\",\"caption\":\"Reda\u00e7\u00e3o\"}}]}<\/script>\n<!-- \/ Yoast SEO Premium plugin. -->","yoast_head_json":{"title":"Gerson aceita proposta, discuss\u00e3o no CT do Flamengo e declara\u00e7\u00e3o do t\u00e9cnico do Racing: as \u00faltimas not\u00edcias do Flamengo","robots":{"index":"index","follow":"follow","max-snippet":"max-snippet:-1","max-image-preview":"max-image-preview:large","max-video-preview":"max-video-preview:-1"},"canonical":"https:\/\/www.gaveanews.com\/index.php\/2025\/10\/18\/gerson-aceita-proposta-discussao-no-ct-do-flamengo-e-declaracao-do-tecnico-do-racing-as-ultimas-noticias-do-flamengo\/","og_locale":"pt_BR","og_type":"article","og_title":"Gerson aceita proposta, discuss\u00e3o no CT do Flamengo e declara\u00e7\u00e3o do t\u00e9cnico do Racing: as \u00faltimas not\u00edcias do Flamengo","og_description":"As principais do dia passam por tr\u00eas frentes: o avan\u00e7o da negocia\u00e7\u00e3o para o retorno de Gerson ao Brasil, com o Palmeiras tentando um acordo com o Zenit; a a\u00e7\u00e3o surpresa da Autoridade Brasileira de Controle de Dopagem que interrompeu o treino do Flamengo \u00e0s v\u00e9speras do jogo contra o Palmeiras; e a defini\u00e7\u00e3o da [&hellip;]","og_url":"https:\/\/www.gaveanews.com\/index.php\/2025\/10\/18\/gerson-aceita-proposta-discussao-no-ct-do-flamengo-e-declaracao-do-tecnico-do-racing-as-ultimas-noticias-do-flamengo\/","og_site_name":"G\u00e1vea News","article_publisher":"https:\/\/facebook.com\/gaveaNews\/","article_published_time":"2025-10-18T21:00:00+00:00","og_image":[{"width":1200,"height":799,"url":"https:\/\/www.gaveanews.com\/wp-content\/uploads\/Centro-de-Treinamento-Ninho-do-Urubu.webp","type":"image\/jpeg"}],"author":"Reda\u00e7\u00e3o","twitter_card":"summary_large_image","twitter_misc":{"Escrito por":"Reda\u00e7\u00e3o","Est. tempo de leitura":"6 minutos"},"schema":{"@context":"https:\/\/schema.org","@graph":[{"@type":"NewsArticle","@id":"https:\/\/www.gaveanews.com\/index.php\/2025\/10\/18\/gerson-aceita-proposta-discussao-no-ct-do-flamengo-e-declaracao-do-tecnico-do-racing-as-ultimas-noticias-do-flamengo\/#article","isPartOf":{"@id":"https:\/\/www.gaveanews.com\/index.php\/2025\/10\/18\/gerson-aceita-proposta-discussao-no-ct-do-flamengo-e-declaracao-do-tecnico-do-racing-as-ultimas-noticias-do-flamengo\/"},"author":{"name":"Reda\u00e7\u00e3o","@id":"https:\/\/www.gaveanews.com\/#\/schema\/person\/c88645e3d550d0b6574305e67dd5a716"},"headline":"Gerson aceita proposta, discuss\u00e3o no CT do Flamengo e declara\u00e7\u00e3o do t\u00e9cnico do Racing: as \u00faltimas not\u00edcias do Flamengo","datePublished":"2025-10-18T21:00:00+00:00","mainEntityOfPage":{"@id":"https:\/\/www.gaveanews.com\/index.php\/2025\/10\/18\/gerson-aceita-proposta-discussao-no-ct-do-flamengo-e-declaracao-do-tecnico-do-racing-as-ultimas-noticias-do-flamengo\/"},"wordCount":1042,"commentCount":0,"image":{"@id":"https:\/\/www.gaveanews.com\/index.php\/2025\/10\/18\/gerson-aceita-proposta-discussao-no-ct-do-flamengo-e-declaracao-do-tecnico-do-racing-as-ultimas-noticias-do-flamengo\/#primaryimage"},"thumbnailUrl":"https:\/\/www.gaveanews.com\/wp-content\/uploads\/Centro-de-Treinamento-Ninho-do-Urubu.webp","articleSection":["Flamengo"],"inLanguage":"pt-BR","potentialAction":[{"@type":"CommentAction","name":"Comment","target":["https:\/\/www.gaveanews.com\/index.php\/2025\/10\/18\/gerson-aceita-proposta-discussao-no-ct-do-flamengo-e-declaracao-do-tecnico-do-racing-as-ultimas-noticias-do-flamengo\/#respond"]}],"copyrightYear":"2025","copyrightHolder":{"@id":"https:\/\/www.gaveanews.com\/#organization"}},{"@type":"WebPage","@id":"https:\/\/www.gaveanews.com\/index.php\/2025\/10\/18\/gerson-aceita-proposta-discussao-no-ct-do-flamengo-e-declaracao-do-tecnico-do-racing-as-ultimas-noticias-do-flamengo\/","url":"https:\/\/www.gaveanews.com\/index.php\/2025\/10\/18\/gerson-aceita-proposta-discussao-no-ct-do-flamengo-e-declaracao-do-tecnico-do-racing-as-ultimas-noticias-do-flamengo\/","name":"Gerson aceita proposta, discuss\u00e3o no CT do Flamengo e declara\u00e7\u00e3o do t\u00e9cnico do Racing: as \u00faltimas not\u00edcias do Flamengo","isPartOf":{"@id":"https:\/\/www.gaveanews.com\/#website"},"primaryImageOfPage":{"@id":"https:\/\/www.gaveanews.com\/index.php\/2025\/10\/18\/gerson-aceita-proposta-discussao-no-ct-do-flamengo-e-declaracao-do-tecnico-do-racing-as-ultimas-noticias-do-flamengo\/#primaryimage"},"image":{"@id":"https:\/\/www.gaveanews.com\/index.php\/2025\/10\/18\/gerson-aceita-proposta-discussao-no-ct-do-flamengo-e-declaracao-do-tecnico-do-racing-as-ultimas-noticias-do-flamengo\/#primaryimage"},"thumbnailUrl":"https:\/\/www.gaveanews.com\/wp-content\/uploads\/Centro-de-Treinamento-Ninho-do-Urubu.webp","datePublished":"2025-10-18T21:00:00+00:00","author":{"@id":"https:\/\/www.gaveanews.com\/#\/schema\/person\/c88645e3d550d0b6574305e67dd5a716"},"breadcrumb":{"@id":"https:\/\/www.gaveanews.com\/index.php\/2025\/10\/18\/gerson-aceita-proposta-discussao-no-ct-do-flamengo-e-declaracao-do-tecnico-do-racing-as-ultimas-noticias-do-flamengo\/#breadcrumb"},"inLanguage":"pt-BR","potentialAction":[{"@type":"ReadAction","target":["https:\/\/www.gaveanews.com\/index.php\/2025\/10\/18\/gerson-aceita-proposta-discussao-no-ct-do-flamengo-e-declaracao-do-tecnico-do-racing-as-ultimas-noticias-do-flamengo\/"]}]},{"@type":"ImageObject","inLanguage":"pt-BR","@id":"https:\/\/www.gaveanews.com\/index.php\/2025\/10\/18\/gerson-aceita-proposta-discussao-no-ct-do-flamengo-e-declaracao-do-tecnico-do-racing-as-ultimas-noticias-do-flamengo\/#primaryimage","url":"https:\/\/www.gaveanews.com\/wp-content\/uploads\/Centro-de-Treinamento-Ninho-do-Urubu.webp","contentUrl":"https:\/\/www.gaveanews.com\/wp-content\/uploads\/Centro-de-Treinamento-Ninho-do-Urubu.webp","width":1200,"height":799,"caption":"Centro de Treinamento Ninho do Urubu - Foto: divulga\u00e7\u00e3o"},{"@type":"BreadcrumbList","@id":"https:\/\/www.gaveanews.com\/index.php\/2025\/10\/18\/gerson-aceita-proposta-discussao-no-ct-do-flamengo-e-declaracao-do-tecnico-do-racing-as-ultimas-noticias-do-flamengo\/#breadcrumb","itemListElement":[{"@type":"ListItem","position":1,"name":"Home","item":"https:\/\/www.gaveanews.com\/"},{"@type":"ListItem","position":2,"name":"Gerson aceita proposta, discuss\u00e3o no CT do Flamengo e declara\u00e7\u00e3o do t\u00e9cnico do Racing: as \u00faltimas not\u00edcias do Flamengo"}]},{"@type":"WebSite","@id":"https:\/\/www.gaveanews.com\/#website","url":"https:\/\/www.gaveanews.com\/","name":"G\u00e1vea News","description":"Veja todas as not\u00edcias sobre o Flamengo: Contrata\u00e7\u00f5es, categorias de base, resultados das partidas, tabela de classifica\u00e7\u00e3o, pr\u00f3ximos jogos!","potentialAction":[{"@type":"SearchAction","target":{"@type":"EntryPoint","urlTemplate":"https:\/\/www.gaveanews.com\/?s={search_term_string}"},"query-input":{"@type":"PropertyValueSpecification","valueRequired":true,"valueName":"search_term_string"}}],"inLanguage":"pt-BR"},{"@type":"Person","@id":"https:\/\/www.gaveanews.com\/#\/schema\/person\/c88645e3d550d0b6574305e67dd5a716","name":"Reda\u00e7\u00e3o","image":{"@type":"ImageObject","inLanguage":"pt-BR","@id":"https:\/\/www.gaveanews.com\/#\/schema\/person\/image\/","url":"https:\/\/secure.gravatar.com\/avatar\/434098fd823f0dc1b062d14ca22bacaa6e38de28d8c816bbef6fc2f8c44d8ba3?s=96&d=mm&r=g","contentUrl":"https:\/\/secure.gravatar.com\/avatar\/434098fd823f0dc1b062d14ca22bacaa6e38de28d8c816bbef6fc2f8c44d8ba3?s=96&d=mm&r=g","caption":"Reda\u00e7\u00e3o"}}]}},"_links":{"self":[{"href":"https:\/\/www.gaveanews.com\/index.php\/wp-json\/wp\/v2\/posts\/278787","targetHints":{"allow":["GET"]}}],"collection":[{"href":"https:\/\/www.gaveanews.com\/index.php\/wp-json\/wp\/v2\/posts"}],"about":[{"href":"https:\/\/www.gaveanews.com\/index.php\/wp-json\/wp\/v2\/types\/post"}],"author":[{"embeddable":true,"href":"https:\/\/www.gaveanews.com\/index.php\/wp-json\/wp\/v2\/users\/39"}],"replies":[{"embeddable":true,"href":"https:\/\/www.gaveanews.com\/index.php\/wp-json\/wp\/v2\/comments?post=278787"}],"version-history":[{"count":1,"href":"https:\/\/www.gaveanews.com\/index.php\/wp-json\/wp\/v2\/posts\/278787\/revisions"}],"predecessor-version":[{"id":278813,"href":"https:\/\/www.gaveanews.com\/index.php\/wp-json\/wp\/v2\/posts\/278787\/revisions\/278813"}],"wp:featuredmedia":[{"embeddable":true,"href":"https:\/\/www.gaveanews.com\/index.php\/wp-json\/wp\/v2\/media\/124518"}],"wp:attachment":[{"href":"https:\/\/www.gaveanews.com\/index.php\/wp-json\/wp\/v2\/media?parent=278787"}],"wp:term":[{"taxonomy":"category","embeddable":true,"href":"https:\/\/www.gaveanews.com\/index.php\/wp-json\/wp\/v2\/categories?post=278787"},{"taxonomy":"post_tag","embeddable":true,"href":"https:\/\/www.gaveanews.com\/index.php\/wp-json\/wp\/v2\/tags?post=278787"}],"curies":[{"name":"wp","href":"https:\/\/api.w.org\/{rel}","templated":true}]}}