{"id":278788,"date":"2025-10-18T18:15:00","date_gmt":"2025-10-18T21:15:00","guid":{"rendered":"https:\/\/www.gaveanews.com\/?p=278788"},"modified":"2025-10-18T17:06:05","modified_gmt":"2025-10-18T20:06:05","slug":"nova-contratacao-oficializada-noticias-envolvendo-gabriel-jesus-e-reforco-vindo-do-internacional-as-ultimas-noticias-do-flamengo","status":"publish","type":"post","link":"https:\/\/www.gaveanews.com\/index.php\/2025\/10\/18\/nova-contratacao-oficializada-noticias-envolvendo-gabriel-jesus-e-reforco-vindo-do-internacional-as-ultimas-noticias-do-flamengo\/","title":{"rendered":"Nova contrata\u00e7\u00e3o oficializada, not\u00edcias envolvendo Gabriel Jesus e refor\u00e7o vindo do Internacional: as \u00faltimas not\u00edcias do Flamengo"},"content":{"rendered":"\n<p>Num dia movimentado no notici\u00e1rio rubro\u2011negro, o <a href=\"https:\/\/www.gaveanews.com\/index.php\/category\/brasileirao\/flamengo\/\" target=\"_blank\" rel=\"noopener noreferrer\">Flamengo<\/a> promoveu mudan\u00e7a no comando do futebol feminino com a volta de Celso Silva, esfriou de vez a hip\u00f3tese de investir em Gabriel Jesus para 2026 enquanto observa alternativas de mercado, e acelerou conversas por Vit\u00e3o, zagueiro do Internacional, como parte do planejamento para a pr\u00f3xima temporada.<\/p>\n\n\n\n<h2 class=\"wp-block-heading\" id=\"h-celso-silva-assume-o-flamengo-feminino\">Celso Silva assume o Flamengo feminino<\/h2>\n\n\n\n<p>O Flamengo oficializou a contrata\u00e7\u00e3o de Celso Silva para comandar o futebol feminino, ap\u00f3s a sa\u00edda de Rosana Augusto em comum acordo. A troca ocorre em um contexto de readequa\u00e7\u00e3o financeira, com corte de gastos e maior uso das categorias de base. Celso retorna durante a disputa do Carioca, em que a equipe \u00e9 vice\u2011l\u00edder, e acompanha in loco o jogo deste s\u00e1bado, na G\u00e1vea, contra o Real Heips.<\/p>\n\n\n\n<p>\u201cEsse retorno ao Flamengo me deixa extremamente emocionado, grato e honrado. Poder representar de novo essa institui\u00e7\u00e3o \u00e9 motivo de muito orgulho. J\u00e1 vivi muitos anos aqui, passei por v\u00e1rios per\u00edodos e vivi momentos que ficaram marcados na minha vida at\u00e9 hoje, como o t\u00edtulo brasileiro em 2016 e a conquista da Copinha\u201d.<\/p>\n\n\n\n<p>Em seu primeiro dia, o treinador esteve no CFZ, teve contato com o elenco e iniciou sua segunda passagem, amparado por um hist\u00f3rico de conquistas no clube \u2014 entre elas Copinha, Brasileir\u00e3o e Carioca nas categorias de base. A miss\u00e3o, avaliada como desafiadora, passa por dar continuidade ao que foi constru\u00eddo na temporada e preparar o terreno para 2026 dentro do novo cen\u00e1rio or\u00e7ament\u00e1rio.<\/p>\n\n\n\n<p>\u201cEntendo que \u00e9 uma miss\u00e3o desafiadora pela grandeza do clube, mas \u00e9 o que todo profissional deseja. Ent\u00e3o, agrade\u00e7o \u00e0 diretoria pela confian\u00e7a e espero poder corresponder \u00e0s expectativas, atrav\u00e9s de muito trabalho, suor e dedica\u00e7\u00e3o. Vamos dar continuidade no que j\u00e1 foi constru\u00eddo nessa temporada e planejar a pr\u00f3xima, com foco sempre em fazer o Flamengo melhor\u201d.<\/p>\n\n\n\n<h2 class=\"wp-block-heading\" id=\"h-gabriel-jesus-perde-forca-no-radar-do-flamengo\">Gabriel Jesus perde for\u00e7a no radar do Flamengo<\/h2>\n\n\n\n<p>A situa\u00e7\u00e3o de Gabriel Jesus no Arsenal segue indefinida, mas a possibilidade de vestir a camisa do Flamengo em 2026 perdeu tra\u00e7\u00e3o. Les\u00f5es recorrentes e rendimento aqu\u00e9m do esperado reduziram seu protagonismo em Londres, cen\u00e1rio agravado pela chegada de Viktor Gy\u00f6keres. Em recupera\u00e7\u00e3o de uma les\u00e3o ligamentar no joelho, o brasileiro tem retorno previsto para dezembro.<\/p>\n\n\n\n<p>Rumores chegaram a aproxim\u00e1\u2011lo do rubro\u2011negro, que teria feito sondagens. No entanto, segundo o \u201cPaparazzo Rubro\u2011Negro\u201d, houve sinaliza\u00e7\u00e3o negativa do estafe do atleta, e internamente a diretoria entende que o elenco j\u00e1 oferece solu\u00e7\u00f5es suficientes para o setor ofensivo, descartando investimento pesado na posi\u00e7\u00e3o no curto prazo.<\/p>\n\n\n\n<p>Com contrato no Arsenal at\u00e9 2029 e valor de mercado estimado em 32 milh\u00f5es de euros, Gabriel Jesus soma 96 jogos, 26 gols e 20 assist\u00eancias pelo clube ingl\u00eas. Mesmo com n\u00fameros consistentes, a falta de sequ\u00eancia minou sua consolida\u00e7\u00e3o sob Mikel Arteta na \u00faltima temporada, quando foi titular em menos da metade das 27 partidas que disputou.<\/p>\n\n\n\n<p>Diante desse quadro, cresceu nos bastidores a cogita\u00e7\u00e3o de Paulo Dybala, da Roma, nome que poderia se viabilizar com apoio de patrocinadores e por estar na reta final de contrato. A ideia, contudo, ainda depende de alinhamentos financeiros e estrat\u00e9gicos no planejamento de 2026.<\/p>\n\n\n\n<h2 class=\"wp-block-heading\" id=\"h-flamengo-mira-vitao-para-2026\">Flamengo mira Vit\u00e3o para 2026<\/h2>\n\n\n\n<p>Enquanto encerra a temporada, o Flamengo avan\u00e7a na montagem do elenco para 2026 e mira Vit\u00e3o, zagueiro do Internacional. Segundo o Lance!, ainda n\u00e3o houve proposta oficial, mas as diretorias intensificaram conversas para mapear exig\u00eancias e cen\u00e1rio de neg\u00f3cio \u2014 uma oferta aguardada na semana passada n\u00e3o foi formalizada.<\/p>\n\n\n\n<p>No in\u00edcio do ano, os rubro\u2011negros teriam colocado \u00e0 mesa cerca de R$ 37 milh\u00f5es e o abatimento de uma d\u00edvida relativa aos direitos de Thiago Maia. Agora, ganha corpo uma composi\u00e7\u00e3o que chegaria a 15 milh\u00f5es de euros (aproximadamente R$ 95,5 milh\u00f5es), mesclando pagamento em dinheiro, compensa\u00e7\u00e3o do d\u00e9bito e a inclus\u00e3o de um jogador fora dos planos \u2014 com especula\u00e7\u00f5es envolvendo Cebolinha, Michel ou Allan. O Inter, por sua vez, deseja ao menos 10 milh\u00f5es de euros em esp\u00e9cie.<\/p>\n\n\n\n<p>Vit\u00e3o est\u00e1 no Beira\u2011Rio desde 2022, ap\u00f3s retorno do Shakhtar Donetsk em meio \u00e0 guerra na Ucr\u00e2nia, e acumula 182 partidas e tr\u00eas gols pelo Colorado. Em 2024, o defensor esteve perto de se transferir ao Real Betis, mas a negocia\u00e7\u00e3o melou por entraves burocr\u00e1ticos na documenta\u00e7\u00e3o. Seu v\u00ednculo com o Inter vai at\u00e9 31 de dezembro de 2026.<\/p>\n\n\n\n<p>A zaga \u00e9 tratada como prioridade pelo Flamengo para 2026, que hoje conta com L\u00e9o Pereira, L\u00e9o Ortiz, Danilo e os jovens Jo\u00e3o Victor e Cleiton. No curto prazo, o time tem compromisso pelo Brasileir\u00e3o neste domingo, no Maracan\u00e3, contra o <a href=\"https:\/\/www.gaveanews.com\/index.php\/category\/brasileirao\/palmeiras\/\" target=\"_blank\" rel=\"noopener noreferrer\">Palmeiras<\/a>, enquanto os bastidores seguem quentes na busca por refor\u00e7os.<\/p>\n","protected":false},"excerpt":{"rendered":"<p>Num dia movimentado no notici\u00e1rio rubro\u2011negro, o Flamengo promoveu mudan\u00e7a no comando do futebol feminino com a volta de Celso Silva, esfriou de vez a hip\u00f3tese de investir em Gabriel Jesus para 2026 enquanto observa alternativas de mercado, e acelerou conversas por Vit\u00e3o, zagueiro do Internacional, como parte do planejamento para a pr\u00f3xima temporada. Celso [&hellip;]<\/p>\n","protected":false},"author":39,"featured_media":200976,"comment_status":"open","ping_status":"closed","sticky":false,"template":"","format":"standard","meta":{"footnotes":""},"categories":[1],"tags":[],"class_list":["post-278788","post","type-post","status-publish","format-standard","has-post-thumbnail","hentry","category-flamengo"],"yoast_head":"<!-- This site is optimized with the Yoast SEO Premium plugin v24.2 (Yoast SEO v26.9) - https:\/\/yoast.com\/product\/yoast-seo-premium-wordpress\/ -->\n<title>Nova contrata\u00e7\u00e3o oficializada, not\u00edcias envolvendo Gabriel Jesus e refor\u00e7o vindo do Internacional: as \u00faltimas not\u00edcias do Flamengo<\/title>\n<meta name=\"robots\" content=\"index, follow, max-snippet:-1, max-image-preview:large, max-video-preview:-1\" \/>\n<link rel=\"canonical\" href=\"https:\/\/www.gaveanews.com\/index.php\/2025\/10\/18\/nova-contratacao-oficializada-noticias-envolvendo-gabriel-jesus-e-reforco-vindo-do-internacional-as-ultimas-noticias-do-flamengo\/\" \/>\n<meta property=\"og:locale\" content=\"pt_BR\" \/>\n<meta property=\"og:type\" content=\"article\" \/>\n<meta property=\"og:title\" content=\"Nova contrata\u00e7\u00e3o oficializada, not\u00edcias envolvendo Gabriel Jesus e refor\u00e7o vindo do Internacional: as \u00faltimas not\u00edcias do Flamengo\" \/>\n<meta property=\"og:description\" content=\"Num dia movimentado no notici\u00e1rio rubro\u2011negro, o Flamengo promoveu mudan\u00e7a no comando do futebol feminino com a volta de Celso Silva, esfriou de vez a hip\u00f3tese de investir em Gabriel Jesus para 2026 enquanto observa alternativas de mercado, e acelerou conversas por Vit\u00e3o, zagueiro do Internacional, como parte do planejamento para a pr\u00f3xima temporada. Celso [&hellip;]\" \/>\n<meta property=\"og:url\" content=\"https:\/\/www.gaveanews.com\/index.php\/2025\/10\/18\/nova-contratacao-oficializada-noticias-envolvendo-gabriel-jesus-e-reforco-vindo-do-internacional-as-ultimas-noticias-do-flamengo\/\" \/>\n<meta property=\"og:site_name\" content=\"G\u00e1vea News\" \/>\n<meta property=\"article:publisher\" content=\"https:\/\/facebook.com\/gaveaNews\/\" \/>\n<meta property=\"article:published_time\" content=\"2025-10-18T21:15:00+00:00\" \/>\n<meta property=\"og:image\" content=\"https:\/\/www.gaveanews.com\/wp-content\/uploads\/Gabriel-Jesus-em-acao-pelo-Arsenal.webp\" \/>\n\t<meta property=\"og:image:width\" content=\"1047\" \/>\n\t<meta property=\"og:image:height\" content=\"788\" \/>\n\t<meta property=\"og:image:type\" content=\"image\/jpeg\" \/>\n<meta name=\"author\" content=\"Reda\u00e7\u00e3o\" \/>\n<meta name=\"twitter:card\" content=\"summary_large_image\" \/>\n<meta name=\"twitter:label1\" content=\"Escrito por\" \/>\n\t<meta name=\"twitter:data1\" content=\"Reda\u00e7\u00e3o\" \/>\n\t<meta name=\"twitter:label2\" content=\"Est. tempo de leitura\" \/>\n\t<meta name=\"twitter:data2\" content=\"5 minutos\" \/>\n<script type=\"application\/ld+json\" class=\"yoast-schema-graph\">{\"@context\":\"https:\/\/schema.org\",\"@graph\":[{\"@type\":\"NewsArticle\",\"@id\":\"https:\/\/www.gaveanews.com\/index.php\/2025\/10\/18\/nova-contratacao-oficializada-noticias-envolvendo-gabriel-jesus-e-reforco-vindo-do-internacional-as-ultimas-noticias-do-flamengo\/#article\",\"isPartOf\":{\"@id\":\"https:\/\/www.gaveanews.com\/index.php\/2025\/10\/18\/nova-contratacao-oficializada-noticias-envolvendo-gabriel-jesus-e-reforco-vindo-do-internacional-as-ultimas-noticias-do-flamengo\/\"},\"author\":{\"name\":\"Reda\u00e7\u00e3o\",\"@id\":\"https:\/\/www.gaveanews.com\/#\/schema\/person\/c88645e3d550d0b6574305e67dd5a716\"},\"headline\":\"Nova contrata\u00e7\u00e3o oficializada, not\u00edcias envolvendo Gabriel Jesus e refor\u00e7o vindo do Internacional: as \u00faltimas not\u00edcias do Flamengo\",\"datePublished\":\"2025-10-18T21:15:00+00:00\",\"mainEntityOfPage\":{\"@id\":\"https:\/\/www.gaveanews.com\/index.php\/2025\/10\/18\/nova-contratacao-oficializada-noticias-envolvendo-gabriel-jesus-e-reforco-vindo-do-internacional-as-ultimas-noticias-do-flamengo\/\"},\"wordCount\":840,\"commentCount\":0,\"image\":{\"@id\":\"https:\/\/www.gaveanews.com\/index.php\/2025\/10\/18\/nova-contratacao-oficializada-noticias-envolvendo-gabriel-jesus-e-reforco-vindo-do-internacional-as-ultimas-noticias-do-flamengo\/#primaryimage\"},\"thumbnailUrl\":\"https:\/\/www.gaveanews.com\/wp-content\/uploads\/Gabriel-Jesus-em-acao-pelo-Arsenal.webp\",\"articleSection\":[\"Flamengo\"],\"inLanguage\":\"pt-BR\",\"potentialAction\":[{\"@type\":\"CommentAction\",\"name\":\"Comment\",\"target\":[\"https:\/\/www.gaveanews.com\/index.php\/2025\/10\/18\/nova-contratacao-oficializada-noticias-envolvendo-gabriel-jesus-e-reforco-vindo-do-internacional-as-ultimas-noticias-do-flamengo\/#respond\"]}],\"copyrightYear\":\"2025\",\"copyrightHolder\":{\"@id\":\"https:\/\/www.gaveanews.com\/#organization\"}},{\"@type\":\"WebPage\",\"@id\":\"https:\/\/www.gaveanews.com\/index.php\/2025\/10\/18\/nova-contratacao-oficializada-noticias-envolvendo-gabriel-jesus-e-reforco-vindo-do-internacional-as-ultimas-noticias-do-flamengo\/\",\"url\":\"https:\/\/www.gaveanews.com\/index.php\/2025\/10\/18\/nova-contratacao-oficializada-noticias-envolvendo-gabriel-jesus-e-reforco-vindo-do-internacional-as-ultimas-noticias-do-flamengo\/\",\"name\":\"Nova contrata\u00e7\u00e3o oficializada, not\u00edcias envolvendo Gabriel Jesus e refor\u00e7o vindo do Internacional: as \u00faltimas not\u00edcias do Flamengo\",\"isPartOf\":{\"@id\":\"https:\/\/www.gaveanews.com\/#website\"},\"primaryImageOfPage\":{\"@id\":\"https:\/\/www.gaveanews.com\/index.php\/2025\/10\/18\/nova-contratacao-oficializada-noticias-envolvendo-gabriel-jesus-e-reforco-vindo-do-internacional-as-ultimas-noticias-do-flamengo\/#primaryimage\"},\"image\":{\"@id\":\"https:\/\/www.gaveanews.com\/index.php\/2025\/10\/18\/nova-contratacao-oficializada-noticias-envolvendo-gabriel-jesus-e-reforco-vindo-do-internacional-as-ultimas-noticias-do-flamengo\/#primaryimage\"},\"thumbnailUrl\":\"https:\/\/www.gaveanews.com\/wp-content\/uploads\/Gabriel-Jesus-em-acao-pelo-Arsenal.webp\",\"datePublished\":\"2025-10-18T21:15:00+00:00\",\"author\":{\"@id\":\"https:\/\/www.gaveanews.com\/#\/schema\/person\/c88645e3d550d0b6574305e67dd5a716\"},\"breadcrumb\":{\"@id\":\"https:\/\/www.gaveanews.com\/index.php\/2025\/10\/18\/nova-contratacao-oficializada-noticias-envolvendo-gabriel-jesus-e-reforco-vindo-do-internacional-as-ultimas-noticias-do-flamengo\/#breadcrumb\"},\"inLanguage\":\"pt-BR\",\"potentialAction\":[{\"@type\":\"ReadAction\",\"target\":[\"https:\/\/www.gaveanews.com\/index.php\/2025\/10\/18\/nova-contratacao-oficializada-noticias-envolvendo-gabriel-jesus-e-reforco-vindo-do-internacional-as-ultimas-noticias-do-flamengo\/\"]}]},{\"@type\":\"ImageObject\",\"inLanguage\":\"pt-BR\",\"@id\":\"https:\/\/www.gaveanews.com\/index.php\/2025\/10\/18\/nova-contratacao-oficializada-noticias-envolvendo-gabriel-jesus-e-reforco-vindo-do-internacional-as-ultimas-noticias-do-flamengo\/#primaryimage\",\"url\":\"https:\/\/www.gaveanews.com\/wp-content\/uploads\/Gabriel-Jesus-em-acao-pelo-Arsenal.webp\",\"contentUrl\":\"https:\/\/www.gaveanews.com\/wp-content\/uploads\/Gabriel-Jesus-em-acao-pelo-Arsenal.webp\",\"width\":1047,\"height\":788,\"caption\":\"Gabriel Jesus em a\u00e7\u00e3o pelo Arsenal (Foto: Reprodu\u00e7\u00e3o\/Instagram Gabriel Jesus)\"},{\"@type\":\"BreadcrumbList\",\"@id\":\"https:\/\/www.gaveanews.com\/index.php\/2025\/10\/18\/nova-contratacao-oficializada-noticias-envolvendo-gabriel-jesus-e-reforco-vindo-do-internacional-as-ultimas-noticias-do-flamengo\/#breadcrumb\",\"itemListElement\":[{\"@type\":\"ListItem\",\"position\":1,\"name\":\"Home\",\"item\":\"https:\/\/www.gaveanews.com\/\"},{\"@type\":\"ListItem\",\"position\":2,\"name\":\"Nova contrata\u00e7\u00e3o oficializada, not\u00edcias envolvendo Gabriel Jesus e refor\u00e7o vindo do Internacional: as \u00faltimas not\u00edcias do Flamengo\"}]},{\"@type\":\"WebSite\",\"@id\":\"https:\/\/www.gaveanews.com\/#website\",\"url\":\"https:\/\/www.gaveanews.com\/\",\"name\":\"G\u00e1vea News\",\"description\":\"Veja todas as not\u00edcias sobre o Flamengo: Contrata\u00e7\u00f5es, categorias de base, resultados das partidas, tabela de classifica\u00e7\u00e3o, pr\u00f3ximos jogos!\",\"potentialAction\":[{\"@type\":\"SearchAction\",\"target\":{\"@type\":\"EntryPoint\",\"urlTemplate\":\"https:\/\/www.gaveanews.com\/?s={search_term_string}\"},\"query-input\":{\"@type\":\"PropertyValueSpecification\",\"valueRequired\":true,\"valueName\":\"search_term_string\"}}],\"inLanguage\":\"pt-BR\"},{\"@type\":\"Person\",\"@id\":\"https:\/\/www.gaveanews.com\/#\/schema\/person\/c88645e3d550d0b6574305e67dd5a716\",\"name\":\"Reda\u00e7\u00e3o\",\"image\":{\"@type\":\"ImageObject\",\"inLanguage\":\"pt-BR\",\"@id\":\"https:\/\/www.gaveanews.com\/#\/schema\/person\/image\/\",\"url\":\"https:\/\/secure.gravatar.com\/avatar\/434098fd823f0dc1b062d14ca22bacaa6e38de28d8c816bbef6fc2f8c44d8ba3?s=96&d=mm&r=g\",\"contentUrl\":\"https:\/\/secure.gravatar.com\/avatar\/434098fd823f0dc1b062d14ca22bacaa6e38de28d8c816bbef6fc2f8c44d8ba3?s=96&d=mm&r=g\",\"caption\":\"Reda\u00e7\u00e3o\"}}]}<\/script>\n<!-- \/ Yoast SEO Premium plugin. -->","yoast_head_json":{"title":"Nova contrata\u00e7\u00e3o oficializada, not\u00edcias envolvendo Gabriel Jesus e refor\u00e7o vindo do Internacional: as \u00faltimas not\u00edcias do Flamengo","robots":{"index":"index","follow":"follow","max-snippet":"max-snippet:-1","max-image-preview":"max-image-preview:large","max-video-preview":"max-video-preview:-1"},"canonical":"https:\/\/www.gaveanews.com\/index.php\/2025\/10\/18\/nova-contratacao-oficializada-noticias-envolvendo-gabriel-jesus-e-reforco-vindo-do-internacional-as-ultimas-noticias-do-flamengo\/","og_locale":"pt_BR","og_type":"article","og_title":"Nova contrata\u00e7\u00e3o oficializada, not\u00edcias envolvendo Gabriel Jesus e refor\u00e7o vindo do Internacional: as \u00faltimas not\u00edcias do Flamengo","og_description":"Num dia movimentado no notici\u00e1rio rubro\u2011negro, o Flamengo promoveu mudan\u00e7a no comando do futebol feminino com a volta de Celso Silva, esfriou de vez a hip\u00f3tese de investir em Gabriel Jesus para 2026 enquanto observa alternativas de mercado, e acelerou conversas por Vit\u00e3o, zagueiro do Internacional, como parte do planejamento para a pr\u00f3xima temporada. Celso [&hellip;]","og_url":"https:\/\/www.gaveanews.com\/index.php\/2025\/10\/18\/nova-contratacao-oficializada-noticias-envolvendo-gabriel-jesus-e-reforco-vindo-do-internacional-as-ultimas-noticias-do-flamengo\/","og_site_name":"G\u00e1vea News","article_publisher":"https:\/\/facebook.com\/gaveaNews\/","article_published_time":"2025-10-18T21:15:00+00:00","og_image":[{"width":1047,"height":788,"url":"https:\/\/www.gaveanews.com\/wp-content\/uploads\/Gabriel-Jesus-em-acao-pelo-Arsenal.webp","type":"image\/jpeg"}],"author":"Reda\u00e7\u00e3o","twitter_card":"summary_large_image","twitter_misc":{"Escrito por":"Reda\u00e7\u00e3o","Est. tempo de leitura":"5 minutos"},"schema":{"@context":"https:\/\/schema.org","@graph":[{"@type":"NewsArticle","@id":"https:\/\/www.gaveanews.com\/index.php\/2025\/10\/18\/nova-contratacao-oficializada-noticias-envolvendo-gabriel-jesus-e-reforco-vindo-do-internacional-as-ultimas-noticias-do-flamengo\/#article","isPartOf":{"@id":"https:\/\/www.gaveanews.com\/index.php\/2025\/10\/18\/nova-contratacao-oficializada-noticias-envolvendo-gabriel-jesus-e-reforco-vindo-do-internacional-as-ultimas-noticias-do-flamengo\/"},"author":{"name":"Reda\u00e7\u00e3o","@id":"https:\/\/www.gaveanews.com\/#\/schema\/person\/c88645e3d550d0b6574305e67dd5a716"},"headline":"Nova contrata\u00e7\u00e3o oficializada, not\u00edcias envolvendo Gabriel Jesus e refor\u00e7o vindo do Internacional: as \u00faltimas not\u00edcias do Flamengo","datePublished":"2025-10-18T21:15:00+00:00","mainEntityOfPage":{"@id":"https:\/\/www.gaveanews.com\/index.php\/2025\/10\/18\/nova-contratacao-oficializada-noticias-envolvendo-gabriel-jesus-e-reforco-vindo-do-internacional-as-ultimas-noticias-do-flamengo\/"},"wordCount":840,"commentCount":0,"image":{"@id":"https:\/\/www.gaveanews.com\/index.php\/2025\/10\/18\/nova-contratacao-oficializada-noticias-envolvendo-gabriel-jesus-e-reforco-vindo-do-internacional-as-ultimas-noticias-do-flamengo\/#primaryimage"},"thumbnailUrl":"https:\/\/www.gaveanews.com\/wp-content\/uploads\/Gabriel-Jesus-em-acao-pelo-Arsenal.webp","articleSection":["Flamengo"],"inLanguage":"pt-BR","potentialAction":[{"@type":"CommentAction","name":"Comment","target":["https:\/\/www.gaveanews.com\/index.php\/2025\/10\/18\/nova-contratacao-oficializada-noticias-envolvendo-gabriel-jesus-e-reforco-vindo-do-internacional-as-ultimas-noticias-do-flamengo\/#respond"]}],"copyrightYear":"2025","copyrightHolder":{"@id":"https:\/\/www.gaveanews.com\/#organization"}},{"@type":"WebPage","@id":"https:\/\/www.gaveanews.com\/index.php\/2025\/10\/18\/nova-contratacao-oficializada-noticias-envolvendo-gabriel-jesus-e-reforco-vindo-do-internacional-as-ultimas-noticias-do-flamengo\/","url":"https:\/\/www.gaveanews.com\/index.php\/2025\/10\/18\/nova-contratacao-oficializada-noticias-envolvendo-gabriel-jesus-e-reforco-vindo-do-internacional-as-ultimas-noticias-do-flamengo\/","name":"Nova contrata\u00e7\u00e3o oficializada, not\u00edcias envolvendo Gabriel Jesus e refor\u00e7o vindo do Internacional: as \u00faltimas not\u00edcias do Flamengo","isPartOf":{"@id":"https:\/\/www.gaveanews.com\/#website"},"primaryImageOfPage":{"@id":"https:\/\/www.gaveanews.com\/index.php\/2025\/10\/18\/nova-contratacao-oficializada-noticias-envolvendo-gabriel-jesus-e-reforco-vindo-do-internacional-as-ultimas-noticias-do-flamengo\/#primaryimage"},"image":{"@id":"https:\/\/www.gaveanews.com\/index.php\/2025\/10\/18\/nova-contratacao-oficializada-noticias-envolvendo-gabriel-jesus-e-reforco-vindo-do-internacional-as-ultimas-noticias-do-flamengo\/#primaryimage"},"thumbnailUrl":"https:\/\/www.gaveanews.com\/wp-content\/uploads\/Gabriel-Jesus-em-acao-pelo-Arsenal.webp","datePublished":"2025-10-18T21:15:00+00:00","author":{"@id":"https:\/\/www.gaveanews.com\/#\/schema\/person\/c88645e3d550d0b6574305e67dd5a716"},"breadcrumb":{"@id":"https:\/\/www.gaveanews.com\/index.php\/2025\/10\/18\/nova-contratacao-oficializada-noticias-envolvendo-gabriel-jesus-e-reforco-vindo-do-internacional-as-ultimas-noticias-do-flamengo\/#breadcrumb"},"inLanguage":"pt-BR","potentialAction":[{"@type":"ReadAction","target":["https:\/\/www.gaveanews.com\/index.php\/2025\/10\/18\/nova-contratacao-oficializada-noticias-envolvendo-gabriel-jesus-e-reforco-vindo-do-internacional-as-ultimas-noticias-do-flamengo\/"]}]},{"@type":"ImageObject","inLanguage":"pt-BR","@id":"https:\/\/www.gaveanews.com\/index.php\/2025\/10\/18\/nova-contratacao-oficializada-noticias-envolvendo-gabriel-jesus-e-reforco-vindo-do-internacional-as-ultimas-noticias-do-flamengo\/#primaryimage","url":"https:\/\/www.gaveanews.com\/wp-content\/uploads\/Gabriel-Jesus-em-acao-pelo-Arsenal.webp","contentUrl":"https:\/\/www.gaveanews.com\/wp-content\/uploads\/Gabriel-Jesus-em-acao-pelo-Arsenal.webp","width":1047,"height":788,"caption":"Gabriel Jesus em a\u00e7\u00e3o pelo Arsenal (Foto: Reprodu\u00e7\u00e3o\/Instagram Gabriel Jesus)"},{"@type":"BreadcrumbList","@id":"https:\/\/www.gaveanews.com\/index.php\/2025\/10\/18\/nova-contratacao-oficializada-noticias-envolvendo-gabriel-jesus-e-reforco-vindo-do-internacional-as-ultimas-noticias-do-flamengo\/#breadcrumb","itemListElement":[{"@type":"ListItem","position":1,"name":"Home","item":"https:\/\/www.gaveanews.com\/"},{"@type":"ListItem","position":2,"name":"Nova contrata\u00e7\u00e3o oficializada, not\u00edcias envolvendo Gabriel Jesus e refor\u00e7o vindo do Internacional: as \u00faltimas not\u00edcias do Flamengo"}]},{"@type":"WebSite","@id":"https:\/\/www.gaveanews.com\/#website","url":"https:\/\/www.gaveanews.com\/","name":"G\u00e1vea News","description":"Veja todas as not\u00edcias sobre o Flamengo: Contrata\u00e7\u00f5es, categorias de base, resultados das partidas, tabela de classifica\u00e7\u00e3o, pr\u00f3ximos jogos!","potentialAction":[{"@type":"SearchAction","target":{"@type":"EntryPoint","urlTemplate":"https:\/\/www.gaveanews.com\/?s={search_term_string}"},"query-input":{"@type":"PropertyValueSpecification","valueRequired":true,"valueName":"search_term_string"}}],"inLanguage":"pt-BR"},{"@type":"Person","@id":"https:\/\/www.gaveanews.com\/#\/schema\/person\/c88645e3d550d0b6574305e67dd5a716","name":"Reda\u00e7\u00e3o","image":{"@type":"ImageObject","inLanguage":"pt-BR","@id":"https:\/\/www.gaveanews.com\/#\/schema\/person\/image\/","url":"https:\/\/secure.gravatar.com\/avatar\/434098fd823f0dc1b062d14ca22bacaa6e38de28d8c816bbef6fc2f8c44d8ba3?s=96&d=mm&r=g","contentUrl":"https:\/\/secure.gravatar.com\/avatar\/434098fd823f0dc1b062d14ca22bacaa6e38de28d8c816bbef6fc2f8c44d8ba3?s=96&d=mm&r=g","caption":"Reda\u00e7\u00e3o"}}]}},"_links":{"self":[{"href":"https:\/\/www.gaveanews.com\/index.php\/wp-json\/wp\/v2\/posts\/278788","targetHints":{"allow":["GET"]}}],"collection":[{"href":"https:\/\/www.gaveanews.com\/index.php\/wp-json\/wp\/v2\/posts"}],"about":[{"href":"https:\/\/www.gaveanews.com\/index.php\/wp-json\/wp\/v2\/types\/post"}],"author":[{"embeddable":true,"href":"https:\/\/www.gaveanews.com\/index.php\/wp-json\/wp\/v2\/users\/39"}],"replies":[{"embeddable":true,"href":"https:\/\/www.gaveanews.com\/index.php\/wp-json\/wp\/v2\/comments?post=278788"}],"version-history":[{"count":1,"href":"https:\/\/www.gaveanews.com\/index.php\/wp-json\/wp\/v2\/posts\/278788\/revisions"}],"predecessor-version":[{"id":278815,"href":"https:\/\/www.gaveanews.com\/index.php\/wp-json\/wp\/v2\/posts\/278788\/revisions\/278815"}],"wp:featuredmedia":[{"embeddable":true,"href":"https:\/\/www.gaveanews.com\/index.php\/wp-json\/wp\/v2\/media\/200976"}],"wp:attachment":[{"href":"https:\/\/www.gaveanews.com\/index.php\/wp-json\/wp\/v2\/media?parent=278788"}],"wp:term":[{"taxonomy":"category","embeddable":true,"href":"https:\/\/www.gaveanews.com\/index.php\/wp-json\/wp\/v2\/categories?post=278788"},{"taxonomy":"post_tag","embeddable":true,"href":"https:\/\/www.gaveanews.com\/index.php\/wp-json\/wp\/v2\/tags?post=278788"}],"curies":[{"name":"wp","href":"https:\/\/api.w.org\/{rel}","templated":true}]}}