{"id":278789,"date":"2025-10-18T17:30:00","date_gmt":"2025-10-18T20:30:00","guid":{"rendered":"https:\/\/www.gaveanews.com\/?p=278789"},"modified":"2025-10-18T16:53:43","modified_gmt":"2025-10-18T19:53:43","slug":"flamengo-x-palmeiras-a-escalacao-desejada-por-filipe-luis","status":"publish","type":"post","link":"https:\/\/www.gaveanews.com\/index.php\/2025\/10\/18\/flamengo-x-palmeiras-a-escalacao-desejada-por-filipe-luis\/","title":{"rendered":"Flamengo x Palmeiras: a escala\u00e7\u00e3o desejada por Filipe Lu\u00eds"},"content":{"rendered":"\n<p>O Flamengo concluiu neste s\u00e1bado (18) sua prepara\u00e7\u00e3o para o decisivo confronto diante do Palmeiras, que acontece no domingo (19), \u00e0s 16 horas (hor\u00e1rio de Bras\u00edlia), no Maracan\u00e3, pela 29\u00aa rodada do Brasileir\u00e3o. Em duelo direto pela lideran\u00e7a, o time comandado por Filipe Lu\u00eds soma 58 pontos, tr\u00eas a menos que o advers\u00e1rio paulista.<\/p>\n\n\n\n<p>Embora tenha encerrado os treinos com o elenco completo, o t\u00e9cnico rubro-negro ainda aguarda a defini\u00e7\u00e3o sobre a condi\u00e7\u00e3o f\u00edsica de Sa\u00fal \u00d1\u00edguez. O volante espanhol voltou a participar das atividades em grupo ap\u00f3s tratar dores no tornozelo e calcanhar esquerdo. Caso n\u00e3o apresente novos sintomas, ser\u00e1 relacionado, mas a presen\u00e7a entre os titulares ainda \u00e9 incerta.<\/p>\n\n\n\n<p>Al\u00e9m de Sa\u00fal, Filipe Lu\u00eds contar\u00e1 com os retornos de De la Cruz, que ficou fora do jogo contra o Botafogo por precu\u00e7\u00e3o devido ao gramado sint\u00e9tico, e Allan, que tinha dores no p\u00e9 esquerdo. Ambos treinaram normalmente ao longo da semana. Danilo e Wallace Yan, que estavam suspensos, tamb\u00e9m voltam a ficar \u00e0 disposi\u00e7\u00e3o.<\/p>\n\n\n\n<p>Apesar das incertezas no meio-campo, uma mudan\u00e7a significativa \u00e9 aguardada: a entrada de Erick Pulgar entre os titulares. Recuperado de les\u00e3o, o chileno tende a ocupar a vaga de Evertton Ar\u00e1ujo, que foi titular no cl\u00e1ssico mais recente. Ao lado de Jorginho e Arrascaeta, Pulgar completa o trio central da prov\u00e1vel forma\u00e7\u00e3o rubro-negra.<\/p>\n\n\n\n<p>Na defesa, a equipe dever\u00e1 manter a base utilizada na \u00faltima rodada, com Rossi no gol, Emerson Royal e Alex Sandro nas laterais, al\u00e9m de L\u00e9o Ortiz e L\u00e9o Pereira na zaga. Alex Sandro, mesmo lidando com limita\u00e7\u00f5es f\u00edsicas ao longo da temporada, continua sendo a principal escolha na lateral esquerda.<\/p>\n\n\n\n<p>No ataque, Pedro permanece como principal refer\u00eancia ap\u00f3s uma atua\u00e7\u00e3o com gol e assist\u00eancia no jogo passado. Luiz Ara\u00fajo e Samuel Lino devem iniciar pelas pontas, ainda que Carrascal surja como alternativa t\u00e1tica no setor direito.<\/p>\n\n\n\n<p>Por outro lado, h\u00e1 baixas confirmadas. Everton Cebolinha est\u00e1 fora da partida ap\u00f3s sofrer uma les\u00e3o no m\u00fasculo do quadril durante o cl\u00e1ssico contra o Botafogo. O atacante ficar\u00e1 afastado por ao menos tr\u00eas semanas, abrindo espa\u00e7o para op\u00e7\u00f5es como Michael ou Carrascal na ponta esquerda.<\/p>\n\n\n\n<p>A prov\u00e1vel escala\u00e7\u00e3o do Flamengo para enfrentar o Palmeiras \u00e9:<strong> Rossi; Emerson Royal, L\u00e9o Ortiz, L\u00e9o Pereira e Alex Sandro; Pulgar, Jorginho e Arrascaeta; Luiz Ara\u00fajo (Carrascal), Pedro e Samuel Lino.<\/strong><\/p>\n","protected":false},"excerpt":{"rendered":"<p>O Flamengo concluiu neste s\u00e1bado (18) sua prepara\u00e7\u00e3o para o decisivo confronto diante do Palmeiras, que acontece no domingo (19), \u00e0s 16 horas (hor\u00e1rio de Bras\u00edlia), no Maracan\u00e3, pela 29\u00aa rodada do Brasileir\u00e3o. Em duelo direto pela lideran\u00e7a, o time comandado por Filipe Lu\u00eds soma 58 pontos, tr\u00eas a menos que o advers\u00e1rio paulista. Embora [&hellip;]<\/p>\n","protected":false},"author":39,"featured_media":171957,"comment_status":"open","ping_status":"closed","sticky":false,"template":"","format":"standard","meta":{"footnotes":""},"categories":[1],"tags":[],"class_list":["post-278789","post","type-post","status-publish","format-standard","has-post-thumbnail","hentry","category-flamengo"],"yoast_head":"<!-- This site is optimized with the Yoast SEO Premium plugin v24.2 (Yoast SEO v26.9) - https:\/\/yoast.com\/product\/yoast-seo-premium-wordpress\/ -->\n<title>Flamengo x Palmeiras: a escala\u00e7\u00e3o desejada por Filipe Lu\u00eds<\/title>\n<meta name=\"robots\" content=\"index, follow, max-snippet:-1, max-image-preview:large, max-video-preview:-1\" \/>\n<link rel=\"canonical\" href=\"https:\/\/www.gaveanews.com\/index.php\/2025\/10\/18\/flamengo-x-palmeiras-a-escalacao-desejada-por-filipe-luis\/\" \/>\n<meta property=\"og:locale\" content=\"pt_BR\" \/>\n<meta property=\"og:type\" content=\"article\" \/>\n<meta property=\"og:title\" content=\"Flamengo x Palmeiras: a escala\u00e7\u00e3o desejada por Filipe Lu\u00eds\" \/>\n<meta property=\"og:description\" content=\"O Flamengo concluiu neste s\u00e1bado (18) sua prepara\u00e7\u00e3o para o decisivo confronto diante do Palmeiras, que acontece no domingo (19), \u00e0s 16 horas (hor\u00e1rio de Bras\u00edlia), no Maracan\u00e3, pela 29\u00aa rodada do Brasileir\u00e3o. Em duelo direto pela lideran\u00e7a, o time comandado por Filipe Lu\u00eds soma 58 pontos, tr\u00eas a menos que o advers\u00e1rio paulista. Embora [&hellip;]\" \/>\n<meta property=\"og:url\" content=\"https:\/\/www.gaveanews.com\/index.php\/2025\/10\/18\/flamengo-x-palmeiras-a-escalacao-desejada-por-filipe-luis\/\" \/>\n<meta property=\"og:site_name\" content=\"G\u00e1vea News\" \/>\n<meta property=\"article:publisher\" content=\"https:\/\/facebook.com\/gaveaNews\/\" \/>\n<meta property=\"article:published_time\" content=\"2025-10-18T20:30:00+00:00\" \/>\n<meta property=\"og:image\" content=\"https:\/\/www.gaveanews.com\/wp-content\/uploads\/Filipe-Luis-durante-jogo-entre-o-Flamengo-x-Bahia.webp\" \/>\n\t<meta property=\"og:image:width\" content=\"342\" \/>\n\t<meta property=\"og:image:height\" content=\"338\" \/>\n\t<meta property=\"og:image:type\" content=\"image\/jpeg\" \/>\n<meta name=\"author\" content=\"Reda\u00e7\u00e3o\" \/>\n<meta name=\"twitter:card\" content=\"summary_large_image\" \/>\n<meta name=\"twitter:label1\" content=\"Escrito por\" \/>\n\t<meta name=\"twitter:data1\" content=\"Reda\u00e7\u00e3o\" \/>\n\t<meta name=\"twitter:label2\" content=\"Est. tempo de leitura\" \/>\n\t<meta name=\"twitter:data2\" content=\"3 minutos\" \/>\n<script type=\"application\/ld+json\" class=\"yoast-schema-graph\">{\"@context\":\"https:\/\/schema.org\",\"@graph\":[{\"@type\":\"NewsArticle\",\"@id\":\"https:\/\/www.gaveanews.com\/index.php\/2025\/10\/18\/flamengo-x-palmeiras-a-escalacao-desejada-por-filipe-luis\/#article\",\"isPartOf\":{\"@id\":\"https:\/\/www.gaveanews.com\/index.php\/2025\/10\/18\/flamengo-x-palmeiras-a-escalacao-desejada-por-filipe-luis\/\"},\"author\":{\"name\":\"Reda\u00e7\u00e3o\",\"@id\":\"https:\/\/www.gaveanews.com\/#\/schema\/person\/c88645e3d550d0b6574305e67dd5a716\"},\"headline\":\"Flamengo x Palmeiras: a escala\u00e7\u00e3o desejada por Filipe Lu\u00eds\",\"datePublished\":\"2025-10-18T20:30:00+00:00\",\"mainEntityOfPage\":{\"@id\":\"https:\/\/www.gaveanews.com\/index.php\/2025\/10\/18\/flamengo-x-palmeiras-a-escalacao-desejada-por-filipe-luis\/\"},\"wordCount\":438,\"commentCount\":0,\"image\":{\"@id\":\"https:\/\/www.gaveanews.com\/index.php\/2025\/10\/18\/flamengo-x-palmeiras-a-escalacao-desejada-por-filipe-luis\/#primaryimage\"},\"thumbnailUrl\":\"https:\/\/www.gaveanews.com\/wp-content\/uploads\/Filipe-Luis-durante-jogo-entre-o-Flamengo-x-Bahia.webp\",\"articleSection\":[\"Flamengo\"],\"inLanguage\":\"pt-BR\",\"potentialAction\":[{\"@type\":\"CommentAction\",\"name\":\"Comment\",\"target\":[\"https:\/\/www.gaveanews.com\/index.php\/2025\/10\/18\/flamengo-x-palmeiras-a-escalacao-desejada-por-filipe-luis\/#respond\"]}],\"copyrightYear\":\"2025\",\"copyrightHolder\":{\"@id\":\"https:\/\/www.gaveanews.com\/#organization\"}},{\"@type\":\"WebPage\",\"@id\":\"https:\/\/www.gaveanews.com\/index.php\/2025\/10\/18\/flamengo-x-palmeiras-a-escalacao-desejada-por-filipe-luis\/\",\"url\":\"https:\/\/www.gaveanews.com\/index.php\/2025\/10\/18\/flamengo-x-palmeiras-a-escalacao-desejada-por-filipe-luis\/\",\"name\":\"Flamengo x Palmeiras: a escala\u00e7\u00e3o desejada por Filipe Lu\u00eds\",\"isPartOf\":{\"@id\":\"https:\/\/www.gaveanews.com\/#website\"},\"primaryImageOfPage\":{\"@id\":\"https:\/\/www.gaveanews.com\/index.php\/2025\/10\/18\/flamengo-x-palmeiras-a-escalacao-desejada-por-filipe-luis\/#primaryimage\"},\"image\":{\"@id\":\"https:\/\/www.gaveanews.com\/index.php\/2025\/10\/18\/flamengo-x-palmeiras-a-escalacao-desejada-por-filipe-luis\/#primaryimage\"},\"thumbnailUrl\":\"https:\/\/www.gaveanews.com\/wp-content\/uploads\/Filipe-Luis-durante-jogo-entre-o-Flamengo-x-Bahia.webp\",\"datePublished\":\"2025-10-18T20:30:00+00:00\",\"author\":{\"@id\":\"https:\/\/www.gaveanews.com\/#\/schema\/person\/c88645e3d550d0b6574305e67dd5a716\"},\"breadcrumb\":{\"@id\":\"https:\/\/www.gaveanews.com\/index.php\/2025\/10\/18\/flamengo-x-palmeiras-a-escalacao-desejada-por-filipe-luis\/#breadcrumb\"},\"inLanguage\":\"pt-BR\",\"potentialAction\":[{\"@type\":\"ReadAction\",\"target\":[\"https:\/\/www.gaveanews.com\/index.php\/2025\/10\/18\/flamengo-x-palmeiras-a-escalacao-desejada-por-filipe-luis\/\"]}]},{\"@type\":\"ImageObject\",\"inLanguage\":\"pt-BR\",\"@id\":\"https:\/\/www.gaveanews.com\/index.php\/2025\/10\/18\/flamengo-x-palmeiras-a-escalacao-desejada-por-filipe-luis\/#primaryimage\",\"url\":\"https:\/\/www.gaveanews.com\/wp-content\/uploads\/Filipe-Luis-durante-jogo-entre-o-Flamengo-x-Bahia.webp\",\"contentUrl\":\"https:\/\/www.gaveanews.com\/wp-content\/uploads\/Filipe-Luis-durante-jogo-entre-o-Flamengo-x-Bahia.webp\",\"width\":342,\"height\":338,\"caption\":\"Filipe Lu\u00eds durante jogo entre o Flamengo x Bahia (Foto: Gilvan de Souza\/CRF)\"},{\"@type\":\"BreadcrumbList\",\"@id\":\"https:\/\/www.gaveanews.com\/index.php\/2025\/10\/18\/flamengo-x-palmeiras-a-escalacao-desejada-por-filipe-luis\/#breadcrumb\",\"itemListElement\":[{\"@type\":\"ListItem\",\"position\":1,\"name\":\"Home\",\"item\":\"https:\/\/www.gaveanews.com\/\"},{\"@type\":\"ListItem\",\"position\":2,\"name\":\"Flamengo x Palmeiras: a escala\u00e7\u00e3o desejada por Filipe Lu\u00eds\"}]},{\"@type\":\"WebSite\",\"@id\":\"https:\/\/www.gaveanews.com\/#website\",\"url\":\"https:\/\/www.gaveanews.com\/\",\"name\":\"G\u00e1vea News\",\"description\":\"Veja todas as not\u00edcias sobre o Flamengo: Contrata\u00e7\u00f5es, categorias de base, resultados das partidas, tabela de classifica\u00e7\u00e3o, pr\u00f3ximos jogos!\",\"potentialAction\":[{\"@type\":\"SearchAction\",\"target\":{\"@type\":\"EntryPoint\",\"urlTemplate\":\"https:\/\/www.gaveanews.com\/?s={search_term_string}\"},\"query-input\":{\"@type\":\"PropertyValueSpecification\",\"valueRequired\":true,\"valueName\":\"search_term_string\"}}],\"inLanguage\":\"pt-BR\"},{\"@type\":\"Person\",\"@id\":\"https:\/\/www.gaveanews.com\/#\/schema\/person\/c88645e3d550d0b6574305e67dd5a716\",\"name\":\"Reda\u00e7\u00e3o\",\"image\":{\"@type\":\"ImageObject\",\"inLanguage\":\"pt-BR\",\"@id\":\"https:\/\/www.gaveanews.com\/#\/schema\/person\/image\/\",\"url\":\"https:\/\/secure.gravatar.com\/avatar\/434098fd823f0dc1b062d14ca22bacaa6e38de28d8c816bbef6fc2f8c44d8ba3?s=96&d=mm&r=g\",\"contentUrl\":\"https:\/\/secure.gravatar.com\/avatar\/434098fd823f0dc1b062d14ca22bacaa6e38de28d8c816bbef6fc2f8c44d8ba3?s=96&d=mm&r=g\",\"caption\":\"Reda\u00e7\u00e3o\"}}]}<\/script>\n<!-- \/ Yoast SEO Premium plugin. -->","yoast_head_json":{"title":"Flamengo x Palmeiras: a escala\u00e7\u00e3o desejada por Filipe Lu\u00eds","robots":{"index":"index","follow":"follow","max-snippet":"max-snippet:-1","max-image-preview":"max-image-preview:large","max-video-preview":"max-video-preview:-1"},"canonical":"https:\/\/www.gaveanews.com\/index.php\/2025\/10\/18\/flamengo-x-palmeiras-a-escalacao-desejada-por-filipe-luis\/","og_locale":"pt_BR","og_type":"article","og_title":"Flamengo x Palmeiras: a escala\u00e7\u00e3o desejada por Filipe Lu\u00eds","og_description":"O Flamengo concluiu neste s\u00e1bado (18) sua prepara\u00e7\u00e3o para o decisivo confronto diante do Palmeiras, que acontece no domingo (19), \u00e0s 16 horas (hor\u00e1rio de Bras\u00edlia), no Maracan\u00e3, pela 29\u00aa rodada do Brasileir\u00e3o. Em duelo direto pela lideran\u00e7a, o time comandado por Filipe Lu\u00eds soma 58 pontos, tr\u00eas a menos que o advers\u00e1rio paulista. Embora [&hellip;]","og_url":"https:\/\/www.gaveanews.com\/index.php\/2025\/10\/18\/flamengo-x-palmeiras-a-escalacao-desejada-por-filipe-luis\/","og_site_name":"G\u00e1vea News","article_publisher":"https:\/\/facebook.com\/gaveaNews\/","article_published_time":"2025-10-18T20:30:00+00:00","og_image":[{"width":342,"height":338,"url":"https:\/\/www.gaveanews.com\/wp-content\/uploads\/Filipe-Luis-durante-jogo-entre-o-Flamengo-x-Bahia.webp","type":"image\/jpeg"}],"author":"Reda\u00e7\u00e3o","twitter_card":"summary_large_image","twitter_misc":{"Escrito por":"Reda\u00e7\u00e3o","Est. tempo de leitura":"3 minutos"},"schema":{"@context":"https:\/\/schema.org","@graph":[{"@type":"NewsArticle","@id":"https:\/\/www.gaveanews.com\/index.php\/2025\/10\/18\/flamengo-x-palmeiras-a-escalacao-desejada-por-filipe-luis\/#article","isPartOf":{"@id":"https:\/\/www.gaveanews.com\/index.php\/2025\/10\/18\/flamengo-x-palmeiras-a-escalacao-desejada-por-filipe-luis\/"},"author":{"name":"Reda\u00e7\u00e3o","@id":"https:\/\/www.gaveanews.com\/#\/schema\/person\/c88645e3d550d0b6574305e67dd5a716"},"headline":"Flamengo x Palmeiras: a escala\u00e7\u00e3o desejada por Filipe Lu\u00eds","datePublished":"2025-10-18T20:30:00+00:00","mainEntityOfPage":{"@id":"https:\/\/www.gaveanews.com\/index.php\/2025\/10\/18\/flamengo-x-palmeiras-a-escalacao-desejada-por-filipe-luis\/"},"wordCount":438,"commentCount":0,"image":{"@id":"https:\/\/www.gaveanews.com\/index.php\/2025\/10\/18\/flamengo-x-palmeiras-a-escalacao-desejada-por-filipe-luis\/#primaryimage"},"thumbnailUrl":"https:\/\/www.gaveanews.com\/wp-content\/uploads\/Filipe-Luis-durante-jogo-entre-o-Flamengo-x-Bahia.webp","articleSection":["Flamengo"],"inLanguage":"pt-BR","potentialAction":[{"@type":"CommentAction","name":"Comment","target":["https:\/\/www.gaveanews.com\/index.php\/2025\/10\/18\/flamengo-x-palmeiras-a-escalacao-desejada-por-filipe-luis\/#respond"]}],"copyrightYear":"2025","copyrightHolder":{"@id":"https:\/\/www.gaveanews.com\/#organization"}},{"@type":"WebPage","@id":"https:\/\/www.gaveanews.com\/index.php\/2025\/10\/18\/flamengo-x-palmeiras-a-escalacao-desejada-por-filipe-luis\/","url":"https:\/\/www.gaveanews.com\/index.php\/2025\/10\/18\/flamengo-x-palmeiras-a-escalacao-desejada-por-filipe-luis\/","name":"Flamengo x Palmeiras: a escala\u00e7\u00e3o desejada por Filipe Lu\u00eds","isPartOf":{"@id":"https:\/\/www.gaveanews.com\/#website"},"primaryImageOfPage":{"@id":"https:\/\/www.gaveanews.com\/index.php\/2025\/10\/18\/flamengo-x-palmeiras-a-escalacao-desejada-por-filipe-luis\/#primaryimage"},"image":{"@id":"https:\/\/www.gaveanews.com\/index.php\/2025\/10\/18\/flamengo-x-palmeiras-a-escalacao-desejada-por-filipe-luis\/#primaryimage"},"thumbnailUrl":"https:\/\/www.gaveanews.com\/wp-content\/uploads\/Filipe-Luis-durante-jogo-entre-o-Flamengo-x-Bahia.webp","datePublished":"2025-10-18T20:30:00+00:00","author":{"@id":"https:\/\/www.gaveanews.com\/#\/schema\/person\/c88645e3d550d0b6574305e67dd5a716"},"breadcrumb":{"@id":"https:\/\/www.gaveanews.com\/index.php\/2025\/10\/18\/flamengo-x-palmeiras-a-escalacao-desejada-por-filipe-luis\/#breadcrumb"},"inLanguage":"pt-BR","potentialAction":[{"@type":"ReadAction","target":["https:\/\/www.gaveanews.com\/index.php\/2025\/10\/18\/flamengo-x-palmeiras-a-escalacao-desejada-por-filipe-luis\/"]}]},{"@type":"ImageObject","inLanguage":"pt-BR","@id":"https:\/\/www.gaveanews.com\/index.php\/2025\/10\/18\/flamengo-x-palmeiras-a-escalacao-desejada-por-filipe-luis\/#primaryimage","url":"https:\/\/www.gaveanews.com\/wp-content\/uploads\/Filipe-Luis-durante-jogo-entre-o-Flamengo-x-Bahia.webp","contentUrl":"https:\/\/www.gaveanews.com\/wp-content\/uploads\/Filipe-Luis-durante-jogo-entre-o-Flamengo-x-Bahia.webp","width":342,"height":338,"caption":"Filipe Lu\u00eds durante jogo entre o Flamengo x Bahia (Foto: Gilvan de Souza\/CRF)"},{"@type":"BreadcrumbList","@id":"https:\/\/www.gaveanews.com\/index.php\/2025\/10\/18\/flamengo-x-palmeiras-a-escalacao-desejada-por-filipe-luis\/#breadcrumb","itemListElement":[{"@type":"ListItem","position":1,"name":"Home","item":"https:\/\/www.gaveanews.com\/"},{"@type":"ListItem","position":2,"name":"Flamengo x Palmeiras: a escala\u00e7\u00e3o desejada por Filipe Lu\u00eds"}]},{"@type":"WebSite","@id":"https:\/\/www.gaveanews.com\/#website","url":"https:\/\/www.gaveanews.com\/","name":"G\u00e1vea News","description":"Veja todas as not\u00edcias sobre o Flamengo: Contrata\u00e7\u00f5es, categorias de base, resultados das partidas, tabela de classifica\u00e7\u00e3o, pr\u00f3ximos jogos!","potentialAction":[{"@type":"SearchAction","target":{"@type":"EntryPoint","urlTemplate":"https:\/\/www.gaveanews.com\/?s={search_term_string}"},"query-input":{"@type":"PropertyValueSpecification","valueRequired":true,"valueName":"search_term_string"}}],"inLanguage":"pt-BR"},{"@type":"Person","@id":"https:\/\/www.gaveanews.com\/#\/schema\/person\/c88645e3d550d0b6574305e67dd5a716","name":"Reda\u00e7\u00e3o","image":{"@type":"ImageObject","inLanguage":"pt-BR","@id":"https:\/\/www.gaveanews.com\/#\/schema\/person\/image\/","url":"https:\/\/secure.gravatar.com\/avatar\/434098fd823f0dc1b062d14ca22bacaa6e38de28d8c816bbef6fc2f8c44d8ba3?s=96&d=mm&r=g","contentUrl":"https:\/\/secure.gravatar.com\/avatar\/434098fd823f0dc1b062d14ca22bacaa6e38de28d8c816bbef6fc2f8c44d8ba3?s=96&d=mm&r=g","caption":"Reda\u00e7\u00e3o"}}]}},"_links":{"self":[{"href":"https:\/\/www.gaveanews.com\/index.php\/wp-json\/wp\/v2\/posts\/278789","targetHints":{"allow":["GET"]}}],"collection":[{"href":"https:\/\/www.gaveanews.com\/index.php\/wp-json\/wp\/v2\/posts"}],"about":[{"href":"https:\/\/www.gaveanews.com\/index.php\/wp-json\/wp\/v2\/types\/post"}],"author":[{"embeddable":true,"href":"https:\/\/www.gaveanews.com\/index.php\/wp-json\/wp\/v2\/users\/39"}],"replies":[{"embeddable":true,"href":"https:\/\/www.gaveanews.com\/index.php\/wp-json\/wp\/v2\/comments?post=278789"}],"version-history":[{"count":1,"href":"https:\/\/www.gaveanews.com\/index.php\/wp-json\/wp\/v2\/posts\/278789\/revisions"}],"predecessor-version":[{"id":278808,"href":"https:\/\/www.gaveanews.com\/index.php\/wp-json\/wp\/v2\/posts\/278789\/revisions\/278808"}],"wp:featuredmedia":[{"embeddable":true,"href":"https:\/\/www.gaveanews.com\/index.php\/wp-json\/wp\/v2\/media\/171957"}],"wp:attachment":[{"href":"https:\/\/www.gaveanews.com\/index.php\/wp-json\/wp\/v2\/media?parent=278789"}],"wp:term":[{"taxonomy":"category","embeddable":true,"href":"https:\/\/www.gaveanews.com\/index.php\/wp-json\/wp\/v2\/categories?post=278789"},{"taxonomy":"post_tag","embeddable":true,"href":"https:\/\/www.gaveanews.com\/index.php\/wp-json\/wp\/v2\/tags?post=278789"}],"curies":[{"name":"wp","href":"https:\/\/api.w.org\/{rel}","templated":true}]}}