{"id":278792,"date":"2025-10-18T17:15:00","date_gmt":"2025-10-18T20:15:00","guid":{"rendered":"https:\/\/www.gaveanews.com\/?p=278792"},"modified":"2025-10-18T16:43:51","modified_gmt":"2025-10-18T19:43:51","slug":"flamengo-x-palmeiras-abel-ferreira-perde-titular-para-o-jogo-do-campeonato-brasileiro","status":"publish","type":"post","link":"https:\/\/www.gaveanews.com\/index.php\/2025\/10\/18\/flamengo-x-palmeiras-abel-ferreira-perde-titular-para-o-jogo-do-campeonato-brasileiro\/","title":{"rendered":"Flamengo x Palmeiras: Abel Ferreira perde titular para o jogo do Campeonato Brasileiro"},"content":{"rendered":"\n<p>Weverton desfalcar\u00e1 o <a href=\"https:\/\/www.gaveanews.com\/index.php\/category\/brasileirao\/palmeiras\/\" target=\"_blank\" rel=\"noopener noreferrer\">Palmeiras<\/a> contra o <a href=\"https:\/\/www.gaveanews.com\/index.php\/category\/brasileirao\/flamengo\/\" target=\"_blank\" rel=\"noopener noreferrer\">Flamengo<\/a>, domingo (19), no Maracan\u00e3, \u00e0s 16 horas (hor\u00e1rio de Bras\u00edlia). Ele sofreu fissura na m\u00e3o direita e recebe tratamento conservador.<\/p>\n\n\n\n<p>O trauma ocorreu durante a partida com o Juventude, e o departamento m\u00e9dico n\u00e3o estabeleceu prazo de retorno, apenas descartou cirurgia. Weverton \u00e9 titular absoluto do gol alviverde e atuou em 58 jogos na temporada.<\/p>\n\n\n\n<p>Depois do diagn\u00f3stico, o goleiro relatou o impacto e o afastamento.<\/p>\n\n\n\n<p>\u201cVai me afastar por uns dias. Gra\u00e7as a Deus n\u00e3o foi nada grave, mas m\u00e3o para goleiro \u00e9 sempre importante. Tratar para voltar 100%, mas n\u00e3o vou deixar de ressaltar minha import\u00e2ncia de continuar exercendo minha lideran\u00e7a na equipe\u201d.<\/p>\n\n\n\n<p>Ele afirmou que seguir\u00e1 presente na rotina do elenco.<\/p>\n\n\n\n<p>\u201cN\u00e3o vou atuar, mas estarei no vesti\u00e1rio, dia a dia, passando tranquilidade aos companheiros. \u00c9 um momento importante da temporada, jogos decisivos, todos s\u00e3o importantes\u201d.<\/p>\n\n\n\n<p>Sem Weverton, Abel Ferreira tem duas op\u00e7\u00f5es para o gol: Marcelo Lomba e Carlos Miguel. Lomba disputou quatro partidas em 2025, e Carlos Miguel ainda n\u00e3o estreou. Ele foi contratado junto ao Nottingham Forest por 5,5 milh\u00f5es de euros, e pode fazer a primeira partida justamente contra o Flamengo, em jogo decisivo.<\/p>\n\n\n\n<p>Al\u00e9m de Weverton, o departamento m\u00e9dico alviverde lista outras baixas. Est\u00e3o em recupera\u00e7\u00e3o Paulinho (cirurgia na perna direita), Lucas Evangelista (cirurgia na coxa direita) e Khellven (trauma no p\u00e9).<\/p>\n\n\n\n<p>O confronto \u00e9 tratado como final antecipada do Brasileiro. Isso porque o Palmeiras lidera com tr\u00eas pontos de vantagem sobre o Flamengo e tem a oportunidade de abrir seis. Caso ocorra, a diferen\u00e7a deixa a equipe em situa\u00e7\u00e3o bem confort\u00e1vel, na reta final do torneio. Entretanto, o clube paulista tem um tabu a quebrar, j\u00e1 que n\u00e3o vence o rival no Maracan\u00e3 desde 2015.<\/p>\n\n\n\n<p>O Flamengo, por outro lado, tem 58 pontos e busca a vit\u00f3ria para empatar com o Palmeiras, que tem 61. A diferen\u00e7a de coloca\u00e7\u00e3o ficaria pelo crit\u00e9rio de desempate, visto que o Alviverde ainda teria uma vit\u00f3ria a mais que o Rubro-Negro (19 a 18). Ainda assim, um triunfo flamenguista deixa a briga pelo topo da tabela em ponto e ponto.<\/p>\n","protected":false},"excerpt":{"rendered":"<p>Weverton desfalcar\u00e1 o Palmeiras contra o Flamengo, domingo (19), no Maracan\u00e3, \u00e0s 16 horas (hor\u00e1rio de Bras\u00edlia). Ele sofreu fissura na m\u00e3o direita e recebe tratamento conservador. O trauma ocorreu durante a partida com o Juventude, e o departamento m\u00e9dico n\u00e3o estabeleceu prazo de retorno, apenas descartou cirurgia. Weverton \u00e9 titular absoluto do gol alviverde [&hellip;]<\/p>\n","protected":false},"author":39,"featured_media":268764,"comment_status":"open","ping_status":"closed","sticky":false,"template":"","format":"standard","meta":{"footnotes":""},"categories":[1],"tags":[],"class_list":["post-278792","post","type-post","status-publish","format-standard","has-post-thumbnail","hentry","category-flamengo"],"yoast_head":"<!-- This site is optimized with the Yoast SEO Premium plugin v24.2 (Yoast SEO v26.9) - https:\/\/yoast.com\/product\/yoast-seo-premium-wordpress\/ -->\n<title>Flamengo x Palmeiras: Abel Ferreira perde titular para o jogo do Campeonato Brasileiro<\/title>\n<meta name=\"robots\" content=\"index, follow, max-snippet:-1, max-image-preview:large, max-video-preview:-1\" \/>\n<link rel=\"canonical\" href=\"https:\/\/www.gaveanews.com\/index.php\/2025\/10\/18\/flamengo-x-palmeiras-abel-ferreira-perde-titular-para-o-jogo-do-campeonato-brasileiro\/\" \/>\n<meta property=\"og:locale\" content=\"pt_BR\" \/>\n<meta property=\"og:type\" content=\"article\" \/>\n<meta property=\"og:title\" content=\"Flamengo x Palmeiras: Abel Ferreira perde titular para o jogo do Campeonato Brasileiro\" \/>\n<meta property=\"og:description\" content=\"Weverton desfalcar\u00e1 o Palmeiras contra o Flamengo, domingo (19), no Maracan\u00e3, \u00e0s 16 horas (hor\u00e1rio de Bras\u00edlia). Ele sofreu fissura na m\u00e3o direita e recebe tratamento conservador. O trauma ocorreu durante a partida com o Juventude, e o departamento m\u00e9dico n\u00e3o estabeleceu prazo de retorno, apenas descartou cirurgia. Weverton \u00e9 titular absoluto do gol alviverde [&hellip;]\" \/>\n<meta property=\"og:url\" content=\"https:\/\/www.gaveanews.com\/index.php\/2025\/10\/18\/flamengo-x-palmeiras-abel-ferreira-perde-titular-para-o-jogo-do-campeonato-brasileiro\/\" \/>\n<meta property=\"og:site_name\" content=\"G\u00e1vea News\" \/>\n<meta property=\"article:publisher\" content=\"https:\/\/facebook.com\/gaveaNews\/\" \/>\n<meta property=\"article:published_time\" content=\"2025-10-18T20:15:00+00:00\" \/>\n<meta property=\"og:image\" content=\"https:\/\/www.gaveanews.com\/wp-content\/uploads\/Abel-Ferreira-em-derrota-do-Palmeiras-para-o-Cruzeiro-no-Mineirao.webp\" \/>\n\t<meta property=\"og:image:width\" content=\"1200\" \/>\n\t<meta property=\"og:image:height\" content=\"900\" \/>\n\t<meta property=\"og:image:type\" content=\"image\/webp\" \/>\n<meta name=\"author\" content=\"Reda\u00e7\u00e3o\" \/>\n<meta name=\"twitter:card\" content=\"summary_large_image\" \/>\n<meta name=\"twitter:label1\" content=\"Escrito por\" \/>\n\t<meta name=\"twitter:data1\" content=\"Reda\u00e7\u00e3o\" \/>\n\t<meta name=\"twitter:label2\" content=\"Est. tempo de leitura\" \/>\n\t<meta name=\"twitter:data2\" content=\"3 minutos\" \/>\n<script type=\"application\/ld+json\" class=\"yoast-schema-graph\">{\"@context\":\"https:\/\/schema.org\",\"@graph\":[{\"@type\":\"NewsArticle\",\"@id\":\"https:\/\/www.gaveanews.com\/index.php\/2025\/10\/18\/flamengo-x-palmeiras-abel-ferreira-perde-titular-para-o-jogo-do-campeonato-brasileiro\/#article\",\"isPartOf\":{\"@id\":\"https:\/\/www.gaveanews.com\/index.php\/2025\/10\/18\/flamengo-x-palmeiras-abel-ferreira-perde-titular-para-o-jogo-do-campeonato-brasileiro\/\"},\"author\":{\"name\":\"Reda\u00e7\u00e3o\",\"@id\":\"https:\/\/www.gaveanews.com\/#\/schema\/person\/c88645e3d550d0b6574305e67dd5a716\"},\"headline\":\"Flamengo x Palmeiras: Abel Ferreira perde titular para o jogo do Campeonato Brasileiro\",\"datePublished\":\"2025-10-18T20:15:00+00:00\",\"mainEntityOfPage\":{\"@id\":\"https:\/\/www.gaveanews.com\/index.php\/2025\/10\/18\/flamengo-x-palmeiras-abel-ferreira-perde-titular-para-o-jogo-do-campeonato-brasileiro\/\"},\"wordCount\":382,\"commentCount\":0,\"image\":{\"@id\":\"https:\/\/www.gaveanews.com\/index.php\/2025\/10\/18\/flamengo-x-palmeiras-abel-ferreira-perde-titular-para-o-jogo-do-campeonato-brasileiro\/#primaryimage\"},\"thumbnailUrl\":\"https:\/\/www.gaveanews.com\/wp-content\/uploads\/Abel-Ferreira-em-derrota-do-Palmeiras-para-o-Cruzeiro-no-Mineirao.webp\",\"articleSection\":[\"Flamengo\"],\"inLanguage\":\"pt-BR\",\"potentialAction\":[{\"@type\":\"CommentAction\",\"name\":\"Comment\",\"target\":[\"https:\/\/www.gaveanews.com\/index.php\/2025\/10\/18\/flamengo-x-palmeiras-abel-ferreira-perde-titular-para-o-jogo-do-campeonato-brasileiro\/#respond\"]}],\"copyrightYear\":\"2025\",\"copyrightHolder\":{\"@id\":\"https:\/\/www.gaveanews.com\/#organization\"}},{\"@type\":\"WebPage\",\"@id\":\"https:\/\/www.gaveanews.com\/index.php\/2025\/10\/18\/flamengo-x-palmeiras-abel-ferreira-perde-titular-para-o-jogo-do-campeonato-brasileiro\/\",\"url\":\"https:\/\/www.gaveanews.com\/index.php\/2025\/10\/18\/flamengo-x-palmeiras-abel-ferreira-perde-titular-para-o-jogo-do-campeonato-brasileiro\/\",\"name\":\"Flamengo x Palmeiras: Abel Ferreira perde titular para o jogo do Campeonato Brasileiro\",\"isPartOf\":{\"@id\":\"https:\/\/www.gaveanews.com\/#website\"},\"primaryImageOfPage\":{\"@id\":\"https:\/\/www.gaveanews.com\/index.php\/2025\/10\/18\/flamengo-x-palmeiras-abel-ferreira-perde-titular-para-o-jogo-do-campeonato-brasileiro\/#primaryimage\"},\"image\":{\"@id\":\"https:\/\/www.gaveanews.com\/index.php\/2025\/10\/18\/flamengo-x-palmeiras-abel-ferreira-perde-titular-para-o-jogo-do-campeonato-brasileiro\/#primaryimage\"},\"thumbnailUrl\":\"https:\/\/www.gaveanews.com\/wp-content\/uploads\/Abel-Ferreira-em-derrota-do-Palmeiras-para-o-Cruzeiro-no-Mineirao.webp\",\"datePublished\":\"2025-10-18T20:15:00+00:00\",\"author\":{\"@id\":\"https:\/\/www.gaveanews.com\/#\/schema\/person\/c88645e3d550d0b6574305e67dd5a716\"},\"breadcrumb\":{\"@id\":\"https:\/\/www.gaveanews.com\/index.php\/2025\/10\/18\/flamengo-x-palmeiras-abel-ferreira-perde-titular-para-o-jogo-do-campeonato-brasileiro\/#breadcrumb\"},\"inLanguage\":\"pt-BR\",\"potentialAction\":[{\"@type\":\"ReadAction\",\"target\":[\"https:\/\/www.gaveanews.com\/index.php\/2025\/10\/18\/flamengo-x-palmeiras-abel-ferreira-perde-titular-para-o-jogo-do-campeonato-brasileiro\/\"]}]},{\"@type\":\"ImageObject\",\"inLanguage\":\"pt-BR\",\"@id\":\"https:\/\/www.gaveanews.com\/index.php\/2025\/10\/18\/flamengo-x-palmeiras-abel-ferreira-perde-titular-para-o-jogo-do-campeonato-brasileiro\/#primaryimage\",\"url\":\"https:\/\/www.gaveanews.com\/wp-content\/uploads\/Abel-Ferreira-em-derrota-do-Palmeiras-para-o-Cruzeiro-no-Mineirao.webp\",\"contentUrl\":\"https:\/\/www.gaveanews.com\/wp-content\/uploads\/Abel-Ferreira-em-derrota-do-Palmeiras-para-o-Cruzeiro-no-Mineirao.webp\",\"width\":1200,\"height\":900,\"caption\":\"Foto: C\u00e9sar Graco\/Palmeiras\"},{\"@type\":\"BreadcrumbList\",\"@id\":\"https:\/\/www.gaveanews.com\/index.php\/2025\/10\/18\/flamengo-x-palmeiras-abel-ferreira-perde-titular-para-o-jogo-do-campeonato-brasileiro\/#breadcrumb\",\"itemListElement\":[{\"@type\":\"ListItem\",\"position\":1,\"name\":\"Home\",\"item\":\"https:\/\/www.gaveanews.com\/\"},{\"@type\":\"ListItem\",\"position\":2,\"name\":\"Flamengo x Palmeiras: Abel Ferreira perde titular para o jogo do Campeonato Brasileiro\"}]},{\"@type\":\"WebSite\",\"@id\":\"https:\/\/www.gaveanews.com\/#website\",\"url\":\"https:\/\/www.gaveanews.com\/\",\"name\":\"G\u00e1vea News\",\"description\":\"Veja todas as not\u00edcias sobre o Flamengo: Contrata\u00e7\u00f5es, categorias de base, resultados das partidas, tabela de classifica\u00e7\u00e3o, pr\u00f3ximos jogos!\",\"potentialAction\":[{\"@type\":\"SearchAction\",\"target\":{\"@type\":\"EntryPoint\",\"urlTemplate\":\"https:\/\/www.gaveanews.com\/?s={search_term_string}\"},\"query-input\":{\"@type\":\"PropertyValueSpecification\",\"valueRequired\":true,\"valueName\":\"search_term_string\"}}],\"inLanguage\":\"pt-BR\"},{\"@type\":\"Person\",\"@id\":\"https:\/\/www.gaveanews.com\/#\/schema\/person\/c88645e3d550d0b6574305e67dd5a716\",\"name\":\"Reda\u00e7\u00e3o\",\"image\":{\"@type\":\"ImageObject\",\"inLanguage\":\"pt-BR\",\"@id\":\"https:\/\/www.gaveanews.com\/#\/schema\/person\/image\/\",\"url\":\"https:\/\/secure.gravatar.com\/avatar\/434098fd823f0dc1b062d14ca22bacaa6e38de28d8c816bbef6fc2f8c44d8ba3?s=96&d=mm&r=g\",\"contentUrl\":\"https:\/\/secure.gravatar.com\/avatar\/434098fd823f0dc1b062d14ca22bacaa6e38de28d8c816bbef6fc2f8c44d8ba3?s=96&d=mm&r=g\",\"caption\":\"Reda\u00e7\u00e3o\"}}]}<\/script>\n<!-- \/ Yoast SEO Premium plugin. -->","yoast_head_json":{"title":"Flamengo x Palmeiras: Abel Ferreira perde titular para o jogo do Campeonato Brasileiro","robots":{"index":"index","follow":"follow","max-snippet":"max-snippet:-1","max-image-preview":"max-image-preview:large","max-video-preview":"max-video-preview:-1"},"canonical":"https:\/\/www.gaveanews.com\/index.php\/2025\/10\/18\/flamengo-x-palmeiras-abel-ferreira-perde-titular-para-o-jogo-do-campeonato-brasileiro\/","og_locale":"pt_BR","og_type":"article","og_title":"Flamengo x Palmeiras: Abel Ferreira perde titular para o jogo do Campeonato Brasileiro","og_description":"Weverton desfalcar\u00e1 o Palmeiras contra o Flamengo, domingo (19), no Maracan\u00e3, \u00e0s 16 horas (hor\u00e1rio de Bras\u00edlia). Ele sofreu fissura na m\u00e3o direita e recebe tratamento conservador. O trauma ocorreu durante a partida com o Juventude, e o departamento m\u00e9dico n\u00e3o estabeleceu prazo de retorno, apenas descartou cirurgia. Weverton \u00e9 titular absoluto do gol alviverde [&hellip;]","og_url":"https:\/\/www.gaveanews.com\/index.php\/2025\/10\/18\/flamengo-x-palmeiras-abel-ferreira-perde-titular-para-o-jogo-do-campeonato-brasileiro\/","og_site_name":"G\u00e1vea News","article_publisher":"https:\/\/facebook.com\/gaveaNews\/","article_published_time":"2025-10-18T20:15:00+00:00","og_image":[{"width":1200,"height":900,"url":"https:\/\/www.gaveanews.com\/wp-content\/uploads\/Abel-Ferreira-em-derrota-do-Palmeiras-para-o-Cruzeiro-no-Mineirao.webp","type":"image\/webp"}],"author":"Reda\u00e7\u00e3o","twitter_card":"summary_large_image","twitter_misc":{"Escrito por":"Reda\u00e7\u00e3o","Est. tempo de leitura":"3 minutos"},"schema":{"@context":"https:\/\/schema.org","@graph":[{"@type":"NewsArticle","@id":"https:\/\/www.gaveanews.com\/index.php\/2025\/10\/18\/flamengo-x-palmeiras-abel-ferreira-perde-titular-para-o-jogo-do-campeonato-brasileiro\/#article","isPartOf":{"@id":"https:\/\/www.gaveanews.com\/index.php\/2025\/10\/18\/flamengo-x-palmeiras-abel-ferreira-perde-titular-para-o-jogo-do-campeonato-brasileiro\/"},"author":{"name":"Reda\u00e7\u00e3o","@id":"https:\/\/www.gaveanews.com\/#\/schema\/person\/c88645e3d550d0b6574305e67dd5a716"},"headline":"Flamengo x Palmeiras: Abel Ferreira perde titular para o jogo do Campeonato Brasileiro","datePublished":"2025-10-18T20:15:00+00:00","mainEntityOfPage":{"@id":"https:\/\/www.gaveanews.com\/index.php\/2025\/10\/18\/flamengo-x-palmeiras-abel-ferreira-perde-titular-para-o-jogo-do-campeonato-brasileiro\/"},"wordCount":382,"commentCount":0,"image":{"@id":"https:\/\/www.gaveanews.com\/index.php\/2025\/10\/18\/flamengo-x-palmeiras-abel-ferreira-perde-titular-para-o-jogo-do-campeonato-brasileiro\/#primaryimage"},"thumbnailUrl":"https:\/\/www.gaveanews.com\/wp-content\/uploads\/Abel-Ferreira-em-derrota-do-Palmeiras-para-o-Cruzeiro-no-Mineirao.webp","articleSection":["Flamengo"],"inLanguage":"pt-BR","potentialAction":[{"@type":"CommentAction","name":"Comment","target":["https:\/\/www.gaveanews.com\/index.php\/2025\/10\/18\/flamengo-x-palmeiras-abel-ferreira-perde-titular-para-o-jogo-do-campeonato-brasileiro\/#respond"]}],"copyrightYear":"2025","copyrightHolder":{"@id":"https:\/\/www.gaveanews.com\/#organization"}},{"@type":"WebPage","@id":"https:\/\/www.gaveanews.com\/index.php\/2025\/10\/18\/flamengo-x-palmeiras-abel-ferreira-perde-titular-para-o-jogo-do-campeonato-brasileiro\/","url":"https:\/\/www.gaveanews.com\/index.php\/2025\/10\/18\/flamengo-x-palmeiras-abel-ferreira-perde-titular-para-o-jogo-do-campeonato-brasileiro\/","name":"Flamengo x Palmeiras: Abel Ferreira perde titular para o jogo do Campeonato Brasileiro","isPartOf":{"@id":"https:\/\/www.gaveanews.com\/#website"},"primaryImageOfPage":{"@id":"https:\/\/www.gaveanews.com\/index.php\/2025\/10\/18\/flamengo-x-palmeiras-abel-ferreira-perde-titular-para-o-jogo-do-campeonato-brasileiro\/#primaryimage"},"image":{"@id":"https:\/\/www.gaveanews.com\/index.php\/2025\/10\/18\/flamengo-x-palmeiras-abel-ferreira-perde-titular-para-o-jogo-do-campeonato-brasileiro\/#primaryimage"},"thumbnailUrl":"https:\/\/www.gaveanews.com\/wp-content\/uploads\/Abel-Ferreira-em-derrota-do-Palmeiras-para-o-Cruzeiro-no-Mineirao.webp","datePublished":"2025-10-18T20:15:00+00:00","author":{"@id":"https:\/\/www.gaveanews.com\/#\/schema\/person\/c88645e3d550d0b6574305e67dd5a716"},"breadcrumb":{"@id":"https:\/\/www.gaveanews.com\/index.php\/2025\/10\/18\/flamengo-x-palmeiras-abel-ferreira-perde-titular-para-o-jogo-do-campeonato-brasileiro\/#breadcrumb"},"inLanguage":"pt-BR","potentialAction":[{"@type":"ReadAction","target":["https:\/\/www.gaveanews.com\/index.php\/2025\/10\/18\/flamengo-x-palmeiras-abel-ferreira-perde-titular-para-o-jogo-do-campeonato-brasileiro\/"]}]},{"@type":"ImageObject","inLanguage":"pt-BR","@id":"https:\/\/www.gaveanews.com\/index.php\/2025\/10\/18\/flamengo-x-palmeiras-abel-ferreira-perde-titular-para-o-jogo-do-campeonato-brasileiro\/#primaryimage","url":"https:\/\/www.gaveanews.com\/wp-content\/uploads\/Abel-Ferreira-em-derrota-do-Palmeiras-para-o-Cruzeiro-no-Mineirao.webp","contentUrl":"https:\/\/www.gaveanews.com\/wp-content\/uploads\/Abel-Ferreira-em-derrota-do-Palmeiras-para-o-Cruzeiro-no-Mineirao.webp","width":1200,"height":900,"caption":"Foto: C\u00e9sar Graco\/Palmeiras"},{"@type":"BreadcrumbList","@id":"https:\/\/www.gaveanews.com\/index.php\/2025\/10\/18\/flamengo-x-palmeiras-abel-ferreira-perde-titular-para-o-jogo-do-campeonato-brasileiro\/#breadcrumb","itemListElement":[{"@type":"ListItem","position":1,"name":"Home","item":"https:\/\/www.gaveanews.com\/"},{"@type":"ListItem","position":2,"name":"Flamengo x Palmeiras: Abel Ferreira perde titular para o jogo do Campeonato Brasileiro"}]},{"@type":"WebSite","@id":"https:\/\/www.gaveanews.com\/#website","url":"https:\/\/www.gaveanews.com\/","name":"G\u00e1vea News","description":"Veja todas as not\u00edcias sobre o Flamengo: Contrata\u00e7\u00f5es, categorias de base, resultados das partidas, tabela de classifica\u00e7\u00e3o, pr\u00f3ximos jogos!","potentialAction":[{"@type":"SearchAction","target":{"@type":"EntryPoint","urlTemplate":"https:\/\/www.gaveanews.com\/?s={search_term_string}"},"query-input":{"@type":"PropertyValueSpecification","valueRequired":true,"valueName":"search_term_string"}}],"inLanguage":"pt-BR"},{"@type":"Person","@id":"https:\/\/www.gaveanews.com\/#\/schema\/person\/c88645e3d550d0b6574305e67dd5a716","name":"Reda\u00e7\u00e3o","image":{"@type":"ImageObject","inLanguage":"pt-BR","@id":"https:\/\/www.gaveanews.com\/#\/schema\/person\/image\/","url":"https:\/\/secure.gravatar.com\/avatar\/434098fd823f0dc1b062d14ca22bacaa6e38de28d8c816bbef6fc2f8c44d8ba3?s=96&d=mm&r=g","contentUrl":"https:\/\/secure.gravatar.com\/avatar\/434098fd823f0dc1b062d14ca22bacaa6e38de28d8c816bbef6fc2f8c44d8ba3?s=96&d=mm&r=g","caption":"Reda\u00e7\u00e3o"}}]}},"_links":{"self":[{"href":"https:\/\/www.gaveanews.com\/index.php\/wp-json\/wp\/v2\/posts\/278792","targetHints":{"allow":["GET"]}}],"collection":[{"href":"https:\/\/www.gaveanews.com\/index.php\/wp-json\/wp\/v2\/posts"}],"about":[{"href":"https:\/\/www.gaveanews.com\/index.php\/wp-json\/wp\/v2\/types\/post"}],"author":[{"embeddable":true,"href":"https:\/\/www.gaveanews.com\/index.php\/wp-json\/wp\/v2\/users\/39"}],"replies":[{"embeddable":true,"href":"https:\/\/www.gaveanews.com\/index.php\/wp-json\/wp\/v2\/comments?post=278792"}],"version-history":[{"count":1,"href":"https:\/\/www.gaveanews.com\/index.php\/wp-json\/wp\/v2\/posts\/278792\/revisions"}],"predecessor-version":[{"id":278806,"href":"https:\/\/www.gaveanews.com\/index.php\/wp-json\/wp\/v2\/posts\/278792\/revisions\/278806"}],"wp:featuredmedia":[{"embeddable":true,"href":"https:\/\/www.gaveanews.com\/index.php\/wp-json\/wp\/v2\/media\/268764"}],"wp:attachment":[{"href":"https:\/\/www.gaveanews.com\/index.php\/wp-json\/wp\/v2\/media?parent=278792"}],"wp:term":[{"taxonomy":"category","embeddable":true,"href":"https:\/\/www.gaveanews.com\/index.php\/wp-json\/wp\/v2\/categories?post=278792"},{"taxonomy":"post_tag","embeddable":true,"href":"https:\/\/www.gaveanews.com\/index.php\/wp-json\/wp\/v2\/tags?post=278792"}],"curies":[{"name":"wp","href":"https:\/\/api.w.org\/{rel}","templated":true}]}}