{"id":278793,"date":"2025-10-18T17:45:00","date_gmt":"2025-10-18T20:45:00","guid":{"rendered":"https:\/\/www.gaveanews.com\/?p=278793"},"modified":"2025-10-18T17:01:48","modified_gmt":"2025-10-18T20:01:48","slug":"ele-deixou-o-flamengo-sem-muitas-oportunidades-e-agora-esta-destacando-se-na-europa","status":"publish","type":"post","link":"https:\/\/www.gaveanews.com\/index.php\/2025\/10\/18\/ele-deixou-o-flamengo-sem-muitas-oportunidades-e-agora-esta-destacando-se-na-europa\/","title":{"rendered":"Ele deixou o Flamengo sem muitas oportunidades e agora est\u00e1 destacando-se na Europa"},"content":{"rendered":"\n<p>O Paris FC voltou \u00e0 Ligue 1 ap\u00f3s quase 50 anos e aposta em um protagonista: Ot\u00e1vio, ex-<a href=\"https:\/\/www.gaveanews.com\/index.php\/category\/brasileirao\/flamengo\/\" target=\"_blank\" rel=\"noopener noreferrer\">Flamengo<\/a>. O zagueiro lidera os cortes na liga, com 46 a\u00e7\u00f5es em cinco jogos, segundo o Sofascore. O clube, vizinho e rival do PSG, soma 10 pontos em sete partidas e ocupa a oitava posi\u00e7\u00e3o.<\/p>\n\n\n\n<p>A transfer\u00eancia custou 17 milh\u00f5es de euros fixos, podendo chegar a 20 milh\u00f5es com b\u00f4nus, e o Porto manteve 15% de uma futura venda. Ot\u00e1vio assinou at\u00e9 junho de 2030 e \u00e9 a contrata\u00e7\u00e3o mais cara da hist\u00f3ria do Paris FC, que foi fundado em 1969.<\/p>\n\n\n\n<p>Em entrevista ao ge, o defensor explicou o que o convenceu no projeto do clube e o peso do investimento.<\/p>\n\n\n\n<p>&#8220;Fui a contrata\u00e7\u00e3o mais cara deles. Tenho esse peso. Eles ofereceram um projeto que daqui a um ano o clube estar\u00e1 num patamar bem maior do que est\u00e1 agora. V\u00e3o chegar outros jogadores para ajudar&#8221;.<\/p>\n\n\n\n<figure class=\"wp-block-image size-large\"><img loading=\"lazy\" decoding=\"async\" width=\"1024\" height=\"768\" src=\"http:\/\/www.gaveanews.com\/wp-content\/uploads\/Otavio-ex-Flamengo-pelo-Paris-FC-1024x768.png\" alt=\"\" class=\"wp-image-278810\" srcset=\"https:\/\/www.gaveanews.com\/wp-content\/uploads\/Otavio-ex-Flamengo-pelo-Paris-FC-1024x768.png 1024w, https:\/\/www.gaveanews.com\/wp-content\/uploads\/Otavio-ex-Flamengo-pelo-Paris-FC-300x225.png 300w, https:\/\/www.gaveanews.com\/wp-content\/uploads\/Otavio-ex-Flamengo-pelo-Paris-FC-768x576.png 768w, https:\/\/www.gaveanews.com\/wp-content\/uploads\/Otavio-ex-Flamengo-pelo-Paris-FC-560x420.png 560w, https:\/\/www.gaveanews.com\/wp-content\/uploads\/Otavio-ex-Flamengo-pelo-Paris-FC-1120x840.png 1120w, https:\/\/www.gaveanews.com\/wp-content\/uploads\/Otavio-ex-Flamengo-pelo-Paris-FC-80x60.png 80w, https:\/\/www.gaveanews.com\/wp-content\/uploads\/Otavio-ex-Flamengo-pelo-Paris-FC-160x120.png 160w, https:\/\/www.gaveanews.com\/wp-content\/uploads\/Otavio-ex-Flamengo-pelo-Paris-FC-100x75.png 100w, https:\/\/www.gaveanews.com\/wp-content\/uploads\/Otavio-ex-Flamengo-pelo-Paris-FC-200x150.png 200w, https:\/\/www.gaveanews.com\/wp-content\/uploads\/Otavio-ex-Flamengo-pelo-Paris-FC-180x135.png 180w, https:\/\/www.gaveanews.com\/wp-content\/uploads\/Otavio-ex-Flamengo-pelo-Paris-FC-360x270.png 360w, https:\/\/www.gaveanews.com\/wp-content\/uploads\/Otavio-ex-Flamengo-pelo-Paris-FC-238x178.png 238w, https:\/\/www.gaveanews.com\/wp-content\/uploads\/Otavio-ex-Flamengo-pelo-Paris-FC-476x356.png 476w, https:\/\/www.gaveanews.com\/wp-content\/uploads\/Otavio-ex-Flamengo-pelo-Paris-FC-640x480.png 640w, https:\/\/www.gaveanews.com\/wp-content\/uploads\/Otavio-ex-Flamengo-pelo-Paris-FC-681x511.png 681w, https:\/\/www.gaveanews.com\/wp-content\/uploads\/Otavio-ex-Flamengo-pelo-Paris-FC.png 1200w\" sizes=\"auto, (max-width: 1024px) 100vw, 1024px\" \/><figcaption class=\"wp-element-caption\">Otavio, ex-Flamengo, pelo Paris FC (foto: divulga\u00e7\u00e3o\/Paris FC)<\/figcaption><\/figure>\n\n\n\n<p>Na mesma conversa, Ot\u00e1vio descreveu como recebeu a responsabilidade e a forma como foi acolhido no vesti\u00e1rio.<\/p>\n\n\n\n<p>&#8220;Vejo a responsabilidade que me deram. Carrego um peso grande nisso, mas \u00e9 um peso muito bom. Pela forma como me receberam, me deixaram confort\u00e1vel para fazer meu trabalho da melhor maneira poss\u00edvel, \u00e9 incr\u00edvel&#8221;.<\/p>\n\n\n\n<p>O zagueiro foi formado no Flamengo e tem passagens por Sampaio Corr\u00eaa, Famalic\u00e3o e Porto, onde conquistou a Ta\u00e7a de Portugal e a Superta\u00e7a. Na Fran\u00e7a, ele vive o processo de adapta\u00e7\u00e3o, mas relatou o apoio interno. O defensor citou a ajuda do goleiro Kevin Trapp, que fala portugu\u00eas e facilita a comunica\u00e7\u00e3o no dia a dia.<\/p>\n\n\n\n<p>&#8220;Converso mais no dia a dia, e ele tem me ajudado bastante, traduzindo o que falam para mim [&#8230;] Fiquei mais ou menos um m\u00eas assim [sozinho], at\u00e9 a chegada do Kevin.&#8221;.<\/p>\n\n\n\n<p>Em cinco jogos disputados na Ligue 1, Ot\u00e1vio somou 11 desarmes, nove intercepta\u00e7\u00f5es, 23 duelos ganhos no ch\u00e3o e cinco pelo alto.<\/p>\n","protected":false},"excerpt":{"rendered":"<p>O Paris FC voltou \u00e0 Ligue 1 ap\u00f3s quase 50 anos e aposta em um protagonista: Ot\u00e1vio, ex-Flamengo. O zagueiro lidera os cortes na liga, com 46 a\u00e7\u00f5es em cinco jogos, segundo o Sofascore. O clube, vizinho e rival do PSG, soma 10 pontos em sete partidas e ocupa a oitava posi\u00e7\u00e3o. A transfer\u00eancia custou [&hellip;]<\/p>\n","protected":false},"author":39,"featured_media":273310,"comment_status":"open","ping_status":"closed","sticky":false,"template":"","format":"standard","meta":{"footnotes":""},"categories":[1],"tags":[],"class_list":["post-278793","post","type-post","status-publish","format-standard","has-post-thumbnail","hentry","category-flamengo"],"yoast_head":"<!-- This site is optimized with the Yoast SEO Premium plugin v24.2 (Yoast SEO v26.9) - https:\/\/yoast.com\/product\/yoast-seo-premium-wordpress\/ -->\n<title>Ele deixou o Flamengo sem muitas oportunidades e agora est\u00e1 destacando-se na Europa<\/title>\n<meta name=\"robots\" content=\"index, follow, max-snippet:-1, max-image-preview:large, max-video-preview:-1\" \/>\n<link rel=\"canonical\" href=\"https:\/\/www.gaveanews.com\/index.php\/2025\/10\/18\/ele-deixou-o-flamengo-sem-muitas-oportunidades-e-agora-esta-destacando-se-na-europa\/\" \/>\n<meta property=\"og:locale\" content=\"pt_BR\" \/>\n<meta property=\"og:type\" content=\"article\" \/>\n<meta property=\"og:title\" content=\"Ele deixou o Flamengo sem muitas oportunidades e agora est\u00e1 destacando-se na Europa\" \/>\n<meta property=\"og:description\" content=\"O Paris FC voltou \u00e0 Ligue 1 ap\u00f3s quase 50 anos e aposta em um protagonista: Ot\u00e1vio, ex-Flamengo. O zagueiro lidera os cortes na liga, com 46 a\u00e7\u00f5es em cinco jogos, segundo o Sofascore. O clube, vizinho e rival do PSG, soma 10 pontos em sete partidas e ocupa a oitava posi\u00e7\u00e3o. A transfer\u00eancia custou [&hellip;]\" \/>\n<meta property=\"og:url\" content=\"https:\/\/www.gaveanews.com\/index.php\/2025\/10\/18\/ele-deixou-o-flamengo-sem-muitas-oportunidades-e-agora-esta-destacando-se-na-europa\/\" \/>\n<meta property=\"og:site_name\" content=\"G\u00e1vea News\" \/>\n<meta property=\"article:publisher\" content=\"https:\/\/facebook.com\/gaveaNews\/\" \/>\n<meta property=\"article:published_time\" content=\"2025-10-18T20:45:00+00:00\" \/>\n<meta property=\"og:image\" content=\"https:\/\/www.gaveanews.com\/wp-content\/uploads\/Nova-camisa-do-Flamengo.jpg\" \/>\n\t<meta property=\"og:image:width\" content=\"1280\" \/>\n\t<meta property=\"og:image:height\" content=\"960\" \/>\n\t<meta property=\"og:image:type\" content=\"image\/jpeg\" \/>\n<meta name=\"author\" content=\"Reda\u00e7\u00e3o\" \/>\n<meta name=\"twitter:card\" content=\"summary_large_image\" \/>\n<meta name=\"twitter:label1\" content=\"Escrito por\" \/>\n\t<meta name=\"twitter:data1\" content=\"Reda\u00e7\u00e3o\" \/>\n\t<meta name=\"twitter:label2\" content=\"Est. tempo de leitura\" \/>\n\t<meta name=\"twitter:data2\" content=\"3 minutos\" \/>\n<script type=\"application\/ld+json\" class=\"yoast-schema-graph\">{\"@context\":\"https:\/\/schema.org\",\"@graph\":[{\"@type\":\"NewsArticle\",\"@id\":\"https:\/\/www.gaveanews.com\/index.php\/2025\/10\/18\/ele-deixou-o-flamengo-sem-muitas-oportunidades-e-agora-esta-destacando-se-na-europa\/#article\",\"isPartOf\":{\"@id\":\"https:\/\/www.gaveanews.com\/index.php\/2025\/10\/18\/ele-deixou-o-flamengo-sem-muitas-oportunidades-e-agora-esta-destacando-se-na-europa\/\"},\"author\":{\"name\":\"Reda\u00e7\u00e3o\",\"@id\":\"https:\/\/www.gaveanews.com\/#\/schema\/person\/c88645e3d550d0b6574305e67dd5a716\"},\"headline\":\"Ele deixou o Flamengo sem muitas oportunidades e agora est\u00e1 destacando-se na Europa\",\"datePublished\":\"2025-10-18T20:45:00+00:00\",\"mainEntityOfPage\":{\"@id\":\"https:\/\/www.gaveanews.com\/index.php\/2025\/10\/18\/ele-deixou-o-flamengo-sem-muitas-oportunidades-e-agora-esta-destacando-se-na-europa\/\"},\"wordCount\":352,\"commentCount\":0,\"image\":{\"@id\":\"https:\/\/www.gaveanews.com\/index.php\/2025\/10\/18\/ele-deixou-o-flamengo-sem-muitas-oportunidades-e-agora-esta-destacando-se-na-europa\/#primaryimage\"},\"thumbnailUrl\":\"https:\/\/www.gaveanews.com\/wp-content\/uploads\/Nova-camisa-do-Flamengo.jpg\",\"articleSection\":[\"Flamengo\"],\"inLanguage\":\"pt-BR\",\"potentialAction\":[{\"@type\":\"CommentAction\",\"name\":\"Comment\",\"target\":[\"https:\/\/www.gaveanews.com\/index.php\/2025\/10\/18\/ele-deixou-o-flamengo-sem-muitas-oportunidades-e-agora-esta-destacando-se-na-europa\/#respond\"]}],\"copyrightYear\":\"2025\",\"copyrightHolder\":{\"@id\":\"https:\/\/www.gaveanews.com\/#organization\"}},{\"@type\":\"WebPage\",\"@id\":\"https:\/\/www.gaveanews.com\/index.php\/2025\/10\/18\/ele-deixou-o-flamengo-sem-muitas-oportunidades-e-agora-esta-destacando-se-na-europa\/\",\"url\":\"https:\/\/www.gaveanews.com\/index.php\/2025\/10\/18\/ele-deixou-o-flamengo-sem-muitas-oportunidades-e-agora-esta-destacando-se-na-europa\/\",\"name\":\"Ele deixou o Flamengo sem muitas oportunidades e agora est\u00e1 destacando-se na Europa\",\"isPartOf\":{\"@id\":\"https:\/\/www.gaveanews.com\/#website\"},\"primaryImageOfPage\":{\"@id\":\"https:\/\/www.gaveanews.com\/index.php\/2025\/10\/18\/ele-deixou-o-flamengo-sem-muitas-oportunidades-e-agora-esta-destacando-se-na-europa\/#primaryimage\"},\"image\":{\"@id\":\"https:\/\/www.gaveanews.com\/index.php\/2025\/10\/18\/ele-deixou-o-flamengo-sem-muitas-oportunidades-e-agora-esta-destacando-se-na-europa\/#primaryimage\"},\"thumbnailUrl\":\"https:\/\/www.gaveanews.com\/wp-content\/uploads\/Nova-camisa-do-Flamengo.jpg\",\"datePublished\":\"2025-10-18T20:45:00+00:00\",\"author\":{\"@id\":\"https:\/\/www.gaveanews.com\/#\/schema\/person\/c88645e3d550d0b6574305e67dd5a716\"},\"breadcrumb\":{\"@id\":\"https:\/\/www.gaveanews.com\/index.php\/2025\/10\/18\/ele-deixou-o-flamengo-sem-muitas-oportunidades-e-agora-esta-destacando-se-na-europa\/#breadcrumb\"},\"inLanguage\":\"pt-BR\",\"potentialAction\":[{\"@type\":\"ReadAction\",\"target\":[\"https:\/\/www.gaveanews.com\/index.php\/2025\/10\/18\/ele-deixou-o-flamengo-sem-muitas-oportunidades-e-agora-esta-destacando-se-na-europa\/\"]}]},{\"@type\":\"ImageObject\",\"inLanguage\":\"pt-BR\",\"@id\":\"https:\/\/www.gaveanews.com\/index.php\/2025\/10\/18\/ele-deixou-o-flamengo-sem-muitas-oportunidades-e-agora-esta-destacando-se-na-europa\/#primaryimage\",\"url\":\"https:\/\/www.gaveanews.com\/wp-content\/uploads\/Nova-camisa-do-Flamengo.jpg\",\"contentUrl\":\"https:\/\/www.gaveanews.com\/wp-content\/uploads\/Nova-camisa-do-Flamengo.jpg\",\"width\":1280,\"height\":960,\"caption\":\"Nova camisa do Flamengo\"},{\"@type\":\"BreadcrumbList\",\"@id\":\"https:\/\/www.gaveanews.com\/index.php\/2025\/10\/18\/ele-deixou-o-flamengo-sem-muitas-oportunidades-e-agora-esta-destacando-se-na-europa\/#breadcrumb\",\"itemListElement\":[{\"@type\":\"ListItem\",\"position\":1,\"name\":\"Home\",\"item\":\"https:\/\/www.gaveanews.com\/\"},{\"@type\":\"ListItem\",\"position\":2,\"name\":\"Ele deixou o Flamengo sem muitas oportunidades e agora est\u00e1 destacando-se na Europa\"}]},{\"@type\":\"WebSite\",\"@id\":\"https:\/\/www.gaveanews.com\/#website\",\"url\":\"https:\/\/www.gaveanews.com\/\",\"name\":\"G\u00e1vea News\",\"description\":\"Veja todas as not\u00edcias sobre o Flamengo: Contrata\u00e7\u00f5es, categorias de base, resultados das partidas, tabela de classifica\u00e7\u00e3o, pr\u00f3ximos jogos!\",\"potentialAction\":[{\"@type\":\"SearchAction\",\"target\":{\"@type\":\"EntryPoint\",\"urlTemplate\":\"https:\/\/www.gaveanews.com\/?s={search_term_string}\"},\"query-input\":{\"@type\":\"PropertyValueSpecification\",\"valueRequired\":true,\"valueName\":\"search_term_string\"}}],\"inLanguage\":\"pt-BR\"},{\"@type\":\"Person\",\"@id\":\"https:\/\/www.gaveanews.com\/#\/schema\/person\/c88645e3d550d0b6574305e67dd5a716\",\"name\":\"Reda\u00e7\u00e3o\",\"image\":{\"@type\":\"ImageObject\",\"inLanguage\":\"pt-BR\",\"@id\":\"https:\/\/www.gaveanews.com\/#\/schema\/person\/image\/\",\"url\":\"https:\/\/secure.gravatar.com\/avatar\/434098fd823f0dc1b062d14ca22bacaa6e38de28d8c816bbef6fc2f8c44d8ba3?s=96&d=mm&r=g\",\"contentUrl\":\"https:\/\/secure.gravatar.com\/avatar\/434098fd823f0dc1b062d14ca22bacaa6e38de28d8c816bbef6fc2f8c44d8ba3?s=96&d=mm&r=g\",\"caption\":\"Reda\u00e7\u00e3o\"}}]}<\/script>\n<!-- \/ Yoast SEO Premium plugin. -->","yoast_head_json":{"title":"Ele deixou o Flamengo sem muitas oportunidades e agora est\u00e1 destacando-se na Europa","robots":{"index":"index","follow":"follow","max-snippet":"max-snippet:-1","max-image-preview":"max-image-preview:large","max-video-preview":"max-video-preview:-1"},"canonical":"https:\/\/www.gaveanews.com\/index.php\/2025\/10\/18\/ele-deixou-o-flamengo-sem-muitas-oportunidades-e-agora-esta-destacando-se-na-europa\/","og_locale":"pt_BR","og_type":"article","og_title":"Ele deixou o Flamengo sem muitas oportunidades e agora est\u00e1 destacando-se na Europa","og_description":"O Paris FC voltou \u00e0 Ligue 1 ap\u00f3s quase 50 anos e aposta em um protagonista: Ot\u00e1vio, ex-Flamengo. O zagueiro lidera os cortes na liga, com 46 a\u00e7\u00f5es em cinco jogos, segundo o Sofascore. O clube, vizinho e rival do PSG, soma 10 pontos em sete partidas e ocupa a oitava posi\u00e7\u00e3o. A transfer\u00eancia custou [&hellip;]","og_url":"https:\/\/www.gaveanews.com\/index.php\/2025\/10\/18\/ele-deixou-o-flamengo-sem-muitas-oportunidades-e-agora-esta-destacando-se-na-europa\/","og_site_name":"G\u00e1vea News","article_publisher":"https:\/\/facebook.com\/gaveaNews\/","article_published_time":"2025-10-18T20:45:00+00:00","og_image":[{"width":1280,"height":960,"url":"https:\/\/www.gaveanews.com\/wp-content\/uploads\/Nova-camisa-do-Flamengo.jpg","type":"image\/jpeg"}],"author":"Reda\u00e7\u00e3o","twitter_card":"summary_large_image","twitter_misc":{"Escrito por":"Reda\u00e7\u00e3o","Est. tempo de leitura":"3 minutos"},"schema":{"@context":"https:\/\/schema.org","@graph":[{"@type":"NewsArticle","@id":"https:\/\/www.gaveanews.com\/index.php\/2025\/10\/18\/ele-deixou-o-flamengo-sem-muitas-oportunidades-e-agora-esta-destacando-se-na-europa\/#article","isPartOf":{"@id":"https:\/\/www.gaveanews.com\/index.php\/2025\/10\/18\/ele-deixou-o-flamengo-sem-muitas-oportunidades-e-agora-esta-destacando-se-na-europa\/"},"author":{"name":"Reda\u00e7\u00e3o","@id":"https:\/\/www.gaveanews.com\/#\/schema\/person\/c88645e3d550d0b6574305e67dd5a716"},"headline":"Ele deixou o Flamengo sem muitas oportunidades e agora est\u00e1 destacando-se na Europa","datePublished":"2025-10-18T20:45:00+00:00","mainEntityOfPage":{"@id":"https:\/\/www.gaveanews.com\/index.php\/2025\/10\/18\/ele-deixou-o-flamengo-sem-muitas-oportunidades-e-agora-esta-destacando-se-na-europa\/"},"wordCount":352,"commentCount":0,"image":{"@id":"https:\/\/www.gaveanews.com\/index.php\/2025\/10\/18\/ele-deixou-o-flamengo-sem-muitas-oportunidades-e-agora-esta-destacando-se-na-europa\/#primaryimage"},"thumbnailUrl":"https:\/\/www.gaveanews.com\/wp-content\/uploads\/Nova-camisa-do-Flamengo.jpg","articleSection":["Flamengo"],"inLanguage":"pt-BR","potentialAction":[{"@type":"CommentAction","name":"Comment","target":["https:\/\/www.gaveanews.com\/index.php\/2025\/10\/18\/ele-deixou-o-flamengo-sem-muitas-oportunidades-e-agora-esta-destacando-se-na-europa\/#respond"]}],"copyrightYear":"2025","copyrightHolder":{"@id":"https:\/\/www.gaveanews.com\/#organization"}},{"@type":"WebPage","@id":"https:\/\/www.gaveanews.com\/index.php\/2025\/10\/18\/ele-deixou-o-flamengo-sem-muitas-oportunidades-e-agora-esta-destacando-se-na-europa\/","url":"https:\/\/www.gaveanews.com\/index.php\/2025\/10\/18\/ele-deixou-o-flamengo-sem-muitas-oportunidades-e-agora-esta-destacando-se-na-europa\/","name":"Ele deixou o Flamengo sem muitas oportunidades e agora est\u00e1 destacando-se na Europa","isPartOf":{"@id":"https:\/\/www.gaveanews.com\/#website"},"primaryImageOfPage":{"@id":"https:\/\/www.gaveanews.com\/index.php\/2025\/10\/18\/ele-deixou-o-flamengo-sem-muitas-oportunidades-e-agora-esta-destacando-se-na-europa\/#primaryimage"},"image":{"@id":"https:\/\/www.gaveanews.com\/index.php\/2025\/10\/18\/ele-deixou-o-flamengo-sem-muitas-oportunidades-e-agora-esta-destacando-se-na-europa\/#primaryimage"},"thumbnailUrl":"https:\/\/www.gaveanews.com\/wp-content\/uploads\/Nova-camisa-do-Flamengo.jpg","datePublished":"2025-10-18T20:45:00+00:00","author":{"@id":"https:\/\/www.gaveanews.com\/#\/schema\/person\/c88645e3d550d0b6574305e67dd5a716"},"breadcrumb":{"@id":"https:\/\/www.gaveanews.com\/index.php\/2025\/10\/18\/ele-deixou-o-flamengo-sem-muitas-oportunidades-e-agora-esta-destacando-se-na-europa\/#breadcrumb"},"inLanguage":"pt-BR","potentialAction":[{"@type":"ReadAction","target":["https:\/\/www.gaveanews.com\/index.php\/2025\/10\/18\/ele-deixou-o-flamengo-sem-muitas-oportunidades-e-agora-esta-destacando-se-na-europa\/"]}]},{"@type":"ImageObject","inLanguage":"pt-BR","@id":"https:\/\/www.gaveanews.com\/index.php\/2025\/10\/18\/ele-deixou-o-flamengo-sem-muitas-oportunidades-e-agora-esta-destacando-se-na-europa\/#primaryimage","url":"https:\/\/www.gaveanews.com\/wp-content\/uploads\/Nova-camisa-do-Flamengo.jpg","contentUrl":"https:\/\/www.gaveanews.com\/wp-content\/uploads\/Nova-camisa-do-Flamengo.jpg","width":1280,"height":960,"caption":"Nova camisa do Flamengo"},{"@type":"BreadcrumbList","@id":"https:\/\/www.gaveanews.com\/index.php\/2025\/10\/18\/ele-deixou-o-flamengo-sem-muitas-oportunidades-e-agora-esta-destacando-se-na-europa\/#breadcrumb","itemListElement":[{"@type":"ListItem","position":1,"name":"Home","item":"https:\/\/www.gaveanews.com\/"},{"@type":"ListItem","position":2,"name":"Ele deixou o Flamengo sem muitas oportunidades e agora est\u00e1 destacando-se na Europa"}]},{"@type":"WebSite","@id":"https:\/\/www.gaveanews.com\/#website","url":"https:\/\/www.gaveanews.com\/","name":"G\u00e1vea News","description":"Veja todas as not\u00edcias sobre o Flamengo: Contrata\u00e7\u00f5es, categorias de base, resultados das partidas, tabela de classifica\u00e7\u00e3o, pr\u00f3ximos jogos!","potentialAction":[{"@type":"SearchAction","target":{"@type":"EntryPoint","urlTemplate":"https:\/\/www.gaveanews.com\/?s={search_term_string}"},"query-input":{"@type":"PropertyValueSpecification","valueRequired":true,"valueName":"search_term_string"}}],"inLanguage":"pt-BR"},{"@type":"Person","@id":"https:\/\/www.gaveanews.com\/#\/schema\/person\/c88645e3d550d0b6574305e67dd5a716","name":"Reda\u00e7\u00e3o","image":{"@type":"ImageObject","inLanguage":"pt-BR","@id":"https:\/\/www.gaveanews.com\/#\/schema\/person\/image\/","url":"https:\/\/secure.gravatar.com\/avatar\/434098fd823f0dc1b062d14ca22bacaa6e38de28d8c816bbef6fc2f8c44d8ba3?s=96&d=mm&r=g","contentUrl":"https:\/\/secure.gravatar.com\/avatar\/434098fd823f0dc1b062d14ca22bacaa6e38de28d8c816bbef6fc2f8c44d8ba3?s=96&d=mm&r=g","caption":"Reda\u00e7\u00e3o"}}]}},"_links":{"self":[{"href":"https:\/\/www.gaveanews.com\/index.php\/wp-json\/wp\/v2\/posts\/278793","targetHints":{"allow":["GET"]}}],"collection":[{"href":"https:\/\/www.gaveanews.com\/index.php\/wp-json\/wp\/v2\/posts"}],"about":[{"href":"https:\/\/www.gaveanews.com\/index.php\/wp-json\/wp\/v2\/types\/post"}],"author":[{"embeddable":true,"href":"https:\/\/www.gaveanews.com\/index.php\/wp-json\/wp\/v2\/users\/39"}],"replies":[{"embeddable":true,"href":"https:\/\/www.gaveanews.com\/index.php\/wp-json\/wp\/v2\/comments?post=278793"}],"version-history":[{"count":1,"href":"https:\/\/www.gaveanews.com\/index.php\/wp-json\/wp\/v2\/posts\/278793\/revisions"}],"predecessor-version":[{"id":278811,"href":"https:\/\/www.gaveanews.com\/index.php\/wp-json\/wp\/v2\/posts\/278793\/revisions\/278811"}],"wp:featuredmedia":[{"embeddable":true,"href":"https:\/\/www.gaveanews.com\/index.php\/wp-json\/wp\/v2\/media\/273310"}],"wp:attachment":[{"href":"https:\/\/www.gaveanews.com\/index.php\/wp-json\/wp\/v2\/media?parent=278793"}],"wp:term":[{"taxonomy":"category","embeddable":true,"href":"https:\/\/www.gaveanews.com\/index.php\/wp-json\/wp\/v2\/categories?post=278793"},{"taxonomy":"post_tag","embeddable":true,"href":"https:\/\/www.gaveanews.com\/index.php\/wp-json\/wp\/v2\/tags?post=278793"}],"curies":[{"name":"wp","href":"https:\/\/api.w.org\/{rel}","templated":true}]}}