{"id":278794,"date":"2025-10-18T16:30:00","date_gmt":"2025-10-18T19:30:00","guid":{"rendered":"https:\/\/www.gaveanews.com\/?p=278794"},"modified":"2025-10-18T16:09:16","modified_gmt":"2025-10-18T19:09:16","slug":"torcida-do-flamengo-toma-atitude-importante-antes-do-jogo-contra-o-palmeiras","status":"publish","type":"post","link":"https:\/\/www.gaveanews.com\/index.php\/2025\/10\/18\/torcida-do-flamengo-toma-atitude-importante-antes-do-jogo-contra-o-palmeiras\/","title":{"rendered":"Torcida do Flamengo toma atitude importante antes do jogo contra o Palmeiras"},"content":{"rendered":"\n<p>Na v\u00e9spera do confronto entre Flamengo e Palmeiras pelo Campeonato Brasileiro, marcado para este domingo (19 de outubro), \u00e0s 16 horas (hor\u00e1rio de Bras\u00edlia), torcedores rubro-negros realizaram um protesto em frente \u00e0 sede da Confedera\u00e7\u00e3o Brasileira de Futebol (CBF), na Barra da Tijuca, Zona Oeste do Rio de Janeiro. A manifesta\u00e7\u00e3o, que teve car\u00e1ter pac\u00edfico, ocorreu no s\u00e1bado (18 de outubro) e foi motivada por queixas contra a arbitragem e pela escolha do juiz Wilton Pereira Sampaio para comandar o cl\u00e1ssico.<\/p>\n\n\n\n<p>As cr\u00edticas da torcida se intensificaram principalmente ap\u00f3s o an\u00fancio da escala de arbitragem. O hist\u00f3rico de desentendimentos entre o clube carioca e o \u00e1rbitro goiano, integrante do quadro da FIFA, inclui epis\u00f3dios anteriores, como a final da Supercopa do Brasil de 2023, tamb\u00e9m contra o Palmeiras. Na ocasi\u00e3o, o Flamengo chegou a acionar o Superior Tribunal de Justi\u00e7a Desportiva (STJD), solicitando o afastamento de Wilton por 120 dias e pedindo \u00e0 CBF a reciclagem do \u00e1rbitro e do respons\u00e1vel pelo VAR, Rodrigo D&#8217;Alonso Ferreira, \u201cpor falta de t\u00e9cnica\u201d<\/p>\n\n\n\n<p>Durante o protesto, foram expostas faixas com dizeres como \u201cCBF \u00e9 verde\u201d, \u201cVARgonha\u201d e \u201cQuem se mistura com porco vira CBF sem credibilidade\u201d. As mensagens refletiam a insatisfa\u00e7\u00e3o da torcida com o que consideram decis\u00f5es recorrentes de arbitragem que prejudicam o clube. Al\u00e9m disso, o tom das cr\u00edticas foi potencializado pela proximidade da partida diante de um rival direto na disputa pelo t\u00edtulo.<\/p>\n\n\n\n<blockquote class=\"twitter-tweet\"><p lang=\"pt\" dir=\"ltr\">\u26a0\ufe0f Agora!<br><br>Torcedores do Flamengo protestam em frente \u00e0 sede da CBF, no Rio de Janeiro:<br><br>\u201cA CBF \u00e9 verde!\u201d<br>\u201cVARgonha!\u201d<br><br>\ud83d\udcf8 <a href=\"https:\/\/twitter.com\/PapaRubroNegro?ref_src=twsrc%5Etfw\">@PapaRubroNegro<\/a> <a href=\"https:\/\/t.co\/9OMlrVaQ0n\">pic.twitter.com\/9OMlrVaQ0n<\/a><\/p>&mdash; Planeta do Futebol \ud83c\udf0e (@futebol_info) <a href=\"https:\/\/twitter.com\/futebol_info\/status\/1979560192804110759?ref_src=twsrc%5Etfw\">October 18, 2025<\/a><\/blockquote> <script async src=\"https:\/\/platform.twitter.com\/widgets.js\" charset=\"utf-8\"><\/script>\n\n\n\n<p>Em meio \u00e0 insatisfa\u00e7\u00e3o dos torcedores, o diretor executivo do Flamengo, Jos\u00e9 Boto, tamb\u00e9m se posicionou sobre a situa\u00e7\u00e3o. Segundo ele, a falta de explica\u00e7\u00f5es convincentes por parte da entidade aumenta o desconforto interno:<br><strong>\u201cAlgu\u00e9m precisa explicar o que est\u00e1 acontecendo\u201d<\/strong>, cobrou o dirigente, refor\u00e7ando o questionamento institucional em rela\u00e7\u00e3o \u00e0 condu\u00e7\u00e3o do campeonato.<\/p>\n\n\n\n<p>Paralelamente \u00e0 quest\u00e3o da arbitragem, o clube tamb\u00e9m manifestou descontentamento com a visita da Autoridade Brasileira de Controle de Dopagem (ABCD) ao Centro de Treinamento do Ninho do Urubu na sexta-feira (17 de outubro). A a\u00e7\u00e3o surpresa foi classificada como inoportuna pela diretoria rubro-negra, que alegou que a presen\u00e7a do \u00f3rg\u00e3o comprometeu a privacidade dos atletas e da comiss\u00e3o t\u00e9cnica durante a prepara\u00e7\u00e3o. Apesar da reclama\u00e7\u00e3o, o Palmeiras revelou que tamb\u00e9m foi submetido ao mesmo procedimento durante o dia, em sua Academia de Futebol.<\/p>\n\n\n\n<p>A escolha de Wilton Pereira Sampaio foi defendida internamente na CBF como natural, considerando sua ampla experi\u00eancia internacional. O \u00e1rbitro atuou como VAR na Copa do Mundo de 2018, foi \u00e1rbitro principal na Copa de 2022 e apitou tr\u00eas partidas na Copa do Mundo de Clubes de 2025.<\/p>\n","protected":false},"excerpt":{"rendered":"<p>Na v\u00e9spera do confronto entre Flamengo e Palmeiras pelo Campeonato Brasileiro, marcado para este domingo (19 de outubro), \u00e0s 16 horas (hor\u00e1rio de Bras\u00edlia), torcedores rubro-negros realizaram um protesto em frente \u00e0 sede da Confedera\u00e7\u00e3o Brasileira de Futebol (CBF), na Barra da Tijuca, Zona Oeste do Rio de Janeiro. A manifesta\u00e7\u00e3o, que teve car\u00e1ter pac\u00edfico, [&hellip;]<\/p>\n","protected":false},"author":39,"featured_media":251466,"comment_status":"open","ping_status":"closed","sticky":false,"template":"","format":"standard","meta":{"footnotes":""},"categories":[1],"tags":[],"class_list":["post-278794","post","type-post","status-publish","format-standard","has-post-thumbnail","hentry","category-flamengo"],"yoast_head":"<!-- This site is optimized with the Yoast SEO Premium plugin v24.2 (Yoast SEO v26.9) - https:\/\/yoast.com\/product\/yoast-seo-premium-wordpress\/ -->\n<title>Torcida do Flamengo toma atitude importante antes do jogo contra o Palmeiras<\/title>\n<meta name=\"robots\" content=\"index, follow, max-snippet:-1, max-image-preview:large, max-video-preview:-1\" \/>\n<link rel=\"canonical\" href=\"https:\/\/www.gaveanews.com\/index.php\/2025\/10\/18\/torcida-do-flamengo-toma-atitude-importante-antes-do-jogo-contra-o-palmeiras\/\" \/>\n<meta property=\"og:locale\" content=\"pt_BR\" \/>\n<meta property=\"og:type\" content=\"article\" \/>\n<meta property=\"og:title\" content=\"Torcida do Flamengo toma atitude importante antes do jogo contra o Palmeiras\" \/>\n<meta property=\"og:description\" content=\"Na v\u00e9spera do confronto entre Flamengo e Palmeiras pelo Campeonato Brasileiro, marcado para este domingo (19 de outubro), \u00e0s 16 horas (hor\u00e1rio de Bras\u00edlia), torcedores rubro-negros realizaram um protesto em frente \u00e0 sede da Confedera\u00e7\u00e3o Brasileira de Futebol (CBF), na Barra da Tijuca, Zona Oeste do Rio de Janeiro. A manifesta\u00e7\u00e3o, que teve car\u00e1ter pac\u00edfico, [&hellip;]\" \/>\n<meta property=\"og:url\" content=\"https:\/\/www.gaveanews.com\/index.php\/2025\/10\/18\/torcida-do-flamengo-toma-atitude-importante-antes-do-jogo-contra-o-palmeiras\/\" \/>\n<meta property=\"og:site_name\" content=\"G\u00e1vea News\" \/>\n<meta property=\"article:publisher\" content=\"https:\/\/facebook.com\/gaveaNews\/\" \/>\n<meta property=\"article:published_time\" content=\"2025-10-18T19:30:00+00:00\" \/>\n<meta property=\"og:image\" content=\"https:\/\/www.gaveanews.com\/wp-content\/uploads\/torcida-do-Flamengo-no-Maracana.webp\" \/>\n\t<meta property=\"og:image:width\" content=\"871\" \/>\n\t<meta property=\"og:image:height\" content=\"551\" \/>\n\t<meta property=\"og:image:type\" content=\"image\/jpeg\" \/>\n<meta name=\"author\" content=\"Reda\u00e7\u00e3o\" \/>\n<meta name=\"twitter:card\" content=\"summary_large_image\" \/>\n<meta name=\"twitter:label1\" content=\"Escrito por\" \/>\n\t<meta name=\"twitter:data1\" content=\"Reda\u00e7\u00e3o\" \/>\n\t<meta name=\"twitter:label2\" content=\"Est. tempo de leitura\" \/>\n\t<meta name=\"twitter:data2\" content=\"3 minutos\" \/>\n<script type=\"application\/ld+json\" class=\"yoast-schema-graph\">{\"@context\":\"https:\/\/schema.org\",\"@graph\":[{\"@type\":\"NewsArticle\",\"@id\":\"https:\/\/www.gaveanews.com\/index.php\/2025\/10\/18\/torcida-do-flamengo-toma-atitude-importante-antes-do-jogo-contra-o-palmeiras\/#article\",\"isPartOf\":{\"@id\":\"https:\/\/www.gaveanews.com\/index.php\/2025\/10\/18\/torcida-do-flamengo-toma-atitude-importante-antes-do-jogo-contra-o-palmeiras\/\"},\"author\":{\"name\":\"Reda\u00e7\u00e3o\",\"@id\":\"https:\/\/www.gaveanews.com\/#\/schema\/person\/c88645e3d550d0b6574305e67dd5a716\"},\"headline\":\"Torcida do Flamengo toma atitude importante antes do jogo contra o Palmeiras\",\"datePublished\":\"2025-10-18T19:30:00+00:00\",\"mainEntityOfPage\":{\"@id\":\"https:\/\/www.gaveanews.com\/index.php\/2025\/10\/18\/torcida-do-flamengo-toma-atitude-importante-antes-do-jogo-contra-o-palmeiras\/\"},\"wordCount\":492,\"commentCount\":0,\"image\":{\"@id\":\"https:\/\/www.gaveanews.com\/index.php\/2025\/10\/18\/torcida-do-flamengo-toma-atitude-importante-antes-do-jogo-contra-o-palmeiras\/#primaryimage\"},\"thumbnailUrl\":\"https:\/\/www.gaveanews.com\/wp-content\/uploads\/torcida-do-Flamengo-no-Maracana.webp\",\"articleSection\":[\"Flamengo\"],\"inLanguage\":\"pt-BR\",\"potentialAction\":[{\"@type\":\"CommentAction\",\"name\":\"Comment\",\"target\":[\"https:\/\/www.gaveanews.com\/index.php\/2025\/10\/18\/torcida-do-flamengo-toma-atitude-importante-antes-do-jogo-contra-o-palmeiras\/#respond\"]}],\"copyrightYear\":\"2025\",\"copyrightHolder\":{\"@id\":\"https:\/\/www.gaveanews.com\/#organization\"}},{\"@type\":\"WebPage\",\"@id\":\"https:\/\/www.gaveanews.com\/index.php\/2025\/10\/18\/torcida-do-flamengo-toma-atitude-importante-antes-do-jogo-contra-o-palmeiras\/\",\"url\":\"https:\/\/www.gaveanews.com\/index.php\/2025\/10\/18\/torcida-do-flamengo-toma-atitude-importante-antes-do-jogo-contra-o-palmeiras\/\",\"name\":\"Torcida do Flamengo toma atitude importante antes do jogo contra o Palmeiras\",\"isPartOf\":{\"@id\":\"https:\/\/www.gaveanews.com\/#website\"},\"primaryImageOfPage\":{\"@id\":\"https:\/\/www.gaveanews.com\/index.php\/2025\/10\/18\/torcida-do-flamengo-toma-atitude-importante-antes-do-jogo-contra-o-palmeiras\/#primaryimage\"},\"image\":{\"@id\":\"https:\/\/www.gaveanews.com\/index.php\/2025\/10\/18\/torcida-do-flamengo-toma-atitude-importante-antes-do-jogo-contra-o-palmeiras\/#primaryimage\"},\"thumbnailUrl\":\"https:\/\/www.gaveanews.com\/wp-content\/uploads\/torcida-do-Flamengo-no-Maracana.webp\",\"datePublished\":\"2025-10-18T19:30:00+00:00\",\"author\":{\"@id\":\"https:\/\/www.gaveanews.com\/#\/schema\/person\/c88645e3d550d0b6574305e67dd5a716\"},\"breadcrumb\":{\"@id\":\"https:\/\/www.gaveanews.com\/index.php\/2025\/10\/18\/torcida-do-flamengo-toma-atitude-importante-antes-do-jogo-contra-o-palmeiras\/#breadcrumb\"},\"inLanguage\":\"pt-BR\",\"potentialAction\":[{\"@type\":\"ReadAction\",\"target\":[\"https:\/\/www.gaveanews.com\/index.php\/2025\/10\/18\/torcida-do-flamengo-toma-atitude-importante-antes-do-jogo-contra-o-palmeiras\/\"]}]},{\"@type\":\"ImageObject\",\"inLanguage\":\"pt-BR\",\"@id\":\"https:\/\/www.gaveanews.com\/index.php\/2025\/10\/18\/torcida-do-flamengo-toma-atitude-importante-antes-do-jogo-contra-o-palmeiras\/#primaryimage\",\"url\":\"https:\/\/www.gaveanews.com\/wp-content\/uploads\/torcida-do-Flamengo-no-Maracana.webp\",\"contentUrl\":\"https:\/\/www.gaveanews.com\/wp-content\/uploads\/torcida-do-Flamengo-no-Maracana.webp\",\"width\":871,\"height\":551,\"caption\":\"torcida do Flamengo no Maracan\u00e3 (Foto:Adriano Fontes\/Flamengo)\"},{\"@type\":\"BreadcrumbList\",\"@id\":\"https:\/\/www.gaveanews.com\/index.php\/2025\/10\/18\/torcida-do-flamengo-toma-atitude-importante-antes-do-jogo-contra-o-palmeiras\/#breadcrumb\",\"itemListElement\":[{\"@type\":\"ListItem\",\"position\":1,\"name\":\"Home\",\"item\":\"https:\/\/www.gaveanews.com\/\"},{\"@type\":\"ListItem\",\"position\":2,\"name\":\"Torcida do Flamengo toma atitude importante antes do jogo contra o Palmeiras\"}]},{\"@type\":\"WebSite\",\"@id\":\"https:\/\/www.gaveanews.com\/#website\",\"url\":\"https:\/\/www.gaveanews.com\/\",\"name\":\"G\u00e1vea News\",\"description\":\"Veja todas as not\u00edcias sobre o Flamengo: Contrata\u00e7\u00f5es, categorias de base, resultados das partidas, tabela de classifica\u00e7\u00e3o, pr\u00f3ximos jogos!\",\"potentialAction\":[{\"@type\":\"SearchAction\",\"target\":{\"@type\":\"EntryPoint\",\"urlTemplate\":\"https:\/\/www.gaveanews.com\/?s={search_term_string}\"},\"query-input\":{\"@type\":\"PropertyValueSpecification\",\"valueRequired\":true,\"valueName\":\"search_term_string\"}}],\"inLanguage\":\"pt-BR\"},{\"@type\":\"Person\",\"@id\":\"https:\/\/www.gaveanews.com\/#\/schema\/person\/c88645e3d550d0b6574305e67dd5a716\",\"name\":\"Reda\u00e7\u00e3o\",\"image\":{\"@type\":\"ImageObject\",\"inLanguage\":\"pt-BR\",\"@id\":\"https:\/\/www.gaveanews.com\/#\/schema\/person\/image\/\",\"url\":\"https:\/\/secure.gravatar.com\/avatar\/434098fd823f0dc1b062d14ca22bacaa6e38de28d8c816bbef6fc2f8c44d8ba3?s=96&d=mm&r=g\",\"contentUrl\":\"https:\/\/secure.gravatar.com\/avatar\/434098fd823f0dc1b062d14ca22bacaa6e38de28d8c816bbef6fc2f8c44d8ba3?s=96&d=mm&r=g\",\"caption\":\"Reda\u00e7\u00e3o\"}}]}<\/script>\n<!-- \/ Yoast SEO Premium plugin. -->","yoast_head_json":{"title":"Torcida do Flamengo toma atitude importante antes do jogo contra o Palmeiras","robots":{"index":"index","follow":"follow","max-snippet":"max-snippet:-1","max-image-preview":"max-image-preview:large","max-video-preview":"max-video-preview:-1"},"canonical":"https:\/\/www.gaveanews.com\/index.php\/2025\/10\/18\/torcida-do-flamengo-toma-atitude-importante-antes-do-jogo-contra-o-palmeiras\/","og_locale":"pt_BR","og_type":"article","og_title":"Torcida do Flamengo toma atitude importante antes do jogo contra o Palmeiras","og_description":"Na v\u00e9spera do confronto entre Flamengo e Palmeiras pelo Campeonato Brasileiro, marcado para este domingo (19 de outubro), \u00e0s 16 horas (hor\u00e1rio de Bras\u00edlia), torcedores rubro-negros realizaram um protesto em frente \u00e0 sede da Confedera\u00e7\u00e3o Brasileira de Futebol (CBF), na Barra da Tijuca, Zona Oeste do Rio de Janeiro. A manifesta\u00e7\u00e3o, que teve car\u00e1ter pac\u00edfico, [&hellip;]","og_url":"https:\/\/www.gaveanews.com\/index.php\/2025\/10\/18\/torcida-do-flamengo-toma-atitude-importante-antes-do-jogo-contra-o-palmeiras\/","og_site_name":"G\u00e1vea News","article_publisher":"https:\/\/facebook.com\/gaveaNews\/","article_published_time":"2025-10-18T19:30:00+00:00","og_image":[{"width":871,"height":551,"url":"https:\/\/www.gaveanews.com\/wp-content\/uploads\/torcida-do-Flamengo-no-Maracana.webp","type":"image\/jpeg"}],"author":"Reda\u00e7\u00e3o","twitter_card":"summary_large_image","twitter_misc":{"Escrito por":"Reda\u00e7\u00e3o","Est. tempo de leitura":"3 minutos"},"schema":{"@context":"https:\/\/schema.org","@graph":[{"@type":"NewsArticle","@id":"https:\/\/www.gaveanews.com\/index.php\/2025\/10\/18\/torcida-do-flamengo-toma-atitude-importante-antes-do-jogo-contra-o-palmeiras\/#article","isPartOf":{"@id":"https:\/\/www.gaveanews.com\/index.php\/2025\/10\/18\/torcida-do-flamengo-toma-atitude-importante-antes-do-jogo-contra-o-palmeiras\/"},"author":{"name":"Reda\u00e7\u00e3o","@id":"https:\/\/www.gaveanews.com\/#\/schema\/person\/c88645e3d550d0b6574305e67dd5a716"},"headline":"Torcida do Flamengo toma atitude importante antes do jogo contra o Palmeiras","datePublished":"2025-10-18T19:30:00+00:00","mainEntityOfPage":{"@id":"https:\/\/www.gaveanews.com\/index.php\/2025\/10\/18\/torcida-do-flamengo-toma-atitude-importante-antes-do-jogo-contra-o-palmeiras\/"},"wordCount":492,"commentCount":0,"image":{"@id":"https:\/\/www.gaveanews.com\/index.php\/2025\/10\/18\/torcida-do-flamengo-toma-atitude-importante-antes-do-jogo-contra-o-palmeiras\/#primaryimage"},"thumbnailUrl":"https:\/\/www.gaveanews.com\/wp-content\/uploads\/torcida-do-Flamengo-no-Maracana.webp","articleSection":["Flamengo"],"inLanguage":"pt-BR","potentialAction":[{"@type":"CommentAction","name":"Comment","target":["https:\/\/www.gaveanews.com\/index.php\/2025\/10\/18\/torcida-do-flamengo-toma-atitude-importante-antes-do-jogo-contra-o-palmeiras\/#respond"]}],"copyrightYear":"2025","copyrightHolder":{"@id":"https:\/\/www.gaveanews.com\/#organization"}},{"@type":"WebPage","@id":"https:\/\/www.gaveanews.com\/index.php\/2025\/10\/18\/torcida-do-flamengo-toma-atitude-importante-antes-do-jogo-contra-o-palmeiras\/","url":"https:\/\/www.gaveanews.com\/index.php\/2025\/10\/18\/torcida-do-flamengo-toma-atitude-importante-antes-do-jogo-contra-o-palmeiras\/","name":"Torcida do Flamengo toma atitude importante antes do jogo contra o Palmeiras","isPartOf":{"@id":"https:\/\/www.gaveanews.com\/#website"},"primaryImageOfPage":{"@id":"https:\/\/www.gaveanews.com\/index.php\/2025\/10\/18\/torcida-do-flamengo-toma-atitude-importante-antes-do-jogo-contra-o-palmeiras\/#primaryimage"},"image":{"@id":"https:\/\/www.gaveanews.com\/index.php\/2025\/10\/18\/torcida-do-flamengo-toma-atitude-importante-antes-do-jogo-contra-o-palmeiras\/#primaryimage"},"thumbnailUrl":"https:\/\/www.gaveanews.com\/wp-content\/uploads\/torcida-do-Flamengo-no-Maracana.webp","datePublished":"2025-10-18T19:30:00+00:00","author":{"@id":"https:\/\/www.gaveanews.com\/#\/schema\/person\/c88645e3d550d0b6574305e67dd5a716"},"breadcrumb":{"@id":"https:\/\/www.gaveanews.com\/index.php\/2025\/10\/18\/torcida-do-flamengo-toma-atitude-importante-antes-do-jogo-contra-o-palmeiras\/#breadcrumb"},"inLanguage":"pt-BR","potentialAction":[{"@type":"ReadAction","target":["https:\/\/www.gaveanews.com\/index.php\/2025\/10\/18\/torcida-do-flamengo-toma-atitude-importante-antes-do-jogo-contra-o-palmeiras\/"]}]},{"@type":"ImageObject","inLanguage":"pt-BR","@id":"https:\/\/www.gaveanews.com\/index.php\/2025\/10\/18\/torcida-do-flamengo-toma-atitude-importante-antes-do-jogo-contra-o-palmeiras\/#primaryimage","url":"https:\/\/www.gaveanews.com\/wp-content\/uploads\/torcida-do-Flamengo-no-Maracana.webp","contentUrl":"https:\/\/www.gaveanews.com\/wp-content\/uploads\/torcida-do-Flamengo-no-Maracana.webp","width":871,"height":551,"caption":"torcida do Flamengo no Maracan\u00e3 (Foto:Adriano Fontes\/Flamengo)"},{"@type":"BreadcrumbList","@id":"https:\/\/www.gaveanews.com\/index.php\/2025\/10\/18\/torcida-do-flamengo-toma-atitude-importante-antes-do-jogo-contra-o-palmeiras\/#breadcrumb","itemListElement":[{"@type":"ListItem","position":1,"name":"Home","item":"https:\/\/www.gaveanews.com\/"},{"@type":"ListItem","position":2,"name":"Torcida do Flamengo toma atitude importante antes do jogo contra o Palmeiras"}]},{"@type":"WebSite","@id":"https:\/\/www.gaveanews.com\/#website","url":"https:\/\/www.gaveanews.com\/","name":"G\u00e1vea News","description":"Veja todas as not\u00edcias sobre o Flamengo: Contrata\u00e7\u00f5es, categorias de base, resultados das partidas, tabela de classifica\u00e7\u00e3o, pr\u00f3ximos jogos!","potentialAction":[{"@type":"SearchAction","target":{"@type":"EntryPoint","urlTemplate":"https:\/\/www.gaveanews.com\/?s={search_term_string}"},"query-input":{"@type":"PropertyValueSpecification","valueRequired":true,"valueName":"search_term_string"}}],"inLanguage":"pt-BR"},{"@type":"Person","@id":"https:\/\/www.gaveanews.com\/#\/schema\/person\/c88645e3d550d0b6574305e67dd5a716","name":"Reda\u00e7\u00e3o","image":{"@type":"ImageObject","inLanguage":"pt-BR","@id":"https:\/\/www.gaveanews.com\/#\/schema\/person\/image\/","url":"https:\/\/secure.gravatar.com\/avatar\/434098fd823f0dc1b062d14ca22bacaa6e38de28d8c816bbef6fc2f8c44d8ba3?s=96&d=mm&r=g","contentUrl":"https:\/\/secure.gravatar.com\/avatar\/434098fd823f0dc1b062d14ca22bacaa6e38de28d8c816bbef6fc2f8c44d8ba3?s=96&d=mm&r=g","caption":"Reda\u00e7\u00e3o"}}]}},"_links":{"self":[{"href":"https:\/\/www.gaveanews.com\/index.php\/wp-json\/wp\/v2\/posts\/278794","targetHints":{"allow":["GET"]}}],"collection":[{"href":"https:\/\/www.gaveanews.com\/index.php\/wp-json\/wp\/v2\/posts"}],"about":[{"href":"https:\/\/www.gaveanews.com\/index.php\/wp-json\/wp\/v2\/types\/post"}],"author":[{"embeddable":true,"href":"https:\/\/www.gaveanews.com\/index.php\/wp-json\/wp\/v2\/users\/39"}],"replies":[{"embeddable":true,"href":"https:\/\/www.gaveanews.com\/index.php\/wp-json\/wp\/v2\/comments?post=278794"}],"version-history":[{"count":1,"href":"https:\/\/www.gaveanews.com\/index.php\/wp-json\/wp\/v2\/posts\/278794\/revisions"}],"predecessor-version":[{"id":278800,"href":"https:\/\/www.gaveanews.com\/index.php\/wp-json\/wp\/v2\/posts\/278794\/revisions\/278800"}],"wp:featuredmedia":[{"embeddable":true,"href":"https:\/\/www.gaveanews.com\/index.php\/wp-json\/wp\/v2\/media\/251466"}],"wp:attachment":[{"href":"https:\/\/www.gaveanews.com\/index.php\/wp-json\/wp\/v2\/media?parent=278794"}],"wp:term":[{"taxonomy":"category","embeddable":true,"href":"https:\/\/www.gaveanews.com\/index.php\/wp-json\/wp\/v2\/categories?post=278794"},{"taxonomy":"post_tag","embeddable":true,"href":"https:\/\/www.gaveanews.com\/index.php\/wp-json\/wp\/v2\/tags?post=278794"}],"curies":[{"name":"wp","href":"https:\/\/api.w.org\/{rel}","templated":true}]}}