{"id":278816,"date":"2025-10-18T21:00:00","date_gmt":"2025-10-19T00:00:00","guid":{"rendered":"https:\/\/www.gaveanews.com\/?p=278816"},"modified":"2025-10-18T19:42:54","modified_gmt":"2025-10-18T22:42:54","slug":"goleiro-reserva-vai-jogar-declaracao-de-piquerez-e-ia-crava-resultado-do-jogo-contra-o-flamengo-as-ultimas-noticias-do-palmeiras","status":"publish","type":"post","link":"https:\/\/www.gaveanews.com\/index.php\/2025\/10\/18\/goleiro-reserva-vai-jogar-declaracao-de-piquerez-e-ia-crava-resultado-do-jogo-contra-o-flamengo-as-ultimas-noticias-do-palmeiras\/","title":{"rendered":"Goleiro reserva vai jogar, declara\u00e7\u00e3o de Piquerez e IA crava resultado do jogo contra o Flamengo: as \u00faltimas not\u00edcias do Palmeiras"},"content":{"rendered":"\n<p>Clima de decis\u00e3o no Maracan\u00e3: \u00e0s v\u00e9speras do duelo entre l\u00edder e vice do Brasileir\u00e3o, o <a href=\"https:\/\/www.gaveanews.com\/index.php\/category\/brasileirao\/palmeiras\/\" target=\"_blank\" rel=\"noopener noreferrer\">Palmeiras<\/a> perde Weverton por les\u00e3o na m\u00e3o, Piquerez fala sobre a for\u00e7a do <a href=\"https:\/\/www.gaveanews.com\/index.php\/category\/brasileirao\/flamengo\/\" target=\"_blank\" rel=\"noopener noreferrer\">Flamengo<\/a> e os tabus que cercam o confronto, e uma simula\u00e7\u00e3o por IA projeta um jogo intenso e equilibrado com placar apertado. A seguir, os pontos-chave para chegar ao cl\u00e1ssico por dentro de tudo, sem perder tempo.<\/p>\n\n\n\n<h2 class=\"wp-block-heading\" id=\"h-weverton-desfalca-o-palmeiras-em-duelo-direto-pela-lideranca\">Weverton desfalca o Palmeiras em duelo direto pela lideran\u00e7a<\/h2>\n\n\n\n<p>Titular absoluto do Palmeiras, Weverton est\u00e1 fora do jogo contra o Flamengo neste domingo, \u00e0s 16h, no Maracan\u00e3. O goleiro sofreu fissura na m\u00e3o direita no duelo com o Juventude, passa por tratamento conservador, n\u00e3o precisar\u00e1 de cirurgia e n\u00e3o tem prazo de retorno definido. A baixa vem em momento decisivo, com o Alviverde l\u00edder, tr\u00eas pontos \u00e0 frente do advers\u00e1rio, e com o hist\u00f3rico de 58 partidas disputadas pelo camisa 21 na temporada.<\/p>\n\n\n\n<p>\u201cVai me afastar por uns dias. Gra\u00e7as a Deus n\u00e3o foi nada grave, mas m\u00e3o para goleiro \u00e9 sempre importante. Tratar para voltar 100%, mas n\u00e3o vou deixar de ressaltar minha import\u00e2ncia de continuar exercendo minha lideran\u00e7a na equipe\u201d.<\/p>\n\n\n\n<p>\u201cN\u00e3o vou atuar, mas estarei no vesti\u00e1rio, dia a dia, passando tranquilidade aos companheiros. \u00c9 um momento importante da temporada, jogos decisivos, todos s\u00e3o importantes\u201d.<\/p>\n\n\n\n<p>Sem Weverton, Abel Ferreira vai escolher entre Marcelo Lomba, que atuou quatro vezes em 2025, e Carlos Miguel, rec\u00e9m-contratado do Nottingham Forest por 5,5 milh\u00f5es de euros e que pode estrear j\u00e1 em um jogo de enorme peso. O departamento m\u00e9dico ainda trata Paulinho (perna), Lucas Evangelista (coxa) e Khellven (p\u00e9). Em campo, al\u00e9m da briga direta pela ponta (Palmeiras 61 x 58 Flamengo), pesa o tabu: o Verd\u00e3o n\u00e3o vence o rival no Maracan\u00e3 desde 2015; j\u00e1 o Rubro-Negro mira igualar a pontua\u00e7\u00e3o, ficando atr\u00e1s apenas no crit\u00e9rio de vit\u00f3rias.<\/p>\n\n\n\n<figure class=\"wp-block-image size-large\"><img loading=\"lazy\" decoding=\"async\" width=\"905\" height=\"1024\" src=\"http:\/\/www.gaveanews.com\/wp-content\/uploads\/Weverton-durante-o-jogo-entre-Botafogo-x-Palmeiras-pelo-Brasileirao-2024-905x1024.webp\" alt=\"\" class=\"wp-image-153071\" srcset=\"https:\/\/www.gaveanews.com\/wp-content\/uploads\/Weverton-durante-o-jogo-entre-Botafogo-x-Palmeiras-pelo-Brasileirao-2024-905x1024.webp 905w, https:\/\/www.gaveanews.com\/wp-content\/uploads\/Weverton-durante-o-jogo-entre-Botafogo-x-Palmeiras-pelo-Brasileirao-2024-265x300.webp 265w, https:\/\/www.gaveanews.com\/wp-content\/uploads\/Weverton-durante-o-jogo-entre-Botafogo-x-Palmeiras-pelo-Brasileirao-2024-768x869.webp 768w, https:\/\/www.gaveanews.com\/wp-content\/uploads\/Weverton-durante-o-jogo-entre-Botafogo-x-Palmeiras-pelo-Brasileirao-2024-371x420.webp 371w, https:\/\/www.gaveanews.com\/wp-content\/uploads\/Weverton-durante-o-jogo-entre-Botafogo-x-Palmeiras-pelo-Brasileirao-2024-742x840.webp 742w, https:\/\/www.gaveanews.com\/wp-content\/uploads\/Weverton-durante-o-jogo-entre-Botafogo-x-Palmeiras-pelo-Brasileirao-2024-640x725.webp 640w, https:\/\/www.gaveanews.com\/wp-content\/uploads\/Weverton-durante-o-jogo-entre-Botafogo-x-Palmeiras-pelo-Brasileirao-2024-1280x1449.webp 1280w, https:\/\/www.gaveanews.com\/wp-content\/uploads\/Weverton-durante-o-jogo-entre-Botafogo-x-Palmeiras-pelo-Brasileirao-2024-681x771.webp 681w, https:\/\/www.gaveanews.com\/wp-content\/uploads\/Weverton-durante-o-jogo-entre-Botafogo-x-Palmeiras-pelo-Brasileirao-2024-100x113.webp 100w, https:\/\/www.gaveanews.com\/wp-content\/uploads\/Weverton-durante-o-jogo-entre-Botafogo-x-Palmeiras-pelo-Brasileirao-2024.webp 1325w\" sizes=\"auto, (max-width: 905px) 100vw, 905px\" \/><figcaption class=\"wp-element-caption\">Weverton durante o jogo entre Botafogo x Palmeiras pelo Brasileir\u00e3o 2024 (Foto: Cesar Greco\/Palmeiras)<\/figcaption><\/figure>\n\n\n\n<h2 class=\"wp-block-heading\" id=\"h-piquerez-valoriza-o-flamengo-e-mira-quebrar-tabus-no-maracana\">Piquerez valoriza o Flamengo e mira quebrar tabus no Maracan\u00e3<\/h2>\n\n\n\n<p>Na semana do confronto que vale lideran\u00e7a e narrativa, Piquerez ressaltou o tamanho do desafio no Rio e o peso dos tabus que envolvem o Palmeiras: sem vit\u00f3ria sobre o Flamengo no Brasileir\u00e3o desde 2017 e h\u00e1 uma d\u00e9cada sem triunfar no Maracan\u00e3 (o \u00faltimo foi em 2015). O lateral uruguaio chegou ao jogo projetando um cen\u00e1rio duro, mas poss\u00edvel para quebrar marcas inc\u00f4modas.<\/p>\n\n\n\n<p>\u201cO Flamengo \u00e9 uma das maiores pot\u00eancias do Brasil e do mundo\u201d.<\/p>\n\n\n\n\n\n<p>\u201cNo campo deles, eles s\u00e3o muito fortes, mas estamos preparados para ir l\u00e1, para brigar e sair vitoriosos. Faz 10 anos, mas esses n\u00fameros s\u00e3o feitos para serem quebrados, n\u00e9? Ent\u00e3o tomara que o domingo seja a data certa para a gente retomar a vit\u00f3ria l\u00e1\u201d.<\/p>\n\n\n\n<p>Nos duelos pessoais, Piquerez soma nove jogos contra o Flamengo, com duas vit\u00f3rias, quatro empates e tr\u00eas derrotas, sem gols ou assist\u00eancias, titular em todas \u2014 incluindo a final da Libertadores de 2021. No hist\u00f3rico geral do confronto, equil\u00edbrio: 113 partidas, com 39 vit\u00f3rias rubro-negras, 40 alviverdes e 34 empates (169 x 167 em gols). No Brasileir\u00e3o, s\u00e3o 72 encontros, com 23 triunfos do Flamengo, 22 do Palmeiras e 27 empates.<\/p>\n\n\n\n<h2 class=\"wp-block-heading\" id=\"h-simulacao-por-ia-preve-jogo-tenso-e-vitoria-minima-do-flamengo\">Simula\u00e7\u00e3o por IA prev\u00ea jogo tenso e vit\u00f3ria m\u00ednima do Flamengo<\/h2>\n\n\n\n<p>O G\u00e1vea News consultou uma intelig\u00eancia artificial para projetar o roteiro do cl\u00e1ssico, e o desenho sugerido \u00e9 de alta intensidade desde o apito inicial, com Maracan\u00e3 lotado impulsionando o mandante. A previs\u00e3o aponta o Flamengo dominante na posse e nas triangula\u00e7\u00f5es pela esquerda, enquanto o Palmeiras responderia em transi\u00e7\u00f5es r\u00e1pidas com Raphael Veiga e Flaco L\u00f3pez. Logo no come\u00e7o, Arrascaeta exigiria grande defesa de Carlos Miguel em chute de fora.<\/p>\n\n\n\n<p>No primeiro tempo, a IA indica vantagem rubro-negra aos 27 minutos: jogada por dentro, passe de Jorginho e conclus\u00e3o precisa de Pedro. A rea\u00e7\u00e3o palmeirense viria perto do intervalo, aos 43, em bola parada cobrada por Andreas Pereira e cabeceio certeiro de Gustavo G\u00f3mez para empatar, fechando a etapa inicial em 1 a 1, com equil\u00edbrio e intensidade.<\/p>\n\n\n\n<p>Ap\u00f3s ajustes t\u00e1ticos de Filipe Lu\u00eds e Abel Ferreira, o segundo tempo ganharia contornos estrat\u00e9gicos at\u00e9 um lance-chave aos 65: em transi\u00e7\u00e3o veloz, Samuel Lino sofreria p\u00eanalti de Piquerez. Pedro converteria com categoria, colocando o Flamengo novamente na frente. O Palmeiras, ent\u00e3o, aumentaria a press\u00e3o, com mudan\u00e7as para buscar o empate, e ficaria perto do gol em bola de Flaco L\u00f3pez na trave.<\/p>\n\n\n\n<p>No desfecho, o progn\u00f3stico aponta o Flamengo controlando os minutos finais e vencendo por 2 a 1. Com esse cen\u00e1rio, os rubro-negros igualariam a pontua\u00e7\u00e3o do Palmeiras (61), mas seguiriam em segundo pelos crit\u00e9rios de desempate \u2014 mantendo o Brasileir\u00e3o aberto e a disputa pelo t\u00edtulo em alta temperatura.<\/p>\n","protected":false},"excerpt":{"rendered":"<p>Clima de decis\u00e3o no Maracan\u00e3: \u00e0s v\u00e9speras do duelo entre l\u00edder e vice do Brasileir\u00e3o, o Palmeiras perde Weverton por les\u00e3o na m\u00e3o, Piquerez fala sobre a for\u00e7a do Flamengo e os tabus que cercam o confronto, e uma simula\u00e7\u00e3o por IA projeta um jogo intenso e equilibrado com placar apertado. A seguir, os pontos-chave [&hellip;]<\/p>\n","protected":false},"author":39,"featured_media":161875,"comment_status":"open","ping_status":"closed","sticky":false,"template":"","format":"standard","meta":{"footnotes":""},"categories":[150],"tags":[],"class_list":["post-278816","post","type-post","status-publish","format-standard","has-post-thumbnail","hentry","category-palmeiras"],"yoast_head":"<!-- This site is optimized with the Yoast SEO Premium plugin v24.2 (Yoast SEO v26.9) - https:\/\/yoast.com\/product\/yoast-seo-premium-wordpress\/ -->\n<title>Goleiro reserva vai jogar, declara\u00e7\u00e3o de Piquerez e IA crava resultado do jogo contra o Flamengo: as \u00faltimas not\u00edcias do Palmeiras<\/title>\n<meta name=\"robots\" content=\"index, follow, max-snippet:-1, max-image-preview:large, max-video-preview:-1\" \/>\n<link rel=\"canonical\" href=\"https:\/\/www.gaveanews.com\/index.php\/2025\/10\/18\/goleiro-reserva-vai-jogar-declaracao-de-piquerez-e-ia-crava-resultado-do-jogo-contra-o-flamengo-as-ultimas-noticias-do-palmeiras\/\" \/>\n<meta property=\"og:locale\" content=\"pt_BR\" \/>\n<meta property=\"og:type\" content=\"article\" \/>\n<meta property=\"og:title\" content=\"Goleiro reserva vai jogar, declara\u00e7\u00e3o de Piquerez e IA crava resultado do jogo contra o Flamengo: as \u00faltimas not\u00edcias do Palmeiras\" \/>\n<meta property=\"og:description\" content=\"Clima de decis\u00e3o no Maracan\u00e3: \u00e0s v\u00e9speras do duelo entre l\u00edder e vice do Brasileir\u00e3o, o Palmeiras perde Weverton por les\u00e3o na m\u00e3o, Piquerez fala sobre a for\u00e7a do Flamengo e os tabus que cercam o confronto, e uma simula\u00e7\u00e3o por IA projeta um jogo intenso e equilibrado com placar apertado. A seguir, os pontos-chave [&hellip;]\" \/>\n<meta property=\"og:url\" content=\"https:\/\/www.gaveanews.com\/index.php\/2025\/10\/18\/goleiro-reserva-vai-jogar-declaracao-de-piquerez-e-ia-crava-resultado-do-jogo-contra-o-flamengo-as-ultimas-noticias-do-palmeiras\/\" \/>\n<meta property=\"og:site_name\" content=\"G\u00e1vea News\" \/>\n<meta property=\"article:publisher\" content=\"https:\/\/facebook.com\/gaveaNews\/\" \/>\n<meta property=\"article:published_time\" content=\"2025-10-19T00:00:00+00:00\" \/>\n<meta property=\"og:image\" content=\"https:\/\/www.gaveanews.com\/wp-content\/uploads\/Joaquin-Piquerez-em-acao-pelo-time-do-Palmeiras.webp\" \/>\n\t<meta property=\"og:image:width\" content=\"1242\" \/>\n\t<meta property=\"og:image:height\" content=\"1544\" \/>\n\t<meta property=\"og:image:type\" content=\"image\/jpeg\" \/>\n<meta name=\"author\" content=\"Reda\u00e7\u00e3o\" \/>\n<meta name=\"twitter:card\" content=\"summary_large_image\" \/>\n<meta name=\"twitter:label1\" content=\"Escrito por\" \/>\n\t<meta name=\"twitter:data1\" content=\"Reda\u00e7\u00e3o\" \/>\n\t<meta name=\"twitter:label2\" content=\"Est. tempo de leitura\" \/>\n\t<meta name=\"twitter:data2\" content=\"5 minutos\" \/>\n<script type=\"application\/ld+json\" class=\"yoast-schema-graph\">{\"@context\":\"https:\/\/schema.org\",\"@graph\":[{\"@type\":\"NewsArticle\",\"@id\":\"https:\/\/www.gaveanews.com\/index.php\/2025\/10\/18\/goleiro-reserva-vai-jogar-declaracao-de-piquerez-e-ia-crava-resultado-do-jogo-contra-o-flamengo-as-ultimas-noticias-do-palmeiras\/#article\",\"isPartOf\":{\"@id\":\"https:\/\/www.gaveanews.com\/index.php\/2025\/10\/18\/goleiro-reserva-vai-jogar-declaracao-de-piquerez-e-ia-crava-resultado-do-jogo-contra-o-flamengo-as-ultimas-noticias-do-palmeiras\/\"},\"author\":{\"name\":\"Reda\u00e7\u00e3o\",\"@id\":\"https:\/\/www.gaveanews.com\/#\/schema\/person\/c88645e3d550d0b6574305e67dd5a716\"},\"headline\":\"Goleiro reserva vai jogar, declara\u00e7\u00e3o de Piquerez e IA crava resultado do jogo contra o Flamengo: as \u00faltimas not\u00edcias do Palmeiras\",\"datePublished\":\"2025-10-19T00:00:00+00:00\",\"mainEntityOfPage\":{\"@id\":\"https:\/\/www.gaveanews.com\/index.php\/2025\/10\/18\/goleiro-reserva-vai-jogar-declaracao-de-piquerez-e-ia-crava-resultado-do-jogo-contra-o-flamengo-as-ultimas-noticias-do-palmeiras\/\"},\"wordCount\":849,\"commentCount\":0,\"image\":{\"@id\":\"https:\/\/www.gaveanews.com\/index.php\/2025\/10\/18\/goleiro-reserva-vai-jogar-declaracao-de-piquerez-e-ia-crava-resultado-do-jogo-contra-o-flamengo-as-ultimas-noticias-do-palmeiras\/#primaryimage\"},\"thumbnailUrl\":\"https:\/\/www.gaveanews.com\/wp-content\/uploads\/Joaquin-Piquerez-em-acao-pelo-time-do-Palmeiras.webp\",\"articleSection\":[\"Palmeiras\"],\"inLanguage\":\"pt-BR\",\"potentialAction\":[{\"@type\":\"CommentAction\",\"name\":\"Comment\",\"target\":[\"https:\/\/www.gaveanews.com\/index.php\/2025\/10\/18\/goleiro-reserva-vai-jogar-declaracao-de-piquerez-e-ia-crava-resultado-do-jogo-contra-o-flamengo-as-ultimas-noticias-do-palmeiras\/#respond\"]}],\"copyrightYear\":\"2025\",\"copyrightHolder\":{\"@id\":\"https:\/\/www.gaveanews.com\/#organization\"}},{\"@type\":\"WebPage\",\"@id\":\"https:\/\/www.gaveanews.com\/index.php\/2025\/10\/18\/goleiro-reserva-vai-jogar-declaracao-de-piquerez-e-ia-crava-resultado-do-jogo-contra-o-flamengo-as-ultimas-noticias-do-palmeiras\/\",\"url\":\"https:\/\/www.gaveanews.com\/index.php\/2025\/10\/18\/goleiro-reserva-vai-jogar-declaracao-de-piquerez-e-ia-crava-resultado-do-jogo-contra-o-flamengo-as-ultimas-noticias-do-palmeiras\/\",\"name\":\"Goleiro reserva vai jogar, declara\u00e7\u00e3o de Piquerez e IA crava resultado do jogo contra o Flamengo: as \u00faltimas not\u00edcias do Palmeiras\",\"isPartOf\":{\"@id\":\"https:\/\/www.gaveanews.com\/#website\"},\"primaryImageOfPage\":{\"@id\":\"https:\/\/www.gaveanews.com\/index.php\/2025\/10\/18\/goleiro-reserva-vai-jogar-declaracao-de-piquerez-e-ia-crava-resultado-do-jogo-contra-o-flamengo-as-ultimas-noticias-do-palmeiras\/#primaryimage\"},\"image\":{\"@id\":\"https:\/\/www.gaveanews.com\/index.php\/2025\/10\/18\/goleiro-reserva-vai-jogar-declaracao-de-piquerez-e-ia-crava-resultado-do-jogo-contra-o-flamengo-as-ultimas-noticias-do-palmeiras\/#primaryimage\"},\"thumbnailUrl\":\"https:\/\/www.gaveanews.com\/wp-content\/uploads\/Joaquin-Piquerez-em-acao-pelo-time-do-Palmeiras.webp\",\"datePublished\":\"2025-10-19T00:00:00+00:00\",\"author\":{\"@id\":\"https:\/\/www.gaveanews.com\/#\/schema\/person\/c88645e3d550d0b6574305e67dd5a716\"},\"breadcrumb\":{\"@id\":\"https:\/\/www.gaveanews.com\/index.php\/2025\/10\/18\/goleiro-reserva-vai-jogar-declaracao-de-piquerez-e-ia-crava-resultado-do-jogo-contra-o-flamengo-as-ultimas-noticias-do-palmeiras\/#breadcrumb\"},\"inLanguage\":\"pt-BR\",\"potentialAction\":[{\"@type\":\"ReadAction\",\"target\":[\"https:\/\/www.gaveanews.com\/index.php\/2025\/10\/18\/goleiro-reserva-vai-jogar-declaracao-de-piquerez-e-ia-crava-resultado-do-jogo-contra-o-flamengo-as-ultimas-noticias-do-palmeiras\/\"]}]},{\"@type\":\"ImageObject\",\"inLanguage\":\"pt-BR\",\"@id\":\"https:\/\/www.gaveanews.com\/index.php\/2025\/10\/18\/goleiro-reserva-vai-jogar-declaracao-de-piquerez-e-ia-crava-resultado-do-jogo-contra-o-flamengo-as-ultimas-noticias-do-palmeiras\/#primaryimage\",\"url\":\"https:\/\/www.gaveanews.com\/wp-content\/uploads\/Joaquin-Piquerez-em-acao-pelo-time-do-Palmeiras.webp\",\"contentUrl\":\"https:\/\/www.gaveanews.com\/wp-content\/uploads\/Joaquin-Piquerez-em-acao-pelo-time-do-Palmeiras.webp\",\"width\":1242,\"height\":1544,\"caption\":\"Joaqu\u00edn Piquerez em a\u00e7\u00e3o pelo time do Palmeiras (Foto: Reprodu\u00e7\u00e3o\/Instagram)\"},{\"@type\":\"BreadcrumbList\",\"@id\":\"https:\/\/www.gaveanews.com\/index.php\/2025\/10\/18\/goleiro-reserva-vai-jogar-declaracao-de-piquerez-e-ia-crava-resultado-do-jogo-contra-o-flamengo-as-ultimas-noticias-do-palmeiras\/#breadcrumb\",\"itemListElement\":[{\"@type\":\"ListItem\",\"position\":1,\"name\":\"Home\",\"item\":\"https:\/\/www.gaveanews.com\/\"},{\"@type\":\"ListItem\",\"position\":2,\"name\":\"Goleiro reserva vai jogar, declara\u00e7\u00e3o de Piquerez e IA crava resultado do jogo contra o Flamengo: as \u00faltimas not\u00edcias do Palmeiras\"}]},{\"@type\":\"WebSite\",\"@id\":\"https:\/\/www.gaveanews.com\/#website\",\"url\":\"https:\/\/www.gaveanews.com\/\",\"name\":\"G\u00e1vea News\",\"description\":\"Veja todas as not\u00edcias sobre o Flamengo: Contrata\u00e7\u00f5es, categorias de base, resultados das partidas, tabela de classifica\u00e7\u00e3o, pr\u00f3ximos jogos!\",\"potentialAction\":[{\"@type\":\"SearchAction\",\"target\":{\"@type\":\"EntryPoint\",\"urlTemplate\":\"https:\/\/www.gaveanews.com\/?s={search_term_string}\"},\"query-input\":{\"@type\":\"PropertyValueSpecification\",\"valueRequired\":true,\"valueName\":\"search_term_string\"}}],\"inLanguage\":\"pt-BR\"},{\"@type\":\"Person\",\"@id\":\"https:\/\/www.gaveanews.com\/#\/schema\/person\/c88645e3d550d0b6574305e67dd5a716\",\"name\":\"Reda\u00e7\u00e3o\",\"image\":{\"@type\":\"ImageObject\",\"inLanguage\":\"pt-BR\",\"@id\":\"https:\/\/www.gaveanews.com\/#\/schema\/person\/image\/\",\"url\":\"https:\/\/secure.gravatar.com\/avatar\/434098fd823f0dc1b062d14ca22bacaa6e38de28d8c816bbef6fc2f8c44d8ba3?s=96&d=mm&r=g\",\"contentUrl\":\"https:\/\/secure.gravatar.com\/avatar\/434098fd823f0dc1b062d14ca22bacaa6e38de28d8c816bbef6fc2f8c44d8ba3?s=96&d=mm&r=g\",\"caption\":\"Reda\u00e7\u00e3o\"}}]}<\/script>\n<!-- \/ Yoast SEO Premium plugin. -->","yoast_head_json":{"title":"Goleiro reserva vai jogar, declara\u00e7\u00e3o de Piquerez e IA crava resultado do jogo contra o Flamengo: as \u00faltimas not\u00edcias do Palmeiras","robots":{"index":"index","follow":"follow","max-snippet":"max-snippet:-1","max-image-preview":"max-image-preview:large","max-video-preview":"max-video-preview:-1"},"canonical":"https:\/\/www.gaveanews.com\/index.php\/2025\/10\/18\/goleiro-reserva-vai-jogar-declaracao-de-piquerez-e-ia-crava-resultado-do-jogo-contra-o-flamengo-as-ultimas-noticias-do-palmeiras\/","og_locale":"pt_BR","og_type":"article","og_title":"Goleiro reserva vai jogar, declara\u00e7\u00e3o de Piquerez e IA crava resultado do jogo contra o Flamengo: as \u00faltimas not\u00edcias do Palmeiras","og_description":"Clima de decis\u00e3o no Maracan\u00e3: \u00e0s v\u00e9speras do duelo entre l\u00edder e vice do Brasileir\u00e3o, o Palmeiras perde Weverton por les\u00e3o na m\u00e3o, Piquerez fala sobre a for\u00e7a do Flamengo e os tabus que cercam o confronto, e uma simula\u00e7\u00e3o por IA projeta um jogo intenso e equilibrado com placar apertado. A seguir, os pontos-chave [&hellip;]","og_url":"https:\/\/www.gaveanews.com\/index.php\/2025\/10\/18\/goleiro-reserva-vai-jogar-declaracao-de-piquerez-e-ia-crava-resultado-do-jogo-contra-o-flamengo-as-ultimas-noticias-do-palmeiras\/","og_site_name":"G\u00e1vea News","article_publisher":"https:\/\/facebook.com\/gaveaNews\/","article_published_time":"2025-10-19T00:00:00+00:00","og_image":[{"width":1242,"height":1544,"url":"https:\/\/www.gaveanews.com\/wp-content\/uploads\/Joaquin-Piquerez-em-acao-pelo-time-do-Palmeiras.webp","type":"image\/jpeg"}],"author":"Reda\u00e7\u00e3o","twitter_card":"summary_large_image","twitter_misc":{"Escrito por":"Reda\u00e7\u00e3o","Est. tempo de leitura":"5 minutos"},"schema":{"@context":"https:\/\/schema.org","@graph":[{"@type":"NewsArticle","@id":"https:\/\/www.gaveanews.com\/index.php\/2025\/10\/18\/goleiro-reserva-vai-jogar-declaracao-de-piquerez-e-ia-crava-resultado-do-jogo-contra-o-flamengo-as-ultimas-noticias-do-palmeiras\/#article","isPartOf":{"@id":"https:\/\/www.gaveanews.com\/index.php\/2025\/10\/18\/goleiro-reserva-vai-jogar-declaracao-de-piquerez-e-ia-crava-resultado-do-jogo-contra-o-flamengo-as-ultimas-noticias-do-palmeiras\/"},"author":{"name":"Reda\u00e7\u00e3o","@id":"https:\/\/www.gaveanews.com\/#\/schema\/person\/c88645e3d550d0b6574305e67dd5a716"},"headline":"Goleiro reserva vai jogar, declara\u00e7\u00e3o de Piquerez e IA crava resultado do jogo contra o Flamengo: as \u00faltimas not\u00edcias do Palmeiras","datePublished":"2025-10-19T00:00:00+00:00","mainEntityOfPage":{"@id":"https:\/\/www.gaveanews.com\/index.php\/2025\/10\/18\/goleiro-reserva-vai-jogar-declaracao-de-piquerez-e-ia-crava-resultado-do-jogo-contra-o-flamengo-as-ultimas-noticias-do-palmeiras\/"},"wordCount":849,"commentCount":0,"image":{"@id":"https:\/\/www.gaveanews.com\/index.php\/2025\/10\/18\/goleiro-reserva-vai-jogar-declaracao-de-piquerez-e-ia-crava-resultado-do-jogo-contra-o-flamengo-as-ultimas-noticias-do-palmeiras\/#primaryimage"},"thumbnailUrl":"https:\/\/www.gaveanews.com\/wp-content\/uploads\/Joaquin-Piquerez-em-acao-pelo-time-do-Palmeiras.webp","articleSection":["Palmeiras"],"inLanguage":"pt-BR","potentialAction":[{"@type":"CommentAction","name":"Comment","target":["https:\/\/www.gaveanews.com\/index.php\/2025\/10\/18\/goleiro-reserva-vai-jogar-declaracao-de-piquerez-e-ia-crava-resultado-do-jogo-contra-o-flamengo-as-ultimas-noticias-do-palmeiras\/#respond"]}],"copyrightYear":"2025","copyrightHolder":{"@id":"https:\/\/www.gaveanews.com\/#organization"}},{"@type":"WebPage","@id":"https:\/\/www.gaveanews.com\/index.php\/2025\/10\/18\/goleiro-reserva-vai-jogar-declaracao-de-piquerez-e-ia-crava-resultado-do-jogo-contra-o-flamengo-as-ultimas-noticias-do-palmeiras\/","url":"https:\/\/www.gaveanews.com\/index.php\/2025\/10\/18\/goleiro-reserva-vai-jogar-declaracao-de-piquerez-e-ia-crava-resultado-do-jogo-contra-o-flamengo-as-ultimas-noticias-do-palmeiras\/","name":"Goleiro reserva vai jogar, declara\u00e7\u00e3o de Piquerez e IA crava resultado do jogo contra o Flamengo: as \u00faltimas not\u00edcias do Palmeiras","isPartOf":{"@id":"https:\/\/www.gaveanews.com\/#website"},"primaryImageOfPage":{"@id":"https:\/\/www.gaveanews.com\/index.php\/2025\/10\/18\/goleiro-reserva-vai-jogar-declaracao-de-piquerez-e-ia-crava-resultado-do-jogo-contra-o-flamengo-as-ultimas-noticias-do-palmeiras\/#primaryimage"},"image":{"@id":"https:\/\/www.gaveanews.com\/index.php\/2025\/10\/18\/goleiro-reserva-vai-jogar-declaracao-de-piquerez-e-ia-crava-resultado-do-jogo-contra-o-flamengo-as-ultimas-noticias-do-palmeiras\/#primaryimage"},"thumbnailUrl":"https:\/\/www.gaveanews.com\/wp-content\/uploads\/Joaquin-Piquerez-em-acao-pelo-time-do-Palmeiras.webp","datePublished":"2025-10-19T00:00:00+00:00","author":{"@id":"https:\/\/www.gaveanews.com\/#\/schema\/person\/c88645e3d550d0b6574305e67dd5a716"},"breadcrumb":{"@id":"https:\/\/www.gaveanews.com\/index.php\/2025\/10\/18\/goleiro-reserva-vai-jogar-declaracao-de-piquerez-e-ia-crava-resultado-do-jogo-contra-o-flamengo-as-ultimas-noticias-do-palmeiras\/#breadcrumb"},"inLanguage":"pt-BR","potentialAction":[{"@type":"ReadAction","target":["https:\/\/www.gaveanews.com\/index.php\/2025\/10\/18\/goleiro-reserva-vai-jogar-declaracao-de-piquerez-e-ia-crava-resultado-do-jogo-contra-o-flamengo-as-ultimas-noticias-do-palmeiras\/"]}]},{"@type":"ImageObject","inLanguage":"pt-BR","@id":"https:\/\/www.gaveanews.com\/index.php\/2025\/10\/18\/goleiro-reserva-vai-jogar-declaracao-de-piquerez-e-ia-crava-resultado-do-jogo-contra-o-flamengo-as-ultimas-noticias-do-palmeiras\/#primaryimage","url":"https:\/\/www.gaveanews.com\/wp-content\/uploads\/Joaquin-Piquerez-em-acao-pelo-time-do-Palmeiras.webp","contentUrl":"https:\/\/www.gaveanews.com\/wp-content\/uploads\/Joaquin-Piquerez-em-acao-pelo-time-do-Palmeiras.webp","width":1242,"height":1544,"caption":"Joaqu\u00edn Piquerez em a\u00e7\u00e3o pelo time do Palmeiras (Foto: Reprodu\u00e7\u00e3o\/Instagram)"},{"@type":"BreadcrumbList","@id":"https:\/\/www.gaveanews.com\/index.php\/2025\/10\/18\/goleiro-reserva-vai-jogar-declaracao-de-piquerez-e-ia-crava-resultado-do-jogo-contra-o-flamengo-as-ultimas-noticias-do-palmeiras\/#breadcrumb","itemListElement":[{"@type":"ListItem","position":1,"name":"Home","item":"https:\/\/www.gaveanews.com\/"},{"@type":"ListItem","position":2,"name":"Goleiro reserva vai jogar, declara\u00e7\u00e3o de Piquerez e IA crava resultado do jogo contra o Flamengo: as \u00faltimas not\u00edcias do Palmeiras"}]},{"@type":"WebSite","@id":"https:\/\/www.gaveanews.com\/#website","url":"https:\/\/www.gaveanews.com\/","name":"G\u00e1vea News","description":"Veja todas as not\u00edcias sobre o Flamengo: Contrata\u00e7\u00f5es, categorias de base, resultados das partidas, tabela de classifica\u00e7\u00e3o, pr\u00f3ximos jogos!","potentialAction":[{"@type":"SearchAction","target":{"@type":"EntryPoint","urlTemplate":"https:\/\/www.gaveanews.com\/?s={search_term_string}"},"query-input":{"@type":"PropertyValueSpecification","valueRequired":true,"valueName":"search_term_string"}}],"inLanguage":"pt-BR"},{"@type":"Person","@id":"https:\/\/www.gaveanews.com\/#\/schema\/person\/c88645e3d550d0b6574305e67dd5a716","name":"Reda\u00e7\u00e3o","image":{"@type":"ImageObject","inLanguage":"pt-BR","@id":"https:\/\/www.gaveanews.com\/#\/schema\/person\/image\/","url":"https:\/\/secure.gravatar.com\/avatar\/434098fd823f0dc1b062d14ca22bacaa6e38de28d8c816bbef6fc2f8c44d8ba3?s=96&d=mm&r=g","contentUrl":"https:\/\/secure.gravatar.com\/avatar\/434098fd823f0dc1b062d14ca22bacaa6e38de28d8c816bbef6fc2f8c44d8ba3?s=96&d=mm&r=g","caption":"Reda\u00e7\u00e3o"}}]}},"_links":{"self":[{"href":"https:\/\/www.gaveanews.com\/index.php\/wp-json\/wp\/v2\/posts\/278816","targetHints":{"allow":["GET"]}}],"collection":[{"href":"https:\/\/www.gaveanews.com\/index.php\/wp-json\/wp\/v2\/posts"}],"about":[{"href":"https:\/\/www.gaveanews.com\/index.php\/wp-json\/wp\/v2\/types\/post"}],"author":[{"embeddable":true,"href":"https:\/\/www.gaveanews.com\/index.php\/wp-json\/wp\/v2\/users\/39"}],"replies":[{"embeddable":true,"href":"https:\/\/www.gaveanews.com\/index.php\/wp-json\/wp\/v2\/comments?post=278816"}],"version-history":[{"count":1,"href":"https:\/\/www.gaveanews.com\/index.php\/wp-json\/wp\/v2\/posts\/278816\/revisions"}],"predecessor-version":[{"id":278832,"href":"https:\/\/www.gaveanews.com\/index.php\/wp-json\/wp\/v2\/posts\/278816\/revisions\/278832"}],"wp:featuredmedia":[{"embeddable":true,"href":"https:\/\/www.gaveanews.com\/index.php\/wp-json\/wp\/v2\/media\/161875"}],"wp:attachment":[{"href":"https:\/\/www.gaveanews.com\/index.php\/wp-json\/wp\/v2\/media?parent=278816"}],"wp:term":[{"taxonomy":"category","embeddable":true,"href":"https:\/\/www.gaveanews.com\/index.php\/wp-json\/wp\/v2\/categories?post=278816"},{"taxonomy":"post_tag","embeddable":true,"href":"https:\/\/www.gaveanews.com\/index.php\/wp-json\/wp\/v2\/tags?post=278816"}],"curies":[{"name":"wp","href":"https:\/\/api.w.org\/{rel}","templated":true}]}}