{"id":278817,"date":"2025-10-18T20:45:00","date_gmt":"2025-10-18T23:45:00","guid":{"rendered":"https:\/\/www.gaveanews.com\/?p=278817"},"modified":"2025-10-18T19:40:47","modified_gmt":"2025-10-18T22:40:47","slug":"dybala-gabriel-jesus-e-vitao-as-ultimas-noticias-envolvendo-o-mercado-da-bola-do-flamengo","status":"publish","type":"post","link":"https:\/\/www.gaveanews.com\/index.php\/2025\/10\/18\/dybala-gabriel-jesus-e-vitao-as-ultimas-noticias-envolvendo-o-mercado-da-bola-do-flamengo\/","title":{"rendered":"Dybala, Gabriel Jesus e Vit\u00e3o: as \u00faltimas not\u00edcias envolvendo o mercado da bola do Flamengo"},"content":{"rendered":"\n<p>Resumo do dia: O <a href=\"https:\/\/www.gaveanews.com\/index.php\/category\/brasileirao\/flamengo\/\" target=\"_blank\" rel=\"noopener noreferrer\">Flamengo<\/a> acelera o planejamento do elenco para 2026, reavalia op\u00e7\u00f5es no ataque ap\u00f3s encerrar a aproxima\u00e7\u00e3o por Gabriel Jesus e observa Paulo Dybala como alternativa de mercado. Na defesa, Vit\u00e3o, do Internacional, entrou no radar rubro-negro, com conversas iniciais sobre um poss\u00edvel neg\u00f3cio que mescla dinheiro, abatimento de d\u00edvida e troca de atletas.<\/p>\n\n\n\n<h2 class=\"wp-block-heading\" id=\"h-flamengo-mira-2026-dybala-em-pauta-e-cautela-apos-negativa-por-gabriel-jesus\">Flamengo mira 2026: Dybala em pauta e cautela ap\u00f3s negativa por Gabriel Jesus<\/h2>\n\n\n\n<p>O Flamengo intensificou o mapeamento por refor\u00e7os para 2026 e decidiu n\u00e3o avan\u00e7ar por Gabriel Jesus neste momento. De acordo com o \u201cPaparazzo Rubro-Negro\u201d, ap\u00f3s uma aproxima\u00e7\u00e3o inicial e resposta negativa da parte do jogador, o clube encerrou as tratativas antes mesmo de formalizar proposta. A dire\u00e7\u00e3o mant\u00e9m a estrat\u00e9gia de preservar o n\u00edvel competitivo do elenco de Filipe Lu\u00eds, mas com prud\u00eancia na avalia\u00e7\u00e3o de custos e cen\u00e1rios.<\/p>\n\n\n\n<p>A alternativa que ganha tra\u00e7\u00e3o internamente \u00e9 Paulo Dybala. A c\u00fapula rubro-negra enxerga o argentino como uma oportunidade vi\u00e1vel com apoio de parceiros comerciais, apesar do sal\u00e1rio elevado na Roma. Dybala tem v\u00ednculo at\u00e9 junho de 2026, atua como centroavante, falso nove ou ponta e soma n\u00fameros expressivos por Roma (117 jogos, 42 gols e 22 assist\u00eancias) e Juventus (293 jogos, 115 gols e 53 assist\u00eancias). O sal\u00e1rio, estimado em 8 milh\u00f5es de euros por temporada, est\u00e1 acima do teto do clube, o que exigiria engenharia financeira.<\/p>\n\n\n\n<p>Qualquer avan\u00e7o passaria por negocia\u00e7\u00e3o com a Roma ou pela assinatura de um pr\u00e9-contrato a partir de janeiro de 2026. Segundo Jorge Nicola, a patrocinadora m\u00e1ster Betano estaria disposta a auxiliar em uma contrata\u00e7\u00e3o internacional de peso, e Filipe Lu\u00eds deu aval \u00e0 chegada do atacante. Por ora, por\u00e9m, o Flamengo segue focado nas competi\u00e7\u00f5es em andamento \u2014 briga pela lideran\u00e7a do Brasileir\u00e3o e disputa a semifinal da Libertadores \u2014 e n\u00e3o h\u00e1 confirma\u00e7\u00e3o oficial sobre movimentos no mercado.<\/p>\n\n\n\n<h2 class=\"wp-block-heading\" id=\"h-gabriel-jesus-futuro-incerto-no-arsenal-e-esfriamento-do-elo-com-o-flamengo\">Gabriel Jesus: futuro incerto no Arsenal e esfriamento do elo com o Flamengo<\/h2>\n\n\n\n<p>No Arsenal desde 2022, Gabriel Jesus vive um momento de indefini\u00e7\u00e3o na Europa. O desempenho abaixo do esperado, somado a recorrentes les\u00f5es, levou o clube a sinalizar a inten\u00e7\u00e3o de negoci\u00e1-lo na janela do in\u00edcio de 2026. Em recupera\u00e7\u00e3o de uma les\u00e3o ligamentar no joelho, o atacante deve voltar a jogar em dezembro. Na \u00faltima temporada, atuou em 27 partidas e foi titular em menos da metade delas.<\/p>\n\n\n\n<figure class=\"wp-block-image size-large\"><img loading=\"lazy\" decoding=\"async\" width=\"1024\" height=\"771\" src=\"http:\/\/www.gaveanews.com\/wp-content\/uploads\/Gabriel-Jesus-em-acao-pelo-Arsenal-1024x771.webp\" alt=\"\" class=\"wp-image-200976\" srcset=\"https:\/\/www.gaveanews.com\/wp-content\/uploads\/Gabriel-Jesus-em-acao-pelo-Arsenal-1024x771.webp 1024w, https:\/\/www.gaveanews.com\/wp-content\/uploads\/Gabriel-Jesus-em-acao-pelo-Arsenal-300x226.webp 300w, https:\/\/www.gaveanews.com\/wp-content\/uploads\/Gabriel-Jesus-em-acao-pelo-Arsenal-768x578.webp 768w, https:\/\/www.gaveanews.com\/wp-content\/uploads\/Gabriel-Jesus-em-acao-pelo-Arsenal-558x420.webp 558w, https:\/\/www.gaveanews.com\/wp-content\/uploads\/Gabriel-Jesus-em-acao-pelo-Arsenal-80x60.webp 80w, https:\/\/www.gaveanews.com\/wp-content\/uploads\/Gabriel-Jesus-em-acao-pelo-Arsenal-160x120.webp 160w, https:\/\/www.gaveanews.com\/wp-content\/uploads\/Gabriel-Jesus-em-acao-pelo-Arsenal-100x75.webp 100w, https:\/\/www.gaveanews.com\/wp-content\/uploads\/Gabriel-Jesus-em-acao-pelo-Arsenal-200x150.webp 200w, https:\/\/www.gaveanews.com\/wp-content\/uploads\/Gabriel-Jesus-em-acao-pelo-Arsenal-180x135.webp 180w, https:\/\/www.gaveanews.com\/wp-content\/uploads\/Gabriel-Jesus-em-acao-pelo-Arsenal-360x270.webp 360w, https:\/\/www.gaveanews.com\/wp-content\/uploads\/Gabriel-Jesus-em-acao-pelo-Arsenal-238x178.webp 238w, https:\/\/www.gaveanews.com\/wp-content\/uploads\/Gabriel-Jesus-em-acao-pelo-Arsenal-640x482.webp 640w, https:\/\/www.gaveanews.com\/wp-content\/uploads\/Gabriel-Jesus-em-acao-pelo-Arsenal-681x513.webp 681w, https:\/\/www.gaveanews.com\/wp-content\/uploads\/Gabriel-Jesus-em-acao-pelo-Arsenal.webp 1047w\" sizes=\"auto, (max-width: 1024px) 100vw, 1024px\" \/><figcaption class=\"wp-element-caption\">Gabriel Jesus em a\u00e7\u00e3o pelo Arsenal (Foto: Reprodu\u00e7\u00e3o\/Instagram Gabriel Jesus) <\/figcaption><\/figure>\n\n\n\n<p>A chegada de Viktor Gy\u00f6keres ao elenco de Mikel Arteta aumenta a concorr\u00eancia e refor\u00e7a a perda de espa\u00e7o do brasileiro. Com contrato at\u00e9 2029 e valor de mercado estimado em 32 milh\u00f5es de euros, Gabriel Jesus registra 96 jogos, 26 gols e 20 assist\u00eancias pelos Gunners desde sua chegada. As les\u00f5es, por\u00e9m, impediram a constru\u00e7\u00e3o de sequ\u00eancia sustentada e impacto cont\u00ednuo.<\/p>\n\n\n\n<p>Rumores recentes apontaram interesse do Flamengo para 2026, motivado pelo perfil de centroavante m\u00f3vel do jogador, capaz de atuar centralizado e pelos lados. Contudo, conforme o \u201cPaparazzo Rubro-Negro\u201d, uma sinaliza\u00e7\u00e3o negativa do estafe de Jesus encerrou a possibilidade no curto prazo. Internamente, a avalia\u00e7\u00e3o \u00e9 de que o elenco j\u00e1 oferece solu\u00e7\u00f5es para o setor ofensivo, o que afasta a ideia de um grande investimento nessa posi\u00e7\u00e3o.<\/p>\n\n\n\n<p>Com isso, a hip\u00f3tese de Gabriel Jesus atuar no Flamengo perdeu for\u00e7a. O clube carioca volta aten\u00e7\u00f5es a outras alternativas no planejamento de 2026 \u2014 entre elas, Dybala \u2014 enquanto mant\u00e9m o foco no desfecho da temporada atual. A diretoria trata o mercado com cautela e sem precipita\u00e7\u00f5es.<\/p>\n\n\n\n<h2 class=\"wp-block-heading\" id=\"h-defesa-em-pauta-flamengo-negocia-por-vitao-do-internacional\">Defesa em pauta: Flamengo negocia por Vit\u00e3o, do Internacional<\/h2>\n\n\n\n<p>A zaga \u00e9 prioridade na lista de refor\u00e7os do Flamengo para 2026, e Vit\u00e3o, do Internacional, tornou-se alvo. Segundo o Lance!, as conversas entre os clubes ganharam f\u00f4lego nos \u00faltimos dias, ainda sem proposta oficial. As diretorias discutem exig\u00eancias e um poss\u00edvel formato de neg\u00f3cio, num processo que busca equilibrar custo e oportunidade.<\/p>\n\n\n\n<p>No come\u00e7o do ano, os rubro-negros teriam colocado na mesa cerca de R$ 37 milh\u00f5es e o abatimento da d\u00edvida ligada aos direitos de Thiago Maia. Agora, discute-se uma composi\u00e7\u00e3o que somaria aproximadamente 15 milh\u00f5es de euros (cerca de R$ 95,5 milh\u00f5es), combinando pagamento em dinheiro, abatimento do d\u00e9bito e a inclus\u00e3o de um jogador fora dos planos. O Inter deseja em torno de 10 milh\u00f5es de euros em dinheiro, e os nomes especulados como moeda de troca incluem Cebolinha, Michel ou Allan.<\/p>\n\n\n\n<p>Vit\u00e3o est\u00e1 no Beira-Rio desde 2022, ap\u00f3s retorno do Shakhtar Donetsk em meio \u00e0 guerra na Ucr\u00e2nia. Pelo Inter, disputou 182 jogos e marcou tr\u00eas gols. Em 2024, o defensor esteve perto de se transferir ao Real Betis, mas a negocia\u00e7\u00e3o travou por quest\u00f5es burocr\u00e1ticas. Seu contrato com o Colorado vai at\u00e9 31 de dezembro de 2026.<\/p>\n\n\n\n<p>No elenco atual do Flamengo, o setor conta com L\u00e9o Pereira, L\u00e9o Ortiz, Danilo e os jovens Jo\u00e3o Victor e Cleiton. A investida por Vit\u00e3o busca ampliar o leque de op\u00e7\u00f5es e elevar a competitividade interna. Enquanto negocia, o clube mant\u00e9m o foco no calend\u00e1rio: neste domingo (19), \u00e0s 16h, enfrenta o <a href=\"https:\/\/www.gaveanews.com\/index.php\/category\/brasileirao\/palmeiras\/\" target=\"_blank\" rel=\"noopener noreferrer\">Palmeiras<\/a> no Maracan\u00e3.<\/p>\n","protected":false},"excerpt":{"rendered":"<p>Resumo do dia: O Flamengo acelera o planejamento do elenco para 2026, reavalia op\u00e7\u00f5es no ataque ap\u00f3s encerrar a aproxima\u00e7\u00e3o por Gabriel Jesus e observa Paulo Dybala como alternativa de mercado. Na defesa, Vit\u00e3o, do Internacional, entrou no radar rubro-negro, com conversas iniciais sobre um poss\u00edvel neg\u00f3cio que mescla dinheiro, abatimento de d\u00edvida e troca [&hellip;]<\/p>\n","protected":false},"author":39,"featured_media":130341,"comment_status":"open","ping_status":"closed","sticky":false,"template":"","format":"standard","meta":{"footnotes":""},"categories":[1],"tags":[],"class_list":["post-278817","post","type-post","status-publish","format-standard","has-post-thumbnail","hentry","category-flamengo"],"yoast_head":"<!-- This site is optimized with the Yoast SEO Premium plugin v24.2 (Yoast SEO v26.9) - https:\/\/yoast.com\/product\/yoast-seo-premium-wordpress\/ -->\n<title>Dybala, Gabriel Jesus e Vit\u00e3o: as \u00faltimas not\u00edcias envolvendo o mercado da bola do Flamengo<\/title>\n<meta name=\"robots\" content=\"index, follow, max-snippet:-1, max-image-preview:large, max-video-preview:-1\" \/>\n<link rel=\"canonical\" href=\"https:\/\/www.gaveanews.com\/index.php\/2025\/10\/18\/dybala-gabriel-jesus-e-vitao-as-ultimas-noticias-envolvendo-o-mercado-da-bola-do-flamengo\/\" \/>\n<meta property=\"og:locale\" content=\"pt_BR\" \/>\n<meta property=\"og:type\" content=\"article\" \/>\n<meta property=\"og:title\" content=\"Dybala, Gabriel Jesus e Vit\u00e3o: as \u00faltimas not\u00edcias envolvendo o mercado da bola do Flamengo\" \/>\n<meta property=\"og:description\" content=\"Resumo do dia: O Flamengo acelera o planejamento do elenco para 2026, reavalia op\u00e7\u00f5es no ataque ap\u00f3s encerrar a aproxima\u00e7\u00e3o por Gabriel Jesus e observa Paulo Dybala como alternativa de mercado. Na defesa, Vit\u00e3o, do Internacional, entrou no radar rubro-negro, com conversas iniciais sobre um poss\u00edvel neg\u00f3cio que mescla dinheiro, abatimento de d\u00edvida e troca [&hellip;]\" \/>\n<meta property=\"og:url\" content=\"https:\/\/www.gaveanews.com\/index.php\/2025\/10\/18\/dybala-gabriel-jesus-e-vitao-as-ultimas-noticias-envolvendo-o-mercado-da-bola-do-flamengo\/\" \/>\n<meta property=\"og:site_name\" content=\"G\u00e1vea News\" \/>\n<meta property=\"article:publisher\" content=\"https:\/\/facebook.com\/gaveaNews\/\" \/>\n<meta property=\"article:published_time\" content=\"2025-10-18T23:45:00+00:00\" \/>\n<meta property=\"og:image\" content=\"https:\/\/www.gaveanews.com\/wp-content\/uploads\/Paulo-Dybala-em-acao-pela-Roma-Foto-ReproducaoInstagram.webp\" \/>\n\t<meta property=\"og:image:width\" content=\"1391\" \/>\n\t<meta property=\"og:image:height\" content=\"927\" \/>\n\t<meta property=\"og:image:type\" content=\"image\/webp\" \/>\n<meta name=\"author\" content=\"Reda\u00e7\u00e3o\" \/>\n<meta name=\"twitter:card\" content=\"summary_large_image\" \/>\n<meta name=\"twitter:label1\" content=\"Escrito por\" \/>\n\t<meta name=\"twitter:data1\" content=\"Reda\u00e7\u00e3o\" \/>\n\t<meta name=\"twitter:label2\" content=\"Est. tempo de leitura\" \/>\n\t<meta name=\"twitter:data2\" content=\"5 minutos\" \/>\n<script type=\"application\/ld+json\" class=\"yoast-schema-graph\">{\"@context\":\"https:\/\/schema.org\",\"@graph\":[{\"@type\":\"NewsArticle\",\"@id\":\"https:\/\/www.gaveanews.com\/index.php\/2025\/10\/18\/dybala-gabriel-jesus-e-vitao-as-ultimas-noticias-envolvendo-o-mercado-da-bola-do-flamengo\/#article\",\"isPartOf\":{\"@id\":\"https:\/\/www.gaveanews.com\/index.php\/2025\/10\/18\/dybala-gabriel-jesus-e-vitao-as-ultimas-noticias-envolvendo-o-mercado-da-bola-do-flamengo\/\"},\"author\":{\"name\":\"Reda\u00e7\u00e3o\",\"@id\":\"https:\/\/www.gaveanews.com\/#\/schema\/person\/c88645e3d550d0b6574305e67dd5a716\"},\"headline\":\"Dybala, Gabriel Jesus e Vit\u00e3o: as \u00faltimas not\u00edcias envolvendo o mercado da bola do Flamengo\",\"datePublished\":\"2025-10-18T23:45:00+00:00\",\"mainEntityOfPage\":{\"@id\":\"https:\/\/www.gaveanews.com\/index.php\/2025\/10\/18\/dybala-gabriel-jesus-e-vitao-as-ultimas-noticias-envolvendo-o-mercado-da-bola-do-flamengo\/\"},\"wordCount\":909,\"commentCount\":0,\"image\":{\"@id\":\"https:\/\/www.gaveanews.com\/index.php\/2025\/10\/18\/dybala-gabriel-jesus-e-vitao-as-ultimas-noticias-envolvendo-o-mercado-da-bola-do-flamengo\/#primaryimage\"},\"thumbnailUrl\":\"https:\/\/www.gaveanews.com\/wp-content\/uploads\/Paulo-Dybala-em-acao-pela-Roma-Foto-ReproducaoInstagram.webp\",\"articleSection\":[\"Flamengo\"],\"inLanguage\":\"pt-BR\",\"potentialAction\":[{\"@type\":\"CommentAction\",\"name\":\"Comment\",\"target\":[\"https:\/\/www.gaveanews.com\/index.php\/2025\/10\/18\/dybala-gabriel-jesus-e-vitao-as-ultimas-noticias-envolvendo-o-mercado-da-bola-do-flamengo\/#respond\"]}],\"copyrightYear\":\"2025\",\"copyrightHolder\":{\"@id\":\"https:\/\/www.gaveanews.com\/#organization\"}},{\"@type\":\"WebPage\",\"@id\":\"https:\/\/www.gaveanews.com\/index.php\/2025\/10\/18\/dybala-gabriel-jesus-e-vitao-as-ultimas-noticias-envolvendo-o-mercado-da-bola-do-flamengo\/\",\"url\":\"https:\/\/www.gaveanews.com\/index.php\/2025\/10\/18\/dybala-gabriel-jesus-e-vitao-as-ultimas-noticias-envolvendo-o-mercado-da-bola-do-flamengo\/\",\"name\":\"Dybala, Gabriel Jesus e Vit\u00e3o: as \u00faltimas not\u00edcias envolvendo o mercado da bola do Flamengo\",\"isPartOf\":{\"@id\":\"https:\/\/www.gaveanews.com\/#website\"},\"primaryImageOfPage\":{\"@id\":\"https:\/\/www.gaveanews.com\/index.php\/2025\/10\/18\/dybala-gabriel-jesus-e-vitao-as-ultimas-noticias-envolvendo-o-mercado-da-bola-do-flamengo\/#primaryimage\"},\"image\":{\"@id\":\"https:\/\/www.gaveanews.com\/index.php\/2025\/10\/18\/dybala-gabriel-jesus-e-vitao-as-ultimas-noticias-envolvendo-o-mercado-da-bola-do-flamengo\/#primaryimage\"},\"thumbnailUrl\":\"https:\/\/www.gaveanews.com\/wp-content\/uploads\/Paulo-Dybala-em-acao-pela-Roma-Foto-ReproducaoInstagram.webp\",\"datePublished\":\"2025-10-18T23:45:00+00:00\",\"author\":{\"@id\":\"https:\/\/www.gaveanews.com\/#\/schema\/person\/c88645e3d550d0b6574305e67dd5a716\"},\"breadcrumb\":{\"@id\":\"https:\/\/www.gaveanews.com\/index.php\/2025\/10\/18\/dybala-gabriel-jesus-e-vitao-as-ultimas-noticias-envolvendo-o-mercado-da-bola-do-flamengo\/#breadcrumb\"},\"inLanguage\":\"pt-BR\",\"potentialAction\":[{\"@type\":\"ReadAction\",\"target\":[\"https:\/\/www.gaveanews.com\/index.php\/2025\/10\/18\/dybala-gabriel-jesus-e-vitao-as-ultimas-noticias-envolvendo-o-mercado-da-bola-do-flamengo\/\"]}]},{\"@type\":\"ImageObject\",\"inLanguage\":\"pt-BR\",\"@id\":\"https:\/\/www.gaveanews.com\/index.php\/2025\/10\/18\/dybala-gabriel-jesus-e-vitao-as-ultimas-noticias-envolvendo-o-mercado-da-bola-do-flamengo\/#primaryimage\",\"url\":\"https:\/\/www.gaveanews.com\/wp-content\/uploads\/Paulo-Dybala-em-acao-pela-Roma-Foto-ReproducaoInstagram.webp\",\"contentUrl\":\"https:\/\/www.gaveanews.com\/wp-content\/uploads\/Paulo-Dybala-em-acao-pela-Roma-Foto-ReproducaoInstagram.webp\",\"width\":1391,\"height\":927,\"caption\":\"Paulo Dybala em a\u00e7\u00e3o pela Roma (Foto Reprodu\u00e7\u00e3o\/Instagram)\"},{\"@type\":\"BreadcrumbList\",\"@id\":\"https:\/\/www.gaveanews.com\/index.php\/2025\/10\/18\/dybala-gabriel-jesus-e-vitao-as-ultimas-noticias-envolvendo-o-mercado-da-bola-do-flamengo\/#breadcrumb\",\"itemListElement\":[{\"@type\":\"ListItem\",\"position\":1,\"name\":\"Home\",\"item\":\"https:\/\/www.gaveanews.com\/\"},{\"@type\":\"ListItem\",\"position\":2,\"name\":\"Dybala, Gabriel Jesus e Vit\u00e3o: as \u00faltimas not\u00edcias envolvendo o mercado da bola do Flamengo\"}]},{\"@type\":\"WebSite\",\"@id\":\"https:\/\/www.gaveanews.com\/#website\",\"url\":\"https:\/\/www.gaveanews.com\/\",\"name\":\"G\u00e1vea News\",\"description\":\"Veja todas as not\u00edcias sobre o Flamengo: Contrata\u00e7\u00f5es, categorias de base, resultados das partidas, tabela de classifica\u00e7\u00e3o, pr\u00f3ximos jogos!\",\"potentialAction\":[{\"@type\":\"SearchAction\",\"target\":{\"@type\":\"EntryPoint\",\"urlTemplate\":\"https:\/\/www.gaveanews.com\/?s={search_term_string}\"},\"query-input\":{\"@type\":\"PropertyValueSpecification\",\"valueRequired\":true,\"valueName\":\"search_term_string\"}}],\"inLanguage\":\"pt-BR\"},{\"@type\":\"Person\",\"@id\":\"https:\/\/www.gaveanews.com\/#\/schema\/person\/c88645e3d550d0b6574305e67dd5a716\",\"name\":\"Reda\u00e7\u00e3o\",\"image\":{\"@type\":\"ImageObject\",\"inLanguage\":\"pt-BR\",\"@id\":\"https:\/\/www.gaveanews.com\/#\/schema\/person\/image\/\",\"url\":\"https:\/\/secure.gravatar.com\/avatar\/434098fd823f0dc1b062d14ca22bacaa6e38de28d8c816bbef6fc2f8c44d8ba3?s=96&d=mm&r=g\",\"contentUrl\":\"https:\/\/secure.gravatar.com\/avatar\/434098fd823f0dc1b062d14ca22bacaa6e38de28d8c816bbef6fc2f8c44d8ba3?s=96&d=mm&r=g\",\"caption\":\"Reda\u00e7\u00e3o\"}}]}<\/script>\n<!-- \/ Yoast SEO Premium plugin. -->","yoast_head_json":{"title":"Dybala, Gabriel Jesus e Vit\u00e3o: as \u00faltimas not\u00edcias envolvendo o mercado da bola do Flamengo","robots":{"index":"index","follow":"follow","max-snippet":"max-snippet:-1","max-image-preview":"max-image-preview:large","max-video-preview":"max-video-preview:-1"},"canonical":"https:\/\/www.gaveanews.com\/index.php\/2025\/10\/18\/dybala-gabriel-jesus-e-vitao-as-ultimas-noticias-envolvendo-o-mercado-da-bola-do-flamengo\/","og_locale":"pt_BR","og_type":"article","og_title":"Dybala, Gabriel Jesus e Vit\u00e3o: as \u00faltimas not\u00edcias envolvendo o mercado da bola do Flamengo","og_description":"Resumo do dia: O Flamengo acelera o planejamento do elenco para 2026, reavalia op\u00e7\u00f5es no ataque ap\u00f3s encerrar a aproxima\u00e7\u00e3o por Gabriel Jesus e observa Paulo Dybala como alternativa de mercado. Na defesa, Vit\u00e3o, do Internacional, entrou no radar rubro-negro, com conversas iniciais sobre um poss\u00edvel neg\u00f3cio que mescla dinheiro, abatimento de d\u00edvida e troca [&hellip;]","og_url":"https:\/\/www.gaveanews.com\/index.php\/2025\/10\/18\/dybala-gabriel-jesus-e-vitao-as-ultimas-noticias-envolvendo-o-mercado-da-bola-do-flamengo\/","og_site_name":"G\u00e1vea News","article_publisher":"https:\/\/facebook.com\/gaveaNews\/","article_published_time":"2025-10-18T23:45:00+00:00","og_image":[{"width":1391,"height":927,"url":"https:\/\/www.gaveanews.com\/wp-content\/uploads\/Paulo-Dybala-em-acao-pela-Roma-Foto-ReproducaoInstagram.webp","type":"image\/webp"}],"author":"Reda\u00e7\u00e3o","twitter_card":"summary_large_image","twitter_misc":{"Escrito por":"Reda\u00e7\u00e3o","Est. tempo de leitura":"5 minutos"},"schema":{"@context":"https:\/\/schema.org","@graph":[{"@type":"NewsArticle","@id":"https:\/\/www.gaveanews.com\/index.php\/2025\/10\/18\/dybala-gabriel-jesus-e-vitao-as-ultimas-noticias-envolvendo-o-mercado-da-bola-do-flamengo\/#article","isPartOf":{"@id":"https:\/\/www.gaveanews.com\/index.php\/2025\/10\/18\/dybala-gabriel-jesus-e-vitao-as-ultimas-noticias-envolvendo-o-mercado-da-bola-do-flamengo\/"},"author":{"name":"Reda\u00e7\u00e3o","@id":"https:\/\/www.gaveanews.com\/#\/schema\/person\/c88645e3d550d0b6574305e67dd5a716"},"headline":"Dybala, Gabriel Jesus e Vit\u00e3o: as \u00faltimas not\u00edcias envolvendo o mercado da bola do Flamengo","datePublished":"2025-10-18T23:45:00+00:00","mainEntityOfPage":{"@id":"https:\/\/www.gaveanews.com\/index.php\/2025\/10\/18\/dybala-gabriel-jesus-e-vitao-as-ultimas-noticias-envolvendo-o-mercado-da-bola-do-flamengo\/"},"wordCount":909,"commentCount":0,"image":{"@id":"https:\/\/www.gaveanews.com\/index.php\/2025\/10\/18\/dybala-gabriel-jesus-e-vitao-as-ultimas-noticias-envolvendo-o-mercado-da-bola-do-flamengo\/#primaryimage"},"thumbnailUrl":"https:\/\/www.gaveanews.com\/wp-content\/uploads\/Paulo-Dybala-em-acao-pela-Roma-Foto-ReproducaoInstagram.webp","articleSection":["Flamengo"],"inLanguage":"pt-BR","potentialAction":[{"@type":"CommentAction","name":"Comment","target":["https:\/\/www.gaveanews.com\/index.php\/2025\/10\/18\/dybala-gabriel-jesus-e-vitao-as-ultimas-noticias-envolvendo-o-mercado-da-bola-do-flamengo\/#respond"]}],"copyrightYear":"2025","copyrightHolder":{"@id":"https:\/\/www.gaveanews.com\/#organization"}},{"@type":"WebPage","@id":"https:\/\/www.gaveanews.com\/index.php\/2025\/10\/18\/dybala-gabriel-jesus-e-vitao-as-ultimas-noticias-envolvendo-o-mercado-da-bola-do-flamengo\/","url":"https:\/\/www.gaveanews.com\/index.php\/2025\/10\/18\/dybala-gabriel-jesus-e-vitao-as-ultimas-noticias-envolvendo-o-mercado-da-bola-do-flamengo\/","name":"Dybala, Gabriel Jesus e Vit\u00e3o: as \u00faltimas not\u00edcias envolvendo o mercado da bola do Flamengo","isPartOf":{"@id":"https:\/\/www.gaveanews.com\/#website"},"primaryImageOfPage":{"@id":"https:\/\/www.gaveanews.com\/index.php\/2025\/10\/18\/dybala-gabriel-jesus-e-vitao-as-ultimas-noticias-envolvendo-o-mercado-da-bola-do-flamengo\/#primaryimage"},"image":{"@id":"https:\/\/www.gaveanews.com\/index.php\/2025\/10\/18\/dybala-gabriel-jesus-e-vitao-as-ultimas-noticias-envolvendo-o-mercado-da-bola-do-flamengo\/#primaryimage"},"thumbnailUrl":"https:\/\/www.gaveanews.com\/wp-content\/uploads\/Paulo-Dybala-em-acao-pela-Roma-Foto-ReproducaoInstagram.webp","datePublished":"2025-10-18T23:45:00+00:00","author":{"@id":"https:\/\/www.gaveanews.com\/#\/schema\/person\/c88645e3d550d0b6574305e67dd5a716"},"breadcrumb":{"@id":"https:\/\/www.gaveanews.com\/index.php\/2025\/10\/18\/dybala-gabriel-jesus-e-vitao-as-ultimas-noticias-envolvendo-o-mercado-da-bola-do-flamengo\/#breadcrumb"},"inLanguage":"pt-BR","potentialAction":[{"@type":"ReadAction","target":["https:\/\/www.gaveanews.com\/index.php\/2025\/10\/18\/dybala-gabriel-jesus-e-vitao-as-ultimas-noticias-envolvendo-o-mercado-da-bola-do-flamengo\/"]}]},{"@type":"ImageObject","inLanguage":"pt-BR","@id":"https:\/\/www.gaveanews.com\/index.php\/2025\/10\/18\/dybala-gabriel-jesus-e-vitao-as-ultimas-noticias-envolvendo-o-mercado-da-bola-do-flamengo\/#primaryimage","url":"https:\/\/www.gaveanews.com\/wp-content\/uploads\/Paulo-Dybala-em-acao-pela-Roma-Foto-ReproducaoInstagram.webp","contentUrl":"https:\/\/www.gaveanews.com\/wp-content\/uploads\/Paulo-Dybala-em-acao-pela-Roma-Foto-ReproducaoInstagram.webp","width":1391,"height":927,"caption":"Paulo Dybala em a\u00e7\u00e3o pela Roma (Foto Reprodu\u00e7\u00e3o\/Instagram)"},{"@type":"BreadcrumbList","@id":"https:\/\/www.gaveanews.com\/index.php\/2025\/10\/18\/dybala-gabriel-jesus-e-vitao-as-ultimas-noticias-envolvendo-o-mercado-da-bola-do-flamengo\/#breadcrumb","itemListElement":[{"@type":"ListItem","position":1,"name":"Home","item":"https:\/\/www.gaveanews.com\/"},{"@type":"ListItem","position":2,"name":"Dybala, Gabriel Jesus e Vit\u00e3o: as \u00faltimas not\u00edcias envolvendo o mercado da bola do Flamengo"}]},{"@type":"WebSite","@id":"https:\/\/www.gaveanews.com\/#website","url":"https:\/\/www.gaveanews.com\/","name":"G\u00e1vea News","description":"Veja todas as not\u00edcias sobre o Flamengo: Contrata\u00e7\u00f5es, categorias de base, resultados das partidas, tabela de classifica\u00e7\u00e3o, pr\u00f3ximos jogos!","potentialAction":[{"@type":"SearchAction","target":{"@type":"EntryPoint","urlTemplate":"https:\/\/www.gaveanews.com\/?s={search_term_string}"},"query-input":{"@type":"PropertyValueSpecification","valueRequired":true,"valueName":"search_term_string"}}],"inLanguage":"pt-BR"},{"@type":"Person","@id":"https:\/\/www.gaveanews.com\/#\/schema\/person\/c88645e3d550d0b6574305e67dd5a716","name":"Reda\u00e7\u00e3o","image":{"@type":"ImageObject","inLanguage":"pt-BR","@id":"https:\/\/www.gaveanews.com\/#\/schema\/person\/image\/","url":"https:\/\/secure.gravatar.com\/avatar\/434098fd823f0dc1b062d14ca22bacaa6e38de28d8c816bbef6fc2f8c44d8ba3?s=96&d=mm&r=g","contentUrl":"https:\/\/secure.gravatar.com\/avatar\/434098fd823f0dc1b062d14ca22bacaa6e38de28d8c816bbef6fc2f8c44d8ba3?s=96&d=mm&r=g","caption":"Reda\u00e7\u00e3o"}}]}},"_links":{"self":[{"href":"https:\/\/www.gaveanews.com\/index.php\/wp-json\/wp\/v2\/posts\/278817","targetHints":{"allow":["GET"]}}],"collection":[{"href":"https:\/\/www.gaveanews.com\/index.php\/wp-json\/wp\/v2\/posts"}],"about":[{"href":"https:\/\/www.gaveanews.com\/index.php\/wp-json\/wp\/v2\/types\/post"}],"author":[{"embeddable":true,"href":"https:\/\/www.gaveanews.com\/index.php\/wp-json\/wp\/v2\/users\/39"}],"replies":[{"embeddable":true,"href":"https:\/\/www.gaveanews.com\/index.php\/wp-json\/wp\/v2\/comments?post=278817"}],"version-history":[{"count":1,"href":"https:\/\/www.gaveanews.com\/index.php\/wp-json\/wp\/v2\/posts\/278817\/revisions"}],"predecessor-version":[{"id":278830,"href":"https:\/\/www.gaveanews.com\/index.php\/wp-json\/wp\/v2\/posts\/278817\/revisions\/278830"}],"wp:featuredmedia":[{"embeddable":true,"href":"https:\/\/www.gaveanews.com\/index.php\/wp-json\/wp\/v2\/media\/130341"}],"wp:attachment":[{"href":"https:\/\/www.gaveanews.com\/index.php\/wp-json\/wp\/v2\/media?parent=278817"}],"wp:term":[{"taxonomy":"category","embeddable":true,"href":"https:\/\/www.gaveanews.com\/index.php\/wp-json\/wp\/v2\/categories?post=278817"},{"taxonomy":"post_tag","embeddable":true,"href":"https:\/\/www.gaveanews.com\/index.php\/wp-json\/wp\/v2\/tags?post=278817"}],"curies":[{"name":"wp","href":"https:\/\/api.w.org\/{rel}","templated":true}]}}