{"id":278818,"date":"2025-10-18T23:45:00","date_gmt":"2025-10-19T02:45:00","guid":{"rendered":"https:\/\/www.gaveanews.com\/?p=278818"},"modified":"2025-10-18T23:23:48","modified_gmt":"2025-10-19T02:23:48","slug":"jogador-questionado-pela-torcida-do-flamengo-pode-estar-de-saida-do-clube","status":"publish","type":"post","link":"https:\/\/www.gaveanews.com\/index.php\/2025\/10\/18\/jogador-questionado-pela-torcida-do-flamengo-pode-estar-de-saida-do-clube\/","title":{"rendered":"Jogador questionado pela torcida do Flamengo pode estar de sa\u00edda do clube"},"content":{"rendered":"\n<p>A situa\u00e7\u00e3o de Allan no Flamengo ganhou um novo cap\u00edtulo nos bastidores, e pode culminar na sa\u00edda do volante j\u00e1 na pr\u00f3xima janela de transfer\u00eancias. Questionado por parte da torcida desde sua chegada, o jogador perdeu espa\u00e7o no elenco e passou a ser considerado negoci\u00e1vel pela diretoria rubro-negra, que estuda inclu\u00ed-lo em uma poss\u00edvel troca com o Internacional para viabilizar a contrata\u00e7\u00e3o do zagueiro Vit\u00e3o.<\/p>\n\n\n\n<p>Contratado com altas expectativas, Allan n\u00e3o conseguiu se firmar como titular absoluto com nenhum t\u00e9cnico, e segue nessas condi\u00e7\u00f5es sob o comando de Filipe Lu\u00eds. Atualmente, figura entre os reservas e tem enfrentado cr\u00edticas por suas atua\u00e7\u00f5es. Diante desse cen\u00e1rio, a c\u00fapula do Flamengo avalia alternativas que possam minimizar o impacto financeiro de sua perman\u00eancia e, ao mesmo tempo, atender a demandas do setor defensivo.<\/p>\n\n\n\n<p>A negocia\u00e7\u00e3o com o Internacional surge como uma dessas possibilidades. O clube ga\u00facho, que tem interesse em refor\u00e7ar o meio-campo, pode receber Allan como parte do acordo por Vit\u00e3o. O zagueiro, de 25 anos, \u00e9 alvo antigo da diretoria carioca e tem v\u00ednculo com o Inter at\u00e9 o fim de 2026. O Flamengo j\u00e1 tentou contrat\u00e1-lo no in\u00edcio do ano, mas a proposta de R$ 37 milh\u00f5es, somada ao abatimento da d\u00edvida por Thiago Maia, foi recusada pela equipe colorada.<\/p>\n\n\n\n<figure class=\"wp-block-image size-full\"><img loading=\"lazy\" decoding=\"async\" width=\"900\" height=\"600\" src=\"http:\/\/www.gaveanews.com\/wp-content\/uploads\/allan-flamengo.webp\" alt=\"\" class=\"wp-image-145519\" srcset=\"https:\/\/www.gaveanews.com\/wp-content\/uploads\/allan-flamengo.webp 900w, https:\/\/www.gaveanews.com\/wp-content\/uploads\/allan-flamengo-300x200.webp 300w, https:\/\/www.gaveanews.com\/wp-content\/uploads\/allan-flamengo-768x512.webp 768w, https:\/\/www.gaveanews.com\/wp-content\/uploads\/allan-flamengo-630x420.webp 630w, https:\/\/www.gaveanews.com\/wp-content\/uploads\/allan-flamengo-640x427.webp 640w, https:\/\/www.gaveanews.com\/wp-content\/uploads\/allan-flamengo-681x454.webp 681w, https:\/\/www.gaveanews.com\/wp-content\/uploads\/allan-flamengo-100x67.webp 100w\" sizes=\"auto, (max-width: 900px) 100vw, 900px\" \/><figcaption class=\"wp-element-caption\">Allan em a\u00e7\u00e3o pelo Flamengo (Foto: Marcelo Cortes\/Flamengo)<\/figcaption><\/figure>\n\n\n\n<p>Dessa vez, o Flamengo estuda um modelo de negocia\u00e7\u00e3o que inclui valores em dinheiro e a cess\u00e3o de jogadores fora dos planos da comiss\u00e3o t\u00e9cnica. Al\u00e9m de Allan, outros nomes foram cogitados internamente, mas o volante \u00e9 visto como a pe\u00e7a mais vi\u00e1vel para destravar a negocia\u00e7\u00e3o, considerando o contexto atual.<\/p>\n\n\n\n<p>&#8220;Facilitando para o acordo ocorrer&#8221;, conforme descrito por fontes ligadas ao clube, a inclus\u00e3o de Allan tamb\u00e9m atenderia a uma demanda do Inter, que segue com pend\u00eancias financeiras em rela\u00e7\u00e3o \u00e0 compra de Thiago Maia. O Flamengo considera que um acerto judicial pode ser evitado caso ambas as partes encontrem uma solu\u00e7\u00e3o conjunta dentro da nova tratativa.<\/p>\n\n\n\n<p>Embora n\u00e3o haja confirma\u00e7\u00e3o oficial, a negocia\u00e7\u00e3o \u00e9 tratada com seriedade nos bastidores, e a sa\u00edda de Allan, ainda que precoce, n\u00e3o \u00e9 descartada. A avalia\u00e7\u00e3o interna \u00e9 de que, diante do desempenho abaixo do esperado e do alto investimento feito anteriormente, a melhor estrat\u00e9gia pode ser mesmo envolver o jogador em uma troca.<\/p>\n\n\n\n<p>Ali\u00e1s, essa poss\u00edvel movimenta\u00e7\u00e3o tamb\u00e9m reflete o planejamento do Flamengo para 2026. Apesar de estar vivo nas disputas da Libertadores e do Brasileir\u00e3o, o clube j\u00e1 trabalha nos bastidores a reformula\u00e7\u00e3o do elenco. A defesa \u00e9 um dos setores priorit\u00e1rios, sobretudo com a sa\u00edda prevista de Cleiton, que n\u00e3o deve renovar contrato ao fim do ano.<\/p>\n\n\n\n<p>Portanto, a poss\u00edvel inclus\u00e3o de Allan na negocia\u00e7\u00e3o com o Internacional n\u00e3o apenas responde \u00e0 urg\u00eancia de mudan\u00e7as no elenco, como pode viabilizar uma contrata\u00e7\u00e3o estrat\u00e9gica para o setor defensivo, onde Vit\u00e3o \u00e9 visto como nome ideal.<\/p>\n","protected":false},"excerpt":{"rendered":"<p>A situa\u00e7\u00e3o de Allan no Flamengo ganhou um novo cap\u00edtulo nos bastidores, e pode culminar na sa\u00edda do volante j\u00e1 na pr\u00f3xima janela de transfer\u00eancias. Questionado por parte da torcida desde sua chegada, o jogador perdeu espa\u00e7o no elenco e passou a ser considerado negoci\u00e1vel pela diretoria rubro-negra, que estuda inclu\u00ed-lo em uma poss\u00edvel troca [&hellip;]<\/p>\n","protected":false},"author":39,"featured_media":127354,"comment_status":"open","ping_status":"closed","sticky":false,"template":"","format":"standard","meta":{"footnotes":""},"categories":[1],"tags":[],"class_list":["post-278818","post","type-post","status-publish","format-standard","has-post-thumbnail","hentry","category-flamengo"],"yoast_head":"<!-- This site is optimized with the Yoast SEO Premium plugin v24.2 (Yoast SEO v26.9) - https:\/\/yoast.com\/product\/yoast-seo-premium-wordpress\/ -->\n<title>Jogador questionado pela torcida do Flamengo pode estar de sa\u00edda do clube<\/title>\n<meta name=\"robots\" content=\"index, follow, max-snippet:-1, max-image-preview:large, max-video-preview:-1\" \/>\n<link rel=\"canonical\" href=\"https:\/\/www.gaveanews.com\/index.php\/2025\/10\/18\/jogador-questionado-pela-torcida-do-flamengo-pode-estar-de-saida-do-clube\/\" \/>\n<meta property=\"og:locale\" content=\"pt_BR\" \/>\n<meta property=\"og:type\" content=\"article\" \/>\n<meta property=\"og:title\" content=\"Jogador questionado pela torcida do Flamengo pode estar de sa\u00edda do clube\" \/>\n<meta property=\"og:description\" content=\"A situa\u00e7\u00e3o de Allan no Flamengo ganhou um novo cap\u00edtulo nos bastidores, e pode culminar na sa\u00edda do volante j\u00e1 na pr\u00f3xima janela de transfer\u00eancias. Questionado por parte da torcida desde sua chegada, o jogador perdeu espa\u00e7o no elenco e passou a ser considerado negoci\u00e1vel pela diretoria rubro-negra, que estuda inclu\u00ed-lo em uma poss\u00edvel troca [&hellip;]\" \/>\n<meta property=\"og:url\" content=\"https:\/\/www.gaveanews.com\/index.php\/2025\/10\/18\/jogador-questionado-pela-torcida-do-flamengo-pode-estar-de-saida-do-clube\/\" \/>\n<meta property=\"og:site_name\" content=\"G\u00e1vea News\" \/>\n<meta property=\"article:publisher\" content=\"https:\/\/facebook.com\/gaveaNews\/\" \/>\n<meta property=\"article:published_time\" content=\"2025-10-19T02:45:00+00:00\" \/>\n<meta property=\"og:image\" content=\"https:\/\/www.gaveanews.com\/wp-content\/uploads\/camisa-flamengo.webp\" \/>\n\t<meta property=\"og:image:width\" content=\"483\" \/>\n\t<meta property=\"og:image:height\" content=\"322\" \/>\n\t<meta property=\"og:image:type\" content=\"image\/webp\" \/>\n<meta name=\"author\" content=\"Reda\u00e7\u00e3o\" \/>\n<meta name=\"twitter:card\" content=\"summary_large_image\" \/>\n<meta name=\"twitter:label1\" content=\"Escrito por\" \/>\n\t<meta name=\"twitter:data1\" content=\"Reda\u00e7\u00e3o\" \/>\n\t<meta name=\"twitter:label2\" content=\"Est. tempo de leitura\" \/>\n\t<meta name=\"twitter:data2\" content=\"4 minutos\" \/>\n<script type=\"application\/ld+json\" class=\"yoast-schema-graph\">{\"@context\":\"https:\/\/schema.org\",\"@graph\":[{\"@type\":\"NewsArticle\",\"@id\":\"https:\/\/www.gaveanews.com\/index.php\/2025\/10\/18\/jogador-questionado-pela-torcida-do-flamengo-pode-estar-de-saida-do-clube\/#article\",\"isPartOf\":{\"@id\":\"https:\/\/www.gaveanews.com\/index.php\/2025\/10\/18\/jogador-questionado-pela-torcida-do-flamengo-pode-estar-de-saida-do-clube\/\"},\"author\":{\"name\":\"Reda\u00e7\u00e3o\",\"@id\":\"https:\/\/www.gaveanews.com\/#\/schema\/person\/c88645e3d550d0b6574305e67dd5a716\"},\"headline\":\"Jogador questionado pela torcida do Flamengo pode estar de sa\u00edda do clube\",\"datePublished\":\"2025-10-19T02:45:00+00:00\",\"mainEntityOfPage\":{\"@id\":\"https:\/\/www.gaveanews.com\/index.php\/2025\/10\/18\/jogador-questionado-pela-torcida-do-flamengo-pode-estar-de-saida-do-clube\/\"},\"wordCount\":542,\"commentCount\":0,\"image\":{\"@id\":\"https:\/\/www.gaveanews.com\/index.php\/2025\/10\/18\/jogador-questionado-pela-torcida-do-flamengo-pode-estar-de-saida-do-clube\/#primaryimage\"},\"thumbnailUrl\":\"https:\/\/www.gaveanews.com\/wp-content\/uploads\/camisa-flamengo.webp\",\"articleSection\":[\"Flamengo\"],\"inLanguage\":\"pt-BR\",\"potentialAction\":[{\"@type\":\"CommentAction\",\"name\":\"Comment\",\"target\":[\"https:\/\/www.gaveanews.com\/index.php\/2025\/10\/18\/jogador-questionado-pela-torcida-do-flamengo-pode-estar-de-saida-do-clube\/#respond\"]}],\"copyrightYear\":\"2025\",\"copyrightHolder\":{\"@id\":\"https:\/\/www.gaveanews.com\/#organization\"}},{\"@type\":\"WebPage\",\"@id\":\"https:\/\/www.gaveanews.com\/index.php\/2025\/10\/18\/jogador-questionado-pela-torcida-do-flamengo-pode-estar-de-saida-do-clube\/\",\"url\":\"https:\/\/www.gaveanews.com\/index.php\/2025\/10\/18\/jogador-questionado-pela-torcida-do-flamengo-pode-estar-de-saida-do-clube\/\",\"name\":\"Jogador questionado pela torcida do Flamengo pode estar de sa\u00edda do clube\",\"isPartOf\":{\"@id\":\"https:\/\/www.gaveanews.com\/#website\"},\"primaryImageOfPage\":{\"@id\":\"https:\/\/www.gaveanews.com\/index.php\/2025\/10\/18\/jogador-questionado-pela-torcida-do-flamengo-pode-estar-de-saida-do-clube\/#primaryimage\"},\"image\":{\"@id\":\"https:\/\/www.gaveanews.com\/index.php\/2025\/10\/18\/jogador-questionado-pela-torcida-do-flamengo-pode-estar-de-saida-do-clube\/#primaryimage\"},\"thumbnailUrl\":\"https:\/\/www.gaveanews.com\/wp-content\/uploads\/camisa-flamengo.webp\",\"datePublished\":\"2025-10-19T02:45:00+00:00\",\"author\":{\"@id\":\"https:\/\/www.gaveanews.com\/#\/schema\/person\/c88645e3d550d0b6574305e67dd5a716\"},\"breadcrumb\":{\"@id\":\"https:\/\/www.gaveanews.com\/index.php\/2025\/10\/18\/jogador-questionado-pela-torcida-do-flamengo-pode-estar-de-saida-do-clube\/#breadcrumb\"},\"inLanguage\":\"pt-BR\",\"potentialAction\":[{\"@type\":\"ReadAction\",\"target\":[\"https:\/\/www.gaveanews.com\/index.php\/2025\/10\/18\/jogador-questionado-pela-torcida-do-flamengo-pode-estar-de-saida-do-clube\/\"]}]},{\"@type\":\"ImageObject\",\"inLanguage\":\"pt-BR\",\"@id\":\"https:\/\/www.gaveanews.com\/index.php\/2025\/10\/18\/jogador-questionado-pela-torcida-do-flamengo-pode-estar-de-saida-do-clube\/#primaryimage\",\"url\":\"https:\/\/www.gaveanews.com\/wp-content\/uploads\/camisa-flamengo.webp\",\"contentUrl\":\"https:\/\/www.gaveanews.com\/wp-content\/uploads\/camisa-flamengo.webp\",\"width\":483,\"height\":322,\"caption\":\"Escudo do Flamengo (Foto: Reprodu\u00e7\u00e3o)\"},{\"@type\":\"BreadcrumbList\",\"@id\":\"https:\/\/www.gaveanews.com\/index.php\/2025\/10\/18\/jogador-questionado-pela-torcida-do-flamengo-pode-estar-de-saida-do-clube\/#breadcrumb\",\"itemListElement\":[{\"@type\":\"ListItem\",\"position\":1,\"name\":\"Home\",\"item\":\"https:\/\/www.gaveanews.com\/\"},{\"@type\":\"ListItem\",\"position\":2,\"name\":\"Jogador questionado pela torcida do Flamengo pode estar de sa\u00edda do clube\"}]},{\"@type\":\"WebSite\",\"@id\":\"https:\/\/www.gaveanews.com\/#website\",\"url\":\"https:\/\/www.gaveanews.com\/\",\"name\":\"G\u00e1vea News\",\"description\":\"Veja todas as not\u00edcias sobre o Flamengo: Contrata\u00e7\u00f5es, categorias de base, resultados das partidas, tabela de classifica\u00e7\u00e3o, pr\u00f3ximos jogos!\",\"potentialAction\":[{\"@type\":\"SearchAction\",\"target\":{\"@type\":\"EntryPoint\",\"urlTemplate\":\"https:\/\/www.gaveanews.com\/?s={search_term_string}\"},\"query-input\":{\"@type\":\"PropertyValueSpecification\",\"valueRequired\":true,\"valueName\":\"search_term_string\"}}],\"inLanguage\":\"pt-BR\"},{\"@type\":\"Person\",\"@id\":\"https:\/\/www.gaveanews.com\/#\/schema\/person\/c88645e3d550d0b6574305e67dd5a716\",\"name\":\"Reda\u00e7\u00e3o\",\"image\":{\"@type\":\"ImageObject\",\"inLanguage\":\"pt-BR\",\"@id\":\"https:\/\/www.gaveanews.com\/#\/schema\/person\/image\/\",\"url\":\"https:\/\/secure.gravatar.com\/avatar\/434098fd823f0dc1b062d14ca22bacaa6e38de28d8c816bbef6fc2f8c44d8ba3?s=96&d=mm&r=g\",\"contentUrl\":\"https:\/\/secure.gravatar.com\/avatar\/434098fd823f0dc1b062d14ca22bacaa6e38de28d8c816bbef6fc2f8c44d8ba3?s=96&d=mm&r=g\",\"caption\":\"Reda\u00e7\u00e3o\"}}]}<\/script>\n<!-- \/ Yoast SEO Premium plugin. -->","yoast_head_json":{"title":"Jogador questionado pela torcida do Flamengo pode estar de sa\u00edda do clube","robots":{"index":"index","follow":"follow","max-snippet":"max-snippet:-1","max-image-preview":"max-image-preview:large","max-video-preview":"max-video-preview:-1"},"canonical":"https:\/\/www.gaveanews.com\/index.php\/2025\/10\/18\/jogador-questionado-pela-torcida-do-flamengo-pode-estar-de-saida-do-clube\/","og_locale":"pt_BR","og_type":"article","og_title":"Jogador questionado pela torcida do Flamengo pode estar de sa\u00edda do clube","og_description":"A situa\u00e7\u00e3o de Allan no Flamengo ganhou um novo cap\u00edtulo nos bastidores, e pode culminar na sa\u00edda do volante j\u00e1 na pr\u00f3xima janela de transfer\u00eancias. Questionado por parte da torcida desde sua chegada, o jogador perdeu espa\u00e7o no elenco e passou a ser considerado negoci\u00e1vel pela diretoria rubro-negra, que estuda inclu\u00ed-lo em uma poss\u00edvel troca [&hellip;]","og_url":"https:\/\/www.gaveanews.com\/index.php\/2025\/10\/18\/jogador-questionado-pela-torcida-do-flamengo-pode-estar-de-saida-do-clube\/","og_site_name":"G\u00e1vea News","article_publisher":"https:\/\/facebook.com\/gaveaNews\/","article_published_time":"2025-10-19T02:45:00+00:00","og_image":[{"width":483,"height":322,"url":"https:\/\/www.gaveanews.com\/wp-content\/uploads\/camisa-flamengo.webp","type":"image\/webp"}],"author":"Reda\u00e7\u00e3o","twitter_card":"summary_large_image","twitter_misc":{"Escrito por":"Reda\u00e7\u00e3o","Est. tempo de leitura":"4 minutos"},"schema":{"@context":"https:\/\/schema.org","@graph":[{"@type":"NewsArticle","@id":"https:\/\/www.gaveanews.com\/index.php\/2025\/10\/18\/jogador-questionado-pela-torcida-do-flamengo-pode-estar-de-saida-do-clube\/#article","isPartOf":{"@id":"https:\/\/www.gaveanews.com\/index.php\/2025\/10\/18\/jogador-questionado-pela-torcida-do-flamengo-pode-estar-de-saida-do-clube\/"},"author":{"name":"Reda\u00e7\u00e3o","@id":"https:\/\/www.gaveanews.com\/#\/schema\/person\/c88645e3d550d0b6574305e67dd5a716"},"headline":"Jogador questionado pela torcida do Flamengo pode estar de sa\u00edda do clube","datePublished":"2025-10-19T02:45:00+00:00","mainEntityOfPage":{"@id":"https:\/\/www.gaveanews.com\/index.php\/2025\/10\/18\/jogador-questionado-pela-torcida-do-flamengo-pode-estar-de-saida-do-clube\/"},"wordCount":542,"commentCount":0,"image":{"@id":"https:\/\/www.gaveanews.com\/index.php\/2025\/10\/18\/jogador-questionado-pela-torcida-do-flamengo-pode-estar-de-saida-do-clube\/#primaryimage"},"thumbnailUrl":"https:\/\/www.gaveanews.com\/wp-content\/uploads\/camisa-flamengo.webp","articleSection":["Flamengo"],"inLanguage":"pt-BR","potentialAction":[{"@type":"CommentAction","name":"Comment","target":["https:\/\/www.gaveanews.com\/index.php\/2025\/10\/18\/jogador-questionado-pela-torcida-do-flamengo-pode-estar-de-saida-do-clube\/#respond"]}],"copyrightYear":"2025","copyrightHolder":{"@id":"https:\/\/www.gaveanews.com\/#organization"}},{"@type":"WebPage","@id":"https:\/\/www.gaveanews.com\/index.php\/2025\/10\/18\/jogador-questionado-pela-torcida-do-flamengo-pode-estar-de-saida-do-clube\/","url":"https:\/\/www.gaveanews.com\/index.php\/2025\/10\/18\/jogador-questionado-pela-torcida-do-flamengo-pode-estar-de-saida-do-clube\/","name":"Jogador questionado pela torcida do Flamengo pode estar de sa\u00edda do clube","isPartOf":{"@id":"https:\/\/www.gaveanews.com\/#website"},"primaryImageOfPage":{"@id":"https:\/\/www.gaveanews.com\/index.php\/2025\/10\/18\/jogador-questionado-pela-torcida-do-flamengo-pode-estar-de-saida-do-clube\/#primaryimage"},"image":{"@id":"https:\/\/www.gaveanews.com\/index.php\/2025\/10\/18\/jogador-questionado-pela-torcida-do-flamengo-pode-estar-de-saida-do-clube\/#primaryimage"},"thumbnailUrl":"https:\/\/www.gaveanews.com\/wp-content\/uploads\/camisa-flamengo.webp","datePublished":"2025-10-19T02:45:00+00:00","author":{"@id":"https:\/\/www.gaveanews.com\/#\/schema\/person\/c88645e3d550d0b6574305e67dd5a716"},"breadcrumb":{"@id":"https:\/\/www.gaveanews.com\/index.php\/2025\/10\/18\/jogador-questionado-pela-torcida-do-flamengo-pode-estar-de-saida-do-clube\/#breadcrumb"},"inLanguage":"pt-BR","potentialAction":[{"@type":"ReadAction","target":["https:\/\/www.gaveanews.com\/index.php\/2025\/10\/18\/jogador-questionado-pela-torcida-do-flamengo-pode-estar-de-saida-do-clube\/"]}]},{"@type":"ImageObject","inLanguage":"pt-BR","@id":"https:\/\/www.gaveanews.com\/index.php\/2025\/10\/18\/jogador-questionado-pela-torcida-do-flamengo-pode-estar-de-saida-do-clube\/#primaryimage","url":"https:\/\/www.gaveanews.com\/wp-content\/uploads\/camisa-flamengo.webp","contentUrl":"https:\/\/www.gaveanews.com\/wp-content\/uploads\/camisa-flamengo.webp","width":483,"height":322,"caption":"Escudo do Flamengo (Foto: Reprodu\u00e7\u00e3o)"},{"@type":"BreadcrumbList","@id":"https:\/\/www.gaveanews.com\/index.php\/2025\/10\/18\/jogador-questionado-pela-torcida-do-flamengo-pode-estar-de-saida-do-clube\/#breadcrumb","itemListElement":[{"@type":"ListItem","position":1,"name":"Home","item":"https:\/\/www.gaveanews.com\/"},{"@type":"ListItem","position":2,"name":"Jogador questionado pela torcida do Flamengo pode estar de sa\u00edda do clube"}]},{"@type":"WebSite","@id":"https:\/\/www.gaveanews.com\/#website","url":"https:\/\/www.gaveanews.com\/","name":"G\u00e1vea News","description":"Veja todas as not\u00edcias sobre o Flamengo: Contrata\u00e7\u00f5es, categorias de base, resultados das partidas, tabela de classifica\u00e7\u00e3o, pr\u00f3ximos jogos!","potentialAction":[{"@type":"SearchAction","target":{"@type":"EntryPoint","urlTemplate":"https:\/\/www.gaveanews.com\/?s={search_term_string}"},"query-input":{"@type":"PropertyValueSpecification","valueRequired":true,"valueName":"search_term_string"}}],"inLanguage":"pt-BR"},{"@type":"Person","@id":"https:\/\/www.gaveanews.com\/#\/schema\/person\/c88645e3d550d0b6574305e67dd5a716","name":"Reda\u00e7\u00e3o","image":{"@type":"ImageObject","inLanguage":"pt-BR","@id":"https:\/\/www.gaveanews.com\/#\/schema\/person\/image\/","url":"https:\/\/secure.gravatar.com\/avatar\/434098fd823f0dc1b062d14ca22bacaa6e38de28d8c816bbef6fc2f8c44d8ba3?s=96&d=mm&r=g","contentUrl":"https:\/\/secure.gravatar.com\/avatar\/434098fd823f0dc1b062d14ca22bacaa6e38de28d8c816bbef6fc2f8c44d8ba3?s=96&d=mm&r=g","caption":"Reda\u00e7\u00e3o"}}]}},"_links":{"self":[{"href":"https:\/\/www.gaveanews.com\/index.php\/wp-json\/wp\/v2\/posts\/278818","targetHints":{"allow":["GET"]}}],"collection":[{"href":"https:\/\/www.gaveanews.com\/index.php\/wp-json\/wp\/v2\/posts"}],"about":[{"href":"https:\/\/www.gaveanews.com\/index.php\/wp-json\/wp\/v2\/types\/post"}],"author":[{"embeddable":true,"href":"https:\/\/www.gaveanews.com\/index.php\/wp-json\/wp\/v2\/users\/39"}],"replies":[{"embeddable":true,"href":"https:\/\/www.gaveanews.com\/index.php\/wp-json\/wp\/v2\/comments?post=278818"}],"version-history":[{"count":1,"href":"https:\/\/www.gaveanews.com\/index.php\/wp-json\/wp\/v2\/posts\/278818\/revisions"}],"predecessor-version":[{"id":278837,"href":"https:\/\/www.gaveanews.com\/index.php\/wp-json\/wp\/v2\/posts\/278818\/revisions\/278837"}],"wp:featuredmedia":[{"embeddable":true,"href":"https:\/\/www.gaveanews.com\/index.php\/wp-json\/wp\/v2\/media\/127354"}],"wp:attachment":[{"href":"https:\/\/www.gaveanews.com\/index.php\/wp-json\/wp\/v2\/media?parent=278818"}],"wp:term":[{"taxonomy":"category","embeddable":true,"href":"https:\/\/www.gaveanews.com\/index.php\/wp-json\/wp\/v2\/categories?post=278818"},{"taxonomy":"post_tag","embeddable":true,"href":"https:\/\/www.gaveanews.com\/index.php\/wp-json\/wp\/v2\/tags?post=278818"}],"curies":[{"name":"wp","href":"https:\/\/api.w.org\/{rel}","templated":true}]}}