{"id":278840,"date":"2025-10-19T17:00:00","date_gmt":"2025-10-19T20:00:00","guid":{"rendered":"https:\/\/www.gaveanews.com\/?p=278840"},"modified":"2025-10-19T17:06:44","modified_gmt":"2025-10-19T20:06:44","slug":"flamengo-x-palmeiras-a-declaracao-de-jorginho","status":"publish","type":"post","link":"https:\/\/www.gaveanews.com\/index.php\/2025\/10\/19\/flamengo-x-palmeiras-a-declaracao-de-jorginho\/","title":{"rendered":"Flamengo x Palmeiras: a declara\u00e7\u00e3o de Jorginho"},"content":{"rendered":"\n<p>Em um dos jogos mais aguardados da reta final do Brasileir\u00e3o, o Flamengo encerrou o primeiro tempo vencendo o Palmeiras por 3 a 1, neste domingo (19), no Maracan\u00e3. A partida, cercada de tens\u00e3o e lances pol\u00eamicos, ficou marcada n\u00e3o apenas pelo placar parcial expressivo, mas tamb\u00e9m pela atua\u00e7\u00e3o madura do meio-campo rubro-negro. <\/p>\n\n\n\n<p>Um dos protagonistas da etapa inicial, o volante Jorginho converteu um p\u00eanalti e valorizou o comportamento da equipe diante das exig\u00eancias da partida.<\/p>\n\n\n\n<blockquote class=\"wp-block-quote is-layout-flow wp-block-quote-is-layout-flow\">\n<p>\u201cAcredito que a gente tem que entender o jogo. Quando o jogo pede uma coisa, a gente est\u00e1 sabendo fazer, e quando o jogo pede outra, a gente est\u00e1 entendendo. Tem que aproveitar os nossos momentos. Hoje, eles tiveram um pouquinho mais de controle, mas no fim as oportunidades que a gente criou, a gente foi determinante\u201d. <\/p>\n\n\n\n<p>\u201cE o jogo \u00e9 muito importante, a gente tem que entender cada fase do jogo, cada momento, e \u00e9 o que a gente est\u00e1 fazendo. \u00c9 importante ganhar esse jogo hoje\u201d, disse Jorginho, na sa\u00edda para o intervalo.<\/p>\n<\/blockquote>\n\n\n\n<h3 class=\"wp-block-heading\" id=\"h-flamengo-eficaz-em-meio-a-pressao-palmeirense\">Flamengo eficaz em meio \u00e0 press\u00e3o palmeirense<\/h3>\n\n\n\n<p>A equipe paulista iniciou o confronto com mais volume de jogo e presen\u00e7a no campo ofensivo. Contudo, o Flamengo foi mais eficiente. Logo aos 9 minutos, Pedro recebeu de Rossi, girou sobre a marca\u00e7\u00e3o e acionou Arrascaeta, que finalizou com precis\u00e3o para abrir o placar no Maracan\u00e3.<\/p>\n\n\n\n<p>O empate veio aos 24 minutos, quando o lateral Khellven cruzou na medida para Vitor Roque cabecear no contrap\u00e9 de Rossi. O lance gerou insatisfa\u00e7\u00e3o no time carioca, j\u00e1 que ocorreu enquanto L\u00e9o Ortiz ainda recebia atendimento fora de campo e a substitui\u00e7\u00e3o por Danilo n\u00e3o havia sido realizada.<\/p>\n\n\n\n<p>Segundo informa\u00e7\u00f5es divulgadas pelo rep\u00f3rter Marcelo Courrege, da TV Globo, Filipe Lu\u00eds demonstrou insatisfa\u00e7\u00e3o com a falta de comunica\u00e7\u00e3o do departamento m\u00e9dico, o que atrasou a entrada do substituto e resultou no gol palmeirense.<\/p>\n\n\n\n<h3 class=\"wp-block-heading\" id=\"h-penalti-e-falha-decisiva-ampliam-vantagem-rubro-negra\">P\u00eanalti e falha decisiva ampliam vantagem rubro-negra<\/h3>\n\n\n\n<p>Mesmo ap\u00f3s o empate, o Flamengo voltou a ser efetivo em suas investidas. Aos 37 minutos, Pedro foi derrubado na \u00e1rea por Bruno Fuchs. O \u00e1rbitro Wilton Pereira Sampaio assinalou a penalidade, e Jorginho converteu com tranquilidade, deslocando o goleiro Carlos Miguel.<\/p>\n\n\n\n<p>Ainda antes do intervalo, Pedro voltou a marcar. Aos 44, o camisa 9 roubou a bola de An\u00edbal Moreno na intermedi\u00e1ria e finalizou sem chances para o arqueiro alviverde. O atacante, que sofreu o p\u00eanalti anterior, encerrou a primeira etapa como principal destaque ofensivo.<\/p>\n\n\n\n<h3 class=\"wp-block-heading\" id=\"h-classico-iguala-pontuacao-na-tabela\">Cl\u00e1ssico iguala pontua\u00e7\u00e3o na tabela<\/h3>\n\n\n\n<p>Com o resultado parcial, Flamengo e Palmeiras chegam aos mesmos 61 pontos. A equipe paulista, no entanto, mant\u00e9m-se \u00e0 frente pelos crit\u00e9rios de desempate, especialmente o saldo de gols.<\/p>\n","protected":false},"excerpt":{"rendered":"<p>Em um dos jogos mais aguardados da reta final do Brasileir\u00e3o, o Flamengo encerrou o primeiro tempo vencendo o Palmeiras por 3 a 1, neste domingo (19), no Maracan\u00e3. A partida, cercada de tens\u00e3o e lances pol\u00eamicos, ficou marcada n\u00e3o apenas pelo placar parcial expressivo, mas tamb\u00e9m pela atua\u00e7\u00e3o madura do meio-campo rubro-negro. Um dos [&hellip;]<\/p>\n","protected":false},"author":30,"featured_media":278841,"comment_status":"open","ping_status":"closed","sticky":false,"template":"","format":"standard","meta":{"footnotes":""},"categories":[1],"tags":[],"class_list":["post-278840","post","type-post","status-publish","format-standard","has-post-thumbnail","hentry","category-flamengo"],"yoast_head":"<!-- This site is optimized with the Yoast SEO Premium plugin v24.2 (Yoast SEO v26.9) - https:\/\/yoast.com\/product\/yoast-seo-premium-wordpress\/ -->\n<title>Flamengo x Palmeiras: a declara\u00e7\u00e3o de Jorginho<\/title>\n<meta name=\"robots\" content=\"index, follow, max-snippet:-1, max-image-preview:large, max-video-preview:-1\" \/>\n<link rel=\"canonical\" href=\"https:\/\/www.gaveanews.com\/index.php\/2025\/10\/19\/flamengo-x-palmeiras-a-declaracao-de-jorginho\/\" \/>\n<meta property=\"og:locale\" content=\"pt_BR\" \/>\n<meta property=\"og:type\" content=\"article\" \/>\n<meta property=\"og:title\" content=\"Flamengo x Palmeiras: a declara\u00e7\u00e3o de Jorginho\" \/>\n<meta property=\"og:description\" content=\"Em um dos jogos mais aguardados da reta final do Brasileir\u00e3o, o Flamengo encerrou o primeiro tempo vencendo o Palmeiras por 3 a 1, neste domingo (19), no Maracan\u00e3. A partida, cercada de tens\u00e3o e lances pol\u00eamicos, ficou marcada n\u00e3o apenas pelo placar parcial expressivo, mas tamb\u00e9m pela atua\u00e7\u00e3o madura do meio-campo rubro-negro. Um dos [&hellip;]\" \/>\n<meta property=\"og:url\" content=\"https:\/\/www.gaveanews.com\/index.php\/2025\/10\/19\/flamengo-x-palmeiras-a-declaracao-de-jorginho\/\" \/>\n<meta property=\"og:site_name\" content=\"G\u00e1vea News\" \/>\n<meta property=\"article:publisher\" content=\"https:\/\/facebook.com\/gaveaNews\/\" \/>\n<meta property=\"article:published_time\" content=\"2025-10-19T20:00:00+00:00\" \/>\n<meta property=\"article:modified_time\" content=\"2025-10-19T20:06:44+00:00\" \/>\n<meta property=\"og:image\" content=\"http:\/\/www.gaveanews.com\/wp-content\/uploads\/Jorginho-comemorando-gol-de-Arrascaeta-em-vitoria-do-Flamengo-no-Maracana.jpg\" \/>\n\t<meta property=\"og:image:width\" content=\"1280\" \/>\n\t<meta property=\"og:image:height\" content=\"960\" \/>\n\t<meta property=\"og:image:type\" content=\"image\/jpeg\" \/>\n<meta name=\"author\" content=\"Ana Teixeira\" \/>\n<meta name=\"twitter:card\" content=\"summary_large_image\" \/>\n<meta name=\"twitter:label1\" content=\"Escrito por\" \/>\n\t<meta name=\"twitter:data1\" content=\"Ana Teixeira\" \/>\n\t<meta name=\"twitter:label2\" content=\"Est. tempo de leitura\" \/>\n\t<meta name=\"twitter:data2\" content=\"3 minutos\" \/>\n<script type=\"application\/ld+json\" class=\"yoast-schema-graph\">{\"@context\":\"https:\/\/schema.org\",\"@graph\":[{\"@type\":\"NewsArticle\",\"@id\":\"https:\/\/www.gaveanews.com\/index.php\/2025\/10\/19\/flamengo-x-palmeiras-a-declaracao-de-jorginho\/#article\",\"isPartOf\":{\"@id\":\"https:\/\/www.gaveanews.com\/index.php\/2025\/10\/19\/flamengo-x-palmeiras-a-declaracao-de-jorginho\/\"},\"author\":{\"name\":\"Ana Teixeira\",\"@id\":\"https:\/\/www.gaveanews.com\/#\/schema\/person\/3b19f7288b0ce20372991275e4f2e6c2\"},\"headline\":\"Flamengo x Palmeiras: a declara\u00e7\u00e3o de Jorginho\",\"datePublished\":\"2025-10-19T20:00:00+00:00\",\"dateModified\":\"2025-10-19T20:06:44+00:00\",\"mainEntityOfPage\":{\"@id\":\"https:\/\/www.gaveanews.com\/index.php\/2025\/10\/19\/flamengo-x-palmeiras-a-declaracao-de-jorginho\/\"},\"wordCount\":461,\"commentCount\":0,\"image\":{\"@id\":\"https:\/\/www.gaveanews.com\/index.php\/2025\/10\/19\/flamengo-x-palmeiras-a-declaracao-de-jorginho\/#primaryimage\"},\"thumbnailUrl\":\"https:\/\/www.gaveanews.com\/wp-content\/uploads\/Jorginho-comemorando-gol-de-Arrascaeta-em-vitoria-do-Flamengo-no-Maracana.jpg\",\"articleSection\":[\"Flamengo\"],\"inLanguage\":\"pt-BR\",\"potentialAction\":[{\"@type\":\"CommentAction\",\"name\":\"Comment\",\"target\":[\"https:\/\/www.gaveanews.com\/index.php\/2025\/10\/19\/flamengo-x-palmeiras-a-declaracao-de-jorginho\/#respond\"]}],\"copyrightYear\":\"2025\",\"copyrightHolder\":{\"@id\":\"https:\/\/www.gaveanews.com\/#organization\"}},{\"@type\":\"WebPage\",\"@id\":\"https:\/\/www.gaveanews.com\/index.php\/2025\/10\/19\/flamengo-x-palmeiras-a-declaracao-de-jorginho\/\",\"url\":\"https:\/\/www.gaveanews.com\/index.php\/2025\/10\/19\/flamengo-x-palmeiras-a-declaracao-de-jorginho\/\",\"name\":\"Flamengo x Palmeiras: a declara\u00e7\u00e3o de Jorginho\",\"isPartOf\":{\"@id\":\"https:\/\/www.gaveanews.com\/#website\"},\"primaryImageOfPage\":{\"@id\":\"https:\/\/www.gaveanews.com\/index.php\/2025\/10\/19\/flamengo-x-palmeiras-a-declaracao-de-jorginho\/#primaryimage\"},\"image\":{\"@id\":\"https:\/\/www.gaveanews.com\/index.php\/2025\/10\/19\/flamengo-x-palmeiras-a-declaracao-de-jorginho\/#primaryimage\"},\"thumbnailUrl\":\"https:\/\/www.gaveanews.com\/wp-content\/uploads\/Jorginho-comemorando-gol-de-Arrascaeta-em-vitoria-do-Flamengo-no-Maracana.jpg\",\"datePublished\":\"2025-10-19T20:00:00+00:00\",\"dateModified\":\"2025-10-19T20:06:44+00:00\",\"author\":{\"@id\":\"https:\/\/www.gaveanews.com\/#\/schema\/person\/3b19f7288b0ce20372991275e4f2e6c2\"},\"breadcrumb\":{\"@id\":\"https:\/\/www.gaveanews.com\/index.php\/2025\/10\/19\/flamengo-x-palmeiras-a-declaracao-de-jorginho\/#breadcrumb\"},\"inLanguage\":\"pt-BR\",\"potentialAction\":[{\"@type\":\"ReadAction\",\"target\":[\"https:\/\/www.gaveanews.com\/index.php\/2025\/10\/19\/flamengo-x-palmeiras-a-declaracao-de-jorginho\/\"]}]},{\"@type\":\"ImageObject\",\"inLanguage\":\"pt-BR\",\"@id\":\"https:\/\/www.gaveanews.com\/index.php\/2025\/10\/19\/flamengo-x-palmeiras-a-declaracao-de-jorginho\/#primaryimage\",\"url\":\"https:\/\/www.gaveanews.com\/wp-content\/uploads\/Jorginho-comemorando-gol-de-Arrascaeta-em-vitoria-do-Flamengo-no-Maracana.jpg\",\"contentUrl\":\"https:\/\/www.gaveanews.com\/wp-content\/uploads\/Jorginho-comemorando-gol-de-Arrascaeta-em-vitoria-do-Flamengo-no-Maracana.jpg\",\"width\":1280,\"height\":960,\"caption\":\"Jorginho comemorando gol de Arrascaeta no Maracan\u00e3 (Foto: Adriano Fontes\/CRF)\"},{\"@type\":\"BreadcrumbList\",\"@id\":\"https:\/\/www.gaveanews.com\/index.php\/2025\/10\/19\/flamengo-x-palmeiras-a-declaracao-de-jorginho\/#breadcrumb\",\"itemListElement\":[{\"@type\":\"ListItem\",\"position\":1,\"name\":\"Home\",\"item\":\"https:\/\/www.gaveanews.com\/\"},{\"@type\":\"ListItem\",\"position\":2,\"name\":\"Flamengo x Palmeiras: a declara\u00e7\u00e3o de Jorginho\"}]},{\"@type\":\"WebSite\",\"@id\":\"https:\/\/www.gaveanews.com\/#website\",\"url\":\"https:\/\/www.gaveanews.com\/\",\"name\":\"G\u00e1vea News\",\"description\":\"Veja todas as not\u00edcias sobre o Flamengo: Contrata\u00e7\u00f5es, categorias de base, resultados das partidas, tabela de classifica\u00e7\u00e3o, pr\u00f3ximos jogos!\",\"potentialAction\":[{\"@type\":\"SearchAction\",\"target\":{\"@type\":\"EntryPoint\",\"urlTemplate\":\"https:\/\/www.gaveanews.com\/?s={search_term_string}\"},\"query-input\":{\"@type\":\"PropertyValueSpecification\",\"valueRequired\":true,\"valueName\":\"search_term_string\"}}],\"inLanguage\":\"pt-BR\"},{\"@type\":\"Person\",\"@id\":\"https:\/\/www.gaveanews.com\/#\/schema\/person\/3b19f7288b0ce20372991275e4f2e6c2\",\"name\":\"Ana Teixeira\",\"image\":{\"@type\":\"ImageObject\",\"inLanguage\":\"pt-BR\",\"@id\":\"https:\/\/www.gaveanews.com\/#\/schema\/person\/image\/\",\"url\":\"https:\/\/secure.gravatar.com\/avatar\/0a73f5a5258f3fed37fc2fa641892f3f7a4748456d4d4792f9bc550e6c19e06c?s=96&d=mm&r=g\",\"contentUrl\":\"https:\/\/secure.gravatar.com\/avatar\/0a73f5a5258f3fed37fc2fa641892f3f7a4748456d4d4792f9bc550e6c19e06c?s=96&d=mm&r=g\",\"caption\":\"Ana Teixeira\"}}]}<\/script>\n<!-- \/ Yoast SEO Premium plugin. -->","yoast_head_json":{"title":"Flamengo x Palmeiras: a declara\u00e7\u00e3o de Jorginho","robots":{"index":"index","follow":"follow","max-snippet":"max-snippet:-1","max-image-preview":"max-image-preview:large","max-video-preview":"max-video-preview:-1"},"canonical":"https:\/\/www.gaveanews.com\/index.php\/2025\/10\/19\/flamengo-x-palmeiras-a-declaracao-de-jorginho\/","og_locale":"pt_BR","og_type":"article","og_title":"Flamengo x Palmeiras: a declara\u00e7\u00e3o de Jorginho","og_description":"Em um dos jogos mais aguardados da reta final do Brasileir\u00e3o, o Flamengo encerrou o primeiro tempo vencendo o Palmeiras por 3 a 1, neste domingo (19), no Maracan\u00e3. A partida, cercada de tens\u00e3o e lances pol\u00eamicos, ficou marcada n\u00e3o apenas pelo placar parcial expressivo, mas tamb\u00e9m pela atua\u00e7\u00e3o madura do meio-campo rubro-negro. Um dos [&hellip;]","og_url":"https:\/\/www.gaveanews.com\/index.php\/2025\/10\/19\/flamengo-x-palmeiras-a-declaracao-de-jorginho\/","og_site_name":"G\u00e1vea News","article_publisher":"https:\/\/facebook.com\/gaveaNews\/","article_published_time":"2025-10-19T20:00:00+00:00","article_modified_time":"2025-10-19T20:06:44+00:00","og_image":[{"width":1280,"height":960,"url":"http:\/\/www.gaveanews.com\/wp-content\/uploads\/Jorginho-comemorando-gol-de-Arrascaeta-em-vitoria-do-Flamengo-no-Maracana.jpg","type":"image\/jpeg"}],"author":"Ana Teixeira","twitter_card":"summary_large_image","twitter_misc":{"Escrito por":"Ana Teixeira","Est. tempo de leitura":"3 minutos"},"schema":{"@context":"https:\/\/schema.org","@graph":[{"@type":"NewsArticle","@id":"https:\/\/www.gaveanews.com\/index.php\/2025\/10\/19\/flamengo-x-palmeiras-a-declaracao-de-jorginho\/#article","isPartOf":{"@id":"https:\/\/www.gaveanews.com\/index.php\/2025\/10\/19\/flamengo-x-palmeiras-a-declaracao-de-jorginho\/"},"author":{"name":"Ana Teixeira","@id":"https:\/\/www.gaveanews.com\/#\/schema\/person\/3b19f7288b0ce20372991275e4f2e6c2"},"headline":"Flamengo x Palmeiras: a declara\u00e7\u00e3o de Jorginho","datePublished":"2025-10-19T20:00:00+00:00","dateModified":"2025-10-19T20:06:44+00:00","mainEntityOfPage":{"@id":"https:\/\/www.gaveanews.com\/index.php\/2025\/10\/19\/flamengo-x-palmeiras-a-declaracao-de-jorginho\/"},"wordCount":461,"commentCount":0,"image":{"@id":"https:\/\/www.gaveanews.com\/index.php\/2025\/10\/19\/flamengo-x-palmeiras-a-declaracao-de-jorginho\/#primaryimage"},"thumbnailUrl":"https:\/\/www.gaveanews.com\/wp-content\/uploads\/Jorginho-comemorando-gol-de-Arrascaeta-em-vitoria-do-Flamengo-no-Maracana.jpg","articleSection":["Flamengo"],"inLanguage":"pt-BR","potentialAction":[{"@type":"CommentAction","name":"Comment","target":["https:\/\/www.gaveanews.com\/index.php\/2025\/10\/19\/flamengo-x-palmeiras-a-declaracao-de-jorginho\/#respond"]}],"copyrightYear":"2025","copyrightHolder":{"@id":"https:\/\/www.gaveanews.com\/#organization"}},{"@type":"WebPage","@id":"https:\/\/www.gaveanews.com\/index.php\/2025\/10\/19\/flamengo-x-palmeiras-a-declaracao-de-jorginho\/","url":"https:\/\/www.gaveanews.com\/index.php\/2025\/10\/19\/flamengo-x-palmeiras-a-declaracao-de-jorginho\/","name":"Flamengo x Palmeiras: a declara\u00e7\u00e3o de Jorginho","isPartOf":{"@id":"https:\/\/www.gaveanews.com\/#website"},"primaryImageOfPage":{"@id":"https:\/\/www.gaveanews.com\/index.php\/2025\/10\/19\/flamengo-x-palmeiras-a-declaracao-de-jorginho\/#primaryimage"},"image":{"@id":"https:\/\/www.gaveanews.com\/index.php\/2025\/10\/19\/flamengo-x-palmeiras-a-declaracao-de-jorginho\/#primaryimage"},"thumbnailUrl":"https:\/\/www.gaveanews.com\/wp-content\/uploads\/Jorginho-comemorando-gol-de-Arrascaeta-em-vitoria-do-Flamengo-no-Maracana.jpg","datePublished":"2025-10-19T20:00:00+00:00","dateModified":"2025-10-19T20:06:44+00:00","author":{"@id":"https:\/\/www.gaveanews.com\/#\/schema\/person\/3b19f7288b0ce20372991275e4f2e6c2"},"breadcrumb":{"@id":"https:\/\/www.gaveanews.com\/index.php\/2025\/10\/19\/flamengo-x-palmeiras-a-declaracao-de-jorginho\/#breadcrumb"},"inLanguage":"pt-BR","potentialAction":[{"@type":"ReadAction","target":["https:\/\/www.gaveanews.com\/index.php\/2025\/10\/19\/flamengo-x-palmeiras-a-declaracao-de-jorginho\/"]}]},{"@type":"ImageObject","inLanguage":"pt-BR","@id":"https:\/\/www.gaveanews.com\/index.php\/2025\/10\/19\/flamengo-x-palmeiras-a-declaracao-de-jorginho\/#primaryimage","url":"https:\/\/www.gaveanews.com\/wp-content\/uploads\/Jorginho-comemorando-gol-de-Arrascaeta-em-vitoria-do-Flamengo-no-Maracana.jpg","contentUrl":"https:\/\/www.gaveanews.com\/wp-content\/uploads\/Jorginho-comemorando-gol-de-Arrascaeta-em-vitoria-do-Flamengo-no-Maracana.jpg","width":1280,"height":960,"caption":"Jorginho comemorando gol de Arrascaeta no Maracan\u00e3 (Foto: Adriano Fontes\/CRF)"},{"@type":"BreadcrumbList","@id":"https:\/\/www.gaveanews.com\/index.php\/2025\/10\/19\/flamengo-x-palmeiras-a-declaracao-de-jorginho\/#breadcrumb","itemListElement":[{"@type":"ListItem","position":1,"name":"Home","item":"https:\/\/www.gaveanews.com\/"},{"@type":"ListItem","position":2,"name":"Flamengo x Palmeiras: a declara\u00e7\u00e3o de Jorginho"}]},{"@type":"WebSite","@id":"https:\/\/www.gaveanews.com\/#website","url":"https:\/\/www.gaveanews.com\/","name":"G\u00e1vea News","description":"Veja todas as not\u00edcias sobre o Flamengo: Contrata\u00e7\u00f5es, categorias de base, resultados das partidas, tabela de classifica\u00e7\u00e3o, pr\u00f3ximos jogos!","potentialAction":[{"@type":"SearchAction","target":{"@type":"EntryPoint","urlTemplate":"https:\/\/www.gaveanews.com\/?s={search_term_string}"},"query-input":{"@type":"PropertyValueSpecification","valueRequired":true,"valueName":"search_term_string"}}],"inLanguage":"pt-BR"},{"@type":"Person","@id":"https:\/\/www.gaveanews.com\/#\/schema\/person\/3b19f7288b0ce20372991275e4f2e6c2","name":"Ana Teixeira","image":{"@type":"ImageObject","inLanguage":"pt-BR","@id":"https:\/\/www.gaveanews.com\/#\/schema\/person\/image\/","url":"https:\/\/secure.gravatar.com\/avatar\/0a73f5a5258f3fed37fc2fa641892f3f7a4748456d4d4792f9bc550e6c19e06c?s=96&d=mm&r=g","contentUrl":"https:\/\/secure.gravatar.com\/avatar\/0a73f5a5258f3fed37fc2fa641892f3f7a4748456d4d4792f9bc550e6c19e06c?s=96&d=mm&r=g","caption":"Ana Teixeira"}}]}},"_links":{"self":[{"href":"https:\/\/www.gaveanews.com\/index.php\/wp-json\/wp\/v2\/posts\/278840","targetHints":{"allow":["GET"]}}],"collection":[{"href":"https:\/\/www.gaveanews.com\/index.php\/wp-json\/wp\/v2\/posts"}],"about":[{"href":"https:\/\/www.gaveanews.com\/index.php\/wp-json\/wp\/v2\/types\/post"}],"author":[{"embeddable":true,"href":"https:\/\/www.gaveanews.com\/index.php\/wp-json\/wp\/v2\/users\/30"}],"replies":[{"embeddable":true,"href":"https:\/\/www.gaveanews.com\/index.php\/wp-json\/wp\/v2\/comments?post=278840"}],"version-history":[{"count":1,"href":"https:\/\/www.gaveanews.com\/index.php\/wp-json\/wp\/v2\/posts\/278840\/revisions"}],"predecessor-version":[{"id":278842,"href":"https:\/\/www.gaveanews.com\/index.php\/wp-json\/wp\/v2\/posts\/278840\/revisions\/278842"}],"wp:featuredmedia":[{"embeddable":true,"href":"https:\/\/www.gaveanews.com\/index.php\/wp-json\/wp\/v2\/media\/278841"}],"wp:attachment":[{"href":"https:\/\/www.gaveanews.com\/index.php\/wp-json\/wp\/v2\/media?parent=278840"}],"wp:term":[{"taxonomy":"category","embeddable":true,"href":"https:\/\/www.gaveanews.com\/index.php\/wp-json\/wp\/v2\/categories?post=278840"},{"taxonomy":"post_tag","embeddable":true,"href":"https:\/\/www.gaveanews.com\/index.php\/wp-json\/wp\/v2\/tags?post=278840"}],"curies":[{"name":"wp","href":"https:\/\/api.w.org\/{rel}","templated":true}]}}