{"id":278843,"date":"2025-10-19T17:12:35","date_gmt":"2025-10-19T20:12:35","guid":{"rendered":"https:\/\/www.gaveanews.com\/?p=278843"},"modified":"2025-10-19T17:12:40","modified_gmt":"2025-10-19T20:12:40","slug":"flamengo-x-palmeiras-a-declaracao-de-vitor-roque","status":"publish","type":"post","link":"https:\/\/www.gaveanews.com\/index.php\/2025\/10\/19\/flamengo-x-palmeiras-a-declaracao-de-vitor-roque\/","title":{"rendered":"Flamengo x Palmeiras: a declara\u00e7\u00e3o de Vitor Roque"},"content":{"rendered":"\n<p>No cl\u00e1ssico decisivo disputado neste domingo (19), no Maracan\u00e3, o Flamengo encerrou o primeiro tempo vencendo o Palmeiras por 3 a 1, em uma partida marcada por intensidade, lances pol\u00eamicos e insatisfa\u00e7\u00e3o de ambos os lados. <\/p>\n\n\n\n<p>Autor do \u00fanico gol palmeirense na etapa inicial, o atacante Vitor Roque expressou frustra\u00e7\u00e3o com os erros defensivos da equipe e aproveitou para criticar a arbitragem de Wilton Pereira Sampaio.<\/p>\n\n\n\n<blockquote class=\"wp-block-quote is-layout-flow wp-block-quote-is-layout-flow\">\n<p>\u201c\u00c9 bom, \u00e9&#8230; Tr\u00eas falhas nossas que n\u00e3o podemos num jogo grande como esse. E o primeiro gol claramente foi falta deles e o juiz n\u00e3o marcou. Mas agora \u00e9 seguir com a cabe\u00e7a pra cima, escutar o treinador falar e voltar a tentar a vit\u00f3ria\u201d, afirmou o atacante na sa\u00edda de campo.<\/p>\n<\/blockquote>\n\n\n\n<h3 class=\"wp-block-heading\" id=\"h-flamengo-aproveita-falhas-e-constroi-vantagem\">Flamengo aproveita falhas e constr\u00f3i vantagem<\/h3>\n\n\n\n<p>O in\u00edcio da partida foi dominado pelo Palmeiras, que pressionou a sa\u00edda de bola advers\u00e1ria e levou perigo em jogadas de escanteio. Apesar do bom momento dos visitantes, quem abriu o placar foi o time da casa. <\/p>\n\n\n\n<p>Aos 9 minutos, Rossi iniciou contra-ataque em cobran\u00e7a r\u00e1pida de falta. Pedro girou sobre Bruno Fuchs e deu assist\u00eancia para Arrascaeta, que finalizou com precis\u00e3o.<\/p>\n\n\n\n<p>A equipe paulista respondeu aos 24 minutos. Khellven cruzou na medida, e Vitor Roque cabeceou firme no contrap\u00e9 de Rossi, igualando o marcador. <\/p>\n\n\n\n<p>No entanto, o empate ocorreu enquanto o Flamengo estava com um jogador a menos, ap\u00f3s L\u00e9o Ortiz deixar o campo para atendimento m\u00e9dico e Danilo ainda n\u00e3o ter sido autorizado a entrar.<\/p>\n\n\n\n<h3 class=\"wp-block-heading\" id=\"h-reclamacoes-de-ambos-os-lados-marcam-a-partida\">Reclama\u00e7\u00f5es de ambos os lados marcam a partida<\/h3>\n\n\n\n<p>A arbitragem foi um dos focos de reclama\u00e7\u00e3o no primeiro tempo. Al\u00e9m da insatisfa\u00e7\u00e3o com a n\u00e3o substitui\u00e7\u00e3o de L\u00e9o Ortiz, que culminou no gol palmeirense, o time paulista protestou contra tr\u00eas decis\u00f5es do \u00e1rbitro. <\/p>\n\n\n\n<p>O Palmeiras reclamou de um poss\u00edvel p\u00eanalti n\u00e3o assinalado em Gustavo G\u00f3mez, de um pis\u00e3o de Pulgar em Maur\u00edcio e da jogada que originou o segundo gol rubro-negro.<\/p>\n\n\n\n<p>Segundo PC Oliveira, comentarista de arbitragem da TV Globo, houve infra\u00e7\u00e3o em G\u00f3mez dentro da \u00e1rea, mas n\u00e3o foi identificada falta de Pedro sobre Fuchs no lance que resultou na penalidade a favor do Flamengo.<\/p>\n\n\n\n<h3 class=\"wp-block-heading\" id=\"h-pedro-decide-e-amplia-vantagem-no-fim-da-etapa\">Pedro decide e amplia vantagem no fim da etapa<\/h3>\n\n\n\n<p>O Flamengo voltou a atacar com efici\u00eancia. Aos 37 minutos, Pedro sofreu p\u00eanalti ap\u00f3s disputa com Fuchs. Jorginho cobrou com tranquilidade e fez o segundo dos cariocas. <\/p>\n\n\n\n<p>Pouco depois, aos 44, o camisa 9 da G\u00e1vea recuperou bola na intermedi\u00e1ria ap\u00f3s erro de An\u00edbal Moreno e, cara a cara com Carlos Miguel, marcou o terceiro gol da equipe.<\/p>\n\n\n\n<p>A primeira etapa terminou com o Flamengo mais eficaz nas conclus\u00f5es, enquanto o Palmeiras teve maior posse e volume ofensivo. Com o resultado parcial, ambas as equipes igualam os 61 pontos na tabela, embora o time paulista siga \u00e0 frente no saldo de gols.<\/p>\n","protected":false},"excerpt":{"rendered":"<p>No cl\u00e1ssico decisivo disputado neste domingo (19), no Maracan\u00e3, o Flamengo encerrou o primeiro tempo vencendo o Palmeiras por 3 a 1, em uma partida marcada por intensidade, lances pol\u00eamicos e insatisfa\u00e7\u00e3o de ambos os lados. Autor do \u00fanico gol palmeirense na etapa inicial, o atacante Vitor Roque expressou frustra\u00e7\u00e3o com os erros defensivos da [&hellip;]<\/p>\n","protected":false},"author":30,"featured_media":268980,"comment_status":"open","ping_status":"closed","sticky":false,"template":"","format":"standard","meta":{"footnotes":""},"categories":[1],"tags":[],"class_list":["post-278843","post","type-post","status-publish","format-standard","has-post-thumbnail","hentry","category-flamengo"],"yoast_head":"<!-- This site is optimized with the Yoast SEO Premium plugin v24.2 (Yoast SEO v26.9) - https:\/\/yoast.com\/product\/yoast-seo-premium-wordpress\/ -->\n<title>Flamengo x Palmeiras: a declara\u00e7\u00e3o de Vitor Roque<\/title>\n<meta name=\"robots\" content=\"index, follow, max-snippet:-1, max-image-preview:large, max-video-preview:-1\" \/>\n<link rel=\"canonical\" href=\"https:\/\/www.gaveanews.com\/index.php\/2025\/10\/19\/flamengo-x-palmeiras-a-declaracao-de-vitor-roque\/\" \/>\n<meta property=\"og:locale\" content=\"pt_BR\" \/>\n<meta property=\"og:type\" content=\"article\" \/>\n<meta property=\"og:title\" content=\"Flamengo x Palmeiras: a declara\u00e7\u00e3o de Vitor Roque\" \/>\n<meta property=\"og:description\" content=\"No cl\u00e1ssico decisivo disputado neste domingo (19), no Maracan\u00e3, o Flamengo encerrou o primeiro tempo vencendo o Palmeiras por 3 a 1, em uma partida marcada por intensidade, lances pol\u00eamicos e insatisfa\u00e7\u00e3o de ambos os lados. Autor do \u00fanico gol palmeirense na etapa inicial, o atacante Vitor Roque expressou frustra\u00e7\u00e3o com os erros defensivos da [&hellip;]\" \/>\n<meta property=\"og:url\" content=\"https:\/\/www.gaveanews.com\/index.php\/2025\/10\/19\/flamengo-x-palmeiras-a-declaracao-de-vitor-roque\/\" \/>\n<meta property=\"og:site_name\" content=\"G\u00e1vea News\" \/>\n<meta property=\"article:publisher\" content=\"https:\/\/facebook.com\/gaveaNews\/\" \/>\n<meta property=\"article:published_time\" content=\"2025-10-19T20:12:35+00:00\" \/>\n<meta property=\"article:modified_time\" content=\"2025-10-19T20:12:40+00:00\" \/>\n<meta property=\"og:image\" content=\"http:\/\/www.gaveanews.com\/wp-content\/uploads\/Vitor-Roque-e-Abel-Ferreira-trocando-figurinhas-em-derrota-do-Palmeiras.webp\" \/>\n\t<meta property=\"og:image:width\" content=\"1200\" \/>\n\t<meta property=\"og:image:height\" content=\"900\" \/>\n\t<meta property=\"og:image:type\" content=\"image\/webp\" \/>\n<meta name=\"author\" content=\"Ana Teixeira\" \/>\n<meta name=\"twitter:card\" content=\"summary_large_image\" \/>\n<meta name=\"twitter:label1\" content=\"Escrito por\" \/>\n\t<meta name=\"twitter:data1\" content=\"Ana Teixeira\" \/>\n\t<meta name=\"twitter:label2\" content=\"Est. tempo de leitura\" \/>\n\t<meta name=\"twitter:data2\" content=\"3 minutos\" \/>\n<script type=\"application\/ld+json\" class=\"yoast-schema-graph\">{\"@context\":\"https:\/\/schema.org\",\"@graph\":[{\"@type\":\"NewsArticle\",\"@id\":\"https:\/\/www.gaveanews.com\/index.php\/2025\/10\/19\/flamengo-x-palmeiras-a-declaracao-de-vitor-roque\/#article\",\"isPartOf\":{\"@id\":\"https:\/\/www.gaveanews.com\/index.php\/2025\/10\/19\/flamengo-x-palmeiras-a-declaracao-de-vitor-roque\/\"},\"author\":{\"name\":\"Ana Teixeira\",\"@id\":\"https:\/\/www.gaveanews.com\/#\/schema\/person\/3b19f7288b0ce20372991275e4f2e6c2\"},\"headline\":\"Flamengo x Palmeiras: a declara\u00e7\u00e3o de Vitor Roque\",\"datePublished\":\"2025-10-19T20:12:35+00:00\",\"dateModified\":\"2025-10-19T20:12:40+00:00\",\"mainEntityOfPage\":{\"@id\":\"https:\/\/www.gaveanews.com\/index.php\/2025\/10\/19\/flamengo-x-palmeiras-a-declaracao-de-vitor-roque\/\"},\"wordCount\":503,\"commentCount\":0,\"image\":{\"@id\":\"https:\/\/www.gaveanews.com\/index.php\/2025\/10\/19\/flamengo-x-palmeiras-a-declaracao-de-vitor-roque\/#primaryimage\"},\"thumbnailUrl\":\"https:\/\/www.gaveanews.com\/wp-content\/uploads\/Vitor-Roque-e-Abel-Ferreira-trocando-figurinhas-em-derrota-do-Palmeiras.webp\",\"articleSection\":[\"Flamengo\"],\"inLanguage\":\"pt-BR\",\"potentialAction\":[{\"@type\":\"CommentAction\",\"name\":\"Comment\",\"target\":[\"https:\/\/www.gaveanews.com\/index.php\/2025\/10\/19\/flamengo-x-palmeiras-a-declaracao-de-vitor-roque\/#respond\"]}],\"copyrightYear\":\"2025\",\"copyrightHolder\":{\"@id\":\"https:\/\/www.gaveanews.com\/#organization\"}},{\"@type\":\"WebPage\",\"@id\":\"https:\/\/www.gaveanews.com\/index.php\/2025\/10\/19\/flamengo-x-palmeiras-a-declaracao-de-vitor-roque\/\",\"url\":\"https:\/\/www.gaveanews.com\/index.php\/2025\/10\/19\/flamengo-x-palmeiras-a-declaracao-de-vitor-roque\/\",\"name\":\"Flamengo x Palmeiras: a declara\u00e7\u00e3o de Vitor Roque\",\"isPartOf\":{\"@id\":\"https:\/\/www.gaveanews.com\/#website\"},\"primaryImageOfPage\":{\"@id\":\"https:\/\/www.gaveanews.com\/index.php\/2025\/10\/19\/flamengo-x-palmeiras-a-declaracao-de-vitor-roque\/#primaryimage\"},\"image\":{\"@id\":\"https:\/\/www.gaveanews.com\/index.php\/2025\/10\/19\/flamengo-x-palmeiras-a-declaracao-de-vitor-roque\/#primaryimage\"},\"thumbnailUrl\":\"https:\/\/www.gaveanews.com\/wp-content\/uploads\/Vitor-Roque-e-Abel-Ferreira-trocando-figurinhas-em-derrota-do-Palmeiras.webp\",\"datePublished\":\"2025-10-19T20:12:35+00:00\",\"dateModified\":\"2025-10-19T20:12:40+00:00\",\"author\":{\"@id\":\"https:\/\/www.gaveanews.com\/#\/schema\/person\/3b19f7288b0ce20372991275e4f2e6c2\"},\"breadcrumb\":{\"@id\":\"https:\/\/www.gaveanews.com\/index.php\/2025\/10\/19\/flamengo-x-palmeiras-a-declaracao-de-vitor-roque\/#breadcrumb\"},\"inLanguage\":\"pt-BR\",\"potentialAction\":[{\"@type\":\"ReadAction\",\"target\":[\"https:\/\/www.gaveanews.com\/index.php\/2025\/10\/19\/flamengo-x-palmeiras-a-declaracao-de-vitor-roque\/\"]}]},{\"@type\":\"ImageObject\",\"inLanguage\":\"pt-BR\",\"@id\":\"https:\/\/www.gaveanews.com\/index.php\/2025\/10\/19\/flamengo-x-palmeiras-a-declaracao-de-vitor-roque\/#primaryimage\",\"url\":\"https:\/\/www.gaveanews.com\/wp-content\/uploads\/Vitor-Roque-e-Abel-Ferreira-trocando-figurinhas-em-derrota-do-Palmeiras.webp\",\"contentUrl\":\"https:\/\/www.gaveanews.com\/wp-content\/uploads\/Vitor-Roque-e-Abel-Ferreira-trocando-figurinhas-em-derrota-do-Palmeiras.webp\",\"width\":1200,\"height\":900,\"caption\":\"Foto: Cesar Greco\/SEP\"},{\"@type\":\"BreadcrumbList\",\"@id\":\"https:\/\/www.gaveanews.com\/index.php\/2025\/10\/19\/flamengo-x-palmeiras-a-declaracao-de-vitor-roque\/#breadcrumb\",\"itemListElement\":[{\"@type\":\"ListItem\",\"position\":1,\"name\":\"Home\",\"item\":\"https:\/\/www.gaveanews.com\/\"},{\"@type\":\"ListItem\",\"position\":2,\"name\":\"Flamengo x Palmeiras: a declara\u00e7\u00e3o de Vitor Roque\"}]},{\"@type\":\"WebSite\",\"@id\":\"https:\/\/www.gaveanews.com\/#website\",\"url\":\"https:\/\/www.gaveanews.com\/\",\"name\":\"G\u00e1vea News\",\"description\":\"Veja todas as not\u00edcias sobre o Flamengo: Contrata\u00e7\u00f5es, categorias de base, resultados das partidas, tabela de classifica\u00e7\u00e3o, pr\u00f3ximos jogos!\",\"potentialAction\":[{\"@type\":\"SearchAction\",\"target\":{\"@type\":\"EntryPoint\",\"urlTemplate\":\"https:\/\/www.gaveanews.com\/?s={search_term_string}\"},\"query-input\":{\"@type\":\"PropertyValueSpecification\",\"valueRequired\":true,\"valueName\":\"search_term_string\"}}],\"inLanguage\":\"pt-BR\"},{\"@type\":\"Person\",\"@id\":\"https:\/\/www.gaveanews.com\/#\/schema\/person\/3b19f7288b0ce20372991275e4f2e6c2\",\"name\":\"Ana Teixeira\",\"image\":{\"@type\":\"ImageObject\",\"inLanguage\":\"pt-BR\",\"@id\":\"https:\/\/www.gaveanews.com\/#\/schema\/person\/image\/\",\"url\":\"https:\/\/secure.gravatar.com\/avatar\/0a73f5a5258f3fed37fc2fa641892f3f7a4748456d4d4792f9bc550e6c19e06c?s=96&d=mm&r=g\",\"contentUrl\":\"https:\/\/secure.gravatar.com\/avatar\/0a73f5a5258f3fed37fc2fa641892f3f7a4748456d4d4792f9bc550e6c19e06c?s=96&d=mm&r=g\",\"caption\":\"Ana Teixeira\"}}]}<\/script>\n<!-- \/ Yoast SEO Premium plugin. -->","yoast_head_json":{"title":"Flamengo x Palmeiras: a declara\u00e7\u00e3o de Vitor Roque","robots":{"index":"index","follow":"follow","max-snippet":"max-snippet:-1","max-image-preview":"max-image-preview:large","max-video-preview":"max-video-preview:-1"},"canonical":"https:\/\/www.gaveanews.com\/index.php\/2025\/10\/19\/flamengo-x-palmeiras-a-declaracao-de-vitor-roque\/","og_locale":"pt_BR","og_type":"article","og_title":"Flamengo x Palmeiras: a declara\u00e7\u00e3o de Vitor Roque","og_description":"No cl\u00e1ssico decisivo disputado neste domingo (19), no Maracan\u00e3, o Flamengo encerrou o primeiro tempo vencendo o Palmeiras por 3 a 1, em uma partida marcada por intensidade, lances pol\u00eamicos e insatisfa\u00e7\u00e3o de ambos os lados. Autor do \u00fanico gol palmeirense na etapa inicial, o atacante Vitor Roque expressou frustra\u00e7\u00e3o com os erros defensivos da [&hellip;]","og_url":"https:\/\/www.gaveanews.com\/index.php\/2025\/10\/19\/flamengo-x-palmeiras-a-declaracao-de-vitor-roque\/","og_site_name":"G\u00e1vea News","article_publisher":"https:\/\/facebook.com\/gaveaNews\/","article_published_time":"2025-10-19T20:12:35+00:00","article_modified_time":"2025-10-19T20:12:40+00:00","og_image":[{"width":1200,"height":900,"url":"http:\/\/www.gaveanews.com\/wp-content\/uploads\/Vitor-Roque-e-Abel-Ferreira-trocando-figurinhas-em-derrota-do-Palmeiras.webp","type":"image\/webp"}],"author":"Ana Teixeira","twitter_card":"summary_large_image","twitter_misc":{"Escrito por":"Ana Teixeira","Est. tempo de leitura":"3 minutos"},"schema":{"@context":"https:\/\/schema.org","@graph":[{"@type":"NewsArticle","@id":"https:\/\/www.gaveanews.com\/index.php\/2025\/10\/19\/flamengo-x-palmeiras-a-declaracao-de-vitor-roque\/#article","isPartOf":{"@id":"https:\/\/www.gaveanews.com\/index.php\/2025\/10\/19\/flamengo-x-palmeiras-a-declaracao-de-vitor-roque\/"},"author":{"name":"Ana Teixeira","@id":"https:\/\/www.gaveanews.com\/#\/schema\/person\/3b19f7288b0ce20372991275e4f2e6c2"},"headline":"Flamengo x Palmeiras: a declara\u00e7\u00e3o de Vitor Roque","datePublished":"2025-10-19T20:12:35+00:00","dateModified":"2025-10-19T20:12:40+00:00","mainEntityOfPage":{"@id":"https:\/\/www.gaveanews.com\/index.php\/2025\/10\/19\/flamengo-x-palmeiras-a-declaracao-de-vitor-roque\/"},"wordCount":503,"commentCount":0,"image":{"@id":"https:\/\/www.gaveanews.com\/index.php\/2025\/10\/19\/flamengo-x-palmeiras-a-declaracao-de-vitor-roque\/#primaryimage"},"thumbnailUrl":"https:\/\/www.gaveanews.com\/wp-content\/uploads\/Vitor-Roque-e-Abel-Ferreira-trocando-figurinhas-em-derrota-do-Palmeiras.webp","articleSection":["Flamengo"],"inLanguage":"pt-BR","potentialAction":[{"@type":"CommentAction","name":"Comment","target":["https:\/\/www.gaveanews.com\/index.php\/2025\/10\/19\/flamengo-x-palmeiras-a-declaracao-de-vitor-roque\/#respond"]}],"copyrightYear":"2025","copyrightHolder":{"@id":"https:\/\/www.gaveanews.com\/#organization"}},{"@type":"WebPage","@id":"https:\/\/www.gaveanews.com\/index.php\/2025\/10\/19\/flamengo-x-palmeiras-a-declaracao-de-vitor-roque\/","url":"https:\/\/www.gaveanews.com\/index.php\/2025\/10\/19\/flamengo-x-palmeiras-a-declaracao-de-vitor-roque\/","name":"Flamengo x Palmeiras: a declara\u00e7\u00e3o de Vitor Roque","isPartOf":{"@id":"https:\/\/www.gaveanews.com\/#website"},"primaryImageOfPage":{"@id":"https:\/\/www.gaveanews.com\/index.php\/2025\/10\/19\/flamengo-x-palmeiras-a-declaracao-de-vitor-roque\/#primaryimage"},"image":{"@id":"https:\/\/www.gaveanews.com\/index.php\/2025\/10\/19\/flamengo-x-palmeiras-a-declaracao-de-vitor-roque\/#primaryimage"},"thumbnailUrl":"https:\/\/www.gaveanews.com\/wp-content\/uploads\/Vitor-Roque-e-Abel-Ferreira-trocando-figurinhas-em-derrota-do-Palmeiras.webp","datePublished":"2025-10-19T20:12:35+00:00","dateModified":"2025-10-19T20:12:40+00:00","author":{"@id":"https:\/\/www.gaveanews.com\/#\/schema\/person\/3b19f7288b0ce20372991275e4f2e6c2"},"breadcrumb":{"@id":"https:\/\/www.gaveanews.com\/index.php\/2025\/10\/19\/flamengo-x-palmeiras-a-declaracao-de-vitor-roque\/#breadcrumb"},"inLanguage":"pt-BR","potentialAction":[{"@type":"ReadAction","target":["https:\/\/www.gaveanews.com\/index.php\/2025\/10\/19\/flamengo-x-palmeiras-a-declaracao-de-vitor-roque\/"]}]},{"@type":"ImageObject","inLanguage":"pt-BR","@id":"https:\/\/www.gaveanews.com\/index.php\/2025\/10\/19\/flamengo-x-palmeiras-a-declaracao-de-vitor-roque\/#primaryimage","url":"https:\/\/www.gaveanews.com\/wp-content\/uploads\/Vitor-Roque-e-Abel-Ferreira-trocando-figurinhas-em-derrota-do-Palmeiras.webp","contentUrl":"https:\/\/www.gaveanews.com\/wp-content\/uploads\/Vitor-Roque-e-Abel-Ferreira-trocando-figurinhas-em-derrota-do-Palmeiras.webp","width":1200,"height":900,"caption":"Foto: Cesar Greco\/SEP"},{"@type":"BreadcrumbList","@id":"https:\/\/www.gaveanews.com\/index.php\/2025\/10\/19\/flamengo-x-palmeiras-a-declaracao-de-vitor-roque\/#breadcrumb","itemListElement":[{"@type":"ListItem","position":1,"name":"Home","item":"https:\/\/www.gaveanews.com\/"},{"@type":"ListItem","position":2,"name":"Flamengo x Palmeiras: a declara\u00e7\u00e3o de Vitor Roque"}]},{"@type":"WebSite","@id":"https:\/\/www.gaveanews.com\/#website","url":"https:\/\/www.gaveanews.com\/","name":"G\u00e1vea News","description":"Veja todas as not\u00edcias sobre o Flamengo: Contrata\u00e7\u00f5es, categorias de base, resultados das partidas, tabela de classifica\u00e7\u00e3o, pr\u00f3ximos jogos!","potentialAction":[{"@type":"SearchAction","target":{"@type":"EntryPoint","urlTemplate":"https:\/\/www.gaveanews.com\/?s={search_term_string}"},"query-input":{"@type":"PropertyValueSpecification","valueRequired":true,"valueName":"search_term_string"}}],"inLanguage":"pt-BR"},{"@type":"Person","@id":"https:\/\/www.gaveanews.com\/#\/schema\/person\/3b19f7288b0ce20372991275e4f2e6c2","name":"Ana Teixeira","image":{"@type":"ImageObject","inLanguage":"pt-BR","@id":"https:\/\/www.gaveanews.com\/#\/schema\/person\/image\/","url":"https:\/\/secure.gravatar.com\/avatar\/0a73f5a5258f3fed37fc2fa641892f3f7a4748456d4d4792f9bc550e6c19e06c?s=96&d=mm&r=g","contentUrl":"https:\/\/secure.gravatar.com\/avatar\/0a73f5a5258f3fed37fc2fa641892f3f7a4748456d4d4792f9bc550e6c19e06c?s=96&d=mm&r=g","caption":"Ana Teixeira"}}]}},"_links":{"self":[{"href":"https:\/\/www.gaveanews.com\/index.php\/wp-json\/wp\/v2\/posts\/278843","targetHints":{"allow":["GET"]}}],"collection":[{"href":"https:\/\/www.gaveanews.com\/index.php\/wp-json\/wp\/v2\/posts"}],"about":[{"href":"https:\/\/www.gaveanews.com\/index.php\/wp-json\/wp\/v2\/types\/post"}],"author":[{"embeddable":true,"href":"https:\/\/www.gaveanews.com\/index.php\/wp-json\/wp\/v2\/users\/30"}],"replies":[{"embeddable":true,"href":"https:\/\/www.gaveanews.com\/index.php\/wp-json\/wp\/v2\/comments?post=278843"}],"version-history":[{"count":1,"href":"https:\/\/www.gaveanews.com\/index.php\/wp-json\/wp\/v2\/posts\/278843\/revisions"}],"predecessor-version":[{"id":278844,"href":"https:\/\/www.gaveanews.com\/index.php\/wp-json\/wp\/v2\/posts\/278843\/revisions\/278844"}],"wp:featuredmedia":[{"embeddable":true,"href":"https:\/\/www.gaveanews.com\/index.php\/wp-json\/wp\/v2\/media\/268980"}],"wp:attachment":[{"href":"https:\/\/www.gaveanews.com\/index.php\/wp-json\/wp\/v2\/media?parent=278843"}],"wp:term":[{"taxonomy":"category","embeddable":true,"href":"https:\/\/www.gaveanews.com\/index.php\/wp-json\/wp\/v2\/categories?post=278843"},{"taxonomy":"post_tag","embeddable":true,"href":"https:\/\/www.gaveanews.com\/index.php\/wp-json\/wp\/v2\/tags?post=278843"}],"curies":[{"name":"wp","href":"https:\/\/api.w.org\/{rel}","templated":true}]}}