{"id":278850,"date":"2025-10-19T18:07:57","date_gmt":"2025-10-19T21:07:57","guid":{"rendered":"https:\/\/www.gaveanews.com\/?p=278850"},"modified":"2025-10-19T18:08:01","modified_gmt":"2025-10-19T21:08:01","slug":"freguesia-flamengo-impoe-freguesia-historica-ao-palmeiras-no-maracana","status":"publish","type":"post","link":"https:\/\/www.gaveanews.com\/index.php\/2025\/10\/19\/freguesia-flamengo-impoe-freguesia-historica-ao-palmeiras-no-maracana\/","title":{"rendered":"Freguesia? Flamengo imp\u00f5e freguesia hist\u00f3rica ao Palmeiras no Maracan\u00e3"},"content":{"rendered":"\n<p>O Flamengo venceu o Palmeiras por 3 a 2 na &#8220;final antecipada&#8221; do Brasileir\u00e3o, na tarde deste domingo (19), no Maracan\u00e3, pela 29\u00aa rodada. Com gols de Arrascaeta, Jorginho e Pedro, o Rubro-Negro se imp\u00f4s em um confronto direto pela lideran\u00e7a e encerrou uma sequ\u00eancia de quatro vit\u00f3rias consecutivas da equipe paulista.<\/p>\n\n\n\n<p>Nos \u00faltimos 11 encontros entre as equipes, o Flamengo soma quatro vit\u00f3rias, cinco empates e apenas duas derrotas. A \u00faltima vit\u00f3ria do Palmeiras ocorreu em agosto de 2024, pela Copa do Brasil, em partida que terminou em 1 a 0, mas que n\u00e3o evitou a elimina\u00e7\u00e3o no agregado.<\/p>\n\n\n\n<h3 class=\"wp-block-heading\" id=\"h-tabu-historico-no-maracana\">Tabu hist\u00f3rico no Maracan\u00e3 <\/h3>\n\n\n\n<p>Al\u00e9m da vit\u00f3ria em campo, o Flamengo manteve a invencibilidade de dez anos como mandante diante do Palmeiras. A equipe paulista n\u00e3o vence no Maracan\u00e3 desde dezembro de 2015, quando derrotou o Rubro-Negro por 2 a 1, com gols de Dudu e Vitor Hugo. <\/p>\n\n\n\n<p>De l\u00e1 para c\u00e1, s\u00e3o seis triunfos flamenguistas e quatro empates no est\u00e1dio.<\/p>\n\n\n\n<p>O resultado tamb\u00e9m impediu que o Palmeiras mantivesse a sequ\u00eancia positiva que acumulava nas \u00faltimas rodadas do Brasileir\u00e3o. Antes da derrota no Rio de Janeiro, o time de Abel Ferreira vinha de quatro vit\u00f3rias consecutivas, incluindo goleadas sobre Juventude e Bragantino.<\/p>\n\n\n\n<h3 class=\"wp-block-heading\" id=\"h-primeiro-tempo-de-alto-nivel-e-gols-em-sequencia\">Primeiro tempo de alto n\u00edvel e gols em sequ\u00eancia<\/h3>\n\n\n\n<p>A partida come\u00e7ou com o Palmeiras melhor em campo. A equipe visitante criou chances em lances de escanteio e pressionou a defesa flamenguista nos minutos iniciais. No entanto, o Flamengo foi mais preciso nas conclus\u00f5es. <\/p>\n\n\n\n<p>Aos 9 minutos, Rossi cobrou falta rapidamente, Pedro fez o piv\u00f4 sobre Bruno Fuchs e lan\u00e7ou Arrascaeta, que bateu com categoria para abrir o placar.<\/p>\n\n\n\n<p>O empate veio aos 24 minutos. Khellven cruzou na segunda trave, e Vitor Roque apareceu nas costas de Emerson Royal para cabecear no contrap\u00e9 de Rossi, deixando tudo igual. O gol aconteceu enquanto o Flamengo ainda n\u00e3o havia completado a substitui\u00e7\u00e3o de L\u00e9o Ortiz, que havia sa\u00eddo lesionado.<\/p>\n\n\n\n<p>Aos 37, Pedro foi derrubado por Fuchs dentro da \u00e1rea. O \u00e1rbitro Wilton Pereira Sampaio assinalou o p\u00eanalti, convertido com tranquilidade por Jorginho. Sete minutos depois, o camisa 9 rubro-negro aproveitou erro de An\u00edbal Moreno, tomou a bola na intermedi\u00e1ria e finalizou com precis\u00e3o para fazer 3 a 1.<\/p>\n\n\n\n<h3 class=\"wp-block-heading\" id=\"h-palmeiras-pressiona-no-fim-mas-nao-evita-derrota\">Palmeiras pressiona no fim, mas n\u00e3o evita derrota<\/h3>\n\n\n\n<p>No segundo tempo, o Palmeiras tentou reagir, mas encontrou dificuldades para furar a defesa flamenguista. J\u00e1 nos acr\u00e9scimos, aos 48 minutos, Vitor Roque encontrou Facundo Torres, que bateu cruzado. <\/p>\n\n\n\n<p>Rossi espalmou para o meio da \u00e1rea, e Gustavo G\u00f3mez apareceu para diminuir a diferen\u00e7a, fechando o placar em 3 a 2.<\/p>\n\n\n\n<p>Mesmo com a vit\u00f3ria, o Flamengo permanece atr\u00e1s do Palmeiras nos crit\u00e9rios de desempate, mas iguala os 61 pontos na tabela. A rivalidade entre os dois clubes, que se consolidou nos \u00faltimos anos, ganhou mais um cap\u00edtulo de alta intensidade e equil\u00edbrio.<\/p>\n","protected":false},"excerpt":{"rendered":"<p>O Flamengo venceu o Palmeiras por 3 a 2 na &#8220;final antecipada&#8221; do Brasileir\u00e3o, na tarde deste domingo (19), no Maracan\u00e3, pela 29\u00aa rodada. Com gols de Arrascaeta, Jorginho e Pedro, o Rubro-Negro se imp\u00f4s em um confronto direto pela lideran\u00e7a e encerrou uma sequ\u00eancia de quatro vit\u00f3rias consecutivas da equipe paulista. Nos \u00faltimos 11 [&hellip;]<\/p>\n","protected":false},"author":30,"featured_media":278851,"comment_status":"open","ping_status":"closed","sticky":false,"template":"","format":"standard","meta":{"footnotes":""},"categories":[1],"tags":[],"class_list":["post-278850","post","type-post","status-publish","format-standard","has-post-thumbnail","hentry","category-flamengo"],"yoast_head":"<!-- This site is optimized with the Yoast SEO Premium plugin v24.2 (Yoast SEO v26.9) - https:\/\/yoast.com\/product\/yoast-seo-premium-wordpress\/ -->\n<title>Freguesia? Flamengo imp\u00f5e freguesia hist\u00f3rica ao Palmeiras no Maracan\u00e3<\/title>\n<meta name=\"robots\" content=\"index, follow, max-snippet:-1, max-image-preview:large, max-video-preview:-1\" \/>\n<link rel=\"canonical\" href=\"https:\/\/www.gaveanews.com\/index.php\/2025\/10\/19\/freguesia-flamengo-impoe-freguesia-historica-ao-palmeiras-no-maracana\/\" \/>\n<meta property=\"og:locale\" content=\"pt_BR\" \/>\n<meta property=\"og:type\" content=\"article\" \/>\n<meta property=\"og:title\" content=\"Freguesia? Flamengo imp\u00f5e freguesia hist\u00f3rica ao Palmeiras no Maracan\u00e3\" \/>\n<meta property=\"og:description\" content=\"O Flamengo venceu o Palmeiras por 3 a 2 na &#8220;final antecipada&#8221; do Brasileir\u00e3o, na tarde deste domingo (19), no Maracan\u00e3, pela 29\u00aa rodada. Com gols de Arrascaeta, Jorginho e Pedro, o Rubro-Negro se imp\u00f4s em um confronto direto pela lideran\u00e7a e encerrou uma sequ\u00eancia de quatro vit\u00f3rias consecutivas da equipe paulista. Nos \u00faltimos 11 [&hellip;]\" \/>\n<meta property=\"og:url\" content=\"https:\/\/www.gaveanews.com\/index.php\/2025\/10\/19\/freguesia-flamengo-impoe-freguesia-historica-ao-palmeiras-no-maracana\/\" \/>\n<meta property=\"og:site_name\" content=\"G\u00e1vea News\" \/>\n<meta property=\"article:publisher\" content=\"https:\/\/facebook.com\/gaveaNews\/\" \/>\n<meta property=\"article:published_time\" content=\"2025-10-19T21:07:57+00:00\" \/>\n<meta property=\"article:modified_time\" content=\"2025-10-19T21:08:01+00:00\" \/>\n<meta property=\"og:image\" content=\"http:\/\/www.gaveanews.com\/wp-content\/uploads\/Pedro-marca-gol-da-vitoria-do-Flamengo-sobre-o-Palmeiras-no-Maracana.jpg\" \/>\n\t<meta property=\"og:image:width\" content=\"1280\" \/>\n\t<meta property=\"og:image:height\" content=\"960\" \/>\n\t<meta property=\"og:image:type\" content=\"image\/jpeg\" \/>\n<meta name=\"author\" content=\"Ana Teixeira\" \/>\n<meta name=\"twitter:card\" content=\"summary_large_image\" \/>\n<meta name=\"twitter:label1\" content=\"Escrito por\" \/>\n\t<meta name=\"twitter:data1\" content=\"Ana Teixeira\" \/>\n\t<meta name=\"twitter:label2\" content=\"Est. tempo de leitura\" \/>\n\t<meta name=\"twitter:data2\" content=\"3 minutos\" \/>\n<script type=\"application\/ld+json\" class=\"yoast-schema-graph\">{\"@context\":\"https:\/\/schema.org\",\"@graph\":[{\"@type\":\"NewsArticle\",\"@id\":\"https:\/\/www.gaveanews.com\/index.php\/2025\/10\/19\/freguesia-flamengo-impoe-freguesia-historica-ao-palmeiras-no-maracana\/#article\",\"isPartOf\":{\"@id\":\"https:\/\/www.gaveanews.com\/index.php\/2025\/10\/19\/freguesia-flamengo-impoe-freguesia-historica-ao-palmeiras-no-maracana\/\"},\"author\":{\"name\":\"Ana Teixeira\",\"@id\":\"https:\/\/www.gaveanews.com\/#\/schema\/person\/3b19f7288b0ce20372991275e4f2e6c2\"},\"headline\":\"Freguesia? Flamengo imp\u00f5e freguesia hist\u00f3rica ao Palmeiras no Maracan\u00e3\",\"datePublished\":\"2025-10-19T21:07:57+00:00\",\"dateModified\":\"2025-10-19T21:08:01+00:00\",\"mainEntityOfPage\":{\"@id\":\"https:\/\/www.gaveanews.com\/index.php\/2025\/10\/19\/freguesia-flamengo-impoe-freguesia-historica-ao-palmeiras-no-maracana\/\"},\"wordCount\":500,\"commentCount\":0,\"image\":{\"@id\":\"https:\/\/www.gaveanews.com\/index.php\/2025\/10\/19\/freguesia-flamengo-impoe-freguesia-historica-ao-palmeiras-no-maracana\/#primaryimage\"},\"thumbnailUrl\":\"https:\/\/www.gaveanews.com\/wp-content\/uploads\/Pedro-marca-gol-da-vitoria-do-Flamengo-sobre-o-Palmeiras-no-Maracana.jpg\",\"articleSection\":[\"Flamengo\"],\"inLanguage\":\"pt-BR\",\"potentialAction\":[{\"@type\":\"CommentAction\",\"name\":\"Comment\",\"target\":[\"https:\/\/www.gaveanews.com\/index.php\/2025\/10\/19\/freguesia-flamengo-impoe-freguesia-historica-ao-palmeiras-no-maracana\/#respond\"]}],\"copyrightYear\":\"2025\",\"copyrightHolder\":{\"@id\":\"https:\/\/www.gaveanews.com\/#organization\"}},{\"@type\":\"WebPage\",\"@id\":\"https:\/\/www.gaveanews.com\/index.php\/2025\/10\/19\/freguesia-flamengo-impoe-freguesia-historica-ao-palmeiras-no-maracana\/\",\"url\":\"https:\/\/www.gaveanews.com\/index.php\/2025\/10\/19\/freguesia-flamengo-impoe-freguesia-historica-ao-palmeiras-no-maracana\/\",\"name\":\"Freguesia? Flamengo imp\u00f5e freguesia hist\u00f3rica ao Palmeiras no Maracan\u00e3\",\"isPartOf\":{\"@id\":\"https:\/\/www.gaveanews.com\/#website\"},\"primaryImageOfPage\":{\"@id\":\"https:\/\/www.gaveanews.com\/index.php\/2025\/10\/19\/freguesia-flamengo-impoe-freguesia-historica-ao-palmeiras-no-maracana\/#primaryimage\"},\"image\":{\"@id\":\"https:\/\/www.gaveanews.com\/index.php\/2025\/10\/19\/freguesia-flamengo-impoe-freguesia-historica-ao-palmeiras-no-maracana\/#primaryimage\"},\"thumbnailUrl\":\"https:\/\/www.gaveanews.com\/wp-content\/uploads\/Pedro-marca-gol-da-vitoria-do-Flamengo-sobre-o-Palmeiras-no-Maracana.jpg\",\"datePublished\":\"2025-10-19T21:07:57+00:00\",\"dateModified\":\"2025-10-19T21:08:01+00:00\",\"author\":{\"@id\":\"https:\/\/www.gaveanews.com\/#\/schema\/person\/3b19f7288b0ce20372991275e4f2e6c2\"},\"breadcrumb\":{\"@id\":\"https:\/\/www.gaveanews.com\/index.php\/2025\/10\/19\/freguesia-flamengo-impoe-freguesia-historica-ao-palmeiras-no-maracana\/#breadcrumb\"},\"inLanguage\":\"pt-BR\",\"potentialAction\":[{\"@type\":\"ReadAction\",\"target\":[\"https:\/\/www.gaveanews.com\/index.php\/2025\/10\/19\/freguesia-flamengo-impoe-freguesia-historica-ao-palmeiras-no-maracana\/\"]}]},{\"@type\":\"ImageObject\",\"inLanguage\":\"pt-BR\",\"@id\":\"https:\/\/www.gaveanews.com\/index.php\/2025\/10\/19\/freguesia-flamengo-impoe-freguesia-historica-ao-palmeiras-no-maracana\/#primaryimage\",\"url\":\"https:\/\/www.gaveanews.com\/wp-content\/uploads\/Pedro-marca-gol-da-vitoria-do-Flamengo-sobre-o-Palmeiras-no-Maracana.jpg\",\"contentUrl\":\"https:\/\/www.gaveanews.com\/wp-content\/uploads\/Pedro-marca-gol-da-vitoria-do-Flamengo-sobre-o-Palmeiras-no-Maracana.jpg\",\"width\":1280,\"height\":960,\"caption\":\"Pedro marca gol da vit\u00f3ria do Flamengo sobre o Palmeiras, no Maracan\u00e3 (Foto: Gilvan de Souza\/CRF)\"},{\"@type\":\"BreadcrumbList\",\"@id\":\"https:\/\/www.gaveanews.com\/index.php\/2025\/10\/19\/freguesia-flamengo-impoe-freguesia-historica-ao-palmeiras-no-maracana\/#breadcrumb\",\"itemListElement\":[{\"@type\":\"ListItem\",\"position\":1,\"name\":\"Home\",\"item\":\"https:\/\/www.gaveanews.com\/\"},{\"@type\":\"ListItem\",\"position\":2,\"name\":\"Freguesia? Flamengo imp\u00f5e freguesia hist\u00f3rica ao Palmeiras no Maracan\u00e3\"}]},{\"@type\":\"WebSite\",\"@id\":\"https:\/\/www.gaveanews.com\/#website\",\"url\":\"https:\/\/www.gaveanews.com\/\",\"name\":\"G\u00e1vea News\",\"description\":\"Veja todas as not\u00edcias sobre o Flamengo: Contrata\u00e7\u00f5es, categorias de base, resultados das partidas, tabela de classifica\u00e7\u00e3o, pr\u00f3ximos jogos!\",\"potentialAction\":[{\"@type\":\"SearchAction\",\"target\":{\"@type\":\"EntryPoint\",\"urlTemplate\":\"https:\/\/www.gaveanews.com\/?s={search_term_string}\"},\"query-input\":{\"@type\":\"PropertyValueSpecification\",\"valueRequired\":true,\"valueName\":\"search_term_string\"}}],\"inLanguage\":\"pt-BR\"},{\"@type\":\"Person\",\"@id\":\"https:\/\/www.gaveanews.com\/#\/schema\/person\/3b19f7288b0ce20372991275e4f2e6c2\",\"name\":\"Ana Teixeira\",\"image\":{\"@type\":\"ImageObject\",\"inLanguage\":\"pt-BR\",\"@id\":\"https:\/\/www.gaveanews.com\/#\/schema\/person\/image\/\",\"url\":\"https:\/\/secure.gravatar.com\/avatar\/0a73f5a5258f3fed37fc2fa641892f3f7a4748456d4d4792f9bc550e6c19e06c?s=96&d=mm&r=g\",\"contentUrl\":\"https:\/\/secure.gravatar.com\/avatar\/0a73f5a5258f3fed37fc2fa641892f3f7a4748456d4d4792f9bc550e6c19e06c?s=96&d=mm&r=g\",\"caption\":\"Ana Teixeira\"}}]}<\/script>\n<!-- \/ Yoast SEO Premium plugin. -->","yoast_head_json":{"title":"Freguesia? Flamengo imp\u00f5e freguesia hist\u00f3rica ao Palmeiras no Maracan\u00e3","robots":{"index":"index","follow":"follow","max-snippet":"max-snippet:-1","max-image-preview":"max-image-preview:large","max-video-preview":"max-video-preview:-1"},"canonical":"https:\/\/www.gaveanews.com\/index.php\/2025\/10\/19\/freguesia-flamengo-impoe-freguesia-historica-ao-palmeiras-no-maracana\/","og_locale":"pt_BR","og_type":"article","og_title":"Freguesia? Flamengo imp\u00f5e freguesia hist\u00f3rica ao Palmeiras no Maracan\u00e3","og_description":"O Flamengo venceu o Palmeiras por 3 a 2 na &#8220;final antecipada&#8221; do Brasileir\u00e3o, na tarde deste domingo (19), no Maracan\u00e3, pela 29\u00aa rodada. Com gols de Arrascaeta, Jorginho e Pedro, o Rubro-Negro se imp\u00f4s em um confronto direto pela lideran\u00e7a e encerrou uma sequ\u00eancia de quatro vit\u00f3rias consecutivas da equipe paulista. Nos \u00faltimos 11 [&hellip;]","og_url":"https:\/\/www.gaveanews.com\/index.php\/2025\/10\/19\/freguesia-flamengo-impoe-freguesia-historica-ao-palmeiras-no-maracana\/","og_site_name":"G\u00e1vea News","article_publisher":"https:\/\/facebook.com\/gaveaNews\/","article_published_time":"2025-10-19T21:07:57+00:00","article_modified_time":"2025-10-19T21:08:01+00:00","og_image":[{"width":1280,"height":960,"url":"http:\/\/www.gaveanews.com\/wp-content\/uploads\/Pedro-marca-gol-da-vitoria-do-Flamengo-sobre-o-Palmeiras-no-Maracana.jpg","type":"image\/jpeg"}],"author":"Ana Teixeira","twitter_card":"summary_large_image","twitter_misc":{"Escrito por":"Ana Teixeira","Est. tempo de leitura":"3 minutos"},"schema":{"@context":"https:\/\/schema.org","@graph":[{"@type":"NewsArticle","@id":"https:\/\/www.gaveanews.com\/index.php\/2025\/10\/19\/freguesia-flamengo-impoe-freguesia-historica-ao-palmeiras-no-maracana\/#article","isPartOf":{"@id":"https:\/\/www.gaveanews.com\/index.php\/2025\/10\/19\/freguesia-flamengo-impoe-freguesia-historica-ao-palmeiras-no-maracana\/"},"author":{"name":"Ana Teixeira","@id":"https:\/\/www.gaveanews.com\/#\/schema\/person\/3b19f7288b0ce20372991275e4f2e6c2"},"headline":"Freguesia? Flamengo imp\u00f5e freguesia hist\u00f3rica ao Palmeiras no Maracan\u00e3","datePublished":"2025-10-19T21:07:57+00:00","dateModified":"2025-10-19T21:08:01+00:00","mainEntityOfPage":{"@id":"https:\/\/www.gaveanews.com\/index.php\/2025\/10\/19\/freguesia-flamengo-impoe-freguesia-historica-ao-palmeiras-no-maracana\/"},"wordCount":500,"commentCount":0,"image":{"@id":"https:\/\/www.gaveanews.com\/index.php\/2025\/10\/19\/freguesia-flamengo-impoe-freguesia-historica-ao-palmeiras-no-maracana\/#primaryimage"},"thumbnailUrl":"https:\/\/www.gaveanews.com\/wp-content\/uploads\/Pedro-marca-gol-da-vitoria-do-Flamengo-sobre-o-Palmeiras-no-Maracana.jpg","articleSection":["Flamengo"],"inLanguage":"pt-BR","potentialAction":[{"@type":"CommentAction","name":"Comment","target":["https:\/\/www.gaveanews.com\/index.php\/2025\/10\/19\/freguesia-flamengo-impoe-freguesia-historica-ao-palmeiras-no-maracana\/#respond"]}],"copyrightYear":"2025","copyrightHolder":{"@id":"https:\/\/www.gaveanews.com\/#organization"}},{"@type":"WebPage","@id":"https:\/\/www.gaveanews.com\/index.php\/2025\/10\/19\/freguesia-flamengo-impoe-freguesia-historica-ao-palmeiras-no-maracana\/","url":"https:\/\/www.gaveanews.com\/index.php\/2025\/10\/19\/freguesia-flamengo-impoe-freguesia-historica-ao-palmeiras-no-maracana\/","name":"Freguesia? Flamengo imp\u00f5e freguesia hist\u00f3rica ao Palmeiras no Maracan\u00e3","isPartOf":{"@id":"https:\/\/www.gaveanews.com\/#website"},"primaryImageOfPage":{"@id":"https:\/\/www.gaveanews.com\/index.php\/2025\/10\/19\/freguesia-flamengo-impoe-freguesia-historica-ao-palmeiras-no-maracana\/#primaryimage"},"image":{"@id":"https:\/\/www.gaveanews.com\/index.php\/2025\/10\/19\/freguesia-flamengo-impoe-freguesia-historica-ao-palmeiras-no-maracana\/#primaryimage"},"thumbnailUrl":"https:\/\/www.gaveanews.com\/wp-content\/uploads\/Pedro-marca-gol-da-vitoria-do-Flamengo-sobre-o-Palmeiras-no-Maracana.jpg","datePublished":"2025-10-19T21:07:57+00:00","dateModified":"2025-10-19T21:08:01+00:00","author":{"@id":"https:\/\/www.gaveanews.com\/#\/schema\/person\/3b19f7288b0ce20372991275e4f2e6c2"},"breadcrumb":{"@id":"https:\/\/www.gaveanews.com\/index.php\/2025\/10\/19\/freguesia-flamengo-impoe-freguesia-historica-ao-palmeiras-no-maracana\/#breadcrumb"},"inLanguage":"pt-BR","potentialAction":[{"@type":"ReadAction","target":["https:\/\/www.gaveanews.com\/index.php\/2025\/10\/19\/freguesia-flamengo-impoe-freguesia-historica-ao-palmeiras-no-maracana\/"]}]},{"@type":"ImageObject","inLanguage":"pt-BR","@id":"https:\/\/www.gaveanews.com\/index.php\/2025\/10\/19\/freguesia-flamengo-impoe-freguesia-historica-ao-palmeiras-no-maracana\/#primaryimage","url":"https:\/\/www.gaveanews.com\/wp-content\/uploads\/Pedro-marca-gol-da-vitoria-do-Flamengo-sobre-o-Palmeiras-no-Maracana.jpg","contentUrl":"https:\/\/www.gaveanews.com\/wp-content\/uploads\/Pedro-marca-gol-da-vitoria-do-Flamengo-sobre-o-Palmeiras-no-Maracana.jpg","width":1280,"height":960,"caption":"Pedro marca gol da vit\u00f3ria do Flamengo sobre o Palmeiras, no Maracan\u00e3 (Foto: Gilvan de Souza\/CRF)"},{"@type":"BreadcrumbList","@id":"https:\/\/www.gaveanews.com\/index.php\/2025\/10\/19\/freguesia-flamengo-impoe-freguesia-historica-ao-palmeiras-no-maracana\/#breadcrumb","itemListElement":[{"@type":"ListItem","position":1,"name":"Home","item":"https:\/\/www.gaveanews.com\/"},{"@type":"ListItem","position":2,"name":"Freguesia? Flamengo imp\u00f5e freguesia hist\u00f3rica ao Palmeiras no Maracan\u00e3"}]},{"@type":"WebSite","@id":"https:\/\/www.gaveanews.com\/#website","url":"https:\/\/www.gaveanews.com\/","name":"G\u00e1vea News","description":"Veja todas as not\u00edcias sobre o Flamengo: Contrata\u00e7\u00f5es, categorias de base, resultados das partidas, tabela de classifica\u00e7\u00e3o, pr\u00f3ximos jogos!","potentialAction":[{"@type":"SearchAction","target":{"@type":"EntryPoint","urlTemplate":"https:\/\/www.gaveanews.com\/?s={search_term_string}"},"query-input":{"@type":"PropertyValueSpecification","valueRequired":true,"valueName":"search_term_string"}}],"inLanguage":"pt-BR"},{"@type":"Person","@id":"https:\/\/www.gaveanews.com\/#\/schema\/person\/3b19f7288b0ce20372991275e4f2e6c2","name":"Ana Teixeira","image":{"@type":"ImageObject","inLanguage":"pt-BR","@id":"https:\/\/www.gaveanews.com\/#\/schema\/person\/image\/","url":"https:\/\/secure.gravatar.com\/avatar\/0a73f5a5258f3fed37fc2fa641892f3f7a4748456d4d4792f9bc550e6c19e06c?s=96&d=mm&r=g","contentUrl":"https:\/\/secure.gravatar.com\/avatar\/0a73f5a5258f3fed37fc2fa641892f3f7a4748456d4d4792f9bc550e6c19e06c?s=96&d=mm&r=g","caption":"Ana Teixeira"}}]}},"_links":{"self":[{"href":"https:\/\/www.gaveanews.com\/index.php\/wp-json\/wp\/v2\/posts\/278850","targetHints":{"allow":["GET"]}}],"collection":[{"href":"https:\/\/www.gaveanews.com\/index.php\/wp-json\/wp\/v2\/posts"}],"about":[{"href":"https:\/\/www.gaveanews.com\/index.php\/wp-json\/wp\/v2\/types\/post"}],"author":[{"embeddable":true,"href":"https:\/\/www.gaveanews.com\/index.php\/wp-json\/wp\/v2\/users\/30"}],"replies":[{"embeddable":true,"href":"https:\/\/www.gaveanews.com\/index.php\/wp-json\/wp\/v2\/comments?post=278850"}],"version-history":[{"count":1,"href":"https:\/\/www.gaveanews.com\/index.php\/wp-json\/wp\/v2\/posts\/278850\/revisions"}],"predecessor-version":[{"id":278852,"href":"https:\/\/www.gaveanews.com\/index.php\/wp-json\/wp\/v2\/posts\/278850\/revisions\/278852"}],"wp:featuredmedia":[{"embeddable":true,"href":"https:\/\/www.gaveanews.com\/index.php\/wp-json\/wp\/v2\/media\/278851"}],"wp:attachment":[{"href":"https:\/\/www.gaveanews.com\/index.php\/wp-json\/wp\/v2\/media?parent=278850"}],"wp:term":[{"taxonomy":"category","embeddable":true,"href":"https:\/\/www.gaveanews.com\/index.php\/wp-json\/wp\/v2\/categories?post=278850"},{"taxonomy":"post_tag","embeddable":true,"href":"https:\/\/www.gaveanews.com\/index.php\/wp-json\/wp\/v2\/tags?post=278850"}],"curies":[{"name":"wp","href":"https:\/\/api.w.org\/{rel}","templated":true}]}}