{"id":278855,"date":"2025-10-19T19:12:00","date_gmt":"2025-10-19T22:12:00","guid":{"rendered":"https:\/\/www.gaveanews.com\/?p=278855"},"modified":"2025-10-19T19:32:25","modified_gmt":"2025-10-19T22:32:25","slug":"a-declaracao-de-filipe-luis-sobre-o-protesto-do-palmeiras","status":"publish","type":"post","link":"https:\/\/www.gaveanews.com\/index.php\/2025\/10\/19\/a-declaracao-de-filipe-luis-sobre-o-protesto-do-palmeiras\/","title":{"rendered":"A declara\u00e7\u00e3o de Filipe Lu\u00eds sobre o protesto do Palmeiras"},"content":{"rendered":"\n<p>Ap\u00f3s a vit\u00f3ria por 3 a 2 sobre o Palmeiras, neste domingo (19), no Maracan\u00e3, Filipe Lu\u00eds elogiou a atua\u00e7\u00e3o coletiva do Flamengo e destacou a performance individual de Pedro, pe\u00e7a central do resultado. O t\u00e9cnico tamb\u00e9m comentou os protestos palmeirenses contra arbitragem e explicou a confus\u00e3o na substitui\u00e7\u00e3o de L\u00e9o Ortiz, que deixou a equipe com um a menos no momento do gol de empate.<\/p>\n\n\n\n<p>O treinador reconheceu que houve erro interno na demora para efetuar a entrada de Danilo, substituto de L\u00e9o Ortiz, que se lesionou ap\u00f3s um choque com Vitor Roque ainda na primeira etapa. O Flamengo ficou em desvantagem num\u00e9rica durante alguns minutos, e nesse per\u00edodo o Palmeiras marcou o primeiro gol.<\/p>\n\n\n\n<blockquote class=\"wp-block-quote is-layout-flow wp-block-quote-is-layout-flow\">\n<p>\u201cNo momento da substitui\u00e7\u00e3o foi um erro mais nosso, de comunica\u00e7\u00e3o entre n\u00f3s, do que do \u00e1rbitro. Mas n\u00e3o sinto que nenhuma equipe foi prejudicada pela arbitragem. E convenhamos, se tem uma equipe que n\u00e3o pode falar da arbitragem, s\u00e3o eles, o Palmeiras. Para mim \u00e9 justo o resultado\u201d, afirmou.<\/p>\n<\/blockquote>\n\n\n\n<h3 class=\"wp-block-heading\" id=\"h-pedro-se-destaca-e-recebe-elogios-do-treinador\">Pedro se destaca e recebe elogios do treinador<\/h3>\n\n\n\n<p>Pedro teve participa\u00e7\u00e3o direta nos tr\u00eas gols da equipe rubro-negra: deu assist\u00eancia para Arrascaeta abrir o placar, sofreu o p\u00eanalti que originou o segundo gol e marcou o terceiro ap\u00f3s desarme em An\u00edbal Moreno. <\/p>\n\n\n\n<p>Filipe Lu\u00eds exaltou a atua\u00e7\u00e3o do atacante e o classificou como pe\u00e7a-chave na estrat\u00e9gia montada para o confronto.<\/p>\n\n\n\n<blockquote class=\"wp-block-quote is-layout-flow wp-block-quote-is-layout-flow\">\n<p>\u201cFoi um jogo completo, com uma atitude j\u00e1 desde o primeiro minuto, entendendo muito bem o jogo. E o Pedro era parte fundamental da nossa estrat\u00e9gia para o desafogo da equipe. Utilizamos ele em todos os momentos e ele fez uma partida sublime, partida individual com nota art\u00edstica, foi perfeito em todos os aspectos do jogo\u201d, declarou.<\/p>\n<\/blockquote>\n\n\n\n<p>O treinador tamb\u00e9m afirmou que, se dependesse dele, o camisa 9 estaria garantido na pr\u00f3xima convoca\u00e7\u00e3o para a Copa do Mundo.<\/p>\n\n\n\n<blockquote class=\"wp-block-quote is-layout-flow wp-block-quote-is-layout-flow\">\n<p>\u201cEu n\u00e3o sou o Ancelotti, mas um jogador que j\u00e1 jogou uma Copa do Mundo se credencia para outra\u201d, completou.<\/p>\n<\/blockquote>\n\n\n\n<h3 class=\"wp-block-heading\" id=\"h-proximos-compromissos-e-situacao-na-tabela\">Pr\u00f3ximos compromissos e situa\u00e7\u00e3o na tabela<\/h3>\n\n\n\n<p>Com a vit\u00f3ria, o Flamengo chegou aos 61 pontos, igualando a pontua\u00e7\u00e3o do Palmeiras. No entanto, os cariocas seguem na vice-lideran\u00e7a por terem uma vit\u00f3ria a menos (18 contra 19). <\/p>\n\n\n\n<p>O Rubro-Negro volta a campo na quarta-feira (22), \u00e0s 21h30 (hor\u00e1rio de Bras\u00edlia), quando enfrenta o Racing, no Maracan\u00e3, pela semifinal da Conmebol Libertadores.<\/p>\n","protected":false},"excerpt":{"rendered":"<p>Ap\u00f3s a vit\u00f3ria por 3 a 2 sobre o Palmeiras, neste domingo (19), no Maracan\u00e3, Filipe Lu\u00eds elogiou a atua\u00e7\u00e3o coletiva do Flamengo e destacou a performance individual de Pedro, pe\u00e7a central do resultado. O t\u00e9cnico tamb\u00e9m comentou os protestos palmeirenses contra arbitragem e explicou a confus\u00e3o na substitui\u00e7\u00e3o de L\u00e9o Ortiz, que deixou a [&hellip;]<\/p>\n","protected":false},"author":30,"featured_media":170536,"comment_status":"open","ping_status":"closed","sticky":false,"template":"","format":"standard","meta":{"footnotes":""},"categories":[1],"tags":[],"class_list":["post-278855","post","type-post","status-publish","format-standard","has-post-thumbnail","hentry","category-flamengo"],"yoast_head":"<!-- This site is optimized with the Yoast SEO Premium plugin v24.2 (Yoast SEO v26.9) - https:\/\/yoast.com\/product\/yoast-seo-premium-wordpress\/ -->\n<title>A declara\u00e7\u00e3o de Filipe Lu\u00eds sobre o protesto do Palmeiras<\/title>\n<meta name=\"robots\" content=\"index, follow, max-snippet:-1, max-image-preview:large, max-video-preview:-1\" \/>\n<link rel=\"canonical\" href=\"https:\/\/www.gaveanews.com\/index.php\/2025\/10\/19\/a-declaracao-de-filipe-luis-sobre-o-protesto-do-palmeiras\/\" \/>\n<meta property=\"og:locale\" content=\"pt_BR\" \/>\n<meta property=\"og:type\" content=\"article\" \/>\n<meta property=\"og:title\" content=\"A declara\u00e7\u00e3o de Filipe Lu\u00eds sobre o protesto do Palmeiras\" \/>\n<meta property=\"og:description\" content=\"Ap\u00f3s a vit\u00f3ria por 3 a 2 sobre o Palmeiras, neste domingo (19), no Maracan\u00e3, Filipe Lu\u00eds elogiou a atua\u00e7\u00e3o coletiva do Flamengo e destacou a performance individual de Pedro, pe\u00e7a central do resultado. O t\u00e9cnico tamb\u00e9m comentou os protestos palmeirenses contra arbitragem e explicou a confus\u00e3o na substitui\u00e7\u00e3o de L\u00e9o Ortiz, que deixou a [&hellip;]\" \/>\n<meta property=\"og:url\" content=\"https:\/\/www.gaveanews.com\/index.php\/2025\/10\/19\/a-declaracao-de-filipe-luis-sobre-o-protesto-do-palmeiras\/\" \/>\n<meta property=\"og:site_name\" content=\"G\u00e1vea News\" \/>\n<meta property=\"article:publisher\" content=\"https:\/\/facebook.com\/gaveaNews\/\" \/>\n<meta property=\"article:published_time\" content=\"2025-10-19T22:12:00+00:00\" \/>\n<meta property=\"article:modified_time\" content=\"2025-10-19T22:32:25+00:00\" \/>\n<meta property=\"og:image\" content=\"http:\/\/www.gaveanews.com\/wp-content\/uploads\/filipe-luis-apresentacao-ct-ninho-do-urubu-flamengo-860x537-1.webp\" \/>\n\t<meta property=\"og:image:width\" content=\"860\" \/>\n\t<meta property=\"og:image:height\" content=\"537\" \/>\n\t<meta property=\"og:image:type\" content=\"image\/webp\" \/>\n<meta name=\"author\" content=\"Ana Teixeira\" \/>\n<meta name=\"twitter:card\" content=\"summary_large_image\" \/>\n<meta name=\"twitter:label1\" content=\"Escrito por\" \/>\n\t<meta name=\"twitter:data1\" content=\"Ana Teixeira\" \/>\n\t<meta name=\"twitter:label2\" content=\"Est. tempo de leitura\" \/>\n\t<meta name=\"twitter:data2\" content=\"2 minutos\" \/>\n<script type=\"application\/ld+json\" class=\"yoast-schema-graph\">{\"@context\":\"https:\/\/schema.org\",\"@graph\":[{\"@type\":\"NewsArticle\",\"@id\":\"https:\/\/www.gaveanews.com\/index.php\/2025\/10\/19\/a-declaracao-de-filipe-luis-sobre-o-protesto-do-palmeiras\/#article\",\"isPartOf\":{\"@id\":\"https:\/\/www.gaveanews.com\/index.php\/2025\/10\/19\/a-declaracao-de-filipe-luis-sobre-o-protesto-do-palmeiras\/\"},\"author\":{\"name\":\"Ana Teixeira\",\"@id\":\"https:\/\/www.gaveanews.com\/#\/schema\/person\/3b19f7288b0ce20372991275e4f2e6c2\"},\"headline\":\"A declara\u00e7\u00e3o de Filipe Lu\u00eds sobre o protesto do Palmeiras\",\"datePublished\":\"2025-10-19T22:12:00+00:00\",\"dateModified\":\"2025-10-19T22:32:25+00:00\",\"mainEntityOfPage\":{\"@id\":\"https:\/\/www.gaveanews.com\/index.php\/2025\/10\/19\/a-declaracao-de-filipe-luis-sobre-o-protesto-do-palmeiras\/\"},\"wordCount\":431,\"commentCount\":0,\"image\":{\"@id\":\"https:\/\/www.gaveanews.com\/index.php\/2025\/10\/19\/a-declaracao-de-filipe-luis-sobre-o-protesto-do-palmeiras\/#primaryimage\"},\"thumbnailUrl\":\"https:\/\/www.gaveanews.com\/wp-content\/uploads\/filipe-luis-apresentacao-ct-ninho-do-urubu-flamengo-860x537-1.webp\",\"articleSection\":[\"Flamengo\"],\"inLanguage\":\"pt-BR\",\"potentialAction\":[{\"@type\":\"CommentAction\",\"name\":\"Comment\",\"target\":[\"https:\/\/www.gaveanews.com\/index.php\/2025\/10\/19\/a-declaracao-de-filipe-luis-sobre-o-protesto-do-palmeiras\/#respond\"]}],\"copyrightYear\":\"2025\",\"copyrightHolder\":{\"@id\":\"https:\/\/www.gaveanews.com\/#organization\"}},{\"@type\":\"WebPage\",\"@id\":\"https:\/\/www.gaveanews.com\/index.php\/2025\/10\/19\/a-declaracao-de-filipe-luis-sobre-o-protesto-do-palmeiras\/\",\"url\":\"https:\/\/www.gaveanews.com\/index.php\/2025\/10\/19\/a-declaracao-de-filipe-luis-sobre-o-protesto-do-palmeiras\/\",\"name\":\"A declara\u00e7\u00e3o de Filipe Lu\u00eds sobre o protesto do Palmeiras\",\"isPartOf\":{\"@id\":\"https:\/\/www.gaveanews.com\/#website\"},\"primaryImageOfPage\":{\"@id\":\"https:\/\/www.gaveanews.com\/index.php\/2025\/10\/19\/a-declaracao-de-filipe-luis-sobre-o-protesto-do-palmeiras\/#primaryimage\"},\"image\":{\"@id\":\"https:\/\/www.gaveanews.com\/index.php\/2025\/10\/19\/a-declaracao-de-filipe-luis-sobre-o-protesto-do-palmeiras\/#primaryimage\"},\"thumbnailUrl\":\"https:\/\/www.gaveanews.com\/wp-content\/uploads\/filipe-luis-apresentacao-ct-ninho-do-urubu-flamengo-860x537-1.webp\",\"datePublished\":\"2025-10-19T22:12:00+00:00\",\"dateModified\":\"2025-10-19T22:32:25+00:00\",\"author\":{\"@id\":\"https:\/\/www.gaveanews.com\/#\/schema\/person\/3b19f7288b0ce20372991275e4f2e6c2\"},\"breadcrumb\":{\"@id\":\"https:\/\/www.gaveanews.com\/index.php\/2025\/10\/19\/a-declaracao-de-filipe-luis-sobre-o-protesto-do-palmeiras\/#breadcrumb\"},\"inLanguage\":\"pt-BR\",\"potentialAction\":[{\"@type\":\"ReadAction\",\"target\":[\"https:\/\/www.gaveanews.com\/index.php\/2025\/10\/19\/a-declaracao-de-filipe-luis-sobre-o-protesto-do-palmeiras\/\"]}]},{\"@type\":\"ImageObject\",\"inLanguage\":\"pt-BR\",\"@id\":\"https:\/\/www.gaveanews.com\/index.php\/2025\/10\/19\/a-declaracao-de-filipe-luis-sobre-o-protesto-do-palmeiras\/#primaryimage\",\"url\":\"https:\/\/www.gaveanews.com\/wp-content\/uploads\/filipe-luis-apresentacao-ct-ninho-do-urubu-flamengo-860x537-1.webp\",\"contentUrl\":\"https:\/\/www.gaveanews.com\/wp-content\/uploads\/filipe-luis-apresentacao-ct-ninho-do-urubu-flamengo-860x537-1.webp\",\"width\":860,\"height\":537,\"caption\":\"Foto: Leo Jos\u00e9 \/ Coluna do Fla\"},{\"@type\":\"BreadcrumbList\",\"@id\":\"https:\/\/www.gaveanews.com\/index.php\/2025\/10\/19\/a-declaracao-de-filipe-luis-sobre-o-protesto-do-palmeiras\/#breadcrumb\",\"itemListElement\":[{\"@type\":\"ListItem\",\"position\":1,\"name\":\"Home\",\"item\":\"https:\/\/www.gaveanews.com\/\"},{\"@type\":\"ListItem\",\"position\":2,\"name\":\"A declara\u00e7\u00e3o de Filipe Lu\u00eds sobre o protesto do Palmeiras\"}]},{\"@type\":\"WebSite\",\"@id\":\"https:\/\/www.gaveanews.com\/#website\",\"url\":\"https:\/\/www.gaveanews.com\/\",\"name\":\"G\u00e1vea News\",\"description\":\"Veja todas as not\u00edcias sobre o Flamengo: Contrata\u00e7\u00f5es, categorias de base, resultados das partidas, tabela de classifica\u00e7\u00e3o, pr\u00f3ximos jogos!\",\"potentialAction\":[{\"@type\":\"SearchAction\",\"target\":{\"@type\":\"EntryPoint\",\"urlTemplate\":\"https:\/\/www.gaveanews.com\/?s={search_term_string}\"},\"query-input\":{\"@type\":\"PropertyValueSpecification\",\"valueRequired\":true,\"valueName\":\"search_term_string\"}}],\"inLanguage\":\"pt-BR\"},{\"@type\":\"Person\",\"@id\":\"https:\/\/www.gaveanews.com\/#\/schema\/person\/3b19f7288b0ce20372991275e4f2e6c2\",\"name\":\"Ana Teixeira\",\"image\":{\"@type\":\"ImageObject\",\"inLanguage\":\"pt-BR\",\"@id\":\"https:\/\/www.gaveanews.com\/#\/schema\/person\/image\/\",\"url\":\"https:\/\/secure.gravatar.com\/avatar\/0a73f5a5258f3fed37fc2fa641892f3f7a4748456d4d4792f9bc550e6c19e06c?s=96&d=mm&r=g\",\"contentUrl\":\"https:\/\/secure.gravatar.com\/avatar\/0a73f5a5258f3fed37fc2fa641892f3f7a4748456d4d4792f9bc550e6c19e06c?s=96&d=mm&r=g\",\"caption\":\"Ana Teixeira\"}}]}<\/script>\n<!-- \/ Yoast SEO Premium plugin. -->","yoast_head_json":{"title":"A declara\u00e7\u00e3o de Filipe Lu\u00eds sobre o protesto do Palmeiras","robots":{"index":"index","follow":"follow","max-snippet":"max-snippet:-1","max-image-preview":"max-image-preview:large","max-video-preview":"max-video-preview:-1"},"canonical":"https:\/\/www.gaveanews.com\/index.php\/2025\/10\/19\/a-declaracao-de-filipe-luis-sobre-o-protesto-do-palmeiras\/","og_locale":"pt_BR","og_type":"article","og_title":"A declara\u00e7\u00e3o de Filipe Lu\u00eds sobre o protesto do Palmeiras","og_description":"Ap\u00f3s a vit\u00f3ria por 3 a 2 sobre o Palmeiras, neste domingo (19), no Maracan\u00e3, Filipe Lu\u00eds elogiou a atua\u00e7\u00e3o coletiva do Flamengo e destacou a performance individual de Pedro, pe\u00e7a central do resultado. O t\u00e9cnico tamb\u00e9m comentou os protestos palmeirenses contra arbitragem e explicou a confus\u00e3o na substitui\u00e7\u00e3o de L\u00e9o Ortiz, que deixou a [&hellip;]","og_url":"https:\/\/www.gaveanews.com\/index.php\/2025\/10\/19\/a-declaracao-de-filipe-luis-sobre-o-protesto-do-palmeiras\/","og_site_name":"G\u00e1vea News","article_publisher":"https:\/\/facebook.com\/gaveaNews\/","article_published_time":"2025-10-19T22:12:00+00:00","article_modified_time":"2025-10-19T22:32:25+00:00","og_image":[{"width":860,"height":537,"url":"http:\/\/www.gaveanews.com\/wp-content\/uploads\/filipe-luis-apresentacao-ct-ninho-do-urubu-flamengo-860x537-1.webp","type":"image\/webp"}],"author":"Ana Teixeira","twitter_card":"summary_large_image","twitter_misc":{"Escrito por":"Ana Teixeira","Est. tempo de leitura":"2 minutos"},"schema":{"@context":"https:\/\/schema.org","@graph":[{"@type":"NewsArticle","@id":"https:\/\/www.gaveanews.com\/index.php\/2025\/10\/19\/a-declaracao-de-filipe-luis-sobre-o-protesto-do-palmeiras\/#article","isPartOf":{"@id":"https:\/\/www.gaveanews.com\/index.php\/2025\/10\/19\/a-declaracao-de-filipe-luis-sobre-o-protesto-do-palmeiras\/"},"author":{"name":"Ana Teixeira","@id":"https:\/\/www.gaveanews.com\/#\/schema\/person\/3b19f7288b0ce20372991275e4f2e6c2"},"headline":"A declara\u00e7\u00e3o de Filipe Lu\u00eds sobre o protesto do Palmeiras","datePublished":"2025-10-19T22:12:00+00:00","dateModified":"2025-10-19T22:32:25+00:00","mainEntityOfPage":{"@id":"https:\/\/www.gaveanews.com\/index.php\/2025\/10\/19\/a-declaracao-de-filipe-luis-sobre-o-protesto-do-palmeiras\/"},"wordCount":431,"commentCount":0,"image":{"@id":"https:\/\/www.gaveanews.com\/index.php\/2025\/10\/19\/a-declaracao-de-filipe-luis-sobre-o-protesto-do-palmeiras\/#primaryimage"},"thumbnailUrl":"https:\/\/www.gaveanews.com\/wp-content\/uploads\/filipe-luis-apresentacao-ct-ninho-do-urubu-flamengo-860x537-1.webp","articleSection":["Flamengo"],"inLanguage":"pt-BR","potentialAction":[{"@type":"CommentAction","name":"Comment","target":["https:\/\/www.gaveanews.com\/index.php\/2025\/10\/19\/a-declaracao-de-filipe-luis-sobre-o-protesto-do-palmeiras\/#respond"]}],"copyrightYear":"2025","copyrightHolder":{"@id":"https:\/\/www.gaveanews.com\/#organization"}},{"@type":"WebPage","@id":"https:\/\/www.gaveanews.com\/index.php\/2025\/10\/19\/a-declaracao-de-filipe-luis-sobre-o-protesto-do-palmeiras\/","url":"https:\/\/www.gaveanews.com\/index.php\/2025\/10\/19\/a-declaracao-de-filipe-luis-sobre-o-protesto-do-palmeiras\/","name":"A declara\u00e7\u00e3o de Filipe Lu\u00eds sobre o protesto do Palmeiras","isPartOf":{"@id":"https:\/\/www.gaveanews.com\/#website"},"primaryImageOfPage":{"@id":"https:\/\/www.gaveanews.com\/index.php\/2025\/10\/19\/a-declaracao-de-filipe-luis-sobre-o-protesto-do-palmeiras\/#primaryimage"},"image":{"@id":"https:\/\/www.gaveanews.com\/index.php\/2025\/10\/19\/a-declaracao-de-filipe-luis-sobre-o-protesto-do-palmeiras\/#primaryimage"},"thumbnailUrl":"https:\/\/www.gaveanews.com\/wp-content\/uploads\/filipe-luis-apresentacao-ct-ninho-do-urubu-flamengo-860x537-1.webp","datePublished":"2025-10-19T22:12:00+00:00","dateModified":"2025-10-19T22:32:25+00:00","author":{"@id":"https:\/\/www.gaveanews.com\/#\/schema\/person\/3b19f7288b0ce20372991275e4f2e6c2"},"breadcrumb":{"@id":"https:\/\/www.gaveanews.com\/index.php\/2025\/10\/19\/a-declaracao-de-filipe-luis-sobre-o-protesto-do-palmeiras\/#breadcrumb"},"inLanguage":"pt-BR","potentialAction":[{"@type":"ReadAction","target":["https:\/\/www.gaveanews.com\/index.php\/2025\/10\/19\/a-declaracao-de-filipe-luis-sobre-o-protesto-do-palmeiras\/"]}]},{"@type":"ImageObject","inLanguage":"pt-BR","@id":"https:\/\/www.gaveanews.com\/index.php\/2025\/10\/19\/a-declaracao-de-filipe-luis-sobre-o-protesto-do-palmeiras\/#primaryimage","url":"https:\/\/www.gaveanews.com\/wp-content\/uploads\/filipe-luis-apresentacao-ct-ninho-do-urubu-flamengo-860x537-1.webp","contentUrl":"https:\/\/www.gaveanews.com\/wp-content\/uploads\/filipe-luis-apresentacao-ct-ninho-do-urubu-flamengo-860x537-1.webp","width":860,"height":537,"caption":"Foto: Leo Jos\u00e9 \/ Coluna do Fla"},{"@type":"BreadcrumbList","@id":"https:\/\/www.gaveanews.com\/index.php\/2025\/10\/19\/a-declaracao-de-filipe-luis-sobre-o-protesto-do-palmeiras\/#breadcrumb","itemListElement":[{"@type":"ListItem","position":1,"name":"Home","item":"https:\/\/www.gaveanews.com\/"},{"@type":"ListItem","position":2,"name":"A declara\u00e7\u00e3o de Filipe Lu\u00eds sobre o protesto do Palmeiras"}]},{"@type":"WebSite","@id":"https:\/\/www.gaveanews.com\/#website","url":"https:\/\/www.gaveanews.com\/","name":"G\u00e1vea News","description":"Veja todas as not\u00edcias sobre o Flamengo: Contrata\u00e7\u00f5es, categorias de base, resultados das partidas, tabela de classifica\u00e7\u00e3o, pr\u00f3ximos jogos!","potentialAction":[{"@type":"SearchAction","target":{"@type":"EntryPoint","urlTemplate":"https:\/\/www.gaveanews.com\/?s={search_term_string}"},"query-input":{"@type":"PropertyValueSpecification","valueRequired":true,"valueName":"search_term_string"}}],"inLanguage":"pt-BR"},{"@type":"Person","@id":"https:\/\/www.gaveanews.com\/#\/schema\/person\/3b19f7288b0ce20372991275e4f2e6c2","name":"Ana Teixeira","image":{"@type":"ImageObject","inLanguage":"pt-BR","@id":"https:\/\/www.gaveanews.com\/#\/schema\/person\/image\/","url":"https:\/\/secure.gravatar.com\/avatar\/0a73f5a5258f3fed37fc2fa641892f3f7a4748456d4d4792f9bc550e6c19e06c?s=96&d=mm&r=g","contentUrl":"https:\/\/secure.gravatar.com\/avatar\/0a73f5a5258f3fed37fc2fa641892f3f7a4748456d4d4792f9bc550e6c19e06c?s=96&d=mm&r=g","caption":"Ana Teixeira"}}]}},"_links":{"self":[{"href":"https:\/\/www.gaveanews.com\/index.php\/wp-json\/wp\/v2\/posts\/278855","targetHints":{"allow":["GET"]}}],"collection":[{"href":"https:\/\/www.gaveanews.com\/index.php\/wp-json\/wp\/v2\/posts"}],"about":[{"href":"https:\/\/www.gaveanews.com\/index.php\/wp-json\/wp\/v2\/types\/post"}],"author":[{"embeddable":true,"href":"https:\/\/www.gaveanews.com\/index.php\/wp-json\/wp\/v2\/users\/30"}],"replies":[{"embeddable":true,"href":"https:\/\/www.gaveanews.com\/index.php\/wp-json\/wp\/v2\/comments?post=278855"}],"version-history":[{"count":1,"href":"https:\/\/www.gaveanews.com\/index.php\/wp-json\/wp\/v2\/posts\/278855\/revisions"}],"predecessor-version":[{"id":278856,"href":"https:\/\/www.gaveanews.com\/index.php\/wp-json\/wp\/v2\/posts\/278855\/revisions\/278856"}],"wp:featuredmedia":[{"embeddable":true,"href":"https:\/\/www.gaveanews.com\/index.php\/wp-json\/wp\/v2\/media\/170536"}],"wp:attachment":[{"href":"https:\/\/www.gaveanews.com\/index.php\/wp-json\/wp\/v2\/media?parent=278855"}],"wp:term":[{"taxonomy":"category","embeddable":true,"href":"https:\/\/www.gaveanews.com\/index.php\/wp-json\/wp\/v2\/categories?post=278855"},{"taxonomy":"post_tag","embeddable":true,"href":"https:\/\/www.gaveanews.com\/index.php\/wp-json\/wp\/v2\/tags?post=278855"}],"curies":[{"name":"wp","href":"https:\/\/api.w.org\/{rel}","templated":true}]}}