{"id":278857,"date":"2025-10-19T19:42:18","date_gmt":"2025-10-19T22:42:18","guid":{"rendered":"https:\/\/www.gaveanews.com\/?p=278857"},"modified":"2025-10-19T19:42:21","modified_gmt":"2025-10-19T22:42:21","slug":"a-declaracao-de-abel-ferreira-sobre-lance-polemico-de-palmeiras-x-flamengo","status":"publish","type":"post","link":"https:\/\/www.gaveanews.com\/index.php\/2025\/10\/19\/a-declaracao-de-abel-ferreira-sobre-lance-polemico-de-palmeiras-x-flamengo\/","title":{"rendered":"A declara\u00e7\u00e3o de Abel Ferreira sobre lance pol\u00eamico de Palmeiras x Flamengo"},"content":{"rendered":"\n<p>Ap\u00f3s a derrota por 3 a 2 para o Flamengo, neste domingo (19), no Maracan\u00e3, pela 29\u00aa rodada do Brasileir\u00e3o, Abel Ferreira demonstrou insatisfa\u00e7\u00e3o com a atua\u00e7\u00e3o de Wilton Pereira Sampaio. Embora tenha iniciado coletiva afirmando que n\u00e3o comentaria sobre o \u00e1rbitro, o portugu\u00eas exp\u00f4s lances que, em sua vis\u00e3o, prejudicaram o desempenho do Palmeiras no confronto direto pela lideran\u00e7a da competi\u00e7\u00e3o.<\/p>\n\n\n\n<blockquote class=\"wp-block-quote is-layout-flow wp-block-quote-is-layout-flow\">\n<p>\u201cDo \u00e1rbitro n\u00e3o vou falar, nem da atua\u00e7\u00e3o do \u00e1rbitro. Os lances est\u00e3o a\u00ed\u201d, disse logo em sua primeira resposta.<\/p>\n<\/blockquote>\n\n\n\n<p>O treinador recordou epis\u00f3dios anteriores de atritos com \u00e1rbitros e criticou o tratamento recebido da imprensa em rela\u00e7\u00e3o \u00e0s suas queixas.<\/p>\n\n\n\n<blockquote class=\"wp-block-quote is-layout-flow wp-block-quote-is-layout-flow\">\n<p>\u201cJ\u00e1 falei o suficiente, j\u00e1 fui expulso por dizer o que eu pensava da arbitragem nesses quatro anos. (&#8230;) E o que voc\u00eas jornalistas fizeram foi dizer que o treinador do Palmeiras era chato, que n\u00e3o defendia os \u00e1rbitros, que nunca falou na profissionaliza\u00e7\u00e3o dos \u00e1rbitros, foram sempre contra mim. Agora as imagens est\u00e3o a\u00ed.\u201d<\/p>\n<\/blockquote>\n\n\n\n<h3 class=\"wp-block-heading\" id=\"h-lances-contestados-e-inconformismo-com-decisoes\">Lances contestados e inconformismo com decis\u00f5es<\/h3>\n\n\n\n<p>Entre os lances citados, Abel destacou um poss\u00edvel p\u00eanalti sobre Gustavo G\u00f3mez, ainda aos tr\u00eas minutos de jogo, ap\u00f3s cobran\u00e7a de escanteio. O zagueiro reclamou de um empurr\u00e3o de Jorginho na disputa a\u00e9rea. O \u00e1rbitro n\u00e3o marcou a penalidade, e o VAR manteve a decis\u00e3o de campo.<\/p>\n\n\n\n<p>O treinador tamb\u00e9m questionou duas jogadas que antecederam o segundo gol do Flamengo. Na vis\u00e3o de Abel, houve falta em Vitor Roque e tamb\u00e9m em Fuchs, antes da penalidade marcada a favor de Pedro.<\/p>\n\n\n\n<blockquote class=\"wp-block-quote is-layout-flow wp-block-quote-is-layout-flow\">\n<p>\u201cNa primeira oportunidade, pod\u00edamos n\u00e3o fazer o gol. T\u00ednhamos um p\u00eanalti claro e pod\u00edamos n\u00e3o fazer gol. Depois, o advers\u00e1rio aproveita bem uma situa\u00e7\u00e3o e faz o gol\u201d, afirmou o t\u00e9cnico.<\/p>\n\n\n\n<p>\u201cTemos outra situa\u00e7\u00e3o a seguir em que, na minha opini\u00e3o, h\u00e1 uma falta em cima do Roque, o \u00e1rbitro n\u00e3o marca falta, uma falta em cima do Fuchs que o Pedro tira vantagem dessa queda do Fuchs. Mas o \u00e1rbitro assim entendeu. Ele \u00e9 o melhor \u00e1rbitro brasileiro\u201d, completou.<\/p>\n<\/blockquote>\n\n\n\n<h3 class=\"wp-block-heading\" id=\"h-avaliacao-positiva-da-atuacao-apesar-do-reves\">Avalia\u00e7\u00e3o positiva da atua\u00e7\u00e3o, apesar do rev\u00e9s<\/h3>\n\n\n\n<p>Mesmo com o resultado desfavor\u00e1vel, Abel elogiou a postura do Palmeiras e valorizou o desempenho coletivo no Maracan\u00e3. Segundo ele, a equipe conseguiu competir em igualdade e criar dificuldades ao advers\u00e1rio.<\/p>\n\n\n\n<blockquote class=\"wp-block-quote is-layout-flow wp-block-quote-is-layout-flow\">\n<p>\u201cJogamos olhos nos olhos e, na minha opini\u00e3o, criando dificuldades ao nosso advers\u00e1rio desde o primeiro segundo, mas a efic\u00e1cia tamb\u00e9m conta. Nosso advers\u00e1rio, nas vezes que conseguiu ir, na primeira que foi, fez gol. Isso \u00e9 fundamental. M\u00e9rito do nosso advers\u00e1rio\u201d, avaliou.<\/p>\n<\/blockquote>\n\n\n\n<h3 class=\"wp-block-heading\" id=\"h-situacao-na-tabela-permanece-equilibrada\">Situa\u00e7\u00e3o na tabela permanece equilibrada<\/h3>\n\n\n\n<p>Apesar da derrota, o Palmeiras continua na lideran\u00e7a do Campeonato Brasileiro, agora empatado em pontos com o Flamengo. Ambos t\u00eam 61, mas o time paulista leva vantagem no n\u00famero de vit\u00f3rias (19 contra 18).<\/p>\n","protected":false},"excerpt":{"rendered":"<p>Ap\u00f3s a derrota por 3 a 2 para o Flamengo, neste domingo (19), no Maracan\u00e3, pela 29\u00aa rodada do Brasileir\u00e3o, Abel Ferreira demonstrou insatisfa\u00e7\u00e3o com a atua\u00e7\u00e3o de Wilton Pereira Sampaio. Embora tenha iniciado coletiva afirmando que n\u00e3o comentaria sobre o \u00e1rbitro, o portugu\u00eas exp\u00f4s lances que, em sua vis\u00e3o, prejudicaram o desempenho do Palmeiras [&hellip;]<\/p>\n","protected":false},"author":30,"featured_media":142780,"comment_status":"open","ping_status":"closed","sticky":false,"template":"","format":"standard","meta":{"footnotes":""},"categories":[1],"tags":[],"class_list":["post-278857","post","type-post","status-publish","format-standard","has-post-thumbnail","hentry","category-flamengo"],"yoast_head":"<!-- This site is optimized with the Yoast SEO Premium plugin v24.2 (Yoast SEO v26.9) - https:\/\/yoast.com\/product\/yoast-seo-premium-wordpress\/ -->\n<title>A declara\u00e7\u00e3o de Abel Ferreira sobre lance pol\u00eamico de Palmeiras x Flamengo<\/title>\n<meta name=\"robots\" content=\"index, follow, max-snippet:-1, max-image-preview:large, max-video-preview:-1\" \/>\n<link rel=\"canonical\" href=\"https:\/\/www.gaveanews.com\/index.php\/2025\/10\/19\/a-declaracao-de-abel-ferreira-sobre-lance-polemico-de-palmeiras-x-flamengo\/\" \/>\n<meta property=\"og:locale\" content=\"pt_BR\" \/>\n<meta property=\"og:type\" content=\"article\" \/>\n<meta property=\"og:title\" content=\"A declara\u00e7\u00e3o de Abel Ferreira sobre lance pol\u00eamico de Palmeiras x Flamengo\" \/>\n<meta property=\"og:description\" content=\"Ap\u00f3s a derrota por 3 a 2 para o Flamengo, neste domingo (19), no Maracan\u00e3, pela 29\u00aa rodada do Brasileir\u00e3o, Abel Ferreira demonstrou insatisfa\u00e7\u00e3o com a atua\u00e7\u00e3o de Wilton Pereira Sampaio. Embora tenha iniciado coletiva afirmando que n\u00e3o comentaria sobre o \u00e1rbitro, o portugu\u00eas exp\u00f4s lances que, em sua vis\u00e3o, prejudicaram o desempenho do Palmeiras [&hellip;]\" \/>\n<meta property=\"og:url\" content=\"https:\/\/www.gaveanews.com\/index.php\/2025\/10\/19\/a-declaracao-de-abel-ferreira-sobre-lance-polemico-de-palmeiras-x-flamengo\/\" \/>\n<meta property=\"og:site_name\" content=\"G\u00e1vea News\" \/>\n<meta property=\"article:publisher\" content=\"https:\/\/facebook.com\/gaveaNews\/\" \/>\n<meta property=\"article:published_time\" content=\"2025-10-19T22:42:18+00:00\" \/>\n<meta property=\"article:modified_time\" content=\"2025-10-19T22:42:21+00:00\" \/>\n<meta property=\"og:image\" content=\"http:\/\/www.gaveanews.com\/wp-content\/uploads\/abel.coletiva.webp\" \/>\n\t<meta property=\"og:image:width\" content=\"1220\" \/>\n\t<meta property=\"og:image:height\" content=\"643\" \/>\n\t<meta property=\"og:image:type\" content=\"image\/webp\" \/>\n<meta name=\"author\" content=\"Ana Teixeira\" \/>\n<meta name=\"twitter:card\" content=\"summary_large_image\" \/>\n<meta name=\"twitter:label1\" content=\"Escrito por\" \/>\n\t<meta name=\"twitter:data1\" content=\"Ana Teixeira\" \/>\n\t<meta name=\"twitter:label2\" content=\"Est. tempo de leitura\" \/>\n\t<meta name=\"twitter:data2\" content=\"2 minutos\" \/>\n<script type=\"application\/ld+json\" class=\"yoast-schema-graph\">{\"@context\":\"https:\/\/schema.org\",\"@graph\":[{\"@type\":\"NewsArticle\",\"@id\":\"https:\/\/www.gaveanews.com\/index.php\/2025\/10\/19\/a-declaracao-de-abel-ferreira-sobre-lance-polemico-de-palmeiras-x-flamengo\/#article\",\"isPartOf\":{\"@id\":\"https:\/\/www.gaveanews.com\/index.php\/2025\/10\/19\/a-declaracao-de-abel-ferreira-sobre-lance-polemico-de-palmeiras-x-flamengo\/\"},\"author\":{\"name\":\"Ana Teixeira\",\"@id\":\"https:\/\/www.gaveanews.com\/#\/schema\/person\/3b19f7288b0ce20372991275e4f2e6c2\"},\"headline\":\"A declara\u00e7\u00e3o de Abel Ferreira sobre lance pol\u00eamico de Palmeiras x Flamengo\",\"datePublished\":\"2025-10-19T22:42:18+00:00\",\"dateModified\":\"2025-10-19T22:42:21+00:00\",\"mainEntityOfPage\":{\"@id\":\"https:\/\/www.gaveanews.com\/index.php\/2025\/10\/19\/a-declaracao-de-abel-ferreira-sobre-lance-polemico-de-palmeiras-x-flamengo\/\"},\"wordCount\":511,\"commentCount\":0,\"image\":{\"@id\":\"https:\/\/www.gaveanews.com\/index.php\/2025\/10\/19\/a-declaracao-de-abel-ferreira-sobre-lance-polemico-de-palmeiras-x-flamengo\/#primaryimage\"},\"thumbnailUrl\":\"https:\/\/www.gaveanews.com\/wp-content\/uploads\/abel.coletiva.webp\",\"articleSection\":[\"Flamengo\"],\"inLanguage\":\"pt-BR\",\"potentialAction\":[{\"@type\":\"CommentAction\",\"name\":\"Comment\",\"target\":[\"https:\/\/www.gaveanews.com\/index.php\/2025\/10\/19\/a-declaracao-de-abel-ferreira-sobre-lance-polemico-de-palmeiras-x-flamengo\/#respond\"]}],\"copyrightYear\":\"2025\",\"copyrightHolder\":{\"@id\":\"https:\/\/www.gaveanews.com\/#organization\"}},{\"@type\":\"WebPage\",\"@id\":\"https:\/\/www.gaveanews.com\/index.php\/2025\/10\/19\/a-declaracao-de-abel-ferreira-sobre-lance-polemico-de-palmeiras-x-flamengo\/\",\"url\":\"https:\/\/www.gaveanews.com\/index.php\/2025\/10\/19\/a-declaracao-de-abel-ferreira-sobre-lance-polemico-de-palmeiras-x-flamengo\/\",\"name\":\"A declara\u00e7\u00e3o de Abel Ferreira sobre lance pol\u00eamico de Palmeiras x Flamengo\",\"isPartOf\":{\"@id\":\"https:\/\/www.gaveanews.com\/#website\"},\"primaryImageOfPage\":{\"@id\":\"https:\/\/www.gaveanews.com\/index.php\/2025\/10\/19\/a-declaracao-de-abel-ferreira-sobre-lance-polemico-de-palmeiras-x-flamengo\/#primaryimage\"},\"image\":{\"@id\":\"https:\/\/www.gaveanews.com\/index.php\/2025\/10\/19\/a-declaracao-de-abel-ferreira-sobre-lance-polemico-de-palmeiras-x-flamengo\/#primaryimage\"},\"thumbnailUrl\":\"https:\/\/www.gaveanews.com\/wp-content\/uploads\/abel.coletiva.webp\",\"datePublished\":\"2025-10-19T22:42:18+00:00\",\"dateModified\":\"2025-10-19T22:42:21+00:00\",\"author\":{\"@id\":\"https:\/\/www.gaveanews.com\/#\/schema\/person\/3b19f7288b0ce20372991275e4f2e6c2\"},\"breadcrumb\":{\"@id\":\"https:\/\/www.gaveanews.com\/index.php\/2025\/10\/19\/a-declaracao-de-abel-ferreira-sobre-lance-polemico-de-palmeiras-x-flamengo\/#breadcrumb\"},\"inLanguage\":\"pt-BR\",\"potentialAction\":[{\"@type\":\"ReadAction\",\"target\":[\"https:\/\/www.gaveanews.com\/index.php\/2025\/10\/19\/a-declaracao-de-abel-ferreira-sobre-lance-polemico-de-palmeiras-x-flamengo\/\"]}]},{\"@type\":\"ImageObject\",\"inLanguage\":\"pt-BR\",\"@id\":\"https:\/\/www.gaveanews.com\/index.php\/2025\/10\/19\/a-declaracao-de-abel-ferreira-sobre-lance-polemico-de-palmeiras-x-flamengo\/#primaryimage\",\"url\":\"https:\/\/www.gaveanews.com\/wp-content\/uploads\/abel.coletiva.webp\",\"contentUrl\":\"https:\/\/www.gaveanews.com\/wp-content\/uploads\/abel.coletiva.webp\",\"width\":1220,\"height\":643,\"caption\":\"Foto: Reprodu\u00e7\u00e3o \/ TV Palmeiras\/FAM\"},{\"@type\":\"BreadcrumbList\",\"@id\":\"https:\/\/www.gaveanews.com\/index.php\/2025\/10\/19\/a-declaracao-de-abel-ferreira-sobre-lance-polemico-de-palmeiras-x-flamengo\/#breadcrumb\",\"itemListElement\":[{\"@type\":\"ListItem\",\"position\":1,\"name\":\"Home\",\"item\":\"https:\/\/www.gaveanews.com\/\"},{\"@type\":\"ListItem\",\"position\":2,\"name\":\"A declara\u00e7\u00e3o de Abel Ferreira sobre lance pol\u00eamico de Palmeiras x Flamengo\"}]},{\"@type\":\"WebSite\",\"@id\":\"https:\/\/www.gaveanews.com\/#website\",\"url\":\"https:\/\/www.gaveanews.com\/\",\"name\":\"G\u00e1vea News\",\"description\":\"Veja todas as not\u00edcias sobre o Flamengo: Contrata\u00e7\u00f5es, categorias de base, resultados das partidas, tabela de classifica\u00e7\u00e3o, pr\u00f3ximos jogos!\",\"potentialAction\":[{\"@type\":\"SearchAction\",\"target\":{\"@type\":\"EntryPoint\",\"urlTemplate\":\"https:\/\/www.gaveanews.com\/?s={search_term_string}\"},\"query-input\":{\"@type\":\"PropertyValueSpecification\",\"valueRequired\":true,\"valueName\":\"search_term_string\"}}],\"inLanguage\":\"pt-BR\"},{\"@type\":\"Person\",\"@id\":\"https:\/\/www.gaveanews.com\/#\/schema\/person\/3b19f7288b0ce20372991275e4f2e6c2\",\"name\":\"Ana Teixeira\",\"image\":{\"@type\":\"ImageObject\",\"inLanguage\":\"pt-BR\",\"@id\":\"https:\/\/www.gaveanews.com\/#\/schema\/person\/image\/\",\"url\":\"https:\/\/secure.gravatar.com\/avatar\/0a73f5a5258f3fed37fc2fa641892f3f7a4748456d4d4792f9bc550e6c19e06c?s=96&d=mm&r=g\",\"contentUrl\":\"https:\/\/secure.gravatar.com\/avatar\/0a73f5a5258f3fed37fc2fa641892f3f7a4748456d4d4792f9bc550e6c19e06c?s=96&d=mm&r=g\",\"caption\":\"Ana Teixeira\"}}]}<\/script>\n<!-- \/ Yoast SEO Premium plugin. -->","yoast_head_json":{"title":"A declara\u00e7\u00e3o de Abel Ferreira sobre lance pol\u00eamico de Palmeiras x Flamengo","robots":{"index":"index","follow":"follow","max-snippet":"max-snippet:-1","max-image-preview":"max-image-preview:large","max-video-preview":"max-video-preview:-1"},"canonical":"https:\/\/www.gaveanews.com\/index.php\/2025\/10\/19\/a-declaracao-de-abel-ferreira-sobre-lance-polemico-de-palmeiras-x-flamengo\/","og_locale":"pt_BR","og_type":"article","og_title":"A declara\u00e7\u00e3o de Abel Ferreira sobre lance pol\u00eamico de Palmeiras x Flamengo","og_description":"Ap\u00f3s a derrota por 3 a 2 para o Flamengo, neste domingo (19), no Maracan\u00e3, pela 29\u00aa rodada do Brasileir\u00e3o, Abel Ferreira demonstrou insatisfa\u00e7\u00e3o com a atua\u00e7\u00e3o de Wilton Pereira Sampaio. Embora tenha iniciado coletiva afirmando que n\u00e3o comentaria sobre o \u00e1rbitro, o portugu\u00eas exp\u00f4s lances que, em sua vis\u00e3o, prejudicaram o desempenho do Palmeiras [&hellip;]","og_url":"https:\/\/www.gaveanews.com\/index.php\/2025\/10\/19\/a-declaracao-de-abel-ferreira-sobre-lance-polemico-de-palmeiras-x-flamengo\/","og_site_name":"G\u00e1vea News","article_publisher":"https:\/\/facebook.com\/gaveaNews\/","article_published_time":"2025-10-19T22:42:18+00:00","article_modified_time":"2025-10-19T22:42:21+00:00","og_image":[{"width":1220,"height":643,"url":"http:\/\/www.gaveanews.com\/wp-content\/uploads\/abel.coletiva.webp","type":"image\/webp"}],"author":"Ana Teixeira","twitter_card":"summary_large_image","twitter_misc":{"Escrito por":"Ana Teixeira","Est. tempo de leitura":"2 minutos"},"schema":{"@context":"https:\/\/schema.org","@graph":[{"@type":"NewsArticle","@id":"https:\/\/www.gaveanews.com\/index.php\/2025\/10\/19\/a-declaracao-de-abel-ferreira-sobre-lance-polemico-de-palmeiras-x-flamengo\/#article","isPartOf":{"@id":"https:\/\/www.gaveanews.com\/index.php\/2025\/10\/19\/a-declaracao-de-abel-ferreira-sobre-lance-polemico-de-palmeiras-x-flamengo\/"},"author":{"name":"Ana Teixeira","@id":"https:\/\/www.gaveanews.com\/#\/schema\/person\/3b19f7288b0ce20372991275e4f2e6c2"},"headline":"A declara\u00e7\u00e3o de Abel Ferreira sobre lance pol\u00eamico de Palmeiras x Flamengo","datePublished":"2025-10-19T22:42:18+00:00","dateModified":"2025-10-19T22:42:21+00:00","mainEntityOfPage":{"@id":"https:\/\/www.gaveanews.com\/index.php\/2025\/10\/19\/a-declaracao-de-abel-ferreira-sobre-lance-polemico-de-palmeiras-x-flamengo\/"},"wordCount":511,"commentCount":0,"image":{"@id":"https:\/\/www.gaveanews.com\/index.php\/2025\/10\/19\/a-declaracao-de-abel-ferreira-sobre-lance-polemico-de-palmeiras-x-flamengo\/#primaryimage"},"thumbnailUrl":"https:\/\/www.gaveanews.com\/wp-content\/uploads\/abel.coletiva.webp","articleSection":["Flamengo"],"inLanguage":"pt-BR","potentialAction":[{"@type":"CommentAction","name":"Comment","target":["https:\/\/www.gaveanews.com\/index.php\/2025\/10\/19\/a-declaracao-de-abel-ferreira-sobre-lance-polemico-de-palmeiras-x-flamengo\/#respond"]}],"copyrightYear":"2025","copyrightHolder":{"@id":"https:\/\/www.gaveanews.com\/#organization"}},{"@type":"WebPage","@id":"https:\/\/www.gaveanews.com\/index.php\/2025\/10\/19\/a-declaracao-de-abel-ferreira-sobre-lance-polemico-de-palmeiras-x-flamengo\/","url":"https:\/\/www.gaveanews.com\/index.php\/2025\/10\/19\/a-declaracao-de-abel-ferreira-sobre-lance-polemico-de-palmeiras-x-flamengo\/","name":"A declara\u00e7\u00e3o de Abel Ferreira sobre lance pol\u00eamico de Palmeiras x Flamengo","isPartOf":{"@id":"https:\/\/www.gaveanews.com\/#website"},"primaryImageOfPage":{"@id":"https:\/\/www.gaveanews.com\/index.php\/2025\/10\/19\/a-declaracao-de-abel-ferreira-sobre-lance-polemico-de-palmeiras-x-flamengo\/#primaryimage"},"image":{"@id":"https:\/\/www.gaveanews.com\/index.php\/2025\/10\/19\/a-declaracao-de-abel-ferreira-sobre-lance-polemico-de-palmeiras-x-flamengo\/#primaryimage"},"thumbnailUrl":"https:\/\/www.gaveanews.com\/wp-content\/uploads\/abel.coletiva.webp","datePublished":"2025-10-19T22:42:18+00:00","dateModified":"2025-10-19T22:42:21+00:00","author":{"@id":"https:\/\/www.gaveanews.com\/#\/schema\/person\/3b19f7288b0ce20372991275e4f2e6c2"},"breadcrumb":{"@id":"https:\/\/www.gaveanews.com\/index.php\/2025\/10\/19\/a-declaracao-de-abel-ferreira-sobre-lance-polemico-de-palmeiras-x-flamengo\/#breadcrumb"},"inLanguage":"pt-BR","potentialAction":[{"@type":"ReadAction","target":["https:\/\/www.gaveanews.com\/index.php\/2025\/10\/19\/a-declaracao-de-abel-ferreira-sobre-lance-polemico-de-palmeiras-x-flamengo\/"]}]},{"@type":"ImageObject","inLanguage":"pt-BR","@id":"https:\/\/www.gaveanews.com\/index.php\/2025\/10\/19\/a-declaracao-de-abel-ferreira-sobre-lance-polemico-de-palmeiras-x-flamengo\/#primaryimage","url":"https:\/\/www.gaveanews.com\/wp-content\/uploads\/abel.coletiva.webp","contentUrl":"https:\/\/www.gaveanews.com\/wp-content\/uploads\/abel.coletiva.webp","width":1220,"height":643,"caption":"Foto: Reprodu\u00e7\u00e3o \/ TV Palmeiras\/FAM"},{"@type":"BreadcrumbList","@id":"https:\/\/www.gaveanews.com\/index.php\/2025\/10\/19\/a-declaracao-de-abel-ferreira-sobre-lance-polemico-de-palmeiras-x-flamengo\/#breadcrumb","itemListElement":[{"@type":"ListItem","position":1,"name":"Home","item":"https:\/\/www.gaveanews.com\/"},{"@type":"ListItem","position":2,"name":"A declara\u00e7\u00e3o de Abel Ferreira sobre lance pol\u00eamico de Palmeiras x Flamengo"}]},{"@type":"WebSite","@id":"https:\/\/www.gaveanews.com\/#website","url":"https:\/\/www.gaveanews.com\/","name":"G\u00e1vea News","description":"Veja todas as not\u00edcias sobre o Flamengo: Contrata\u00e7\u00f5es, categorias de base, resultados das partidas, tabela de classifica\u00e7\u00e3o, pr\u00f3ximos jogos!","potentialAction":[{"@type":"SearchAction","target":{"@type":"EntryPoint","urlTemplate":"https:\/\/www.gaveanews.com\/?s={search_term_string}"},"query-input":{"@type":"PropertyValueSpecification","valueRequired":true,"valueName":"search_term_string"}}],"inLanguage":"pt-BR"},{"@type":"Person","@id":"https:\/\/www.gaveanews.com\/#\/schema\/person\/3b19f7288b0ce20372991275e4f2e6c2","name":"Ana Teixeira","image":{"@type":"ImageObject","inLanguage":"pt-BR","@id":"https:\/\/www.gaveanews.com\/#\/schema\/person\/image\/","url":"https:\/\/secure.gravatar.com\/avatar\/0a73f5a5258f3fed37fc2fa641892f3f7a4748456d4d4792f9bc550e6c19e06c?s=96&d=mm&r=g","contentUrl":"https:\/\/secure.gravatar.com\/avatar\/0a73f5a5258f3fed37fc2fa641892f3f7a4748456d4d4792f9bc550e6c19e06c?s=96&d=mm&r=g","caption":"Ana Teixeira"}}]}},"_links":{"self":[{"href":"https:\/\/www.gaveanews.com\/index.php\/wp-json\/wp\/v2\/posts\/278857","targetHints":{"allow":["GET"]}}],"collection":[{"href":"https:\/\/www.gaveanews.com\/index.php\/wp-json\/wp\/v2\/posts"}],"about":[{"href":"https:\/\/www.gaveanews.com\/index.php\/wp-json\/wp\/v2\/types\/post"}],"author":[{"embeddable":true,"href":"https:\/\/www.gaveanews.com\/index.php\/wp-json\/wp\/v2\/users\/30"}],"replies":[{"embeddable":true,"href":"https:\/\/www.gaveanews.com\/index.php\/wp-json\/wp\/v2\/comments?post=278857"}],"version-history":[{"count":1,"href":"https:\/\/www.gaveanews.com\/index.php\/wp-json\/wp\/v2\/posts\/278857\/revisions"}],"predecessor-version":[{"id":278858,"href":"https:\/\/www.gaveanews.com\/index.php\/wp-json\/wp\/v2\/posts\/278857\/revisions\/278858"}],"wp:featuredmedia":[{"embeddable":true,"href":"https:\/\/www.gaveanews.com\/index.php\/wp-json\/wp\/v2\/media\/142780"}],"wp:attachment":[{"href":"https:\/\/www.gaveanews.com\/index.php\/wp-json\/wp\/v2\/media?parent=278857"}],"wp:term":[{"taxonomy":"category","embeddable":true,"href":"https:\/\/www.gaveanews.com\/index.php\/wp-json\/wp\/v2\/categories?post=278857"},{"taxonomy":"post_tag","embeddable":true,"href":"https:\/\/www.gaveanews.com\/index.php\/wp-json\/wp\/v2\/tags?post=278857"}],"curies":[{"name":"wp","href":"https:\/\/api.w.org\/{rel}","templated":true}]}}