{"id":278859,"date":"2025-10-19T20:27:00","date_gmt":"2025-10-19T23:27:00","guid":{"rendered":"https:\/\/www.gaveanews.com\/?p=278859"},"modified":"2025-10-19T20:40:30","modified_gmt":"2025-10-19T23:40:30","slug":"flamengo-atualiza-situacao-de-leo-ortiz","status":"publish","type":"post","link":"https:\/\/www.gaveanews.com\/index.php\/2025\/10\/19\/flamengo-atualiza-situacao-de-leo-ortiz\/","title":{"rendered":"Flamengo atualiza situa\u00e7\u00e3o de L\u00e9o Ortiz"},"content":{"rendered":"\n<p>O Flamengo confirmou neste domingo (19) que o zagueiro L\u00e9o Ortiz sofreu um estiramento do ligamento no tornozelo direito durante a vit\u00f3ria por 3 a 2 sobre o Palmeiras, no Maracan\u00e3, pela 29\u00aa rodada do Campeonato Brasileiro. <\/p>\n\n\n\n<p>O defensor precisou deixar o campo ainda no primeiro tempo e foi encaminhado a um hospital para a realiza\u00e7\u00e3o de exames detalhados.<\/p>\n\n\n\n<p>De acordo com nota oficial divulgada pelo clube, os exames de imagem \u2014 entre eles radiografia e resson\u00e2ncia magn\u00e9tica \u2014 descartaram fratura. O jogador j\u00e1 iniciou tratamento intensivo com o Departamento M\u00e9dico no Ninho do Urubu.<\/p>\n\n\n\n<blockquote class=\"wp-block-quote is-layout-flow wp-block-quote-is-layout-flow\">\n<p>\u201cSubstitu\u00eddo ainda no primeiro tempo de Flamengo 3 x 2 Palmeiras, o zagueiro L\u00e9o Ortiz logo foi encaminhado para o hospital, onde realizou exames de radiografia e resson\u00e2ncia magn\u00e9tica. O resultado n\u00e3o apontou fratura, apenas um estiramento do ligamento no tornozelo direito. O atleta j\u00e1 iniciou o tratamento\u201d, informou o clube.<\/p>\n<\/blockquote>\n\n\n\n<h3 class=\"wp-block-heading\" id=\"h-lance-causou-preocupacao-e-afetou-andamento-do-jogo\">Lance causou preocupa\u00e7\u00e3o e afetou andamento do jogo<\/h3>\n\n\n\n<p>A les\u00e3o aconteceu aos 22 minutos do primeiro tempo, ap\u00f3s uma dividida com o atacante Vitor Roque. No choque, o jogador palmeirense caiu sobre a perna direita do defensor flamenguista. Ortiz tentou continuar na partida, mas n\u00e3o conseguiu retornar. Danilo entrou em seu lugar.<\/p>\n\n\n\n<p>O impacto da sa\u00edda do zagueiro foi al\u00e9m do aspecto f\u00edsico. A comunica\u00e7\u00e3o entre a comiss\u00e3o t\u00e9cnica e os m\u00e9dicos falhou no momento da substitui\u00e7\u00e3o. Filipe Lu\u00eds aguardava a confirma\u00e7\u00e3o da gravidade da les\u00e3o, e, nesse intervalo, a arbitragem autorizou o rein\u00edcio da partida. <\/p>\n\n\n\n<p>O Flamengo ficou cerca de um minuto e cinquenta segundos com dez jogadores em campo.<\/p>\n\n\n\n<p>Nesse per\u00edodo, o Palmeiras aproveitou a superioridade num\u00e9rica e chegou ao empate. Vitor Roque completou de cabe\u00e7a um cruzamento pela direita, ap\u00f3s Arrascaeta ter marcado o primeiro gol rubro-negro minutos antes.<\/p>\n\n\n\n<h3 class=\"wp-block-heading\" id=\"h-vitoria-confirmada-no-segundo-tempo\">Vit\u00f3ria confirmada no segundo tempo<\/h3>\n\n\n\n<p>Apesar do gol sofrido durante a desorganiza\u00e7\u00e3o, o Flamengo conseguiu reagir ainda na primeira etapa. Pedro sofreu p\u00eanalti e Jorginho converteu. Em seguida, o pr\u00f3prio camisa 9 aproveitou erro de An\u00edbal Moreno e ampliou a vantagem. <\/p>\n\n\n\n<p>No fim, Gustavo G\u00f3mez marcou o segundo gol palmeirense, fechando o placar. Com o triunfo, o Flamengo chegou a 61 pontos, empatando com o Palmeiras na tabela, mas permanece em segundo lugar pelo crit\u00e9rio de n\u00famero de vit\u00f3rias. <\/p>\n\n\n\n<p>A expectativa agora \u00e9 pela recupera\u00e7\u00e3o de Ortiz, especialmente diante do confronto contra o Racing, na quarta-feira (22), \u00e0s 21h30 (hor\u00e1rio de Bras\u00edlia), pelo primeiro jogo da semifinal da Conmebol Libertadores.<\/p>\n","protected":false},"excerpt":{"rendered":"<p>O Flamengo confirmou neste domingo (19) que o zagueiro L\u00e9o Ortiz sofreu um estiramento do ligamento no tornozelo direito durante a vit\u00f3ria por 3 a 2 sobre o Palmeiras, no Maracan\u00e3, pela 29\u00aa rodada do Campeonato Brasileiro. O defensor precisou deixar o campo ainda no primeiro tempo e foi encaminhado a um hospital para a [&hellip;]<\/p>\n","protected":false},"author":30,"featured_media":145524,"comment_status":"open","ping_status":"closed","sticky":false,"template":"","format":"standard","meta":{"footnotes":""},"categories":[1],"tags":[],"class_list":["post-278859","post","type-post","status-publish","format-standard","has-post-thumbnail","hentry","category-flamengo"],"yoast_head":"<!-- This site is optimized with the Yoast SEO Premium plugin v24.2 (Yoast SEO v26.9) - https:\/\/yoast.com\/product\/yoast-seo-premium-wordpress\/ -->\n<title>Flamengo atualiza situa\u00e7\u00e3o de L\u00e9o Ortiz<\/title>\n<meta name=\"robots\" content=\"index, follow, max-snippet:-1, max-image-preview:large, max-video-preview:-1\" \/>\n<link rel=\"canonical\" href=\"https:\/\/www.gaveanews.com\/index.php\/2025\/10\/19\/flamengo-atualiza-situacao-de-leo-ortiz\/\" \/>\n<meta property=\"og:locale\" content=\"pt_BR\" \/>\n<meta property=\"og:type\" content=\"article\" \/>\n<meta property=\"og:title\" content=\"Flamengo atualiza situa\u00e7\u00e3o de L\u00e9o Ortiz\" \/>\n<meta property=\"og:description\" content=\"O Flamengo confirmou neste domingo (19) que o zagueiro L\u00e9o Ortiz sofreu um estiramento do ligamento no tornozelo direito durante a vit\u00f3ria por 3 a 2 sobre o Palmeiras, no Maracan\u00e3, pela 29\u00aa rodada do Campeonato Brasileiro. O defensor precisou deixar o campo ainda no primeiro tempo e foi encaminhado a um hospital para a [&hellip;]\" \/>\n<meta property=\"og:url\" content=\"https:\/\/www.gaveanews.com\/index.php\/2025\/10\/19\/flamengo-atualiza-situacao-de-leo-ortiz\/\" \/>\n<meta property=\"og:site_name\" content=\"G\u00e1vea News\" \/>\n<meta property=\"article:publisher\" content=\"https:\/\/facebook.com\/gaveaNews\/\" \/>\n<meta property=\"article:published_time\" content=\"2025-10-19T23:27:00+00:00\" \/>\n<meta property=\"article:modified_time\" content=\"2025-10-19T23:40:30+00:00\" \/>\n<meta property=\"og:image\" content=\"http:\/\/www.gaveanews.com\/wp-content\/uploads\/leo-ortiz-flamengo.webp\" \/>\n\t<meta property=\"og:image:width\" content=\"900\" \/>\n\t<meta property=\"og:image:height\" content=\"599\" \/>\n\t<meta property=\"og:image:type\" content=\"image\/jpeg\" \/>\n<meta name=\"author\" content=\"Ana Teixeira\" \/>\n<meta name=\"twitter:card\" content=\"summary_large_image\" \/>\n<meta name=\"twitter:label1\" content=\"Escrito por\" \/>\n\t<meta name=\"twitter:data1\" content=\"Ana Teixeira\" \/>\n\t<meta name=\"twitter:label2\" content=\"Est. tempo de leitura\" \/>\n\t<meta name=\"twitter:data2\" content=\"3 minutos\" \/>\n<script type=\"application\/ld+json\" class=\"yoast-schema-graph\">{\"@context\":\"https:\/\/schema.org\",\"@graph\":[{\"@type\":\"NewsArticle\",\"@id\":\"https:\/\/www.gaveanews.com\/index.php\/2025\/10\/19\/flamengo-atualiza-situacao-de-leo-ortiz\/#article\",\"isPartOf\":{\"@id\":\"https:\/\/www.gaveanews.com\/index.php\/2025\/10\/19\/flamengo-atualiza-situacao-de-leo-ortiz\/\"},\"author\":{\"name\":\"Ana Teixeira\",\"@id\":\"https:\/\/www.gaveanews.com\/#\/schema\/person\/3b19f7288b0ce20372991275e4f2e6c2\"},\"headline\":\"Flamengo atualiza situa\u00e7\u00e3o de L\u00e9o Ortiz\",\"datePublished\":\"2025-10-19T23:27:00+00:00\",\"dateModified\":\"2025-10-19T23:40:30+00:00\",\"mainEntityOfPage\":{\"@id\":\"https:\/\/www.gaveanews.com\/index.php\/2025\/10\/19\/flamengo-atualiza-situacao-de-leo-ortiz\/\"},\"wordCount\":436,\"commentCount\":0,\"image\":{\"@id\":\"https:\/\/www.gaveanews.com\/index.php\/2025\/10\/19\/flamengo-atualiza-situacao-de-leo-ortiz\/#primaryimage\"},\"thumbnailUrl\":\"https:\/\/www.gaveanews.com\/wp-content\/uploads\/leo-ortiz-flamengo.webp\",\"articleSection\":[\"Flamengo\"],\"inLanguage\":\"pt-BR\",\"potentialAction\":[{\"@type\":\"CommentAction\",\"name\":\"Comment\",\"target\":[\"https:\/\/www.gaveanews.com\/index.php\/2025\/10\/19\/flamengo-atualiza-situacao-de-leo-ortiz\/#respond\"]}],\"copyrightYear\":\"2025\",\"copyrightHolder\":{\"@id\":\"https:\/\/www.gaveanews.com\/#organization\"}},{\"@type\":\"WebPage\",\"@id\":\"https:\/\/www.gaveanews.com\/index.php\/2025\/10\/19\/flamengo-atualiza-situacao-de-leo-ortiz\/\",\"url\":\"https:\/\/www.gaveanews.com\/index.php\/2025\/10\/19\/flamengo-atualiza-situacao-de-leo-ortiz\/\",\"name\":\"Flamengo atualiza situa\u00e7\u00e3o de L\u00e9o Ortiz\",\"isPartOf\":{\"@id\":\"https:\/\/www.gaveanews.com\/#website\"},\"primaryImageOfPage\":{\"@id\":\"https:\/\/www.gaveanews.com\/index.php\/2025\/10\/19\/flamengo-atualiza-situacao-de-leo-ortiz\/#primaryimage\"},\"image\":{\"@id\":\"https:\/\/www.gaveanews.com\/index.php\/2025\/10\/19\/flamengo-atualiza-situacao-de-leo-ortiz\/#primaryimage\"},\"thumbnailUrl\":\"https:\/\/www.gaveanews.com\/wp-content\/uploads\/leo-ortiz-flamengo.webp\",\"datePublished\":\"2025-10-19T23:27:00+00:00\",\"dateModified\":\"2025-10-19T23:40:30+00:00\",\"author\":{\"@id\":\"https:\/\/www.gaveanews.com\/#\/schema\/person\/3b19f7288b0ce20372991275e4f2e6c2\"},\"breadcrumb\":{\"@id\":\"https:\/\/www.gaveanews.com\/index.php\/2025\/10\/19\/flamengo-atualiza-situacao-de-leo-ortiz\/#breadcrumb\"},\"inLanguage\":\"pt-BR\",\"potentialAction\":[{\"@type\":\"ReadAction\",\"target\":[\"https:\/\/www.gaveanews.com\/index.php\/2025\/10\/19\/flamengo-atualiza-situacao-de-leo-ortiz\/\"]}]},{\"@type\":\"ImageObject\",\"inLanguage\":\"pt-BR\",\"@id\":\"https:\/\/www.gaveanews.com\/index.php\/2025\/10\/19\/flamengo-atualiza-situacao-de-leo-ortiz\/#primaryimage\",\"url\":\"https:\/\/www.gaveanews.com\/wp-content\/uploads\/leo-ortiz-flamengo.webp\",\"contentUrl\":\"https:\/\/www.gaveanews.com\/wp-content\/uploads\/leo-ortiz-flamengo.webp\",\"width\":900,\"height\":599,\"caption\":\"L\u00e9o Ortiz em a\u00e7\u00e3o pelo Flamengo (Foto: Marcelo Cortes\/Flamengo)\"},{\"@type\":\"BreadcrumbList\",\"@id\":\"https:\/\/www.gaveanews.com\/index.php\/2025\/10\/19\/flamengo-atualiza-situacao-de-leo-ortiz\/#breadcrumb\",\"itemListElement\":[{\"@type\":\"ListItem\",\"position\":1,\"name\":\"Home\",\"item\":\"https:\/\/www.gaveanews.com\/\"},{\"@type\":\"ListItem\",\"position\":2,\"name\":\"Flamengo atualiza situa\u00e7\u00e3o de L\u00e9o Ortiz\"}]},{\"@type\":\"WebSite\",\"@id\":\"https:\/\/www.gaveanews.com\/#website\",\"url\":\"https:\/\/www.gaveanews.com\/\",\"name\":\"G\u00e1vea News\",\"description\":\"Veja todas as not\u00edcias sobre o Flamengo: Contrata\u00e7\u00f5es, categorias de base, resultados das partidas, tabela de classifica\u00e7\u00e3o, pr\u00f3ximos jogos!\",\"potentialAction\":[{\"@type\":\"SearchAction\",\"target\":{\"@type\":\"EntryPoint\",\"urlTemplate\":\"https:\/\/www.gaveanews.com\/?s={search_term_string}\"},\"query-input\":{\"@type\":\"PropertyValueSpecification\",\"valueRequired\":true,\"valueName\":\"search_term_string\"}}],\"inLanguage\":\"pt-BR\"},{\"@type\":\"Person\",\"@id\":\"https:\/\/www.gaveanews.com\/#\/schema\/person\/3b19f7288b0ce20372991275e4f2e6c2\",\"name\":\"Ana Teixeira\",\"image\":{\"@type\":\"ImageObject\",\"inLanguage\":\"pt-BR\",\"@id\":\"https:\/\/www.gaveanews.com\/#\/schema\/person\/image\/\",\"url\":\"https:\/\/secure.gravatar.com\/avatar\/0a73f5a5258f3fed37fc2fa641892f3f7a4748456d4d4792f9bc550e6c19e06c?s=96&d=mm&r=g\",\"contentUrl\":\"https:\/\/secure.gravatar.com\/avatar\/0a73f5a5258f3fed37fc2fa641892f3f7a4748456d4d4792f9bc550e6c19e06c?s=96&d=mm&r=g\",\"caption\":\"Ana Teixeira\"}}]}<\/script>\n<!-- \/ Yoast SEO Premium plugin. -->","yoast_head_json":{"title":"Flamengo atualiza situa\u00e7\u00e3o de L\u00e9o Ortiz","robots":{"index":"index","follow":"follow","max-snippet":"max-snippet:-1","max-image-preview":"max-image-preview:large","max-video-preview":"max-video-preview:-1"},"canonical":"https:\/\/www.gaveanews.com\/index.php\/2025\/10\/19\/flamengo-atualiza-situacao-de-leo-ortiz\/","og_locale":"pt_BR","og_type":"article","og_title":"Flamengo atualiza situa\u00e7\u00e3o de L\u00e9o Ortiz","og_description":"O Flamengo confirmou neste domingo (19) que o zagueiro L\u00e9o Ortiz sofreu um estiramento do ligamento no tornozelo direito durante a vit\u00f3ria por 3 a 2 sobre o Palmeiras, no Maracan\u00e3, pela 29\u00aa rodada do Campeonato Brasileiro. O defensor precisou deixar o campo ainda no primeiro tempo e foi encaminhado a um hospital para a [&hellip;]","og_url":"https:\/\/www.gaveanews.com\/index.php\/2025\/10\/19\/flamengo-atualiza-situacao-de-leo-ortiz\/","og_site_name":"G\u00e1vea News","article_publisher":"https:\/\/facebook.com\/gaveaNews\/","article_published_time":"2025-10-19T23:27:00+00:00","article_modified_time":"2025-10-19T23:40:30+00:00","og_image":[{"width":900,"height":599,"url":"http:\/\/www.gaveanews.com\/wp-content\/uploads\/leo-ortiz-flamengo.webp","type":"image\/jpeg"}],"author":"Ana Teixeira","twitter_card":"summary_large_image","twitter_misc":{"Escrito por":"Ana Teixeira","Est. tempo de leitura":"3 minutos"},"schema":{"@context":"https:\/\/schema.org","@graph":[{"@type":"NewsArticle","@id":"https:\/\/www.gaveanews.com\/index.php\/2025\/10\/19\/flamengo-atualiza-situacao-de-leo-ortiz\/#article","isPartOf":{"@id":"https:\/\/www.gaveanews.com\/index.php\/2025\/10\/19\/flamengo-atualiza-situacao-de-leo-ortiz\/"},"author":{"name":"Ana Teixeira","@id":"https:\/\/www.gaveanews.com\/#\/schema\/person\/3b19f7288b0ce20372991275e4f2e6c2"},"headline":"Flamengo atualiza situa\u00e7\u00e3o de L\u00e9o Ortiz","datePublished":"2025-10-19T23:27:00+00:00","dateModified":"2025-10-19T23:40:30+00:00","mainEntityOfPage":{"@id":"https:\/\/www.gaveanews.com\/index.php\/2025\/10\/19\/flamengo-atualiza-situacao-de-leo-ortiz\/"},"wordCount":436,"commentCount":0,"image":{"@id":"https:\/\/www.gaveanews.com\/index.php\/2025\/10\/19\/flamengo-atualiza-situacao-de-leo-ortiz\/#primaryimage"},"thumbnailUrl":"https:\/\/www.gaveanews.com\/wp-content\/uploads\/leo-ortiz-flamengo.webp","articleSection":["Flamengo"],"inLanguage":"pt-BR","potentialAction":[{"@type":"CommentAction","name":"Comment","target":["https:\/\/www.gaveanews.com\/index.php\/2025\/10\/19\/flamengo-atualiza-situacao-de-leo-ortiz\/#respond"]}],"copyrightYear":"2025","copyrightHolder":{"@id":"https:\/\/www.gaveanews.com\/#organization"}},{"@type":"WebPage","@id":"https:\/\/www.gaveanews.com\/index.php\/2025\/10\/19\/flamengo-atualiza-situacao-de-leo-ortiz\/","url":"https:\/\/www.gaveanews.com\/index.php\/2025\/10\/19\/flamengo-atualiza-situacao-de-leo-ortiz\/","name":"Flamengo atualiza situa\u00e7\u00e3o de L\u00e9o Ortiz","isPartOf":{"@id":"https:\/\/www.gaveanews.com\/#website"},"primaryImageOfPage":{"@id":"https:\/\/www.gaveanews.com\/index.php\/2025\/10\/19\/flamengo-atualiza-situacao-de-leo-ortiz\/#primaryimage"},"image":{"@id":"https:\/\/www.gaveanews.com\/index.php\/2025\/10\/19\/flamengo-atualiza-situacao-de-leo-ortiz\/#primaryimage"},"thumbnailUrl":"https:\/\/www.gaveanews.com\/wp-content\/uploads\/leo-ortiz-flamengo.webp","datePublished":"2025-10-19T23:27:00+00:00","dateModified":"2025-10-19T23:40:30+00:00","author":{"@id":"https:\/\/www.gaveanews.com\/#\/schema\/person\/3b19f7288b0ce20372991275e4f2e6c2"},"breadcrumb":{"@id":"https:\/\/www.gaveanews.com\/index.php\/2025\/10\/19\/flamengo-atualiza-situacao-de-leo-ortiz\/#breadcrumb"},"inLanguage":"pt-BR","potentialAction":[{"@type":"ReadAction","target":["https:\/\/www.gaveanews.com\/index.php\/2025\/10\/19\/flamengo-atualiza-situacao-de-leo-ortiz\/"]}]},{"@type":"ImageObject","inLanguage":"pt-BR","@id":"https:\/\/www.gaveanews.com\/index.php\/2025\/10\/19\/flamengo-atualiza-situacao-de-leo-ortiz\/#primaryimage","url":"https:\/\/www.gaveanews.com\/wp-content\/uploads\/leo-ortiz-flamengo.webp","contentUrl":"https:\/\/www.gaveanews.com\/wp-content\/uploads\/leo-ortiz-flamengo.webp","width":900,"height":599,"caption":"L\u00e9o Ortiz em a\u00e7\u00e3o pelo Flamengo (Foto: Marcelo Cortes\/Flamengo)"},{"@type":"BreadcrumbList","@id":"https:\/\/www.gaveanews.com\/index.php\/2025\/10\/19\/flamengo-atualiza-situacao-de-leo-ortiz\/#breadcrumb","itemListElement":[{"@type":"ListItem","position":1,"name":"Home","item":"https:\/\/www.gaveanews.com\/"},{"@type":"ListItem","position":2,"name":"Flamengo atualiza situa\u00e7\u00e3o de L\u00e9o Ortiz"}]},{"@type":"WebSite","@id":"https:\/\/www.gaveanews.com\/#website","url":"https:\/\/www.gaveanews.com\/","name":"G\u00e1vea News","description":"Veja todas as not\u00edcias sobre o Flamengo: Contrata\u00e7\u00f5es, categorias de base, resultados das partidas, tabela de classifica\u00e7\u00e3o, pr\u00f3ximos jogos!","potentialAction":[{"@type":"SearchAction","target":{"@type":"EntryPoint","urlTemplate":"https:\/\/www.gaveanews.com\/?s={search_term_string}"},"query-input":{"@type":"PropertyValueSpecification","valueRequired":true,"valueName":"search_term_string"}}],"inLanguage":"pt-BR"},{"@type":"Person","@id":"https:\/\/www.gaveanews.com\/#\/schema\/person\/3b19f7288b0ce20372991275e4f2e6c2","name":"Ana Teixeira","image":{"@type":"ImageObject","inLanguage":"pt-BR","@id":"https:\/\/www.gaveanews.com\/#\/schema\/person\/image\/","url":"https:\/\/secure.gravatar.com\/avatar\/0a73f5a5258f3fed37fc2fa641892f3f7a4748456d4d4792f9bc550e6c19e06c?s=96&d=mm&r=g","contentUrl":"https:\/\/secure.gravatar.com\/avatar\/0a73f5a5258f3fed37fc2fa641892f3f7a4748456d4d4792f9bc550e6c19e06c?s=96&d=mm&r=g","caption":"Ana Teixeira"}}]}},"_links":{"self":[{"href":"https:\/\/www.gaveanews.com\/index.php\/wp-json\/wp\/v2\/posts\/278859","targetHints":{"allow":["GET"]}}],"collection":[{"href":"https:\/\/www.gaveanews.com\/index.php\/wp-json\/wp\/v2\/posts"}],"about":[{"href":"https:\/\/www.gaveanews.com\/index.php\/wp-json\/wp\/v2\/types\/post"}],"author":[{"embeddable":true,"href":"https:\/\/www.gaveanews.com\/index.php\/wp-json\/wp\/v2\/users\/30"}],"replies":[{"embeddable":true,"href":"https:\/\/www.gaveanews.com\/index.php\/wp-json\/wp\/v2\/comments?post=278859"}],"version-history":[{"count":1,"href":"https:\/\/www.gaveanews.com\/index.php\/wp-json\/wp\/v2\/posts\/278859\/revisions"}],"predecessor-version":[{"id":278860,"href":"https:\/\/www.gaveanews.com\/index.php\/wp-json\/wp\/v2\/posts\/278859\/revisions\/278860"}],"wp:featuredmedia":[{"embeddable":true,"href":"https:\/\/www.gaveanews.com\/index.php\/wp-json\/wp\/v2\/media\/145524"}],"wp:attachment":[{"href":"https:\/\/www.gaveanews.com\/index.php\/wp-json\/wp\/v2\/media?parent=278859"}],"wp:term":[{"taxonomy":"category","embeddable":true,"href":"https:\/\/www.gaveanews.com\/index.php\/wp-json\/wp\/v2\/categories?post=278859"},{"taxonomy":"post_tag","embeddable":true,"href":"https:\/\/www.gaveanews.com\/index.php\/wp-json\/wp\/v2\/tags?post=278859"}],"curies":[{"name":"wp","href":"https:\/\/api.w.org\/{rel}","templated":true}]}}