{"id":278861,"date":"2025-10-19T21:14:00","date_gmt":"2025-10-20T00:14:00","guid":{"rendered":"https:\/\/www.gaveanews.com\/?p=278861"},"modified":"2025-10-19T21:24:31","modified_gmt":"2025-10-20T00:24:31","slug":"arrascaeta-sofre-tentativa-de-assalto-apos-vitoria-do-flamengo","status":"publish","type":"post","link":"https:\/\/www.gaveanews.com\/index.php\/2025\/10\/19\/arrascaeta-sofre-tentativa-de-assalto-apos-vitoria-do-flamengo\/","title":{"rendered":"Arrascaeta sofre tentativa de assalto ap\u00f3s vit\u00f3ria do Flamengo"},"content":{"rendered":"\n<p>Giorgian De Arrascaeta relatou que sofreu uma tentativa de assalto na noite deste domingo (19), logo ap\u00f3s deixar o Maracan\u00e3. O jogador do Flamengo publicou em suas redes que o epis\u00f3dio ocorreu quando ele deixava o est\u00e1dio acompanhado da fam\u00edlia, ap\u00f3s a vit\u00f3ria rubro-negra por 3 a 2 sobre o Palmeiras.<\/p>\n\n\n\n<blockquote class=\"wp-block-quote is-layout-flow wp-block-quote-is-layout-flow\">\n<p>\u201c7 anos no Flamengo, 1era (primeira) tentativa de assalto saindo do Maracan\u00e3. Que momento desagrad\u00e1vel passamos com a fam\u00edlia. Gra\u00e7as a Deus estamos todos bem \ud83d\ude4f\u201d, escreveu o uruguaio em seu perfil oficial.<\/p>\n<\/blockquote>\n\n\n\n<p>Segundo apura\u00e7\u00e3o inicial, o jogador se dirigia \u00e0 Zona Oeste da cidade em seu carro particular no momento da abordagem. N\u00e3o houve feridos, e o meia confirmou que todos os ocupantes do ve\u00edculo estavam em seguran\u00e7a ap\u00f3s o susto. <\/p>\n\n\n\n<h3 class=\"wp-block-heading\" id=\"h-goleador-em-campo-vitima-fora-dele\">Goleador em campo, v\u00edtima fora dele<\/h3>\n\n\n\n<p>Pouco antes do epis\u00f3dio, Arrascaeta havia sido um dos protagonistas da vit\u00f3ria do Flamengo sobre o Palmeiras, em confronto direto pela lideran\u00e7a do Campeonato Brasileiro. O camisa 10 marcou um dos gols rubro-negros ainda no primeiro tempo e teve atua\u00e7\u00e3o destacada diante de mais de 60 mil torcedores no Maracan\u00e3.<\/p>\n\n\n\n<p>Com o gol marcado, o uruguaio chegou a 15 na atual edi\u00e7\u00e3o do Brasileir\u00e3o, dividindo a artilharia da competi\u00e7\u00e3o com Kaio Jorge. Al\u00e9m disso, lidera o ranking de assist\u00eancias, com 11 passes decisivos. A boa fase individual tamb\u00e9m impulsiona a equipe na briga pelo t\u00edtulo nacional.<\/p>\n\n\n\n<h3 class=\"wp-block-heading\" id=\"h-vitoria-importante-e-duelo-de-alto-nivel\">Vit\u00f3ria importante e duelo de alto n\u00edvel<\/h3>\n\n\n\n<p>O jogo teve ritmo intenso desde o apito inicial. O Flamengo construiu boa vantagem ainda na etapa inicial, com gols de Arrascaeta, Jorginho e Pedro. O Palmeiras descontou com Vitor Roque e Gustavo G\u00f3mez, mas n\u00e3o conseguiu evitar o rev\u00e9s no Maracan\u00e3.<\/p>\n\n\n\n<p>Pedro foi eleito o melhor em campo, com participa\u00e7\u00e3o direta nos tr\u00eas gols da equipe carioca. Ele deu a assist\u00eancia para o primeiro, sofreu o p\u00eanalti que originou o segundo e marcou o terceiro, ap\u00f3s desarme em An\u00edbal Moreno.<\/p>\n\n\n\n<p>Do lado palmeirense, Vitor Roque aproveitou cruzamento de Khellven para empatar a partida momentaneamente. Gustavo G\u00f3mez completou o placar nos acr\u00e9scimos da etapa final.<\/p>\n\n\n\n<h3 class=\"wp-block-heading\" id=\"h-situacao-na-tabela-e-contexto-da-partida\">Situa\u00e7\u00e3o na tabela e contexto da partida<\/h3>\n\n\n\n<p>Com o resultado, Flamengo e Palmeiras somam agora 61 pontos, mas o time paulista segue na lideran\u00e7a pelo crit\u00e9rio de n\u00famero de vit\u00f3rias (19 contra 18). A partida foi v\u00e1lida pela 29\u00aa rodada e reuniu os dois principais concorrentes ao t\u00edtulo nesta reta final de competi\u00e7\u00e3o.<\/p>\n\n\n\n<p>A pr\u00f3xima partida do Flamengo ser\u00e1 na quarta-feira (22), \u00e0s 21h30, contra o Racing, pelo jogo de ida da semifinal da Conmebol Libertadores, novamente no Maracan\u00e3. <\/p>\n","protected":false},"excerpt":{"rendered":"<p>Giorgian De Arrascaeta relatou que sofreu uma tentativa de assalto na noite deste domingo (19), logo ap\u00f3s deixar o Maracan\u00e3. O jogador do Flamengo publicou em suas redes que o epis\u00f3dio ocorreu quando ele deixava o est\u00e1dio acompanhado da fam\u00edlia, ap\u00f3s a vit\u00f3ria rubro-negra por 3 a 2 sobre o Palmeiras. \u201c7 anos no Flamengo, [&hellip;]<\/p>\n","protected":false},"author":30,"featured_media":251814,"comment_status":"open","ping_status":"closed","sticky":false,"template":"","format":"standard","meta":{"footnotes":""},"categories":[1],"tags":[],"class_list":["post-278861","post","type-post","status-publish","format-standard","has-post-thumbnail","hentry","category-flamengo"],"yoast_head":"<!-- This site is optimized with the Yoast SEO Premium plugin v24.2 (Yoast SEO v26.9) - https:\/\/yoast.com\/product\/yoast-seo-premium-wordpress\/ -->\n<title>Arrascaeta sofre tentativa de assalto ap\u00f3s vit\u00f3ria do Flamengo<\/title>\n<meta name=\"robots\" content=\"index, follow, max-snippet:-1, max-image-preview:large, max-video-preview:-1\" \/>\n<link rel=\"canonical\" href=\"https:\/\/www.gaveanews.com\/index.php\/2025\/10\/19\/arrascaeta-sofre-tentativa-de-assalto-apos-vitoria-do-flamengo\/\" \/>\n<meta property=\"og:locale\" content=\"pt_BR\" \/>\n<meta property=\"og:type\" content=\"article\" \/>\n<meta property=\"og:title\" content=\"Arrascaeta sofre tentativa de assalto ap\u00f3s vit\u00f3ria do Flamengo\" \/>\n<meta property=\"og:description\" content=\"Giorgian De Arrascaeta relatou que sofreu uma tentativa de assalto na noite deste domingo (19), logo ap\u00f3s deixar o Maracan\u00e3. O jogador do Flamengo publicou em suas redes que o epis\u00f3dio ocorreu quando ele deixava o est\u00e1dio acompanhado da fam\u00edlia, ap\u00f3s a vit\u00f3ria rubro-negra por 3 a 2 sobre o Palmeiras. \u201c7 anos no Flamengo, [&hellip;]\" \/>\n<meta property=\"og:url\" content=\"https:\/\/www.gaveanews.com\/index.php\/2025\/10\/19\/arrascaeta-sofre-tentativa-de-assalto-apos-vitoria-do-flamengo\/\" \/>\n<meta property=\"og:site_name\" content=\"G\u00e1vea News\" \/>\n<meta property=\"article:publisher\" content=\"https:\/\/facebook.com\/gaveaNews\/\" \/>\n<meta property=\"article:published_time\" content=\"2025-10-20T00:14:00+00:00\" \/>\n<meta property=\"article:modified_time\" content=\"2025-10-20T00:24:31+00:00\" \/>\n<meta property=\"og:image\" content=\"http:\/\/www.gaveanews.com\/wp-content\/uploads\/Entrevista-de-Arrascaeta-do-Flamengo-na-zona-mista.webp\" \/>\n\t<meta property=\"og:image:width\" content=\"1200\" \/>\n\t<meta property=\"og:image:height\" content=\"800\" \/>\n\t<meta property=\"og:image:type\" content=\"image\/png\" \/>\n<meta name=\"author\" content=\"Ana Teixeira\" \/>\n<meta name=\"twitter:card\" content=\"summary_large_image\" \/>\n<meta name=\"twitter:label1\" content=\"Escrito por\" \/>\n\t<meta name=\"twitter:data1\" content=\"Ana Teixeira\" \/>\n\t<meta name=\"twitter:label2\" content=\"Est. tempo de leitura\" \/>\n\t<meta name=\"twitter:data2\" content=\"3 minutos\" \/>\n<script type=\"application\/ld+json\" class=\"yoast-schema-graph\">{\"@context\":\"https:\/\/schema.org\",\"@graph\":[{\"@type\":\"NewsArticle\",\"@id\":\"https:\/\/www.gaveanews.com\/index.php\/2025\/10\/19\/arrascaeta-sofre-tentativa-de-assalto-apos-vitoria-do-flamengo\/#article\",\"isPartOf\":{\"@id\":\"https:\/\/www.gaveanews.com\/index.php\/2025\/10\/19\/arrascaeta-sofre-tentativa-de-assalto-apos-vitoria-do-flamengo\/\"},\"author\":{\"name\":\"Ana Teixeira\",\"@id\":\"https:\/\/www.gaveanews.com\/#\/schema\/person\/3b19f7288b0ce20372991275e4f2e6c2\"},\"headline\":\"Arrascaeta sofre tentativa de assalto ap\u00f3s vit\u00f3ria do Flamengo\",\"datePublished\":\"2025-10-20T00:14:00+00:00\",\"dateModified\":\"2025-10-20T00:24:31+00:00\",\"mainEntityOfPage\":{\"@id\":\"https:\/\/www.gaveanews.com\/index.php\/2025\/10\/19\/arrascaeta-sofre-tentativa-de-assalto-apos-vitoria-do-flamengo\/\"},\"wordCount\":460,\"commentCount\":0,\"image\":{\"@id\":\"https:\/\/www.gaveanews.com\/index.php\/2025\/10\/19\/arrascaeta-sofre-tentativa-de-assalto-apos-vitoria-do-flamengo\/#primaryimage\"},\"thumbnailUrl\":\"https:\/\/www.gaveanews.com\/wp-content\/uploads\/Entrevista-de-Arrascaeta-do-Flamengo-na-zona-mista.webp\",\"articleSection\":[\"Flamengo\"],\"inLanguage\":\"pt-BR\",\"potentialAction\":[{\"@type\":\"CommentAction\",\"name\":\"Comment\",\"target\":[\"https:\/\/www.gaveanews.com\/index.php\/2025\/10\/19\/arrascaeta-sofre-tentativa-de-assalto-apos-vitoria-do-flamengo\/#respond\"]}],\"copyrightYear\":\"2025\",\"copyrightHolder\":{\"@id\":\"https:\/\/www.gaveanews.com\/#organization\"}},{\"@type\":\"WebPage\",\"@id\":\"https:\/\/www.gaveanews.com\/index.php\/2025\/10\/19\/arrascaeta-sofre-tentativa-de-assalto-apos-vitoria-do-flamengo\/\",\"url\":\"https:\/\/www.gaveanews.com\/index.php\/2025\/10\/19\/arrascaeta-sofre-tentativa-de-assalto-apos-vitoria-do-flamengo\/\",\"name\":\"Arrascaeta sofre tentativa de assalto ap\u00f3s vit\u00f3ria do Flamengo\",\"isPartOf\":{\"@id\":\"https:\/\/www.gaveanews.com\/#website\"},\"primaryImageOfPage\":{\"@id\":\"https:\/\/www.gaveanews.com\/index.php\/2025\/10\/19\/arrascaeta-sofre-tentativa-de-assalto-apos-vitoria-do-flamengo\/#primaryimage\"},\"image\":{\"@id\":\"https:\/\/www.gaveanews.com\/index.php\/2025\/10\/19\/arrascaeta-sofre-tentativa-de-assalto-apos-vitoria-do-flamengo\/#primaryimage\"},\"thumbnailUrl\":\"https:\/\/www.gaveanews.com\/wp-content\/uploads\/Entrevista-de-Arrascaeta-do-Flamengo-na-zona-mista.webp\",\"datePublished\":\"2025-10-20T00:14:00+00:00\",\"dateModified\":\"2025-10-20T00:24:31+00:00\",\"author\":{\"@id\":\"https:\/\/www.gaveanews.com\/#\/schema\/person\/3b19f7288b0ce20372991275e4f2e6c2\"},\"breadcrumb\":{\"@id\":\"https:\/\/www.gaveanews.com\/index.php\/2025\/10\/19\/arrascaeta-sofre-tentativa-de-assalto-apos-vitoria-do-flamengo\/#breadcrumb\"},\"inLanguage\":\"pt-BR\",\"potentialAction\":[{\"@type\":\"ReadAction\",\"target\":[\"https:\/\/www.gaveanews.com\/index.php\/2025\/10\/19\/arrascaeta-sofre-tentativa-de-assalto-apos-vitoria-do-flamengo\/\"]}]},{\"@type\":\"ImageObject\",\"inLanguage\":\"pt-BR\",\"@id\":\"https:\/\/www.gaveanews.com\/index.php\/2025\/10\/19\/arrascaeta-sofre-tentativa-de-assalto-apos-vitoria-do-flamengo\/#primaryimage\",\"url\":\"https:\/\/www.gaveanews.com\/wp-content\/uploads\/Entrevista-de-Arrascaeta-do-Flamengo-na-zona-mista.webp\",\"contentUrl\":\"https:\/\/www.gaveanews.com\/wp-content\/uploads\/Entrevista-de-Arrascaeta-do-Flamengo-na-zona-mista.webp\",\"width\":1200,\"height\":800,\"caption\":\"Foto: Reprodu\u00e7\u00e3o\"},{\"@type\":\"BreadcrumbList\",\"@id\":\"https:\/\/www.gaveanews.com\/index.php\/2025\/10\/19\/arrascaeta-sofre-tentativa-de-assalto-apos-vitoria-do-flamengo\/#breadcrumb\",\"itemListElement\":[{\"@type\":\"ListItem\",\"position\":1,\"name\":\"Home\",\"item\":\"https:\/\/www.gaveanews.com\/\"},{\"@type\":\"ListItem\",\"position\":2,\"name\":\"Arrascaeta sofre tentativa de assalto ap\u00f3s vit\u00f3ria do Flamengo\"}]},{\"@type\":\"WebSite\",\"@id\":\"https:\/\/www.gaveanews.com\/#website\",\"url\":\"https:\/\/www.gaveanews.com\/\",\"name\":\"G\u00e1vea News\",\"description\":\"Veja todas as not\u00edcias sobre o Flamengo: Contrata\u00e7\u00f5es, categorias de base, resultados das partidas, tabela de classifica\u00e7\u00e3o, pr\u00f3ximos jogos!\",\"potentialAction\":[{\"@type\":\"SearchAction\",\"target\":{\"@type\":\"EntryPoint\",\"urlTemplate\":\"https:\/\/www.gaveanews.com\/?s={search_term_string}\"},\"query-input\":{\"@type\":\"PropertyValueSpecification\",\"valueRequired\":true,\"valueName\":\"search_term_string\"}}],\"inLanguage\":\"pt-BR\"},{\"@type\":\"Person\",\"@id\":\"https:\/\/www.gaveanews.com\/#\/schema\/person\/3b19f7288b0ce20372991275e4f2e6c2\",\"name\":\"Ana Teixeira\",\"image\":{\"@type\":\"ImageObject\",\"inLanguage\":\"pt-BR\",\"@id\":\"https:\/\/www.gaveanews.com\/#\/schema\/person\/image\/\",\"url\":\"https:\/\/secure.gravatar.com\/avatar\/0a73f5a5258f3fed37fc2fa641892f3f7a4748456d4d4792f9bc550e6c19e06c?s=96&d=mm&r=g\",\"contentUrl\":\"https:\/\/secure.gravatar.com\/avatar\/0a73f5a5258f3fed37fc2fa641892f3f7a4748456d4d4792f9bc550e6c19e06c?s=96&d=mm&r=g\",\"caption\":\"Ana Teixeira\"}}]}<\/script>\n<!-- \/ Yoast SEO Premium plugin. -->","yoast_head_json":{"title":"Arrascaeta sofre tentativa de assalto ap\u00f3s vit\u00f3ria do Flamengo","robots":{"index":"index","follow":"follow","max-snippet":"max-snippet:-1","max-image-preview":"max-image-preview:large","max-video-preview":"max-video-preview:-1"},"canonical":"https:\/\/www.gaveanews.com\/index.php\/2025\/10\/19\/arrascaeta-sofre-tentativa-de-assalto-apos-vitoria-do-flamengo\/","og_locale":"pt_BR","og_type":"article","og_title":"Arrascaeta sofre tentativa de assalto ap\u00f3s vit\u00f3ria do Flamengo","og_description":"Giorgian De Arrascaeta relatou que sofreu uma tentativa de assalto na noite deste domingo (19), logo ap\u00f3s deixar o Maracan\u00e3. O jogador do Flamengo publicou em suas redes que o epis\u00f3dio ocorreu quando ele deixava o est\u00e1dio acompanhado da fam\u00edlia, ap\u00f3s a vit\u00f3ria rubro-negra por 3 a 2 sobre o Palmeiras. \u201c7 anos no Flamengo, [&hellip;]","og_url":"https:\/\/www.gaveanews.com\/index.php\/2025\/10\/19\/arrascaeta-sofre-tentativa-de-assalto-apos-vitoria-do-flamengo\/","og_site_name":"G\u00e1vea News","article_publisher":"https:\/\/facebook.com\/gaveaNews\/","article_published_time":"2025-10-20T00:14:00+00:00","article_modified_time":"2025-10-20T00:24:31+00:00","og_image":[{"width":1200,"height":800,"url":"http:\/\/www.gaveanews.com\/wp-content\/uploads\/Entrevista-de-Arrascaeta-do-Flamengo-na-zona-mista.webp","type":"image\/png"}],"author":"Ana Teixeira","twitter_card":"summary_large_image","twitter_misc":{"Escrito por":"Ana Teixeira","Est. tempo de leitura":"3 minutos"},"schema":{"@context":"https:\/\/schema.org","@graph":[{"@type":"NewsArticle","@id":"https:\/\/www.gaveanews.com\/index.php\/2025\/10\/19\/arrascaeta-sofre-tentativa-de-assalto-apos-vitoria-do-flamengo\/#article","isPartOf":{"@id":"https:\/\/www.gaveanews.com\/index.php\/2025\/10\/19\/arrascaeta-sofre-tentativa-de-assalto-apos-vitoria-do-flamengo\/"},"author":{"name":"Ana Teixeira","@id":"https:\/\/www.gaveanews.com\/#\/schema\/person\/3b19f7288b0ce20372991275e4f2e6c2"},"headline":"Arrascaeta sofre tentativa de assalto ap\u00f3s vit\u00f3ria do Flamengo","datePublished":"2025-10-20T00:14:00+00:00","dateModified":"2025-10-20T00:24:31+00:00","mainEntityOfPage":{"@id":"https:\/\/www.gaveanews.com\/index.php\/2025\/10\/19\/arrascaeta-sofre-tentativa-de-assalto-apos-vitoria-do-flamengo\/"},"wordCount":460,"commentCount":0,"image":{"@id":"https:\/\/www.gaveanews.com\/index.php\/2025\/10\/19\/arrascaeta-sofre-tentativa-de-assalto-apos-vitoria-do-flamengo\/#primaryimage"},"thumbnailUrl":"https:\/\/www.gaveanews.com\/wp-content\/uploads\/Entrevista-de-Arrascaeta-do-Flamengo-na-zona-mista.webp","articleSection":["Flamengo"],"inLanguage":"pt-BR","potentialAction":[{"@type":"CommentAction","name":"Comment","target":["https:\/\/www.gaveanews.com\/index.php\/2025\/10\/19\/arrascaeta-sofre-tentativa-de-assalto-apos-vitoria-do-flamengo\/#respond"]}],"copyrightYear":"2025","copyrightHolder":{"@id":"https:\/\/www.gaveanews.com\/#organization"}},{"@type":"WebPage","@id":"https:\/\/www.gaveanews.com\/index.php\/2025\/10\/19\/arrascaeta-sofre-tentativa-de-assalto-apos-vitoria-do-flamengo\/","url":"https:\/\/www.gaveanews.com\/index.php\/2025\/10\/19\/arrascaeta-sofre-tentativa-de-assalto-apos-vitoria-do-flamengo\/","name":"Arrascaeta sofre tentativa de assalto ap\u00f3s vit\u00f3ria do Flamengo","isPartOf":{"@id":"https:\/\/www.gaveanews.com\/#website"},"primaryImageOfPage":{"@id":"https:\/\/www.gaveanews.com\/index.php\/2025\/10\/19\/arrascaeta-sofre-tentativa-de-assalto-apos-vitoria-do-flamengo\/#primaryimage"},"image":{"@id":"https:\/\/www.gaveanews.com\/index.php\/2025\/10\/19\/arrascaeta-sofre-tentativa-de-assalto-apos-vitoria-do-flamengo\/#primaryimage"},"thumbnailUrl":"https:\/\/www.gaveanews.com\/wp-content\/uploads\/Entrevista-de-Arrascaeta-do-Flamengo-na-zona-mista.webp","datePublished":"2025-10-20T00:14:00+00:00","dateModified":"2025-10-20T00:24:31+00:00","author":{"@id":"https:\/\/www.gaveanews.com\/#\/schema\/person\/3b19f7288b0ce20372991275e4f2e6c2"},"breadcrumb":{"@id":"https:\/\/www.gaveanews.com\/index.php\/2025\/10\/19\/arrascaeta-sofre-tentativa-de-assalto-apos-vitoria-do-flamengo\/#breadcrumb"},"inLanguage":"pt-BR","potentialAction":[{"@type":"ReadAction","target":["https:\/\/www.gaveanews.com\/index.php\/2025\/10\/19\/arrascaeta-sofre-tentativa-de-assalto-apos-vitoria-do-flamengo\/"]}]},{"@type":"ImageObject","inLanguage":"pt-BR","@id":"https:\/\/www.gaveanews.com\/index.php\/2025\/10\/19\/arrascaeta-sofre-tentativa-de-assalto-apos-vitoria-do-flamengo\/#primaryimage","url":"https:\/\/www.gaveanews.com\/wp-content\/uploads\/Entrevista-de-Arrascaeta-do-Flamengo-na-zona-mista.webp","contentUrl":"https:\/\/www.gaveanews.com\/wp-content\/uploads\/Entrevista-de-Arrascaeta-do-Flamengo-na-zona-mista.webp","width":1200,"height":800,"caption":"Foto: Reprodu\u00e7\u00e3o"},{"@type":"BreadcrumbList","@id":"https:\/\/www.gaveanews.com\/index.php\/2025\/10\/19\/arrascaeta-sofre-tentativa-de-assalto-apos-vitoria-do-flamengo\/#breadcrumb","itemListElement":[{"@type":"ListItem","position":1,"name":"Home","item":"https:\/\/www.gaveanews.com\/"},{"@type":"ListItem","position":2,"name":"Arrascaeta sofre tentativa de assalto ap\u00f3s vit\u00f3ria do Flamengo"}]},{"@type":"WebSite","@id":"https:\/\/www.gaveanews.com\/#website","url":"https:\/\/www.gaveanews.com\/","name":"G\u00e1vea News","description":"Veja todas as not\u00edcias sobre o Flamengo: Contrata\u00e7\u00f5es, categorias de base, resultados das partidas, tabela de classifica\u00e7\u00e3o, pr\u00f3ximos jogos!","potentialAction":[{"@type":"SearchAction","target":{"@type":"EntryPoint","urlTemplate":"https:\/\/www.gaveanews.com\/?s={search_term_string}"},"query-input":{"@type":"PropertyValueSpecification","valueRequired":true,"valueName":"search_term_string"}}],"inLanguage":"pt-BR"},{"@type":"Person","@id":"https:\/\/www.gaveanews.com\/#\/schema\/person\/3b19f7288b0ce20372991275e4f2e6c2","name":"Ana Teixeira","image":{"@type":"ImageObject","inLanguage":"pt-BR","@id":"https:\/\/www.gaveanews.com\/#\/schema\/person\/image\/","url":"https:\/\/secure.gravatar.com\/avatar\/0a73f5a5258f3fed37fc2fa641892f3f7a4748456d4d4792f9bc550e6c19e06c?s=96&d=mm&r=g","contentUrl":"https:\/\/secure.gravatar.com\/avatar\/0a73f5a5258f3fed37fc2fa641892f3f7a4748456d4d4792f9bc550e6c19e06c?s=96&d=mm&r=g","caption":"Ana Teixeira"}}]}},"_links":{"self":[{"href":"https:\/\/www.gaveanews.com\/index.php\/wp-json\/wp\/v2\/posts\/278861","targetHints":{"allow":["GET"]}}],"collection":[{"href":"https:\/\/www.gaveanews.com\/index.php\/wp-json\/wp\/v2\/posts"}],"about":[{"href":"https:\/\/www.gaveanews.com\/index.php\/wp-json\/wp\/v2\/types\/post"}],"author":[{"embeddable":true,"href":"https:\/\/www.gaveanews.com\/index.php\/wp-json\/wp\/v2\/users\/30"}],"replies":[{"embeddable":true,"href":"https:\/\/www.gaveanews.com\/index.php\/wp-json\/wp\/v2\/comments?post=278861"}],"version-history":[{"count":1,"href":"https:\/\/www.gaveanews.com\/index.php\/wp-json\/wp\/v2\/posts\/278861\/revisions"}],"predecessor-version":[{"id":278862,"href":"https:\/\/www.gaveanews.com\/index.php\/wp-json\/wp\/v2\/posts\/278861\/revisions\/278862"}],"wp:featuredmedia":[{"embeddable":true,"href":"https:\/\/www.gaveanews.com\/index.php\/wp-json\/wp\/v2\/media\/251814"}],"wp:attachment":[{"href":"https:\/\/www.gaveanews.com\/index.php\/wp-json\/wp\/v2\/media?parent=278861"}],"wp:term":[{"taxonomy":"category","embeddable":true,"href":"https:\/\/www.gaveanews.com\/index.php\/wp-json\/wp\/v2\/categories?post=278861"},{"taxonomy":"post_tag","embeddable":true,"href":"https:\/\/www.gaveanews.com\/index.php\/wp-json\/wp\/v2\/tags?post=278861"}],"curies":[{"name":"wp","href":"https:\/\/api.w.org\/{rel}","templated":true}]}}