{"id":278865,"date":"2025-10-20T13:20:00","date_gmt":"2025-10-20T16:20:00","guid":{"rendered":"https:\/\/www.gaveanews.com\/?p=278865"},"modified":"2025-10-20T13:21:31","modified_gmt":"2025-10-20T16:21:31","slug":"atacante-do-flamengo-se-manifesta-apos-ser-visto-em-balada-antes-do-jogo-contra-o-palmeiras","status":"publish","type":"post","link":"https:\/\/www.gaveanews.com\/index.php\/2025\/10\/20\/atacante-do-flamengo-se-manifesta-apos-ser-visto-em-balada-antes-do-jogo-contra-o-palmeiras\/","title":{"rendered":"Atacante do Flamengo se manifesta ap\u00f3s ser visto em balada antes do jogo contra o Palmeiras"},"content":{"rendered":"\n<p>Horas antes da partida entre <a href=\"https:\/\/www.gaveanews.com\/index.php\/category\/brasileirao\/flamengo\/\" target=\"_blank\" rel=\"noreferrer noopener\">Flamengo<\/a> e <a href=\"https:\/\/www.gaveanews.com\/index.php\/category\/brasileirao\/palmeiras\/\">Palmeiras<\/a>, realizada no domingo (19), um v\u00eddeo de Wallace Yan em uma balada viralizou nas redes sociais e gerou questionamentos sobre a postura do meia. A imagem foi registrada durante a madrugada, em meio \u00e0 prepara\u00e7\u00e3o para o confronto direto pela lideran\u00e7a do Campeonato Brasileiro.<\/p>\n\n\n\n<p>Por meio de sua assessoria de imprensa, Wallace alegou que n\u00e3o havia sido relacionado para a partida e, por isso, estava em per\u00edodo de folga. A nota tamb\u00e9m abordou cr\u00edticas direcionadas ao atleta e classificou as publica\u00e7\u00f5es sobre o epis\u00f3dio como distorcidas.<\/p>\n\n\n\n<p>A assessoria do jogador divulgou um comunicado rebatendo as cr\u00edticas. O texto argumenta que a aus\u00eancia de Wallace na lista de relacionados j\u00e1 era conhecida, devido \u00e0 suspens\u00e3o autom\u00e1tica pela expuls\u00e3o no jogo anterior, e, portanto, o atleta n\u00e3o descumpriu nenhuma orienta\u00e7\u00e3o interna do clube.<\/p>\n\n\n\n<p>\u201cDiante dos fatos relatados, comunicamos que o atleta desde s\u00e1bado, 18, j\u00e1 sabia que n\u00e3o ia para a partida contra o Palmeiras! A lista interna j\u00e1 havia sido divulgada. Diante disto, o atleta estava de folga\u201d, afirmou a assessoria.<\/p>\n\n\n\n<p>A nota tamb\u00e9m questionou a conduta de um blogueiro respons\u00e1vel pela divulga\u00e7\u00e3o do v\u00eddeo e defendeu que o atleta tem sido alvo de ataques repetitivos. <\/p>\n\n\n\n<p>\u201cReiteramos o compromisso do jovem com o Flamengo e gostar\u00edamos de reiterar a insistente persegui\u00e7\u00e3o contra o mesmo, do mesmo blogueiro, vide as \u00faltimas postagens e o tom conduzido na legenda, n\u00e3o apenas distorcendo o fato, mas tamb\u00e9m j\u00e1 condenando, deixando os princ\u00edpios do jornalismo de lado.\u201d<\/p>\n\n\n\n<p>A assessoria ainda destacou o momento de transi\u00e7\u00e3o vivido pelo jovem: \u201cWallace tem apenas 20 anos e est\u00e1 em crescente amadurecimento, aprendendo com os erros o que \u00e9 normal em qualquer atleta desta idade, mas salientamos que a cobran\u00e7a tem que existir quando h\u00e1 o fato, e n\u00e3o quando h\u00e1 invers\u00e3o das situa\u00e7\u00f5es\u201d.<\/p>\n\n\n\n<h3 class=\"wp-block-heading\" id=\"h-historico-recente-de-punicao\">Hist\u00f3rico recente de puni\u00e7\u00e3o<\/h3>\n\n\n\n<p>O meio-campista tamb\u00e9m esteve envolvido em outro epis\u00f3dio recente que gerou repercuss\u00e3o no clube. Em 5 de outubro, Wallace foi expulso durante a derrota do Flamengo para o Bahia por 1 a 0, pelo Campeonato Brasileiro. <\/p>\n\n\n\n<p>O jogador havia entrado na vaga de Arrascaeta aos 23 minutos do segundo tempo, mas permaneceu em campo por apenas 11 minutos, sendo punido com cart\u00e3o vermelho ap\u00f3s acertar uma cotovelada no lateral-direito Gilberto.<\/p>\n\n\n\n<p>Na ocasi\u00e3o, o time carioca j\u00e1 enfrentava dificuldades, pois Danilo havia sido expulso ainda no primeiro tempo. A diretoria do Flamengo aplicou uma multa ao atleta como forma de penaliza\u00e7\u00e3o disciplinar pelo ocorrido.<\/p>\n\n\n\n<p><\/p>\n\n\n\n<p><\/p>\n\n\n\n<p><\/p>\n","protected":false},"excerpt":{"rendered":"<p>Horas antes da partida entre Flamengo e Palmeiras, realizada no domingo (19), um v\u00eddeo de Wallace Yan em uma balada viralizou nas redes sociais e gerou questionamentos sobre a postura do meia. A imagem foi registrada durante a madrugada, em meio \u00e0 prepara\u00e7\u00e3o para o confronto direto pela lideran\u00e7a do Campeonato Brasileiro. Por meio de [&hellip;]<\/p>\n","protected":false},"author":39,"featured_media":101250,"comment_status":"open","ping_status":"closed","sticky":false,"template":"","format":"standard","meta":{"footnotes":""},"categories":[1],"tags":[],"class_list":["post-278865","post","type-post","status-publish","format-standard","has-post-thumbnail","hentry","category-flamengo"],"yoast_head":"<!-- This site is optimized with the Yoast SEO Premium plugin v24.2 (Yoast SEO v26.9) - https:\/\/yoast.com\/product\/yoast-seo-premium-wordpress\/ -->\n<title>Atacante do Flamengo se manifesta ap\u00f3s ser visto em balada antes do jogo contra o Palmeiras<\/title>\n<meta name=\"robots\" content=\"index, follow, max-snippet:-1, max-image-preview:large, max-video-preview:-1\" \/>\n<link rel=\"canonical\" href=\"https:\/\/www.gaveanews.com\/index.php\/2025\/10\/20\/atacante-do-flamengo-se-manifesta-apos-ser-visto-em-balada-antes-do-jogo-contra-o-palmeiras\/\" \/>\n<meta property=\"og:locale\" content=\"pt_BR\" \/>\n<meta property=\"og:type\" content=\"article\" \/>\n<meta property=\"og:title\" content=\"Atacante do Flamengo se manifesta ap\u00f3s ser visto em balada antes do jogo contra o Palmeiras\" \/>\n<meta property=\"og:description\" content=\"Horas antes da partida entre Flamengo e Palmeiras, realizada no domingo (19), um v\u00eddeo de Wallace Yan em uma balada viralizou nas redes sociais e gerou questionamentos sobre a postura do meia. A imagem foi registrada durante a madrugada, em meio \u00e0 prepara\u00e7\u00e3o para o confronto direto pela lideran\u00e7a do Campeonato Brasileiro. Por meio de [&hellip;]\" \/>\n<meta property=\"og:url\" content=\"https:\/\/www.gaveanews.com\/index.php\/2025\/10\/20\/atacante-do-flamengo-se-manifesta-apos-ser-visto-em-balada-antes-do-jogo-contra-o-palmeiras\/\" \/>\n<meta property=\"og:site_name\" content=\"G\u00e1vea News\" \/>\n<meta property=\"article:publisher\" content=\"https:\/\/facebook.com\/gaveaNews\/\" \/>\n<meta property=\"article:published_time\" content=\"2025-10-20T16:20:00+00:00\" \/>\n<meta property=\"article:modified_time\" content=\"2025-10-20T16:21:31+00:00\" \/>\n<meta property=\"og:image\" content=\"http:\/\/www.gaveanews.com\/wp-content\/uploads\/Maracanao-escudo-Flamengo.webp\" \/>\n\t<meta property=\"og:image:width\" content=\"640\" \/>\n\t<meta property=\"og:image:height\" content=\"427\" \/>\n\t<meta property=\"og:image:type\" content=\"image\/jpeg\" \/>\n<meta name=\"author\" content=\"Reda\u00e7\u00e3o\" \/>\n<meta name=\"twitter:card\" content=\"summary_large_image\" \/>\n<meta name=\"twitter:label1\" content=\"Escrito por\" \/>\n\t<meta name=\"twitter:data1\" content=\"Reda\u00e7\u00e3o\" \/>\n\t<meta name=\"twitter:label2\" content=\"Est. tempo de leitura\" \/>\n\t<meta name=\"twitter:data2\" content=\"3 minutos\" \/>\n<script type=\"application\/ld+json\" class=\"yoast-schema-graph\">{\"@context\":\"https:\/\/schema.org\",\"@graph\":[{\"@type\":\"NewsArticle\",\"@id\":\"https:\/\/www.gaveanews.com\/index.php\/2025\/10\/20\/atacante-do-flamengo-se-manifesta-apos-ser-visto-em-balada-antes-do-jogo-contra-o-palmeiras\/#article\",\"isPartOf\":{\"@id\":\"https:\/\/www.gaveanews.com\/index.php\/2025\/10\/20\/atacante-do-flamengo-se-manifesta-apos-ser-visto-em-balada-antes-do-jogo-contra-o-palmeiras\/\"},\"author\":{\"name\":\"Reda\u00e7\u00e3o\",\"@id\":\"https:\/\/www.gaveanews.com\/#\/schema\/person\/c88645e3d550d0b6574305e67dd5a716\"},\"headline\":\"Atacante do Flamengo se manifesta ap\u00f3s ser visto em balada antes do jogo contra o Palmeiras\",\"datePublished\":\"2025-10-20T16:20:00+00:00\",\"dateModified\":\"2025-10-20T16:21:31+00:00\",\"mainEntityOfPage\":{\"@id\":\"https:\/\/www.gaveanews.com\/index.php\/2025\/10\/20\/atacante-do-flamengo-se-manifesta-apos-ser-visto-em-balada-antes-do-jogo-contra-o-palmeiras\/\"},\"wordCount\":457,\"commentCount\":0,\"image\":{\"@id\":\"https:\/\/www.gaveanews.com\/index.php\/2025\/10\/20\/atacante-do-flamengo-se-manifesta-apos-ser-visto-em-balada-antes-do-jogo-contra-o-palmeiras\/#primaryimage\"},\"thumbnailUrl\":\"https:\/\/www.gaveanews.com\/wp-content\/uploads\/Maracanao-escudo-Flamengo.webp\",\"articleSection\":[\"Flamengo\"],\"inLanguage\":\"pt-BR\",\"potentialAction\":[{\"@type\":\"CommentAction\",\"name\":\"Comment\",\"target\":[\"https:\/\/www.gaveanews.com\/index.php\/2025\/10\/20\/atacante-do-flamengo-se-manifesta-apos-ser-visto-em-balada-antes-do-jogo-contra-o-palmeiras\/#respond\"]}],\"copyrightYear\":\"2025\",\"copyrightHolder\":{\"@id\":\"https:\/\/www.gaveanews.com\/#organization\"}},{\"@type\":\"WebPage\",\"@id\":\"https:\/\/www.gaveanews.com\/index.php\/2025\/10\/20\/atacante-do-flamengo-se-manifesta-apos-ser-visto-em-balada-antes-do-jogo-contra-o-palmeiras\/\",\"url\":\"https:\/\/www.gaveanews.com\/index.php\/2025\/10\/20\/atacante-do-flamengo-se-manifesta-apos-ser-visto-em-balada-antes-do-jogo-contra-o-palmeiras\/\",\"name\":\"Atacante do Flamengo se manifesta ap\u00f3s ser visto em balada antes do jogo contra o Palmeiras\",\"isPartOf\":{\"@id\":\"https:\/\/www.gaveanews.com\/#website\"},\"primaryImageOfPage\":{\"@id\":\"https:\/\/www.gaveanews.com\/index.php\/2025\/10\/20\/atacante-do-flamengo-se-manifesta-apos-ser-visto-em-balada-antes-do-jogo-contra-o-palmeiras\/#primaryimage\"},\"image\":{\"@id\":\"https:\/\/www.gaveanews.com\/index.php\/2025\/10\/20\/atacante-do-flamengo-se-manifesta-apos-ser-visto-em-balada-antes-do-jogo-contra-o-palmeiras\/#primaryimage\"},\"thumbnailUrl\":\"https:\/\/www.gaveanews.com\/wp-content\/uploads\/Maracanao-escudo-Flamengo.webp\",\"datePublished\":\"2025-10-20T16:20:00+00:00\",\"dateModified\":\"2025-10-20T16:21:31+00:00\",\"author\":{\"@id\":\"https:\/\/www.gaveanews.com\/#\/schema\/person\/c88645e3d550d0b6574305e67dd5a716\"},\"breadcrumb\":{\"@id\":\"https:\/\/www.gaveanews.com\/index.php\/2025\/10\/20\/atacante-do-flamengo-se-manifesta-apos-ser-visto-em-balada-antes-do-jogo-contra-o-palmeiras\/#breadcrumb\"},\"inLanguage\":\"pt-BR\",\"potentialAction\":[{\"@type\":\"ReadAction\",\"target\":[\"https:\/\/www.gaveanews.com\/index.php\/2025\/10\/20\/atacante-do-flamengo-se-manifesta-apos-ser-visto-em-balada-antes-do-jogo-contra-o-palmeiras\/\"]}]},{\"@type\":\"ImageObject\",\"inLanguage\":\"pt-BR\",\"@id\":\"https:\/\/www.gaveanews.com\/index.php\/2025\/10\/20\/atacante-do-flamengo-se-manifesta-apos-ser-visto-em-balada-antes-do-jogo-contra-o-palmeiras\/#primaryimage\",\"url\":\"https:\/\/www.gaveanews.com\/wp-content\/uploads\/Maracanao-escudo-Flamengo.webp\",\"contentUrl\":\"https:\/\/www.gaveanews.com\/wp-content\/uploads\/Maracanao-escudo-Flamengo.webp\",\"width\":640,\"height\":427,\"caption\":\"Escudo do Flamengo no gramado do Maracan\u00e3 (Foto: Reprodu\u00e7\u00e3o)\"},{\"@type\":\"BreadcrumbList\",\"@id\":\"https:\/\/www.gaveanews.com\/index.php\/2025\/10\/20\/atacante-do-flamengo-se-manifesta-apos-ser-visto-em-balada-antes-do-jogo-contra-o-palmeiras\/#breadcrumb\",\"itemListElement\":[{\"@type\":\"ListItem\",\"position\":1,\"name\":\"Home\",\"item\":\"https:\/\/www.gaveanews.com\/\"},{\"@type\":\"ListItem\",\"position\":2,\"name\":\"Atacante do Flamengo se manifesta ap\u00f3s ser visto em balada antes do jogo contra o Palmeiras\"}]},{\"@type\":\"WebSite\",\"@id\":\"https:\/\/www.gaveanews.com\/#website\",\"url\":\"https:\/\/www.gaveanews.com\/\",\"name\":\"G\u00e1vea News\",\"description\":\"Veja todas as not\u00edcias sobre o Flamengo: Contrata\u00e7\u00f5es, categorias de base, resultados das partidas, tabela de classifica\u00e7\u00e3o, pr\u00f3ximos jogos!\",\"potentialAction\":[{\"@type\":\"SearchAction\",\"target\":{\"@type\":\"EntryPoint\",\"urlTemplate\":\"https:\/\/www.gaveanews.com\/?s={search_term_string}\"},\"query-input\":{\"@type\":\"PropertyValueSpecification\",\"valueRequired\":true,\"valueName\":\"search_term_string\"}}],\"inLanguage\":\"pt-BR\"},{\"@type\":\"Person\",\"@id\":\"https:\/\/www.gaveanews.com\/#\/schema\/person\/c88645e3d550d0b6574305e67dd5a716\",\"name\":\"Reda\u00e7\u00e3o\",\"image\":{\"@type\":\"ImageObject\",\"inLanguage\":\"pt-BR\",\"@id\":\"https:\/\/www.gaveanews.com\/#\/schema\/person\/image\/\",\"url\":\"https:\/\/secure.gravatar.com\/avatar\/434098fd823f0dc1b062d14ca22bacaa6e38de28d8c816bbef6fc2f8c44d8ba3?s=96&d=mm&r=g\",\"contentUrl\":\"https:\/\/secure.gravatar.com\/avatar\/434098fd823f0dc1b062d14ca22bacaa6e38de28d8c816bbef6fc2f8c44d8ba3?s=96&d=mm&r=g\",\"caption\":\"Reda\u00e7\u00e3o\"}}]}<\/script>\n<!-- \/ Yoast SEO Premium plugin. -->","yoast_head_json":{"title":"Atacante do Flamengo se manifesta ap\u00f3s ser visto em balada antes do jogo contra o Palmeiras","robots":{"index":"index","follow":"follow","max-snippet":"max-snippet:-1","max-image-preview":"max-image-preview:large","max-video-preview":"max-video-preview:-1"},"canonical":"https:\/\/www.gaveanews.com\/index.php\/2025\/10\/20\/atacante-do-flamengo-se-manifesta-apos-ser-visto-em-balada-antes-do-jogo-contra-o-palmeiras\/","og_locale":"pt_BR","og_type":"article","og_title":"Atacante do Flamengo se manifesta ap\u00f3s ser visto em balada antes do jogo contra o Palmeiras","og_description":"Horas antes da partida entre Flamengo e Palmeiras, realizada no domingo (19), um v\u00eddeo de Wallace Yan em uma balada viralizou nas redes sociais e gerou questionamentos sobre a postura do meia. A imagem foi registrada durante a madrugada, em meio \u00e0 prepara\u00e7\u00e3o para o confronto direto pela lideran\u00e7a do Campeonato Brasileiro. Por meio de [&hellip;]","og_url":"https:\/\/www.gaveanews.com\/index.php\/2025\/10\/20\/atacante-do-flamengo-se-manifesta-apos-ser-visto-em-balada-antes-do-jogo-contra-o-palmeiras\/","og_site_name":"G\u00e1vea News","article_publisher":"https:\/\/facebook.com\/gaveaNews\/","article_published_time":"2025-10-20T16:20:00+00:00","article_modified_time":"2025-10-20T16:21:31+00:00","og_image":[{"width":640,"height":427,"url":"http:\/\/www.gaveanews.com\/wp-content\/uploads\/Maracanao-escudo-Flamengo.webp","type":"image\/jpeg"}],"author":"Reda\u00e7\u00e3o","twitter_card":"summary_large_image","twitter_misc":{"Escrito por":"Reda\u00e7\u00e3o","Est. tempo de leitura":"3 minutos"},"schema":{"@context":"https:\/\/schema.org","@graph":[{"@type":"NewsArticle","@id":"https:\/\/www.gaveanews.com\/index.php\/2025\/10\/20\/atacante-do-flamengo-se-manifesta-apos-ser-visto-em-balada-antes-do-jogo-contra-o-palmeiras\/#article","isPartOf":{"@id":"https:\/\/www.gaveanews.com\/index.php\/2025\/10\/20\/atacante-do-flamengo-se-manifesta-apos-ser-visto-em-balada-antes-do-jogo-contra-o-palmeiras\/"},"author":{"name":"Reda\u00e7\u00e3o","@id":"https:\/\/www.gaveanews.com\/#\/schema\/person\/c88645e3d550d0b6574305e67dd5a716"},"headline":"Atacante do Flamengo se manifesta ap\u00f3s ser visto em balada antes do jogo contra o Palmeiras","datePublished":"2025-10-20T16:20:00+00:00","dateModified":"2025-10-20T16:21:31+00:00","mainEntityOfPage":{"@id":"https:\/\/www.gaveanews.com\/index.php\/2025\/10\/20\/atacante-do-flamengo-se-manifesta-apos-ser-visto-em-balada-antes-do-jogo-contra-o-palmeiras\/"},"wordCount":457,"commentCount":0,"image":{"@id":"https:\/\/www.gaveanews.com\/index.php\/2025\/10\/20\/atacante-do-flamengo-se-manifesta-apos-ser-visto-em-balada-antes-do-jogo-contra-o-palmeiras\/#primaryimage"},"thumbnailUrl":"https:\/\/www.gaveanews.com\/wp-content\/uploads\/Maracanao-escudo-Flamengo.webp","articleSection":["Flamengo"],"inLanguage":"pt-BR","potentialAction":[{"@type":"CommentAction","name":"Comment","target":["https:\/\/www.gaveanews.com\/index.php\/2025\/10\/20\/atacante-do-flamengo-se-manifesta-apos-ser-visto-em-balada-antes-do-jogo-contra-o-palmeiras\/#respond"]}],"copyrightYear":"2025","copyrightHolder":{"@id":"https:\/\/www.gaveanews.com\/#organization"}},{"@type":"WebPage","@id":"https:\/\/www.gaveanews.com\/index.php\/2025\/10\/20\/atacante-do-flamengo-se-manifesta-apos-ser-visto-em-balada-antes-do-jogo-contra-o-palmeiras\/","url":"https:\/\/www.gaveanews.com\/index.php\/2025\/10\/20\/atacante-do-flamengo-se-manifesta-apos-ser-visto-em-balada-antes-do-jogo-contra-o-palmeiras\/","name":"Atacante do Flamengo se manifesta ap\u00f3s ser visto em balada antes do jogo contra o Palmeiras","isPartOf":{"@id":"https:\/\/www.gaveanews.com\/#website"},"primaryImageOfPage":{"@id":"https:\/\/www.gaveanews.com\/index.php\/2025\/10\/20\/atacante-do-flamengo-se-manifesta-apos-ser-visto-em-balada-antes-do-jogo-contra-o-palmeiras\/#primaryimage"},"image":{"@id":"https:\/\/www.gaveanews.com\/index.php\/2025\/10\/20\/atacante-do-flamengo-se-manifesta-apos-ser-visto-em-balada-antes-do-jogo-contra-o-palmeiras\/#primaryimage"},"thumbnailUrl":"https:\/\/www.gaveanews.com\/wp-content\/uploads\/Maracanao-escudo-Flamengo.webp","datePublished":"2025-10-20T16:20:00+00:00","dateModified":"2025-10-20T16:21:31+00:00","author":{"@id":"https:\/\/www.gaveanews.com\/#\/schema\/person\/c88645e3d550d0b6574305e67dd5a716"},"breadcrumb":{"@id":"https:\/\/www.gaveanews.com\/index.php\/2025\/10\/20\/atacante-do-flamengo-se-manifesta-apos-ser-visto-em-balada-antes-do-jogo-contra-o-palmeiras\/#breadcrumb"},"inLanguage":"pt-BR","potentialAction":[{"@type":"ReadAction","target":["https:\/\/www.gaveanews.com\/index.php\/2025\/10\/20\/atacante-do-flamengo-se-manifesta-apos-ser-visto-em-balada-antes-do-jogo-contra-o-palmeiras\/"]}]},{"@type":"ImageObject","inLanguage":"pt-BR","@id":"https:\/\/www.gaveanews.com\/index.php\/2025\/10\/20\/atacante-do-flamengo-se-manifesta-apos-ser-visto-em-balada-antes-do-jogo-contra-o-palmeiras\/#primaryimage","url":"https:\/\/www.gaveanews.com\/wp-content\/uploads\/Maracanao-escudo-Flamengo.webp","contentUrl":"https:\/\/www.gaveanews.com\/wp-content\/uploads\/Maracanao-escudo-Flamengo.webp","width":640,"height":427,"caption":"Escudo do Flamengo no gramado do Maracan\u00e3 (Foto: Reprodu\u00e7\u00e3o)"},{"@type":"BreadcrumbList","@id":"https:\/\/www.gaveanews.com\/index.php\/2025\/10\/20\/atacante-do-flamengo-se-manifesta-apos-ser-visto-em-balada-antes-do-jogo-contra-o-palmeiras\/#breadcrumb","itemListElement":[{"@type":"ListItem","position":1,"name":"Home","item":"https:\/\/www.gaveanews.com\/"},{"@type":"ListItem","position":2,"name":"Atacante do Flamengo se manifesta ap\u00f3s ser visto em balada antes do jogo contra o Palmeiras"}]},{"@type":"WebSite","@id":"https:\/\/www.gaveanews.com\/#website","url":"https:\/\/www.gaveanews.com\/","name":"G\u00e1vea News","description":"Veja todas as not\u00edcias sobre o Flamengo: Contrata\u00e7\u00f5es, categorias de base, resultados das partidas, tabela de classifica\u00e7\u00e3o, pr\u00f3ximos jogos!","potentialAction":[{"@type":"SearchAction","target":{"@type":"EntryPoint","urlTemplate":"https:\/\/www.gaveanews.com\/?s={search_term_string}"},"query-input":{"@type":"PropertyValueSpecification","valueRequired":true,"valueName":"search_term_string"}}],"inLanguage":"pt-BR"},{"@type":"Person","@id":"https:\/\/www.gaveanews.com\/#\/schema\/person\/c88645e3d550d0b6574305e67dd5a716","name":"Reda\u00e7\u00e3o","image":{"@type":"ImageObject","inLanguage":"pt-BR","@id":"https:\/\/www.gaveanews.com\/#\/schema\/person\/image\/","url":"https:\/\/secure.gravatar.com\/avatar\/434098fd823f0dc1b062d14ca22bacaa6e38de28d8c816bbef6fc2f8c44d8ba3?s=96&d=mm&r=g","contentUrl":"https:\/\/secure.gravatar.com\/avatar\/434098fd823f0dc1b062d14ca22bacaa6e38de28d8c816bbef6fc2f8c44d8ba3?s=96&d=mm&r=g","caption":"Reda\u00e7\u00e3o"}}]}},"_links":{"self":[{"href":"https:\/\/www.gaveanews.com\/index.php\/wp-json\/wp\/v2\/posts\/278865","targetHints":{"allow":["GET"]}}],"collection":[{"href":"https:\/\/www.gaveanews.com\/index.php\/wp-json\/wp\/v2\/posts"}],"about":[{"href":"https:\/\/www.gaveanews.com\/index.php\/wp-json\/wp\/v2\/types\/post"}],"author":[{"embeddable":true,"href":"https:\/\/www.gaveanews.com\/index.php\/wp-json\/wp\/v2\/users\/39"}],"replies":[{"embeddable":true,"href":"https:\/\/www.gaveanews.com\/index.php\/wp-json\/wp\/v2\/comments?post=278865"}],"version-history":[{"count":1,"href":"https:\/\/www.gaveanews.com\/index.php\/wp-json\/wp\/v2\/posts\/278865\/revisions"}],"predecessor-version":[{"id":278882,"href":"https:\/\/www.gaveanews.com\/index.php\/wp-json\/wp\/v2\/posts\/278865\/revisions\/278882"}],"wp:featuredmedia":[{"embeddable":true,"href":"https:\/\/www.gaveanews.com\/index.php\/wp-json\/wp\/v2\/media\/101250"}],"wp:attachment":[{"href":"https:\/\/www.gaveanews.com\/index.php\/wp-json\/wp\/v2\/media?parent=278865"}],"wp:term":[{"taxonomy":"category","embeddable":true,"href":"https:\/\/www.gaveanews.com\/index.php\/wp-json\/wp\/v2\/categories?post=278865"},{"taxonomy":"post_tag","embeddable":true,"href":"https:\/\/www.gaveanews.com\/index.php\/wp-json\/wp\/v2\/tags?post=278865"}],"curies":[{"name":"wp","href":"https:\/\/api.w.org\/{rel}","templated":true}]}}