{"id":278868,"date":"2025-10-20T19:00:00","date_gmt":"2025-10-20T22:00:00","guid":{"rendered":"https:\/\/www.gaveanews.com\/?p=278868"},"modified":"2025-10-20T18:42:57","modified_gmt":"2025-10-20T21:42:57","slug":"filipe-luis-do-flamengo-manda-forte-recado-ao-palmeiras","status":"publish","type":"post","link":"https:\/\/www.gaveanews.com\/index.php\/2025\/10\/20\/filipe-luis-do-flamengo-manda-forte-recado-ao-palmeiras\/","title":{"rendered":"Filipe Lu\u00eds, do Flamengo, manda forte recado ao Palmeiras"},"content":{"rendered":"\n<p>Ap\u00f3s a vit\u00f3ria do <a href=\"https:\/\/www.gaveanews.com\/index.php\/category\/brasileirao\/flamengo\/\" target=\"_blank\" rel=\"noopener noreferrer\">Flamengo<\/a> por 3 a 2 sobre o <a href=\"https:\/\/www.gaveanews.com\/index.php\/category\/brasileirao\/palmeiras\/\" target=\"_blank\" rel=\"noopener noreferrer\">Palmeiras<\/a>, no Maracan\u00e3, domingo (19 de outubro), Filipe Lu\u00eds afastou cr\u00edticas \u00e0 arbitragem e questionou as reclama\u00e7\u00f5es do rival paulista.<\/p>\n\n\n\n<p>Ele citou o lance da substitui\u00e7\u00e3o de L\u00e9o Ortiz (que demorou a ser feitta e propiciou o primeiro gol palmeirense) e negou preju\u00edzo a qualquer lado.<\/p>\n\n\n\n<p>&#8220;O momento da substitui\u00e7\u00e3o foi um erro mais nosso, de comunica\u00e7\u00e3o, do que do \u00e1rbitro. N\u00e3o sinto que alguma equipe foi prejudicada pela arbitragem.<strong> E, convenhamos, se tem algu\u00e9m que n\u00e3o pode reclamar de arbitragem \u00e9 o Palmeiras.<\/strong> Ent\u00e3o, \u00e9 justo o resultado&#8221;.<\/p>\n\n\n\n<p>Filipe Lu\u00eds tamb\u00e9m valorizou o resultado no Maracan\u00e3. O Flamengo igualou o Palmeiras na lideran\u00e7a do campeonato, com 61 pontos, mas est\u00e1 em segundo pelo crit\u00e9rio desempate. Para reassumir a ponta, a equipe precisa superar o n\u00famero de vit\u00f3rias do rival.<\/p>\n\n\n\n<p>&#8220;N\u00f3s temos um time que \u00e9 completo em todas as fases do jogo. Sabe defender, mas tamb\u00e9m sabe atacar muito bem. E dependendo da exposi\u00e7\u00e3o e do risco que o rival, que o advers\u00e1rio corra, nosso time consegue se adaptar de formas diferentes. Uma vit\u00f3ria importante&#8221;.<\/p>\n\n\n\n<p>&#8220;Chegamos numa situa\u00e7\u00e3o parecida no primeiro turno e acabamos na frente, no final desse primeiro turno. Agora queremos acabar na frente quando acabar o campeonato. Hoje estamos empatados em pontos e talvez o \u00fanico campeonato do mundo que no confronto direto, se voc\u00ea vence duas vezes a equipe que est\u00e1 empatada em pontos, voc\u00ea ainda n\u00e3o est\u00e1 na frente. Mas estamos felizes pela vit\u00f3ria e agora pensar na Libertadores.&#8221;<\/p>\n\n\n\n<p>O Flamengo volta a campo contra o Racing na quarta-feira (22 de outubro), no Maracan\u00e3, \u00e0s 21h30 (hor\u00e1rio de Bras\u00edlia), pelo jogo de ida das semifinais da Libertadores. A volta ser\u00e1 disputada em Buenos Aires, no dia 29 de outubro, no mesmo hor\u00e1rio.<\/p>\n","protected":false},"excerpt":{"rendered":"<p>Ap\u00f3s a vit\u00f3ria do Flamengo por 3 a 2 sobre o Palmeiras, no Maracan\u00e3, domingo (19 de outubro), Filipe Lu\u00eds afastou cr\u00edticas \u00e0 arbitragem e questionou as reclama\u00e7\u00f5es do rival paulista. Ele citou o lance da substitui\u00e7\u00e3o de L\u00e9o Ortiz (que demorou a ser feitta e propiciou o primeiro gol palmeirense) e negou preju\u00edzo a [&hellip;]<\/p>\n","protected":false},"author":39,"featured_media":171957,"comment_status":"open","ping_status":"closed","sticky":false,"template":"","format":"standard","meta":{"footnotes":""},"categories":[1],"tags":[],"class_list":["post-278868","post","type-post","status-publish","format-standard","has-post-thumbnail","hentry","category-flamengo"],"yoast_head":"<!-- This site is optimized with the Yoast SEO Premium plugin v24.2 (Yoast SEO v26.9) - https:\/\/yoast.com\/product\/yoast-seo-premium-wordpress\/ -->\n<title>Filipe Lu\u00eds, do Flamengo, manda forte recado ao Palmeiras<\/title>\n<meta name=\"robots\" content=\"index, follow, max-snippet:-1, max-image-preview:large, max-video-preview:-1\" \/>\n<link rel=\"canonical\" href=\"https:\/\/www.gaveanews.com\/index.php\/2025\/10\/20\/filipe-luis-do-flamengo-manda-forte-recado-ao-palmeiras\/\" \/>\n<meta property=\"og:locale\" content=\"pt_BR\" \/>\n<meta property=\"og:type\" content=\"article\" \/>\n<meta property=\"og:title\" content=\"Filipe Lu\u00eds, do Flamengo, manda forte recado ao Palmeiras\" \/>\n<meta property=\"og:description\" content=\"Ap\u00f3s a vit\u00f3ria do Flamengo por 3 a 2 sobre o Palmeiras, no Maracan\u00e3, domingo (19 de outubro), Filipe Lu\u00eds afastou cr\u00edticas \u00e0 arbitragem e questionou as reclama\u00e7\u00f5es do rival paulista. Ele citou o lance da substitui\u00e7\u00e3o de L\u00e9o Ortiz (que demorou a ser feitta e propiciou o primeiro gol palmeirense) e negou preju\u00edzo a [&hellip;]\" \/>\n<meta property=\"og:url\" content=\"https:\/\/www.gaveanews.com\/index.php\/2025\/10\/20\/filipe-luis-do-flamengo-manda-forte-recado-ao-palmeiras\/\" \/>\n<meta property=\"og:site_name\" content=\"G\u00e1vea News\" \/>\n<meta property=\"article:publisher\" content=\"https:\/\/facebook.com\/gaveaNews\/\" \/>\n<meta property=\"article:published_time\" content=\"2025-10-20T22:00:00+00:00\" \/>\n<meta property=\"og:image\" content=\"https:\/\/www.gaveanews.com\/wp-content\/uploads\/Filipe-Luis-durante-jogo-entre-o-Flamengo-x-Bahia.webp\" \/>\n\t<meta property=\"og:image:width\" content=\"342\" \/>\n\t<meta property=\"og:image:height\" content=\"338\" \/>\n\t<meta property=\"og:image:type\" content=\"image\/jpeg\" \/>\n<meta name=\"author\" content=\"Reda\u00e7\u00e3o\" \/>\n<meta name=\"twitter:card\" content=\"summary_large_image\" \/>\n<meta name=\"twitter:label1\" content=\"Escrito por\" \/>\n\t<meta name=\"twitter:data1\" content=\"Reda\u00e7\u00e3o\" \/>\n\t<meta name=\"twitter:label2\" content=\"Est. tempo de leitura\" \/>\n\t<meta name=\"twitter:data2\" content=\"2 minutos\" \/>\n<script type=\"application\/ld+json\" class=\"yoast-schema-graph\">{\"@context\":\"https:\/\/schema.org\",\"@graph\":[{\"@type\":\"NewsArticle\",\"@id\":\"https:\/\/www.gaveanews.com\/index.php\/2025\/10\/20\/filipe-luis-do-flamengo-manda-forte-recado-ao-palmeiras\/#article\",\"isPartOf\":{\"@id\":\"https:\/\/www.gaveanews.com\/index.php\/2025\/10\/20\/filipe-luis-do-flamengo-manda-forte-recado-ao-palmeiras\/\"},\"author\":{\"name\":\"Reda\u00e7\u00e3o\",\"@id\":\"https:\/\/www.gaveanews.com\/#\/schema\/person\/c88645e3d550d0b6574305e67dd5a716\"},\"headline\":\"Filipe Lu\u00eds, do Flamengo, manda forte recado ao Palmeiras\",\"datePublished\":\"2025-10-20T22:00:00+00:00\",\"mainEntityOfPage\":{\"@id\":\"https:\/\/www.gaveanews.com\/index.php\/2025\/10\/20\/filipe-luis-do-flamengo-manda-forte-recado-ao-palmeiras\/\"},\"wordCount\":330,\"commentCount\":0,\"image\":{\"@id\":\"https:\/\/www.gaveanews.com\/index.php\/2025\/10\/20\/filipe-luis-do-flamengo-manda-forte-recado-ao-palmeiras\/#primaryimage\"},\"thumbnailUrl\":\"https:\/\/www.gaveanews.com\/wp-content\/uploads\/Filipe-Luis-durante-jogo-entre-o-Flamengo-x-Bahia.webp\",\"articleSection\":[\"Flamengo\"],\"inLanguage\":\"pt-BR\",\"potentialAction\":[{\"@type\":\"CommentAction\",\"name\":\"Comment\",\"target\":[\"https:\/\/www.gaveanews.com\/index.php\/2025\/10\/20\/filipe-luis-do-flamengo-manda-forte-recado-ao-palmeiras\/#respond\"]}],\"copyrightYear\":\"2025\",\"copyrightHolder\":{\"@id\":\"https:\/\/www.gaveanews.com\/#organization\"}},{\"@type\":\"WebPage\",\"@id\":\"https:\/\/www.gaveanews.com\/index.php\/2025\/10\/20\/filipe-luis-do-flamengo-manda-forte-recado-ao-palmeiras\/\",\"url\":\"https:\/\/www.gaveanews.com\/index.php\/2025\/10\/20\/filipe-luis-do-flamengo-manda-forte-recado-ao-palmeiras\/\",\"name\":\"Filipe Lu\u00eds, do Flamengo, manda forte recado ao Palmeiras\",\"isPartOf\":{\"@id\":\"https:\/\/www.gaveanews.com\/#website\"},\"primaryImageOfPage\":{\"@id\":\"https:\/\/www.gaveanews.com\/index.php\/2025\/10\/20\/filipe-luis-do-flamengo-manda-forte-recado-ao-palmeiras\/#primaryimage\"},\"image\":{\"@id\":\"https:\/\/www.gaveanews.com\/index.php\/2025\/10\/20\/filipe-luis-do-flamengo-manda-forte-recado-ao-palmeiras\/#primaryimage\"},\"thumbnailUrl\":\"https:\/\/www.gaveanews.com\/wp-content\/uploads\/Filipe-Luis-durante-jogo-entre-o-Flamengo-x-Bahia.webp\",\"datePublished\":\"2025-10-20T22:00:00+00:00\",\"author\":{\"@id\":\"https:\/\/www.gaveanews.com\/#\/schema\/person\/c88645e3d550d0b6574305e67dd5a716\"},\"breadcrumb\":{\"@id\":\"https:\/\/www.gaveanews.com\/index.php\/2025\/10\/20\/filipe-luis-do-flamengo-manda-forte-recado-ao-palmeiras\/#breadcrumb\"},\"inLanguage\":\"pt-BR\",\"potentialAction\":[{\"@type\":\"ReadAction\",\"target\":[\"https:\/\/www.gaveanews.com\/index.php\/2025\/10\/20\/filipe-luis-do-flamengo-manda-forte-recado-ao-palmeiras\/\"]}]},{\"@type\":\"ImageObject\",\"inLanguage\":\"pt-BR\",\"@id\":\"https:\/\/www.gaveanews.com\/index.php\/2025\/10\/20\/filipe-luis-do-flamengo-manda-forte-recado-ao-palmeiras\/#primaryimage\",\"url\":\"https:\/\/www.gaveanews.com\/wp-content\/uploads\/Filipe-Luis-durante-jogo-entre-o-Flamengo-x-Bahia.webp\",\"contentUrl\":\"https:\/\/www.gaveanews.com\/wp-content\/uploads\/Filipe-Luis-durante-jogo-entre-o-Flamengo-x-Bahia.webp\",\"width\":342,\"height\":338,\"caption\":\"Filipe Lu\u00eds durante jogo entre o Flamengo x Bahia (Foto: Gilvan de Souza\/CRF)\"},{\"@type\":\"BreadcrumbList\",\"@id\":\"https:\/\/www.gaveanews.com\/index.php\/2025\/10\/20\/filipe-luis-do-flamengo-manda-forte-recado-ao-palmeiras\/#breadcrumb\",\"itemListElement\":[{\"@type\":\"ListItem\",\"position\":1,\"name\":\"Home\",\"item\":\"https:\/\/www.gaveanews.com\/\"},{\"@type\":\"ListItem\",\"position\":2,\"name\":\"Filipe Lu\u00eds, do Flamengo, manda forte recado ao Palmeiras\"}]},{\"@type\":\"WebSite\",\"@id\":\"https:\/\/www.gaveanews.com\/#website\",\"url\":\"https:\/\/www.gaveanews.com\/\",\"name\":\"G\u00e1vea News\",\"description\":\"Veja todas as not\u00edcias sobre o Flamengo: Contrata\u00e7\u00f5es, categorias de base, resultados das partidas, tabela de classifica\u00e7\u00e3o, pr\u00f3ximos jogos!\",\"potentialAction\":[{\"@type\":\"SearchAction\",\"target\":{\"@type\":\"EntryPoint\",\"urlTemplate\":\"https:\/\/www.gaveanews.com\/?s={search_term_string}\"},\"query-input\":{\"@type\":\"PropertyValueSpecification\",\"valueRequired\":true,\"valueName\":\"search_term_string\"}}],\"inLanguage\":\"pt-BR\"},{\"@type\":\"Person\",\"@id\":\"https:\/\/www.gaveanews.com\/#\/schema\/person\/c88645e3d550d0b6574305e67dd5a716\",\"name\":\"Reda\u00e7\u00e3o\",\"image\":{\"@type\":\"ImageObject\",\"inLanguage\":\"pt-BR\",\"@id\":\"https:\/\/www.gaveanews.com\/#\/schema\/person\/image\/\",\"url\":\"https:\/\/secure.gravatar.com\/avatar\/434098fd823f0dc1b062d14ca22bacaa6e38de28d8c816bbef6fc2f8c44d8ba3?s=96&d=mm&r=g\",\"contentUrl\":\"https:\/\/secure.gravatar.com\/avatar\/434098fd823f0dc1b062d14ca22bacaa6e38de28d8c816bbef6fc2f8c44d8ba3?s=96&d=mm&r=g\",\"caption\":\"Reda\u00e7\u00e3o\"}}]}<\/script>\n<!-- \/ Yoast SEO Premium plugin. -->","yoast_head_json":{"title":"Filipe Lu\u00eds, do Flamengo, manda forte recado ao Palmeiras","robots":{"index":"index","follow":"follow","max-snippet":"max-snippet:-1","max-image-preview":"max-image-preview:large","max-video-preview":"max-video-preview:-1"},"canonical":"https:\/\/www.gaveanews.com\/index.php\/2025\/10\/20\/filipe-luis-do-flamengo-manda-forte-recado-ao-palmeiras\/","og_locale":"pt_BR","og_type":"article","og_title":"Filipe Lu\u00eds, do Flamengo, manda forte recado ao Palmeiras","og_description":"Ap\u00f3s a vit\u00f3ria do Flamengo por 3 a 2 sobre o Palmeiras, no Maracan\u00e3, domingo (19 de outubro), Filipe Lu\u00eds afastou cr\u00edticas \u00e0 arbitragem e questionou as reclama\u00e7\u00f5es do rival paulista. Ele citou o lance da substitui\u00e7\u00e3o de L\u00e9o Ortiz (que demorou a ser feitta e propiciou o primeiro gol palmeirense) e negou preju\u00edzo a [&hellip;]","og_url":"https:\/\/www.gaveanews.com\/index.php\/2025\/10\/20\/filipe-luis-do-flamengo-manda-forte-recado-ao-palmeiras\/","og_site_name":"G\u00e1vea News","article_publisher":"https:\/\/facebook.com\/gaveaNews\/","article_published_time":"2025-10-20T22:00:00+00:00","og_image":[{"width":342,"height":338,"url":"https:\/\/www.gaveanews.com\/wp-content\/uploads\/Filipe-Luis-durante-jogo-entre-o-Flamengo-x-Bahia.webp","type":"image\/jpeg"}],"author":"Reda\u00e7\u00e3o","twitter_card":"summary_large_image","twitter_misc":{"Escrito por":"Reda\u00e7\u00e3o","Est. tempo de leitura":"2 minutos"},"schema":{"@context":"https:\/\/schema.org","@graph":[{"@type":"NewsArticle","@id":"https:\/\/www.gaveanews.com\/index.php\/2025\/10\/20\/filipe-luis-do-flamengo-manda-forte-recado-ao-palmeiras\/#article","isPartOf":{"@id":"https:\/\/www.gaveanews.com\/index.php\/2025\/10\/20\/filipe-luis-do-flamengo-manda-forte-recado-ao-palmeiras\/"},"author":{"name":"Reda\u00e7\u00e3o","@id":"https:\/\/www.gaveanews.com\/#\/schema\/person\/c88645e3d550d0b6574305e67dd5a716"},"headline":"Filipe Lu\u00eds, do Flamengo, manda forte recado ao Palmeiras","datePublished":"2025-10-20T22:00:00+00:00","mainEntityOfPage":{"@id":"https:\/\/www.gaveanews.com\/index.php\/2025\/10\/20\/filipe-luis-do-flamengo-manda-forte-recado-ao-palmeiras\/"},"wordCount":330,"commentCount":0,"image":{"@id":"https:\/\/www.gaveanews.com\/index.php\/2025\/10\/20\/filipe-luis-do-flamengo-manda-forte-recado-ao-palmeiras\/#primaryimage"},"thumbnailUrl":"https:\/\/www.gaveanews.com\/wp-content\/uploads\/Filipe-Luis-durante-jogo-entre-o-Flamengo-x-Bahia.webp","articleSection":["Flamengo"],"inLanguage":"pt-BR","potentialAction":[{"@type":"CommentAction","name":"Comment","target":["https:\/\/www.gaveanews.com\/index.php\/2025\/10\/20\/filipe-luis-do-flamengo-manda-forte-recado-ao-palmeiras\/#respond"]}],"copyrightYear":"2025","copyrightHolder":{"@id":"https:\/\/www.gaveanews.com\/#organization"}},{"@type":"WebPage","@id":"https:\/\/www.gaveanews.com\/index.php\/2025\/10\/20\/filipe-luis-do-flamengo-manda-forte-recado-ao-palmeiras\/","url":"https:\/\/www.gaveanews.com\/index.php\/2025\/10\/20\/filipe-luis-do-flamengo-manda-forte-recado-ao-palmeiras\/","name":"Filipe Lu\u00eds, do Flamengo, manda forte recado ao Palmeiras","isPartOf":{"@id":"https:\/\/www.gaveanews.com\/#website"},"primaryImageOfPage":{"@id":"https:\/\/www.gaveanews.com\/index.php\/2025\/10\/20\/filipe-luis-do-flamengo-manda-forte-recado-ao-palmeiras\/#primaryimage"},"image":{"@id":"https:\/\/www.gaveanews.com\/index.php\/2025\/10\/20\/filipe-luis-do-flamengo-manda-forte-recado-ao-palmeiras\/#primaryimage"},"thumbnailUrl":"https:\/\/www.gaveanews.com\/wp-content\/uploads\/Filipe-Luis-durante-jogo-entre-o-Flamengo-x-Bahia.webp","datePublished":"2025-10-20T22:00:00+00:00","author":{"@id":"https:\/\/www.gaveanews.com\/#\/schema\/person\/c88645e3d550d0b6574305e67dd5a716"},"breadcrumb":{"@id":"https:\/\/www.gaveanews.com\/index.php\/2025\/10\/20\/filipe-luis-do-flamengo-manda-forte-recado-ao-palmeiras\/#breadcrumb"},"inLanguage":"pt-BR","potentialAction":[{"@type":"ReadAction","target":["https:\/\/www.gaveanews.com\/index.php\/2025\/10\/20\/filipe-luis-do-flamengo-manda-forte-recado-ao-palmeiras\/"]}]},{"@type":"ImageObject","inLanguage":"pt-BR","@id":"https:\/\/www.gaveanews.com\/index.php\/2025\/10\/20\/filipe-luis-do-flamengo-manda-forte-recado-ao-palmeiras\/#primaryimage","url":"https:\/\/www.gaveanews.com\/wp-content\/uploads\/Filipe-Luis-durante-jogo-entre-o-Flamengo-x-Bahia.webp","contentUrl":"https:\/\/www.gaveanews.com\/wp-content\/uploads\/Filipe-Luis-durante-jogo-entre-o-Flamengo-x-Bahia.webp","width":342,"height":338,"caption":"Filipe Lu\u00eds durante jogo entre o Flamengo x Bahia (Foto: Gilvan de Souza\/CRF)"},{"@type":"BreadcrumbList","@id":"https:\/\/www.gaveanews.com\/index.php\/2025\/10\/20\/filipe-luis-do-flamengo-manda-forte-recado-ao-palmeiras\/#breadcrumb","itemListElement":[{"@type":"ListItem","position":1,"name":"Home","item":"https:\/\/www.gaveanews.com\/"},{"@type":"ListItem","position":2,"name":"Filipe Lu\u00eds, do Flamengo, manda forte recado ao Palmeiras"}]},{"@type":"WebSite","@id":"https:\/\/www.gaveanews.com\/#website","url":"https:\/\/www.gaveanews.com\/","name":"G\u00e1vea News","description":"Veja todas as not\u00edcias sobre o Flamengo: Contrata\u00e7\u00f5es, categorias de base, resultados das partidas, tabela de classifica\u00e7\u00e3o, pr\u00f3ximos jogos!","potentialAction":[{"@type":"SearchAction","target":{"@type":"EntryPoint","urlTemplate":"https:\/\/www.gaveanews.com\/?s={search_term_string}"},"query-input":{"@type":"PropertyValueSpecification","valueRequired":true,"valueName":"search_term_string"}}],"inLanguage":"pt-BR"},{"@type":"Person","@id":"https:\/\/www.gaveanews.com\/#\/schema\/person\/c88645e3d550d0b6574305e67dd5a716","name":"Reda\u00e7\u00e3o","image":{"@type":"ImageObject","inLanguage":"pt-BR","@id":"https:\/\/www.gaveanews.com\/#\/schema\/person\/image\/","url":"https:\/\/secure.gravatar.com\/avatar\/434098fd823f0dc1b062d14ca22bacaa6e38de28d8c816bbef6fc2f8c44d8ba3?s=96&d=mm&r=g","contentUrl":"https:\/\/secure.gravatar.com\/avatar\/434098fd823f0dc1b062d14ca22bacaa6e38de28d8c816bbef6fc2f8c44d8ba3?s=96&d=mm&r=g","caption":"Reda\u00e7\u00e3o"}}]}},"_links":{"self":[{"href":"https:\/\/www.gaveanews.com\/index.php\/wp-json\/wp\/v2\/posts\/278868","targetHints":{"allow":["GET"]}}],"collection":[{"href":"https:\/\/www.gaveanews.com\/index.php\/wp-json\/wp\/v2\/posts"}],"about":[{"href":"https:\/\/www.gaveanews.com\/index.php\/wp-json\/wp\/v2\/types\/post"}],"author":[{"embeddable":true,"href":"https:\/\/www.gaveanews.com\/index.php\/wp-json\/wp\/v2\/users\/39"}],"replies":[{"embeddable":true,"href":"https:\/\/www.gaveanews.com\/index.php\/wp-json\/wp\/v2\/comments?post=278868"}],"version-history":[{"count":1,"href":"https:\/\/www.gaveanews.com\/index.php\/wp-json\/wp\/v2\/posts\/278868\/revisions"}],"predecessor-version":[{"id":278919,"href":"https:\/\/www.gaveanews.com\/index.php\/wp-json\/wp\/v2\/posts\/278868\/revisions\/278919"}],"wp:featuredmedia":[{"embeddable":true,"href":"https:\/\/www.gaveanews.com\/index.php\/wp-json\/wp\/v2\/media\/171957"}],"wp:attachment":[{"href":"https:\/\/www.gaveanews.com\/index.php\/wp-json\/wp\/v2\/media?parent=278868"}],"wp:term":[{"taxonomy":"category","embeddable":true,"href":"https:\/\/www.gaveanews.com\/index.php\/wp-json\/wp\/v2\/categories?post=278868"},{"taxonomy":"post_tag","embeddable":true,"href":"https:\/\/www.gaveanews.com\/index.php\/wp-json\/wp\/v2\/tags?post=278868"}],"curies":[{"name":"wp","href":"https:\/\/api.w.org\/{rel}","templated":true}]}}