{"id":278870,"date":"2025-10-20T14:00:00","date_gmt":"2025-10-20T17:00:00","guid":{"rendered":"https:\/\/www.gaveanews.com\/?p=278870"},"modified":"2025-10-20T13:59:25","modified_gmt":"2025-10-20T16:59:25","slug":"pedro-do-flamengo-ganha-repercussao-internacional","status":"publish","type":"post","link":"https:\/\/www.gaveanews.com\/index.php\/2025\/10\/20\/pedro-do-flamengo-ganha-repercussao-internacional\/","title":{"rendered":"Pedro, do Flamengo, ganha repercuss\u00e3o internacional"},"content":{"rendered":"<p data-start=\"99\" data-end=\"499\">A vit\u00f3ria do <a href=\"https:\/\/www.gaveanews.com\/index.php\/category\/brasileirao\/flamengo\/\" target=\"_blank\" rel=\"noopener\">Flamengo<\/a> por 3 a 2 sobre o <a href=\"https:\/\/www.gaveanews.com\/index.php\/category\/brasileirao\/palmeiras\/\" target=\"_blank\" rel=\"noopener\">Palmeiras<\/a>, neste domingo (19), no Maracan\u00e3, pela 29\u00aa rodada do Campeonato Brasileiro, gerou grande repercuss\u00e3o fora do pa\u00eds. O desempenho de Pedro, autor de um gol, de uma assist\u00eancia e respons\u00e1vel por sofrer um p\u00eanalti, foi o principal destaque da cobertura internacional, especialmente na imprensa espanhola.<\/p>\n<p data-start=\"501\" data-end=\"789\">O resultado igualou a pontua\u00e7\u00e3o das duas equipes na tabela \u2014 ambas somam 61 pontos \u2014, embora o Palmeiras siga na lideran\u00e7a pelo n\u00famero de vit\u00f3rias (19 contra 18). Al\u00e9m disso, o duelo colocou o camisa 9 do Flamengo novamente em evid\u00eancia no cen\u00e1rio global.<\/p>\n<p data-start=\"862\" data-end=\"1175\">O jornal espanhol <strong data-start=\"880\" data-end=\"886\">AS<\/strong> dedicou uma mat\u00e9ria exclusiva \u00e0 atua\u00e7\u00e3o do centroavante e definiu o cl\u00e1ssico como um cap\u00edtulo de retomada para o jogador. Segundo a publica\u00e7\u00e3o, Pedro foi o protagonista do confronto e superou o rival Vitor Roque, do Palmeiras.<\/p>\n<p data-start=\"862\" data-end=\"1175\"><strong data-start=\"1116\" data-end=\"1152\">\u201cPedro reinou sobre Vitor Roque\u201d<\/strong>, destacou o ve\u00edculo.<\/p>\n<p data-start=\"1177\" data-end=\"1684\">O di\u00e1rio tamb\u00e9m classificou o jogo como \u201cuma final antecipada do Brasileir\u00e3o\u201d e ressaltou a sintonia do atacante com o t\u00e9cnico Filipe Lu\u00eds, ap\u00f3s um per\u00edodo de instabilidade na rela\u00e7\u00e3o entre ambos.<\/p>\n<p data-start=\"1177\" data-end=\"1684\">\u201cO que aconteceu entre Flamengo e Palmeiras, com o Maracan\u00e3 lotado, foi a reden\u00e7\u00e3o de Pedro diante de Filipe Lu\u00eds. Ap\u00f3s os problemas do atacante com o t\u00e9cnico brasileiro, o camisa 9 do Meng\u00e3o mostrou porque \u00e9 um dos melhores do pa\u00eds, mesmo depois de ter fraturado o joelho\u201d, publicou o jornal.<\/p>\n<p data-start=\"1686\" data-end=\"1923\">A reportagem enfatizou ainda que a qualidade t\u00e9cnica e o poder de decis\u00e3o do atacante o colocam entre os nomes mais consistentes do futebol brasileiro na temporada, especialmente pela capacidade de decidir em jogos de alta press\u00e3o.<\/p>\n<h3 data-start=\"1925\" data-end=\"1977\">Atua\u00e7\u00e3o reconhecida por consist\u00eancia e lideran\u00e7a<\/h3>\n<p data-start=\"1979\" data-end=\"2320\">A imprensa internacional tamb\u00e9m destacou o papel t\u00e1tico de Pedro na partida. O atacante iniciou a jogada do primeiro gol, marcado por Arrascaeta, sofreu o p\u00eanalti convertido por Jorginho e, em seguida, marcou o terceiro gol flamenguista.<\/p>\n<p data-start=\"2322\" data-end=\"2634\">O jornal espanhol avaliou que o desempenho do atacante simbolizou a solidez do Flamengo em partidas decisivas. Mesmo elogiando o gol de cabe\u00e7a de Vitor Roque, o ve\u00edculo afirmou que o controle t\u00e9cnico e emocional de Pedro foi o diferencial do cl\u00e1ssico.<\/p>\n<h3 data-start=\"2636\" data-end=\"2678\">N\u00fameros refor\u00e7am destaque na temporada<\/h3>\n<p data-start=\"2680\" data-end=\"2903\">Pedro \u00e9 o vice-artilheiro do Flamengo no Campeonato Brasileiro, com 12 gols marcados. Ele fica atr\u00e1s apenas de Arrascaeta, que lidera com 15 tentos, empatado com Kaio Jorge. No Palmeiras, Vitor Roque ocupa o posto de goleador do time com 13 gols.<\/p>\n","protected":false},"excerpt":{"rendered":"<p>A vit\u00f3ria do Flamengo por 3 a 2 sobre o Palmeiras, neste domingo (19), no Maracan\u00e3, pela 29\u00aa rodada do Campeonato Brasileiro, gerou grande repercuss\u00e3o fora do pa\u00eds. O desempenho de Pedro, autor de um gol, de uma assist\u00eancia e respons\u00e1vel por sofrer um p\u00eanalti, foi o principal destaque da cobertura internacional, especialmente na imprensa [&hellip;]<\/p>\n","protected":false},"author":39,"featured_media":278851,"comment_status":"open","ping_status":"closed","sticky":false,"template":"","format":"standard","meta":{"footnotes":""},"categories":[1],"tags":[],"class_list":["post-278870","post","type-post","status-publish","format-standard","has-post-thumbnail","hentry","category-flamengo"],"yoast_head":"<!-- This site is optimized with the Yoast SEO Premium plugin v24.2 (Yoast SEO v26.9) - https:\/\/yoast.com\/product\/yoast-seo-premium-wordpress\/ -->\n<title>Pedro, do Flamengo, ganha repercuss\u00e3o internacional<\/title>\n<meta name=\"robots\" content=\"index, follow, max-snippet:-1, max-image-preview:large, max-video-preview:-1\" \/>\n<link rel=\"canonical\" href=\"https:\/\/www.gaveanews.com\/index.php\/2025\/10\/20\/pedro-do-flamengo-ganha-repercussao-internacional\/\" \/>\n<meta property=\"og:locale\" content=\"pt_BR\" \/>\n<meta property=\"og:type\" content=\"article\" \/>\n<meta property=\"og:title\" content=\"Pedro, do Flamengo, ganha repercuss\u00e3o internacional\" \/>\n<meta property=\"og:description\" content=\"A vit\u00f3ria do Flamengo por 3 a 2 sobre o Palmeiras, neste domingo (19), no Maracan\u00e3, pela 29\u00aa rodada do Campeonato Brasileiro, gerou grande repercuss\u00e3o fora do pa\u00eds. O desempenho de Pedro, autor de um gol, de uma assist\u00eancia e respons\u00e1vel por sofrer um p\u00eanalti, foi o principal destaque da cobertura internacional, especialmente na imprensa [&hellip;]\" \/>\n<meta property=\"og:url\" content=\"https:\/\/www.gaveanews.com\/index.php\/2025\/10\/20\/pedro-do-flamengo-ganha-repercussao-internacional\/\" \/>\n<meta property=\"og:site_name\" content=\"G\u00e1vea News\" \/>\n<meta property=\"article:publisher\" content=\"https:\/\/facebook.com\/gaveaNews\/\" \/>\n<meta property=\"article:published_time\" content=\"2025-10-20T17:00:00+00:00\" \/>\n<meta property=\"og:image\" content=\"http:\/\/www.gaveanews.com\/wp-content\/uploads\/Pedro-marca-gol-da-vitoria-do-Flamengo-sobre-o-Palmeiras-no-Maracana.jpg\" \/>\n\t<meta property=\"og:image:width\" content=\"1280\" \/>\n\t<meta property=\"og:image:height\" content=\"960\" \/>\n\t<meta property=\"og:image:type\" content=\"image\/jpeg\" \/>\n<meta name=\"author\" content=\"Reda\u00e7\u00e3o\" \/>\n<meta name=\"twitter:card\" content=\"summary_large_image\" \/>\n<meta name=\"twitter:label1\" content=\"Escrito por\" \/>\n\t<meta name=\"twitter:data1\" content=\"Reda\u00e7\u00e3o\" \/>\n\t<meta name=\"twitter:label2\" content=\"Est. tempo de leitura\" \/>\n\t<meta name=\"twitter:data2\" content=\"3 minutos\" \/>\n<script type=\"application\/ld+json\" class=\"yoast-schema-graph\">{\"@context\":\"https:\/\/schema.org\",\"@graph\":[{\"@type\":\"NewsArticle\",\"@id\":\"https:\/\/www.gaveanews.com\/index.php\/2025\/10\/20\/pedro-do-flamengo-ganha-repercussao-internacional\/#article\",\"isPartOf\":{\"@id\":\"https:\/\/www.gaveanews.com\/index.php\/2025\/10\/20\/pedro-do-flamengo-ganha-repercussao-internacional\/\"},\"author\":{\"name\":\"Reda\u00e7\u00e3o\",\"@id\":\"https:\/\/www.gaveanews.com\/#\/schema\/person\/c88645e3d550d0b6574305e67dd5a716\"},\"headline\":\"Pedro, do Flamengo, ganha repercuss\u00e3o internacional\",\"datePublished\":\"2025-10-20T17:00:00+00:00\",\"mainEntityOfPage\":{\"@id\":\"https:\/\/www.gaveanews.com\/index.php\/2025\/10\/20\/pedro-do-flamengo-ganha-repercussao-internacional\/\"},\"wordCount\":442,\"commentCount\":0,\"image\":{\"@id\":\"https:\/\/www.gaveanews.com\/index.php\/2025\/10\/20\/pedro-do-flamengo-ganha-repercussao-internacional\/#primaryimage\"},\"thumbnailUrl\":\"https:\/\/www.gaveanews.com\/wp-content\/uploads\/Pedro-marca-gol-da-vitoria-do-Flamengo-sobre-o-Palmeiras-no-Maracana.jpg\",\"articleSection\":[\"Flamengo\"],\"inLanguage\":\"pt-BR\",\"potentialAction\":[{\"@type\":\"CommentAction\",\"name\":\"Comment\",\"target\":[\"https:\/\/www.gaveanews.com\/index.php\/2025\/10\/20\/pedro-do-flamengo-ganha-repercussao-internacional\/#respond\"]}],\"copyrightYear\":\"2025\",\"copyrightHolder\":{\"@id\":\"https:\/\/www.gaveanews.com\/#organization\"}},{\"@type\":\"WebPage\",\"@id\":\"https:\/\/www.gaveanews.com\/index.php\/2025\/10\/20\/pedro-do-flamengo-ganha-repercussao-internacional\/\",\"url\":\"https:\/\/www.gaveanews.com\/index.php\/2025\/10\/20\/pedro-do-flamengo-ganha-repercussao-internacional\/\",\"name\":\"Pedro, do Flamengo, ganha repercuss\u00e3o internacional\",\"isPartOf\":{\"@id\":\"https:\/\/www.gaveanews.com\/#website\"},\"primaryImageOfPage\":{\"@id\":\"https:\/\/www.gaveanews.com\/index.php\/2025\/10\/20\/pedro-do-flamengo-ganha-repercussao-internacional\/#primaryimage\"},\"image\":{\"@id\":\"https:\/\/www.gaveanews.com\/index.php\/2025\/10\/20\/pedro-do-flamengo-ganha-repercussao-internacional\/#primaryimage\"},\"thumbnailUrl\":\"https:\/\/www.gaveanews.com\/wp-content\/uploads\/Pedro-marca-gol-da-vitoria-do-Flamengo-sobre-o-Palmeiras-no-Maracana.jpg\",\"datePublished\":\"2025-10-20T17:00:00+00:00\",\"author\":{\"@id\":\"https:\/\/www.gaveanews.com\/#\/schema\/person\/c88645e3d550d0b6574305e67dd5a716\"},\"breadcrumb\":{\"@id\":\"https:\/\/www.gaveanews.com\/index.php\/2025\/10\/20\/pedro-do-flamengo-ganha-repercussao-internacional\/#breadcrumb\"},\"inLanguage\":\"pt-BR\",\"potentialAction\":[{\"@type\":\"ReadAction\",\"target\":[\"https:\/\/www.gaveanews.com\/index.php\/2025\/10\/20\/pedro-do-flamengo-ganha-repercussao-internacional\/\"]}]},{\"@type\":\"ImageObject\",\"inLanguage\":\"pt-BR\",\"@id\":\"https:\/\/www.gaveanews.com\/index.php\/2025\/10\/20\/pedro-do-flamengo-ganha-repercussao-internacional\/#primaryimage\",\"url\":\"https:\/\/www.gaveanews.com\/wp-content\/uploads\/Pedro-marca-gol-da-vitoria-do-Flamengo-sobre-o-Palmeiras-no-Maracana.jpg\",\"contentUrl\":\"https:\/\/www.gaveanews.com\/wp-content\/uploads\/Pedro-marca-gol-da-vitoria-do-Flamengo-sobre-o-Palmeiras-no-Maracana.jpg\",\"width\":1280,\"height\":960,\"caption\":\"Pedro marca gol da vit\u00f3ria do Flamengo sobre o Palmeiras, no Maracan\u00e3 (Foto: Gilvan de Souza\/CRF)\"},{\"@type\":\"BreadcrumbList\",\"@id\":\"https:\/\/www.gaveanews.com\/index.php\/2025\/10\/20\/pedro-do-flamengo-ganha-repercussao-internacional\/#breadcrumb\",\"itemListElement\":[{\"@type\":\"ListItem\",\"position\":1,\"name\":\"Home\",\"item\":\"https:\/\/www.gaveanews.com\/\"},{\"@type\":\"ListItem\",\"position\":2,\"name\":\"Pedro, do Flamengo, ganha repercuss\u00e3o internacional\"}]},{\"@type\":\"WebSite\",\"@id\":\"https:\/\/www.gaveanews.com\/#website\",\"url\":\"https:\/\/www.gaveanews.com\/\",\"name\":\"G\u00e1vea News\",\"description\":\"Veja todas as not\u00edcias sobre o Flamengo: Contrata\u00e7\u00f5es, categorias de base, resultados das partidas, tabela de classifica\u00e7\u00e3o, pr\u00f3ximos jogos!\",\"potentialAction\":[{\"@type\":\"SearchAction\",\"target\":{\"@type\":\"EntryPoint\",\"urlTemplate\":\"https:\/\/www.gaveanews.com\/?s={search_term_string}\"},\"query-input\":{\"@type\":\"PropertyValueSpecification\",\"valueRequired\":true,\"valueName\":\"search_term_string\"}}],\"inLanguage\":\"pt-BR\"},{\"@type\":\"Person\",\"@id\":\"https:\/\/www.gaveanews.com\/#\/schema\/person\/c88645e3d550d0b6574305e67dd5a716\",\"name\":\"Reda\u00e7\u00e3o\",\"image\":{\"@type\":\"ImageObject\",\"inLanguage\":\"pt-BR\",\"@id\":\"https:\/\/www.gaveanews.com\/#\/schema\/person\/image\/\",\"url\":\"https:\/\/secure.gravatar.com\/avatar\/434098fd823f0dc1b062d14ca22bacaa6e38de28d8c816bbef6fc2f8c44d8ba3?s=96&d=mm&r=g\",\"contentUrl\":\"https:\/\/secure.gravatar.com\/avatar\/434098fd823f0dc1b062d14ca22bacaa6e38de28d8c816bbef6fc2f8c44d8ba3?s=96&d=mm&r=g\",\"caption\":\"Reda\u00e7\u00e3o\"}}]}<\/script>\n<!-- \/ Yoast SEO Premium plugin. -->","yoast_head_json":{"title":"Pedro, do Flamengo, ganha repercuss\u00e3o internacional","robots":{"index":"index","follow":"follow","max-snippet":"max-snippet:-1","max-image-preview":"max-image-preview:large","max-video-preview":"max-video-preview:-1"},"canonical":"https:\/\/www.gaveanews.com\/index.php\/2025\/10\/20\/pedro-do-flamengo-ganha-repercussao-internacional\/","og_locale":"pt_BR","og_type":"article","og_title":"Pedro, do Flamengo, ganha repercuss\u00e3o internacional","og_description":"A vit\u00f3ria do Flamengo por 3 a 2 sobre o Palmeiras, neste domingo (19), no Maracan\u00e3, pela 29\u00aa rodada do Campeonato Brasileiro, gerou grande repercuss\u00e3o fora do pa\u00eds. O desempenho de Pedro, autor de um gol, de uma assist\u00eancia e respons\u00e1vel por sofrer um p\u00eanalti, foi o principal destaque da cobertura internacional, especialmente na imprensa [&hellip;]","og_url":"https:\/\/www.gaveanews.com\/index.php\/2025\/10\/20\/pedro-do-flamengo-ganha-repercussao-internacional\/","og_site_name":"G\u00e1vea News","article_publisher":"https:\/\/facebook.com\/gaveaNews\/","article_published_time":"2025-10-20T17:00:00+00:00","og_image":[{"width":1280,"height":960,"url":"http:\/\/www.gaveanews.com\/wp-content\/uploads\/Pedro-marca-gol-da-vitoria-do-Flamengo-sobre-o-Palmeiras-no-Maracana.jpg","type":"image\/jpeg"}],"author":"Reda\u00e7\u00e3o","twitter_card":"summary_large_image","twitter_misc":{"Escrito por":"Reda\u00e7\u00e3o","Est. tempo de leitura":"3 minutos"},"schema":{"@context":"https:\/\/schema.org","@graph":[{"@type":"NewsArticle","@id":"https:\/\/www.gaveanews.com\/index.php\/2025\/10\/20\/pedro-do-flamengo-ganha-repercussao-internacional\/#article","isPartOf":{"@id":"https:\/\/www.gaveanews.com\/index.php\/2025\/10\/20\/pedro-do-flamengo-ganha-repercussao-internacional\/"},"author":{"name":"Reda\u00e7\u00e3o","@id":"https:\/\/www.gaveanews.com\/#\/schema\/person\/c88645e3d550d0b6574305e67dd5a716"},"headline":"Pedro, do Flamengo, ganha repercuss\u00e3o internacional","datePublished":"2025-10-20T17:00:00+00:00","mainEntityOfPage":{"@id":"https:\/\/www.gaveanews.com\/index.php\/2025\/10\/20\/pedro-do-flamengo-ganha-repercussao-internacional\/"},"wordCount":442,"commentCount":0,"image":{"@id":"https:\/\/www.gaveanews.com\/index.php\/2025\/10\/20\/pedro-do-flamengo-ganha-repercussao-internacional\/#primaryimage"},"thumbnailUrl":"https:\/\/www.gaveanews.com\/wp-content\/uploads\/Pedro-marca-gol-da-vitoria-do-Flamengo-sobre-o-Palmeiras-no-Maracana.jpg","articleSection":["Flamengo"],"inLanguage":"pt-BR","potentialAction":[{"@type":"CommentAction","name":"Comment","target":["https:\/\/www.gaveanews.com\/index.php\/2025\/10\/20\/pedro-do-flamengo-ganha-repercussao-internacional\/#respond"]}],"copyrightYear":"2025","copyrightHolder":{"@id":"https:\/\/www.gaveanews.com\/#organization"}},{"@type":"WebPage","@id":"https:\/\/www.gaveanews.com\/index.php\/2025\/10\/20\/pedro-do-flamengo-ganha-repercussao-internacional\/","url":"https:\/\/www.gaveanews.com\/index.php\/2025\/10\/20\/pedro-do-flamengo-ganha-repercussao-internacional\/","name":"Pedro, do Flamengo, ganha repercuss\u00e3o internacional","isPartOf":{"@id":"https:\/\/www.gaveanews.com\/#website"},"primaryImageOfPage":{"@id":"https:\/\/www.gaveanews.com\/index.php\/2025\/10\/20\/pedro-do-flamengo-ganha-repercussao-internacional\/#primaryimage"},"image":{"@id":"https:\/\/www.gaveanews.com\/index.php\/2025\/10\/20\/pedro-do-flamengo-ganha-repercussao-internacional\/#primaryimage"},"thumbnailUrl":"https:\/\/www.gaveanews.com\/wp-content\/uploads\/Pedro-marca-gol-da-vitoria-do-Flamengo-sobre-o-Palmeiras-no-Maracana.jpg","datePublished":"2025-10-20T17:00:00+00:00","author":{"@id":"https:\/\/www.gaveanews.com\/#\/schema\/person\/c88645e3d550d0b6574305e67dd5a716"},"breadcrumb":{"@id":"https:\/\/www.gaveanews.com\/index.php\/2025\/10\/20\/pedro-do-flamengo-ganha-repercussao-internacional\/#breadcrumb"},"inLanguage":"pt-BR","potentialAction":[{"@type":"ReadAction","target":["https:\/\/www.gaveanews.com\/index.php\/2025\/10\/20\/pedro-do-flamengo-ganha-repercussao-internacional\/"]}]},{"@type":"ImageObject","inLanguage":"pt-BR","@id":"https:\/\/www.gaveanews.com\/index.php\/2025\/10\/20\/pedro-do-flamengo-ganha-repercussao-internacional\/#primaryimage","url":"https:\/\/www.gaveanews.com\/wp-content\/uploads\/Pedro-marca-gol-da-vitoria-do-Flamengo-sobre-o-Palmeiras-no-Maracana.jpg","contentUrl":"https:\/\/www.gaveanews.com\/wp-content\/uploads\/Pedro-marca-gol-da-vitoria-do-Flamengo-sobre-o-Palmeiras-no-Maracana.jpg","width":1280,"height":960,"caption":"Pedro marca gol da vit\u00f3ria do Flamengo sobre o Palmeiras, no Maracan\u00e3 (Foto: Gilvan de Souza\/CRF)"},{"@type":"BreadcrumbList","@id":"https:\/\/www.gaveanews.com\/index.php\/2025\/10\/20\/pedro-do-flamengo-ganha-repercussao-internacional\/#breadcrumb","itemListElement":[{"@type":"ListItem","position":1,"name":"Home","item":"https:\/\/www.gaveanews.com\/"},{"@type":"ListItem","position":2,"name":"Pedro, do Flamengo, ganha repercuss\u00e3o internacional"}]},{"@type":"WebSite","@id":"https:\/\/www.gaveanews.com\/#website","url":"https:\/\/www.gaveanews.com\/","name":"G\u00e1vea News","description":"Veja todas as not\u00edcias sobre o Flamengo: Contrata\u00e7\u00f5es, categorias de base, resultados das partidas, tabela de classifica\u00e7\u00e3o, pr\u00f3ximos jogos!","potentialAction":[{"@type":"SearchAction","target":{"@type":"EntryPoint","urlTemplate":"https:\/\/www.gaveanews.com\/?s={search_term_string}"},"query-input":{"@type":"PropertyValueSpecification","valueRequired":true,"valueName":"search_term_string"}}],"inLanguage":"pt-BR"},{"@type":"Person","@id":"https:\/\/www.gaveanews.com\/#\/schema\/person\/c88645e3d550d0b6574305e67dd5a716","name":"Reda\u00e7\u00e3o","image":{"@type":"ImageObject","inLanguage":"pt-BR","@id":"https:\/\/www.gaveanews.com\/#\/schema\/person\/image\/","url":"https:\/\/secure.gravatar.com\/avatar\/434098fd823f0dc1b062d14ca22bacaa6e38de28d8c816bbef6fc2f8c44d8ba3?s=96&d=mm&r=g","contentUrl":"https:\/\/secure.gravatar.com\/avatar\/434098fd823f0dc1b062d14ca22bacaa6e38de28d8c816bbef6fc2f8c44d8ba3?s=96&d=mm&r=g","caption":"Reda\u00e7\u00e3o"}}]}},"_links":{"self":[{"href":"https:\/\/www.gaveanews.com\/index.php\/wp-json\/wp\/v2\/posts\/278870","targetHints":{"allow":["GET"]}}],"collection":[{"href":"https:\/\/www.gaveanews.com\/index.php\/wp-json\/wp\/v2\/posts"}],"about":[{"href":"https:\/\/www.gaveanews.com\/index.php\/wp-json\/wp\/v2\/types\/post"}],"author":[{"embeddable":true,"href":"https:\/\/www.gaveanews.com\/index.php\/wp-json\/wp\/v2\/users\/39"}],"replies":[{"embeddable":true,"href":"https:\/\/www.gaveanews.com\/index.php\/wp-json\/wp\/v2\/comments?post=278870"}],"version-history":[{"count":1,"href":"https:\/\/www.gaveanews.com\/index.php\/wp-json\/wp\/v2\/posts\/278870\/revisions"}],"predecessor-version":[{"id":278896,"href":"https:\/\/www.gaveanews.com\/index.php\/wp-json\/wp\/v2\/posts\/278870\/revisions\/278896"}],"wp:featuredmedia":[{"embeddable":true,"href":"https:\/\/www.gaveanews.com\/index.php\/wp-json\/wp\/v2\/media\/278851"}],"wp:attachment":[{"href":"https:\/\/www.gaveanews.com\/index.php\/wp-json\/wp\/v2\/media?parent=278870"}],"wp:term":[{"taxonomy":"category","embeddable":true,"href":"https:\/\/www.gaveanews.com\/index.php\/wp-json\/wp\/v2\/categories?post=278870"},{"taxonomy":"post_tag","embeddable":true,"href":"https:\/\/www.gaveanews.com\/index.php\/wp-json\/wp\/v2\/tags?post=278870"}],"curies":[{"name":"wp","href":"https:\/\/api.w.org\/{rel}","templated":true}]}}