{"id":278871,"date":"2025-10-20T14:10:00","date_gmt":"2025-10-20T17:10:00","guid":{"rendered":"https:\/\/www.gaveanews.com\/?p=278871"},"modified":"2025-10-20T14:10:00","modified_gmt":"2025-10-20T17:10:00","slug":"flamengo-ganha-repercussao-internacional","status":"publish","type":"post","link":"https:\/\/www.gaveanews.com\/index.php\/2025\/10\/20\/flamengo-ganha-repercussao-internacional\/","title":{"rendered":"Flamengo ganha repercuss\u00e3o internacional"},"content":{"rendered":"\n<p>O <a href=\"https:\/\/www.gaveanews.com\/index.php\/category\/brasileirao\/flamengo\/\" target=\"_blank\" rel=\"noopener\">Flamengo<\/a> venceu o <a href=\"https:\/\/www.gaveanews.com\/index.php\/category\/brasileirao\/palmeiras\/\" target=\"_blank\" rel=\"noopener\">Palmeiras<\/a> por 3 a 2, no Maracan\u00e3, neste domingo (19), em confronto direto pela lideran\u00e7a do Campeonato Brasileiro. O resultado, al\u00e9m de igualar a pontua\u00e7\u00e3o dos dois clubes no topo da tabela, ganhou destaque na imprensa internacional.<\/p>\n\n\n\n<p>O jornal argentino <em data-start=\"397\" data-end=\"405\">Clar\u00edn<\/em> elogiou a atua\u00e7\u00e3o rubro-negra e classificou o primeiro tempo da equipe como \u201cum verdadeiro show\u201d, projetando o time como forte candidato \u00e0 conquista da Copa Libertadores.<\/p>\n\n\n\n<p>A publica\u00e7\u00e3o destacou o momento vivido pelo time comandado por Filipe Lu\u00eds e tratou o Flamengo como refer\u00eancia entre sul-americanos. Com a semifinal diante do Racing marcada para quarta-feira (22), \u00e0s 21h30, no Maracan\u00e3, a vit\u00f3ria foi interpretada como uma demonstra\u00e7\u00e3o de for\u00e7a \u00e0s v\u00e9speras da decis\u00e3o continental.<\/p>\n\n\n\n<h3 class=\"wp-block-heading\" id=\"h-jogo-movimentado-e-desempenho-de-destaque\">Jogo movimentado e desempenho de destaque<\/h3>\n\n\n\n<p>A partida no Maracan\u00e3 teve ritmo intenso desde os primeiros minutos. O Flamengo abriu 3 a 1 ainda no primeiro tempo, com gols de Arrascaeta, Jorginho e Pedro.<\/p>\n\n\n\n<p>Do lado palmeirense, Vitor Roque e Gustavo G\u00f3mez descontaram. Pedro foi o principal nome do jogo, participando dos tr\u00eas gols rubro-negros com uma assist\u00eancia, um tento e o p\u00eanalti que originou o segundo gol.<\/p>\n\n\n\n<figure class=\"wp-block-image size-full\"><img loading=\"lazy\" decoding=\"async\" width=\"984\" height=\"310\" src=\"https:\/\/www.gaveanews.com\/wp-content\/uploads\/image-16.png\" alt=\"\" class=\"wp-image-278900\" srcset=\"https:\/\/www.gaveanews.com\/wp-content\/uploads\/image-16.png 984w, https:\/\/www.gaveanews.com\/wp-content\/uploads\/image-16-300x95.png 300w, https:\/\/www.gaveanews.com\/wp-content\/uploads\/image-16-768x242.png 768w, https:\/\/www.gaveanews.com\/wp-content\/uploads\/image-16-640x202.png 640w, https:\/\/www.gaveanews.com\/wp-content\/uploads\/image-16-681x215.png 681w, https:\/\/www.gaveanews.com\/wp-content\/uploads\/image-16-100x32.png 100w\" sizes=\"auto, (max-width: 984px) 100vw, 984px\" \/><figcaption class=\"wp-element-caption\">Imprensa internacional repercute vit\u00f3ria do Flamengo (Foto: Reprodu\u00e7\u00e3o)<\/figcaption><\/figure>\n\n\n\n<p>Segundo o <em data-start=\"1399\" data-end=\"1407\">Clar\u00edn<\/em>, o resultado confirma a fase positiva da equipe, que vinha de uma vit\u00f3ria por 3 a 0 sobre o Botafogo na rodada anterior. O jornal apontou o Flamengo como &#8220;o bicho-pap\u00e3o do futebol brasileiro&#8221; e elogiou a consist\u00eancia ofensiva apresentada nos jogos recentes.<\/p>\n\n\n\n<p>\u201c\u00c9 o bicho-pap\u00e3o do futebol brasileiro. Ap\u00f3s golear o Botafogo por 3 a 0 na quarta-feira, neste domingo, antes da partida contra o Racing pela Libertadores, o time derrotou o Palmeiras por 3 a 2 no Maracan\u00e3 e empatou com o paulista na lideran\u00e7a do Brasileiro. O primeiro tempo do Fla foi luxuoso, um verdadeiro show\u201d, publicou o jornal argentino.<\/p>\n\n\n\n<h3 class=\"wp-block-heading\" id=\"h-possiveis-baixas-para-a-libertadores\">Poss\u00edveis baixas para a Libertadores<\/h3>\n\n\n\n<p>A publica\u00e7\u00e3o tamb\u00e9m chamou aten\u00e7\u00e3o para poss\u00edveis desfalques na equipe brasileira para a semifinal continental. O zagueiro L\u00e9o Ortiz deixou o campo no primeiro tempo do duelo com o Palmeiras ap\u00f3s sentir dores no tornozelo direito.<\/p>\n\n\n\n<p>O defensor passou por exames, que indicaram um estiramento ligamentar, e iniciou tratamento com o departamento m\u00e9dico. A presen\u00e7a no jogo contra o Racing ainda \u00e9 incerta.<\/p>\n\n\n\n<p>Outro nome que preocupa \u00e9 Everton Cebolinha. O atacante sofreu uma les\u00e3o no quadril na vit\u00f3ria sobre o Botafogo e n\u00e3o enfrentou o Palmeiras. A evolu\u00e7\u00e3o cl\u00ednica do jogador ser\u00e1 determinante para saber se ter\u00e1 condi\u00e7\u00f5es de entrar em campo na quarta-feira.<\/p>\n\n\n\n<h3 class=\"wp-block-heading\" id=\"h-situacao-na-tabela-e-clima-decisivo\">Situa\u00e7\u00e3o na tabela e clima decisivo<\/h3>\n\n\n\n<p>Com o triunfo, o Flamengo chegou aos mesmos 61 pontos do Palmeiras, mas segue na vice-lideran\u00e7a por ter uma vit\u00f3ria a menos (18 contra 19). O resultado, contudo, recolocou o time carioca no p\u00e1reo direto pela ta\u00e7a e elevou o moral da equipe \u00e0s v\u00e9speras da disputa internacional.<\/p>\n","protected":false},"excerpt":{"rendered":"<p>O Flamengo venceu o Palmeiras por 3 a 2, no Maracan\u00e3, neste domingo (19), em confronto direto pela lideran\u00e7a do Campeonato Brasileiro. O resultado, al\u00e9m de igualar a pontua\u00e7\u00e3o dos dois clubes no topo da tabela, ganhou destaque na imprensa internacional. O jornal argentino Clar\u00edn elogiou a atua\u00e7\u00e3o rubro-negra e classificou o primeiro tempo da [&hellip;]<\/p>\n","protected":false},"author":39,"featured_media":278841,"comment_status":"open","ping_status":"closed","sticky":false,"template":"","format":"standard","meta":{"footnotes":""},"categories":[1],"tags":[],"class_list":["post-278871","post","type-post","status-publish","format-standard","has-post-thumbnail","hentry","category-flamengo"],"yoast_head":"<!-- This site is optimized with the Yoast SEO Premium plugin v24.2 (Yoast SEO v26.9) - https:\/\/yoast.com\/product\/yoast-seo-premium-wordpress\/ -->\n<title>Flamengo ganha repercuss\u00e3o internacional<\/title>\n<meta name=\"robots\" content=\"index, follow, max-snippet:-1, max-image-preview:large, max-video-preview:-1\" \/>\n<link rel=\"canonical\" href=\"https:\/\/www.gaveanews.com\/index.php\/2025\/10\/20\/flamengo-ganha-repercussao-internacional\/\" \/>\n<meta property=\"og:locale\" content=\"pt_BR\" \/>\n<meta property=\"og:type\" content=\"article\" \/>\n<meta property=\"og:title\" content=\"Flamengo ganha repercuss\u00e3o internacional\" \/>\n<meta property=\"og:description\" content=\"O Flamengo venceu o Palmeiras por 3 a 2, no Maracan\u00e3, neste domingo (19), em confronto direto pela lideran\u00e7a do Campeonato Brasileiro. O resultado, al\u00e9m de igualar a pontua\u00e7\u00e3o dos dois clubes no topo da tabela, ganhou destaque na imprensa internacional. O jornal argentino Clar\u00edn elogiou a atua\u00e7\u00e3o rubro-negra e classificou o primeiro tempo da [&hellip;]\" \/>\n<meta property=\"og:url\" content=\"https:\/\/www.gaveanews.com\/index.php\/2025\/10\/20\/flamengo-ganha-repercussao-internacional\/\" \/>\n<meta property=\"og:site_name\" content=\"G\u00e1vea News\" \/>\n<meta property=\"article:publisher\" content=\"https:\/\/facebook.com\/gaveaNews\/\" \/>\n<meta property=\"article:published_time\" content=\"2025-10-20T17:10:00+00:00\" \/>\n<meta property=\"og:image\" content=\"http:\/\/www.gaveanews.com\/wp-content\/uploads\/Jorginho-comemorando-gol-de-Arrascaeta-em-vitoria-do-Flamengo-no-Maracana.jpg\" \/>\n\t<meta property=\"og:image:width\" content=\"1280\" \/>\n\t<meta property=\"og:image:height\" content=\"960\" \/>\n\t<meta property=\"og:image:type\" content=\"image\/jpeg\" \/>\n<meta name=\"author\" content=\"Reda\u00e7\u00e3o\" \/>\n<meta name=\"twitter:card\" content=\"summary_large_image\" \/>\n<meta name=\"twitter:label1\" content=\"Escrito por\" \/>\n\t<meta name=\"twitter:data1\" content=\"Reda\u00e7\u00e3o\" \/>\n\t<meta name=\"twitter:label2\" content=\"Est. tempo de leitura\" \/>\n\t<meta name=\"twitter:data2\" content=\"3 minutos\" \/>\n<script type=\"application\/ld+json\" class=\"yoast-schema-graph\">{\"@context\":\"https:\/\/schema.org\",\"@graph\":[{\"@type\":\"NewsArticle\",\"@id\":\"https:\/\/www.gaveanews.com\/index.php\/2025\/10\/20\/flamengo-ganha-repercussao-internacional\/#article\",\"isPartOf\":{\"@id\":\"https:\/\/www.gaveanews.com\/index.php\/2025\/10\/20\/flamengo-ganha-repercussao-internacional\/\"},\"author\":{\"name\":\"Reda\u00e7\u00e3o\",\"@id\":\"https:\/\/www.gaveanews.com\/#\/schema\/person\/c88645e3d550d0b6574305e67dd5a716\"},\"headline\":\"Flamengo ganha repercuss\u00e3o internacional\",\"datePublished\":\"2025-10-20T17:10:00+00:00\",\"mainEntityOfPage\":{\"@id\":\"https:\/\/www.gaveanews.com\/index.php\/2025\/10\/20\/flamengo-ganha-repercussao-internacional\/\"},\"wordCount\":498,\"commentCount\":0,\"image\":{\"@id\":\"https:\/\/www.gaveanews.com\/index.php\/2025\/10\/20\/flamengo-ganha-repercussao-internacional\/#primaryimage\"},\"thumbnailUrl\":\"https:\/\/www.gaveanews.com\/wp-content\/uploads\/Jorginho-comemorando-gol-de-Arrascaeta-em-vitoria-do-Flamengo-no-Maracana.jpg\",\"articleSection\":[\"Flamengo\"],\"inLanguage\":\"pt-BR\",\"potentialAction\":[{\"@type\":\"CommentAction\",\"name\":\"Comment\",\"target\":[\"https:\/\/www.gaveanews.com\/index.php\/2025\/10\/20\/flamengo-ganha-repercussao-internacional\/#respond\"]}],\"copyrightYear\":\"2025\",\"copyrightHolder\":{\"@id\":\"https:\/\/www.gaveanews.com\/#organization\"}},{\"@type\":\"WebPage\",\"@id\":\"https:\/\/www.gaveanews.com\/index.php\/2025\/10\/20\/flamengo-ganha-repercussao-internacional\/\",\"url\":\"https:\/\/www.gaveanews.com\/index.php\/2025\/10\/20\/flamengo-ganha-repercussao-internacional\/\",\"name\":\"Flamengo ganha repercuss\u00e3o internacional\",\"isPartOf\":{\"@id\":\"https:\/\/www.gaveanews.com\/#website\"},\"primaryImageOfPage\":{\"@id\":\"https:\/\/www.gaveanews.com\/index.php\/2025\/10\/20\/flamengo-ganha-repercussao-internacional\/#primaryimage\"},\"image\":{\"@id\":\"https:\/\/www.gaveanews.com\/index.php\/2025\/10\/20\/flamengo-ganha-repercussao-internacional\/#primaryimage\"},\"thumbnailUrl\":\"https:\/\/www.gaveanews.com\/wp-content\/uploads\/Jorginho-comemorando-gol-de-Arrascaeta-em-vitoria-do-Flamengo-no-Maracana.jpg\",\"datePublished\":\"2025-10-20T17:10:00+00:00\",\"author\":{\"@id\":\"https:\/\/www.gaveanews.com\/#\/schema\/person\/c88645e3d550d0b6574305e67dd5a716\"},\"breadcrumb\":{\"@id\":\"https:\/\/www.gaveanews.com\/index.php\/2025\/10\/20\/flamengo-ganha-repercussao-internacional\/#breadcrumb\"},\"inLanguage\":\"pt-BR\",\"potentialAction\":[{\"@type\":\"ReadAction\",\"target\":[\"https:\/\/www.gaveanews.com\/index.php\/2025\/10\/20\/flamengo-ganha-repercussao-internacional\/\"]}]},{\"@type\":\"ImageObject\",\"inLanguage\":\"pt-BR\",\"@id\":\"https:\/\/www.gaveanews.com\/index.php\/2025\/10\/20\/flamengo-ganha-repercussao-internacional\/#primaryimage\",\"url\":\"https:\/\/www.gaveanews.com\/wp-content\/uploads\/Jorginho-comemorando-gol-de-Arrascaeta-em-vitoria-do-Flamengo-no-Maracana.jpg\",\"contentUrl\":\"https:\/\/www.gaveanews.com\/wp-content\/uploads\/Jorginho-comemorando-gol-de-Arrascaeta-em-vitoria-do-Flamengo-no-Maracana.jpg\",\"width\":1280,\"height\":960,\"caption\":\"Jorginho comemorando gol de Arrascaeta no Maracan\u00e3 (Foto: Adriano Fontes\/CRF)\"},{\"@type\":\"BreadcrumbList\",\"@id\":\"https:\/\/www.gaveanews.com\/index.php\/2025\/10\/20\/flamengo-ganha-repercussao-internacional\/#breadcrumb\",\"itemListElement\":[{\"@type\":\"ListItem\",\"position\":1,\"name\":\"Home\",\"item\":\"https:\/\/www.gaveanews.com\/\"},{\"@type\":\"ListItem\",\"position\":2,\"name\":\"Flamengo ganha repercuss\u00e3o internacional\"}]},{\"@type\":\"WebSite\",\"@id\":\"https:\/\/www.gaveanews.com\/#website\",\"url\":\"https:\/\/www.gaveanews.com\/\",\"name\":\"G\u00e1vea News\",\"description\":\"Veja todas as not\u00edcias sobre o Flamengo: Contrata\u00e7\u00f5es, categorias de base, resultados das partidas, tabela de classifica\u00e7\u00e3o, pr\u00f3ximos jogos!\",\"potentialAction\":[{\"@type\":\"SearchAction\",\"target\":{\"@type\":\"EntryPoint\",\"urlTemplate\":\"https:\/\/www.gaveanews.com\/?s={search_term_string}\"},\"query-input\":{\"@type\":\"PropertyValueSpecification\",\"valueRequired\":true,\"valueName\":\"search_term_string\"}}],\"inLanguage\":\"pt-BR\"},{\"@type\":\"Person\",\"@id\":\"https:\/\/www.gaveanews.com\/#\/schema\/person\/c88645e3d550d0b6574305e67dd5a716\",\"name\":\"Reda\u00e7\u00e3o\",\"image\":{\"@type\":\"ImageObject\",\"inLanguage\":\"pt-BR\",\"@id\":\"https:\/\/www.gaveanews.com\/#\/schema\/person\/image\/\",\"url\":\"https:\/\/secure.gravatar.com\/avatar\/434098fd823f0dc1b062d14ca22bacaa6e38de28d8c816bbef6fc2f8c44d8ba3?s=96&d=mm&r=g\",\"contentUrl\":\"https:\/\/secure.gravatar.com\/avatar\/434098fd823f0dc1b062d14ca22bacaa6e38de28d8c816bbef6fc2f8c44d8ba3?s=96&d=mm&r=g\",\"caption\":\"Reda\u00e7\u00e3o\"}}]}<\/script>\n<!-- \/ Yoast SEO Premium plugin. -->","yoast_head_json":{"title":"Flamengo ganha repercuss\u00e3o internacional","robots":{"index":"index","follow":"follow","max-snippet":"max-snippet:-1","max-image-preview":"max-image-preview:large","max-video-preview":"max-video-preview:-1"},"canonical":"https:\/\/www.gaveanews.com\/index.php\/2025\/10\/20\/flamengo-ganha-repercussao-internacional\/","og_locale":"pt_BR","og_type":"article","og_title":"Flamengo ganha repercuss\u00e3o internacional","og_description":"O Flamengo venceu o Palmeiras por 3 a 2, no Maracan\u00e3, neste domingo (19), em confronto direto pela lideran\u00e7a do Campeonato Brasileiro. O resultado, al\u00e9m de igualar a pontua\u00e7\u00e3o dos dois clubes no topo da tabela, ganhou destaque na imprensa internacional. O jornal argentino Clar\u00edn elogiou a atua\u00e7\u00e3o rubro-negra e classificou o primeiro tempo da [&hellip;]","og_url":"https:\/\/www.gaveanews.com\/index.php\/2025\/10\/20\/flamengo-ganha-repercussao-internacional\/","og_site_name":"G\u00e1vea News","article_publisher":"https:\/\/facebook.com\/gaveaNews\/","article_published_time":"2025-10-20T17:10:00+00:00","og_image":[{"width":1280,"height":960,"url":"http:\/\/www.gaveanews.com\/wp-content\/uploads\/Jorginho-comemorando-gol-de-Arrascaeta-em-vitoria-do-Flamengo-no-Maracana.jpg","type":"image\/jpeg"}],"author":"Reda\u00e7\u00e3o","twitter_card":"summary_large_image","twitter_misc":{"Escrito por":"Reda\u00e7\u00e3o","Est. tempo de leitura":"3 minutos"},"schema":{"@context":"https:\/\/schema.org","@graph":[{"@type":"NewsArticle","@id":"https:\/\/www.gaveanews.com\/index.php\/2025\/10\/20\/flamengo-ganha-repercussao-internacional\/#article","isPartOf":{"@id":"https:\/\/www.gaveanews.com\/index.php\/2025\/10\/20\/flamengo-ganha-repercussao-internacional\/"},"author":{"name":"Reda\u00e7\u00e3o","@id":"https:\/\/www.gaveanews.com\/#\/schema\/person\/c88645e3d550d0b6574305e67dd5a716"},"headline":"Flamengo ganha repercuss\u00e3o internacional","datePublished":"2025-10-20T17:10:00+00:00","mainEntityOfPage":{"@id":"https:\/\/www.gaveanews.com\/index.php\/2025\/10\/20\/flamengo-ganha-repercussao-internacional\/"},"wordCount":498,"commentCount":0,"image":{"@id":"https:\/\/www.gaveanews.com\/index.php\/2025\/10\/20\/flamengo-ganha-repercussao-internacional\/#primaryimage"},"thumbnailUrl":"https:\/\/www.gaveanews.com\/wp-content\/uploads\/Jorginho-comemorando-gol-de-Arrascaeta-em-vitoria-do-Flamengo-no-Maracana.jpg","articleSection":["Flamengo"],"inLanguage":"pt-BR","potentialAction":[{"@type":"CommentAction","name":"Comment","target":["https:\/\/www.gaveanews.com\/index.php\/2025\/10\/20\/flamengo-ganha-repercussao-internacional\/#respond"]}],"copyrightYear":"2025","copyrightHolder":{"@id":"https:\/\/www.gaveanews.com\/#organization"}},{"@type":"WebPage","@id":"https:\/\/www.gaveanews.com\/index.php\/2025\/10\/20\/flamengo-ganha-repercussao-internacional\/","url":"https:\/\/www.gaveanews.com\/index.php\/2025\/10\/20\/flamengo-ganha-repercussao-internacional\/","name":"Flamengo ganha repercuss\u00e3o internacional","isPartOf":{"@id":"https:\/\/www.gaveanews.com\/#website"},"primaryImageOfPage":{"@id":"https:\/\/www.gaveanews.com\/index.php\/2025\/10\/20\/flamengo-ganha-repercussao-internacional\/#primaryimage"},"image":{"@id":"https:\/\/www.gaveanews.com\/index.php\/2025\/10\/20\/flamengo-ganha-repercussao-internacional\/#primaryimage"},"thumbnailUrl":"https:\/\/www.gaveanews.com\/wp-content\/uploads\/Jorginho-comemorando-gol-de-Arrascaeta-em-vitoria-do-Flamengo-no-Maracana.jpg","datePublished":"2025-10-20T17:10:00+00:00","author":{"@id":"https:\/\/www.gaveanews.com\/#\/schema\/person\/c88645e3d550d0b6574305e67dd5a716"},"breadcrumb":{"@id":"https:\/\/www.gaveanews.com\/index.php\/2025\/10\/20\/flamengo-ganha-repercussao-internacional\/#breadcrumb"},"inLanguage":"pt-BR","potentialAction":[{"@type":"ReadAction","target":["https:\/\/www.gaveanews.com\/index.php\/2025\/10\/20\/flamengo-ganha-repercussao-internacional\/"]}]},{"@type":"ImageObject","inLanguage":"pt-BR","@id":"https:\/\/www.gaveanews.com\/index.php\/2025\/10\/20\/flamengo-ganha-repercussao-internacional\/#primaryimage","url":"https:\/\/www.gaveanews.com\/wp-content\/uploads\/Jorginho-comemorando-gol-de-Arrascaeta-em-vitoria-do-Flamengo-no-Maracana.jpg","contentUrl":"https:\/\/www.gaveanews.com\/wp-content\/uploads\/Jorginho-comemorando-gol-de-Arrascaeta-em-vitoria-do-Flamengo-no-Maracana.jpg","width":1280,"height":960,"caption":"Jorginho comemorando gol de Arrascaeta no Maracan\u00e3 (Foto: Adriano Fontes\/CRF)"},{"@type":"BreadcrumbList","@id":"https:\/\/www.gaveanews.com\/index.php\/2025\/10\/20\/flamengo-ganha-repercussao-internacional\/#breadcrumb","itemListElement":[{"@type":"ListItem","position":1,"name":"Home","item":"https:\/\/www.gaveanews.com\/"},{"@type":"ListItem","position":2,"name":"Flamengo ganha repercuss\u00e3o internacional"}]},{"@type":"WebSite","@id":"https:\/\/www.gaveanews.com\/#website","url":"https:\/\/www.gaveanews.com\/","name":"G\u00e1vea News","description":"Veja todas as not\u00edcias sobre o Flamengo: Contrata\u00e7\u00f5es, categorias de base, resultados das partidas, tabela de classifica\u00e7\u00e3o, pr\u00f3ximos jogos!","potentialAction":[{"@type":"SearchAction","target":{"@type":"EntryPoint","urlTemplate":"https:\/\/www.gaveanews.com\/?s={search_term_string}"},"query-input":{"@type":"PropertyValueSpecification","valueRequired":true,"valueName":"search_term_string"}}],"inLanguage":"pt-BR"},{"@type":"Person","@id":"https:\/\/www.gaveanews.com\/#\/schema\/person\/c88645e3d550d0b6574305e67dd5a716","name":"Reda\u00e7\u00e3o","image":{"@type":"ImageObject","inLanguage":"pt-BR","@id":"https:\/\/www.gaveanews.com\/#\/schema\/person\/image\/","url":"https:\/\/secure.gravatar.com\/avatar\/434098fd823f0dc1b062d14ca22bacaa6e38de28d8c816bbef6fc2f8c44d8ba3?s=96&d=mm&r=g","contentUrl":"https:\/\/secure.gravatar.com\/avatar\/434098fd823f0dc1b062d14ca22bacaa6e38de28d8c816bbef6fc2f8c44d8ba3?s=96&d=mm&r=g","caption":"Reda\u00e7\u00e3o"}}]}},"_links":{"self":[{"href":"https:\/\/www.gaveanews.com\/index.php\/wp-json\/wp\/v2\/posts\/278871","targetHints":{"allow":["GET"]}}],"collection":[{"href":"https:\/\/www.gaveanews.com\/index.php\/wp-json\/wp\/v2\/posts"}],"about":[{"href":"https:\/\/www.gaveanews.com\/index.php\/wp-json\/wp\/v2\/types\/post"}],"author":[{"embeddable":true,"href":"https:\/\/www.gaveanews.com\/index.php\/wp-json\/wp\/v2\/users\/39"}],"replies":[{"embeddable":true,"href":"https:\/\/www.gaveanews.com\/index.php\/wp-json\/wp\/v2\/comments?post=278871"}],"version-history":[{"count":2,"href":"https:\/\/www.gaveanews.com\/index.php\/wp-json\/wp\/v2\/posts\/278871\/revisions"}],"predecessor-version":[{"id":278901,"href":"https:\/\/www.gaveanews.com\/index.php\/wp-json\/wp\/v2\/posts\/278871\/revisions\/278901"}],"wp:featuredmedia":[{"embeddable":true,"href":"https:\/\/www.gaveanews.com\/index.php\/wp-json\/wp\/v2\/media\/278841"}],"wp:attachment":[{"href":"https:\/\/www.gaveanews.com\/index.php\/wp-json\/wp\/v2\/media?parent=278871"}],"wp:term":[{"taxonomy":"category","embeddable":true,"href":"https:\/\/www.gaveanews.com\/index.php\/wp-json\/wp\/v2\/categories?post=278871"},{"taxonomy":"post_tag","embeddable":true,"href":"https:\/\/www.gaveanews.com\/index.php\/wp-json\/wp\/v2\/tags?post=278871"}],"curies":[{"name":"wp","href":"https:\/\/api.w.org\/{rel}","templated":true}]}}