{"id":278886,"date":"2025-10-20T13:40:00","date_gmt":"2025-10-20T16:40:00","guid":{"rendered":"https:\/\/www.gaveanews.com\/?p=278886"},"modified":"2025-10-20T13:43:19","modified_gmt":"2025-10-20T16:43:19","slug":"pulgar-e-jorginho-brigam-apos-gol-do-flamengo-e-video-viraliza-louco","status":"publish","type":"post","link":"https:\/\/www.gaveanews.com\/index.php\/2025\/10\/20\/pulgar-e-jorginho-brigam-apos-gol-do-flamengo-e-video-viraliza-louco\/","title":{"rendered":"Pulgar e Jorginho &#8216;brigam&#8217; ap\u00f3s gol do Flamengo e v\u00eddeo viraliza: &#8220;Louco&#8221;"},"content":{"rendered":"\n<p>A vit\u00f3ria do <a href=\"https:\/\/www.gaveanews.com\/index.php\/category\/brasileirao\/flamengo\/\" target=\"_blank\" rel=\"noreferrer noopener\">Flamengo<\/a> por 3 a 2 sobre o <a href=\"https:\/\/www.gaveanews.com\/index.php\/category\/brasileirao\/palmeiras\/\">Palmeiras<\/a>, no domingo (19), no Maracan\u00e3, foi marcada por gols, intensidade e uma comemora\u00e7\u00e3o que chamou aten\u00e7\u00e3o. Ap\u00f3s o primeiro gol rubro-negro, marcado por Arrascaeta, os volantes Jorginho e Pulgar protagonizaram uma cena descontra\u00edda com empurr\u00f5es e sorrisos, arrancando rea\u00e7\u00f5es divertidas dos torcedores nas redes sociais.<\/p>\n\n\n\n<p>Al\u00e9m do gesto espont\u00e2neo, a dupla teve participa\u00e7\u00e3o decisiva no resultado. Ambos mostraram sintonia em campo e contribu\u00edram diretamente para o desempenho rubro-negro em um confronto que valia a lideran\u00e7a do Campeonato Brasileiro.<\/p>\n\n\n\n<figure class=\"wp-block-embed is-type-rich is-provider-twitter wp-block-embed-twitter\"><div class=\"wp-block-embed__wrapper\">\n<blockquote class=\"twitter-tweet\" data-width=\"550\" data-dnt=\"true\"><p lang=\"pt\" dir=\"ltr\">A batalha espiritual do Pulgar com o Jorginho <a href=\"https:\/\/t.co\/v02FRuxUFK\">pic.twitter.com\/v02FRuxUFK<\/a><\/p>&mdash; GIFSFLA (@GifsFla) <a href=\"https:\/\/twitter.com\/GifsFla\/status\/1980010251152695382?ref_src=twsrc%5Etfw\">October 19, 2025<\/a><\/blockquote><script async src=\"https:\/\/platform.twitter.com\/widgets.js\" charset=\"utf-8\"><\/script>\n<\/div><\/figure>\n\n\n\n<p>O Flamengo, inclusive, emitiu as duas vers\u00f5es sobre o caso para jogar para galera: quem \u00e9 o culpado? <\/p>\n\n\n\n<figure class=\"wp-block-embed is-type-rich is-provider-twitter wp-block-embed-twitter\"><div class=\"wp-block-embed__wrapper\">\n<blockquote class=\"twitter-tweet\" data-width=\"550\" data-dnt=\"true\"><p lang=\"pt\" dir=\"ltr\">Quem \u00e9 o culpado? Erick ou Jorginho? O qu\u00ea aconteceu? QUE RESENHA! \ud83e\udd23<a href=\"https:\/\/twitter.com\/hashtag\/vids?src=hash&amp;ref_src=twsrc%5Etfw\">#vids<\/a> <a href=\"https:\/\/t.co\/Ntlgo5qyeQ\">pic.twitter.com\/Ntlgo5qyeQ<\/a><\/p>&mdash; Flamengo (@Flamengo) <a href=\"https:\/\/twitter.com\/Flamengo\/status\/1980294259342463082?ref_src=twsrc%5Etfw\">October 20, 2025<\/a><\/blockquote><script async src=\"https:\/\/platform.twitter.com\/widgets.js\" charset=\"utf-8\"><\/script>\n<\/div><\/figure>\n\n\n\n<h3 class=\"wp-block-heading\" id=\"h-jorginho-assume-protagonismo-e-mantem-aproveitamento\">Jorginho assume protagonismo e mant\u00e9m aproveitamento<\/h3>\n\n\n\n<p>Desde que chegou ao Flamengo na v\u00e9spera do Mundial de Clubes, nos EUA, Jorginho se firmou como titular absoluto na equipe comandada por Filipe Lu\u00eds. O meia se adaptou rapidamente \u00e0 estrutura t\u00e1tica e assumiu a responsabilidade nas cobran\u00e7as de p\u00eanaltis.<\/p>\n\n\n\n<p>Contra o Palmeiras, ele converteu mais uma penalidade, mantendo os 100% de aproveitamento no clube. O lance foi originado ap\u00f3s falta cometida sobre Pedro, que havia feito jogada individual na entrada da \u00e1rea.<\/p>\n\n\n\n<figure class=\"wp-block-embed is-type-rich is-provider-twitter wp-block-embed-twitter\"><div class=\"wp-block-embed__wrapper\">\n<blockquote class=\"twitter-tweet\" data-width=\"550\" data-dnt=\"true\"><p lang=\"pt\" dir=\"ltr\">O JORGINHO E O PULGAR KKKKKKKKKKKKKKKKKKKKKKKKKKKKKKKKKKKKKKKKKK <a href=\"https:\/\/t.co\/RqLODZ1LJ1\">https:\/\/t.co\/RqLODZ1LJ1<\/a><\/p>&mdash; GOAT (@itsfischrr) <a href=\"https:\/\/twitter.com\/itsfischrr\/status\/1979998982525911294?ref_src=twsrc%5Etfw\">October 19, 2025<\/a><\/blockquote><script async src=\"https:\/\/platform.twitter.com\/widgets.js\" charset=\"utf-8\"><\/script>\n<\/div><\/figure>\n\n\n\n<h3 class=\"wp-block-heading\" id=\"h-pedro-participa-de-todos-os-gols-e-comanda-o-ataque\">Pedro participa de todos os gols e comanda o ataque<\/h3>\n\n\n\n<p>Pedro teve atua\u00e7\u00e3o destacada no cl\u00e1ssico. O camisa 9 esteve presente nas tr\u00eas jogadas que resultaram em gols. No primeiro, deu assist\u00eancia para Arrascaeta abrir o placar. Na sequ\u00eancia, sofreu a falta que gerou o p\u00eanalti convertido por Jorginho. <\/p>\n\n\n\n<p>J\u00e1 no terceiro gol, o centroavante finalizou a jogada e ampliou a vantagem, ap\u00f3s pressionar a sa\u00edda de bola do Palmeiras.<\/p>\n\n\n\n<p>O atacante rubro-negro foi fundamental para que o Flamengo abrisse 3 a 1 ainda na primeira etapa. O dom\u00ednio inicial se mostrou decisivo para o desfecho da partida.<\/p>\n\n\n\n<figure class=\"wp-block-embed is-type-rich is-provider-twitter wp-block-embed-twitter\"><div class=\"wp-block-embed__wrapper\">\n<blockquote class=\"twitter-tweet\" data-width=\"550\" data-dnt=\"true\"><p lang=\"pt\" dir=\"ltr\">O Jorginho com o Pulgar se batendo KAKAKAKKAKAKA <a href=\"https:\/\/t.co\/ktyK11Ml9m\">https:\/\/t.co\/ktyK11Ml9m<\/a><\/p>&mdash; Lucas\u1d9c\u02b3\u1da0 (@eliceand) <a href=\"https:\/\/twitter.com\/eliceand\/status\/1980002915398918221?ref_src=twsrc%5Etfw\">October 19, 2025<\/a><\/blockquote><script async src=\"https:\/\/platform.twitter.com\/widgets.js\" charset=\"utf-8\"><\/script>\n<\/div><\/figure>\n\n\n\n<h3 class=\"wp-block-heading\" id=\"h-triunfo-aproxima-flamengo-da-lideranca\">Triunfo aproxima Flamengo da lideran\u00e7a<\/h3>\n\n\n\n<p>O Flamengo venceu o Palmeiras com gols de Arrascaeta, Jorginho e Pedro, enquanto Vitor Roque e Gustavo G\u00f3mez descontaram para o time paulista. Com o resultado, as duas equipes empataram em pontos na lideran\u00e7a do Brasileir\u00e3o, com 61 cada. <\/p>\n\n\n\n<p>O Palmeiras, no entanto, segue na frente pelos crit\u00e9rios de desempate, com uma vit\u00f3ria a mais.<\/p>\n","protected":false},"excerpt":{"rendered":"<p>A vit\u00f3ria do Flamengo por 3 a 2 sobre o Palmeiras, no domingo (19), no Maracan\u00e3, foi marcada por gols, intensidade e uma comemora\u00e7\u00e3o que chamou aten\u00e7\u00e3o. Ap\u00f3s o primeiro gol rubro-negro, marcado por Arrascaeta, os volantes Jorginho e Pulgar protagonizaram uma cena descontra\u00edda com empurr\u00f5es e sorrisos, arrancando rea\u00e7\u00f5es divertidas dos torcedores nas redes [&hellip;]<\/p>\n","protected":false},"author":30,"featured_media":278889,"comment_status":"open","ping_status":"closed","sticky":false,"template":"","format":"standard","meta":{"footnotes":""},"categories":[1],"tags":[],"class_list":["post-278886","post","type-post","status-publish","format-standard","has-post-thumbnail","hentry","category-flamengo"],"yoast_head":"<!-- This site is optimized with the Yoast SEO Premium plugin v24.2 (Yoast SEO v26.9) - https:\/\/yoast.com\/product\/yoast-seo-premium-wordpress\/ -->\n<title>Pulgar e Jorginho &#039;brigam&#039; ap\u00f3s gol do Flamengo e v\u00eddeo viraliza: &quot;Louco&quot;<\/title>\n<meta name=\"robots\" content=\"index, follow, max-snippet:-1, max-image-preview:large, max-video-preview:-1\" \/>\n<link rel=\"canonical\" href=\"https:\/\/www.gaveanews.com\/index.php\/2025\/10\/20\/pulgar-e-jorginho-brigam-apos-gol-do-flamengo-e-video-viraliza-louco\/\" \/>\n<meta property=\"og:locale\" content=\"pt_BR\" \/>\n<meta property=\"og:type\" content=\"article\" \/>\n<meta property=\"og:title\" content=\"Pulgar e Jorginho &#039;brigam&#039; ap\u00f3s gol do Flamengo e v\u00eddeo viraliza: &quot;Louco&quot;\" \/>\n<meta property=\"og:description\" content=\"A vit\u00f3ria do Flamengo por 3 a 2 sobre o Palmeiras, no domingo (19), no Maracan\u00e3, foi marcada por gols, intensidade e uma comemora\u00e7\u00e3o que chamou aten\u00e7\u00e3o. Ap\u00f3s o primeiro gol rubro-negro, marcado por Arrascaeta, os volantes Jorginho e Pulgar protagonizaram uma cena descontra\u00edda com empurr\u00f5es e sorrisos, arrancando rea\u00e7\u00f5es divertidas dos torcedores nas redes [&hellip;]\" \/>\n<meta property=\"og:url\" content=\"https:\/\/www.gaveanews.com\/index.php\/2025\/10\/20\/pulgar-e-jorginho-brigam-apos-gol-do-flamengo-e-video-viraliza-louco\/\" \/>\n<meta property=\"og:site_name\" content=\"G\u00e1vea News\" \/>\n<meta property=\"article:publisher\" content=\"https:\/\/facebook.com\/gaveaNews\/\" \/>\n<meta property=\"article:published_time\" content=\"2025-10-20T16:40:00+00:00\" \/>\n<meta property=\"article:modified_time\" content=\"2025-10-20T16:43:19+00:00\" \/>\n<meta property=\"og:image\" content=\"http:\/\/www.gaveanews.com\/wp-content\/uploads\/Jorginho-e-Erick-Pulgar.jpg\" \/>\n\t<meta property=\"og:image:width\" content=\"1280\" \/>\n\t<meta property=\"og:image:height\" content=\"960\" \/>\n\t<meta property=\"og:image:type\" content=\"image\/jpeg\" \/>\n<meta name=\"author\" content=\"Ana Teixeira\" \/>\n<meta name=\"twitter:card\" content=\"summary_large_image\" \/>\n<meta name=\"twitter:label1\" content=\"Escrito por\" \/>\n\t<meta name=\"twitter:data1\" content=\"Ana Teixeira\" \/>\n\t<meta name=\"twitter:label2\" content=\"Est. tempo de leitura\" \/>\n\t<meta name=\"twitter:data2\" content=\"3 minutos\" \/>\n<script type=\"application\/ld+json\" class=\"yoast-schema-graph\">{\"@context\":\"https:\/\/schema.org\",\"@graph\":[{\"@type\":\"NewsArticle\",\"@id\":\"https:\/\/www.gaveanews.com\/index.php\/2025\/10\/20\/pulgar-e-jorginho-brigam-apos-gol-do-flamengo-e-video-viraliza-louco\/#article\",\"isPartOf\":{\"@id\":\"https:\/\/www.gaveanews.com\/index.php\/2025\/10\/20\/pulgar-e-jorginho-brigam-apos-gol-do-flamengo-e-video-viraliza-louco\/\"},\"author\":{\"name\":\"Ana Teixeira\",\"@id\":\"https:\/\/www.gaveanews.com\/#\/schema\/person\/3b19f7288b0ce20372991275e4f2e6c2\"},\"headline\":\"Pulgar e Jorginho &#8216;brigam&#8217; ap\u00f3s gol do Flamengo e v\u00eddeo viraliza: &#8220;Louco&#8221;\",\"datePublished\":\"2025-10-20T16:40:00+00:00\",\"dateModified\":\"2025-10-20T16:43:19+00:00\",\"mainEntityOfPage\":{\"@id\":\"https:\/\/www.gaveanews.com\/index.php\/2025\/10\/20\/pulgar-e-jorginho-brigam-apos-gol-do-flamengo-e-video-viraliza-louco\/\"},\"wordCount\":404,\"commentCount\":0,\"image\":{\"@id\":\"https:\/\/www.gaveanews.com\/index.php\/2025\/10\/20\/pulgar-e-jorginho-brigam-apos-gol-do-flamengo-e-video-viraliza-louco\/#primaryimage\"},\"thumbnailUrl\":\"https:\/\/www.gaveanews.com\/wp-content\/uploads\/Jorginho-e-Erick-Pulgar.jpg\",\"articleSection\":[\"Flamengo\"],\"inLanguage\":\"pt-BR\",\"potentialAction\":[{\"@type\":\"CommentAction\",\"name\":\"Comment\",\"target\":[\"https:\/\/www.gaveanews.com\/index.php\/2025\/10\/20\/pulgar-e-jorginho-brigam-apos-gol-do-flamengo-e-video-viraliza-louco\/#respond\"]}],\"copyrightYear\":\"2025\",\"copyrightHolder\":{\"@id\":\"https:\/\/www.gaveanews.com\/#organization\"}},{\"@type\":\"WebPage\",\"@id\":\"https:\/\/www.gaveanews.com\/index.php\/2025\/10\/20\/pulgar-e-jorginho-brigam-apos-gol-do-flamengo-e-video-viraliza-louco\/\",\"url\":\"https:\/\/www.gaveanews.com\/index.php\/2025\/10\/20\/pulgar-e-jorginho-brigam-apos-gol-do-flamengo-e-video-viraliza-louco\/\",\"name\":\"Pulgar e Jorginho 'brigam' ap\u00f3s gol do Flamengo e v\u00eddeo viraliza: \\\"Louco\\\"\",\"isPartOf\":{\"@id\":\"https:\/\/www.gaveanews.com\/#website\"},\"primaryImageOfPage\":{\"@id\":\"https:\/\/www.gaveanews.com\/index.php\/2025\/10\/20\/pulgar-e-jorginho-brigam-apos-gol-do-flamengo-e-video-viraliza-louco\/#primaryimage\"},\"image\":{\"@id\":\"https:\/\/www.gaveanews.com\/index.php\/2025\/10\/20\/pulgar-e-jorginho-brigam-apos-gol-do-flamengo-e-video-viraliza-louco\/#primaryimage\"},\"thumbnailUrl\":\"https:\/\/www.gaveanews.com\/wp-content\/uploads\/Jorginho-e-Erick-Pulgar.jpg\",\"datePublished\":\"2025-10-20T16:40:00+00:00\",\"dateModified\":\"2025-10-20T16:43:19+00:00\",\"author\":{\"@id\":\"https:\/\/www.gaveanews.com\/#\/schema\/person\/3b19f7288b0ce20372991275e4f2e6c2\"},\"breadcrumb\":{\"@id\":\"https:\/\/www.gaveanews.com\/index.php\/2025\/10\/20\/pulgar-e-jorginho-brigam-apos-gol-do-flamengo-e-video-viraliza-louco\/#breadcrumb\"},\"inLanguage\":\"pt-BR\",\"potentialAction\":[{\"@type\":\"ReadAction\",\"target\":[\"https:\/\/www.gaveanews.com\/index.php\/2025\/10\/20\/pulgar-e-jorginho-brigam-apos-gol-do-flamengo-e-video-viraliza-louco\/\"]}]},{\"@type\":\"ImageObject\",\"inLanguage\":\"pt-BR\",\"@id\":\"https:\/\/www.gaveanews.com\/index.php\/2025\/10\/20\/pulgar-e-jorginho-brigam-apos-gol-do-flamengo-e-video-viraliza-louco\/#primaryimage\",\"url\":\"https:\/\/www.gaveanews.com\/wp-content\/uploads\/Jorginho-e-Erick-Pulgar.jpg\",\"contentUrl\":\"https:\/\/www.gaveanews.com\/wp-content\/uploads\/Jorginho-e-Erick-Pulgar.jpg\",\"width\":1280,\"height\":960,\"caption\":\"Jorginho e Erick Pulgar (Foto: Gilvan de Souza\/Flamengo)\"},{\"@type\":\"BreadcrumbList\",\"@id\":\"https:\/\/www.gaveanews.com\/index.php\/2025\/10\/20\/pulgar-e-jorginho-brigam-apos-gol-do-flamengo-e-video-viraliza-louco\/#breadcrumb\",\"itemListElement\":[{\"@type\":\"ListItem\",\"position\":1,\"name\":\"Home\",\"item\":\"https:\/\/www.gaveanews.com\/\"},{\"@type\":\"ListItem\",\"position\":2,\"name\":\"Pulgar e Jorginho &#8216;brigam&#8217; ap\u00f3s gol do Flamengo e v\u00eddeo viraliza: &#8220;Louco&#8221;\"}]},{\"@type\":\"WebSite\",\"@id\":\"https:\/\/www.gaveanews.com\/#website\",\"url\":\"https:\/\/www.gaveanews.com\/\",\"name\":\"G\u00e1vea News\",\"description\":\"Veja todas as not\u00edcias sobre o Flamengo: Contrata\u00e7\u00f5es, categorias de base, resultados das partidas, tabela de classifica\u00e7\u00e3o, pr\u00f3ximos jogos!\",\"potentialAction\":[{\"@type\":\"SearchAction\",\"target\":{\"@type\":\"EntryPoint\",\"urlTemplate\":\"https:\/\/www.gaveanews.com\/?s={search_term_string}\"},\"query-input\":{\"@type\":\"PropertyValueSpecification\",\"valueRequired\":true,\"valueName\":\"search_term_string\"}}],\"inLanguage\":\"pt-BR\"},{\"@type\":\"Person\",\"@id\":\"https:\/\/www.gaveanews.com\/#\/schema\/person\/3b19f7288b0ce20372991275e4f2e6c2\",\"name\":\"Ana Teixeira\",\"image\":{\"@type\":\"ImageObject\",\"inLanguage\":\"pt-BR\",\"@id\":\"https:\/\/www.gaveanews.com\/#\/schema\/person\/image\/\",\"url\":\"https:\/\/secure.gravatar.com\/avatar\/0a73f5a5258f3fed37fc2fa641892f3f7a4748456d4d4792f9bc550e6c19e06c?s=96&d=mm&r=g\",\"contentUrl\":\"https:\/\/secure.gravatar.com\/avatar\/0a73f5a5258f3fed37fc2fa641892f3f7a4748456d4d4792f9bc550e6c19e06c?s=96&d=mm&r=g\",\"caption\":\"Ana Teixeira\"}}]}<\/script>\n<!-- \/ Yoast SEO Premium plugin. -->","yoast_head_json":{"title":"Pulgar e Jorginho 'brigam' ap\u00f3s gol do Flamengo e v\u00eddeo viraliza: \"Louco\"","robots":{"index":"index","follow":"follow","max-snippet":"max-snippet:-1","max-image-preview":"max-image-preview:large","max-video-preview":"max-video-preview:-1"},"canonical":"https:\/\/www.gaveanews.com\/index.php\/2025\/10\/20\/pulgar-e-jorginho-brigam-apos-gol-do-flamengo-e-video-viraliza-louco\/","og_locale":"pt_BR","og_type":"article","og_title":"Pulgar e Jorginho 'brigam' ap\u00f3s gol do Flamengo e v\u00eddeo viraliza: \"Louco\"","og_description":"A vit\u00f3ria do Flamengo por 3 a 2 sobre o Palmeiras, no domingo (19), no Maracan\u00e3, foi marcada por gols, intensidade e uma comemora\u00e7\u00e3o que chamou aten\u00e7\u00e3o. Ap\u00f3s o primeiro gol rubro-negro, marcado por Arrascaeta, os volantes Jorginho e Pulgar protagonizaram uma cena descontra\u00edda com empurr\u00f5es e sorrisos, arrancando rea\u00e7\u00f5es divertidas dos torcedores nas redes [&hellip;]","og_url":"https:\/\/www.gaveanews.com\/index.php\/2025\/10\/20\/pulgar-e-jorginho-brigam-apos-gol-do-flamengo-e-video-viraliza-louco\/","og_site_name":"G\u00e1vea News","article_publisher":"https:\/\/facebook.com\/gaveaNews\/","article_published_time":"2025-10-20T16:40:00+00:00","article_modified_time":"2025-10-20T16:43:19+00:00","og_image":[{"width":1280,"height":960,"url":"http:\/\/www.gaveanews.com\/wp-content\/uploads\/Jorginho-e-Erick-Pulgar.jpg","type":"image\/jpeg"}],"author":"Ana Teixeira","twitter_card":"summary_large_image","twitter_misc":{"Escrito por":"Ana Teixeira","Est. tempo de leitura":"3 minutos"},"schema":{"@context":"https:\/\/schema.org","@graph":[{"@type":"NewsArticle","@id":"https:\/\/www.gaveanews.com\/index.php\/2025\/10\/20\/pulgar-e-jorginho-brigam-apos-gol-do-flamengo-e-video-viraliza-louco\/#article","isPartOf":{"@id":"https:\/\/www.gaveanews.com\/index.php\/2025\/10\/20\/pulgar-e-jorginho-brigam-apos-gol-do-flamengo-e-video-viraliza-louco\/"},"author":{"name":"Ana Teixeira","@id":"https:\/\/www.gaveanews.com\/#\/schema\/person\/3b19f7288b0ce20372991275e4f2e6c2"},"headline":"Pulgar e Jorginho &#8216;brigam&#8217; ap\u00f3s gol do Flamengo e v\u00eddeo viraliza: &#8220;Louco&#8221;","datePublished":"2025-10-20T16:40:00+00:00","dateModified":"2025-10-20T16:43:19+00:00","mainEntityOfPage":{"@id":"https:\/\/www.gaveanews.com\/index.php\/2025\/10\/20\/pulgar-e-jorginho-brigam-apos-gol-do-flamengo-e-video-viraliza-louco\/"},"wordCount":404,"commentCount":0,"image":{"@id":"https:\/\/www.gaveanews.com\/index.php\/2025\/10\/20\/pulgar-e-jorginho-brigam-apos-gol-do-flamengo-e-video-viraliza-louco\/#primaryimage"},"thumbnailUrl":"https:\/\/www.gaveanews.com\/wp-content\/uploads\/Jorginho-e-Erick-Pulgar.jpg","articleSection":["Flamengo"],"inLanguage":"pt-BR","potentialAction":[{"@type":"CommentAction","name":"Comment","target":["https:\/\/www.gaveanews.com\/index.php\/2025\/10\/20\/pulgar-e-jorginho-brigam-apos-gol-do-flamengo-e-video-viraliza-louco\/#respond"]}],"copyrightYear":"2025","copyrightHolder":{"@id":"https:\/\/www.gaveanews.com\/#organization"}},{"@type":"WebPage","@id":"https:\/\/www.gaveanews.com\/index.php\/2025\/10\/20\/pulgar-e-jorginho-brigam-apos-gol-do-flamengo-e-video-viraliza-louco\/","url":"https:\/\/www.gaveanews.com\/index.php\/2025\/10\/20\/pulgar-e-jorginho-brigam-apos-gol-do-flamengo-e-video-viraliza-louco\/","name":"Pulgar e Jorginho 'brigam' ap\u00f3s gol do Flamengo e v\u00eddeo viraliza: \"Louco\"","isPartOf":{"@id":"https:\/\/www.gaveanews.com\/#website"},"primaryImageOfPage":{"@id":"https:\/\/www.gaveanews.com\/index.php\/2025\/10\/20\/pulgar-e-jorginho-brigam-apos-gol-do-flamengo-e-video-viraliza-louco\/#primaryimage"},"image":{"@id":"https:\/\/www.gaveanews.com\/index.php\/2025\/10\/20\/pulgar-e-jorginho-brigam-apos-gol-do-flamengo-e-video-viraliza-louco\/#primaryimage"},"thumbnailUrl":"https:\/\/www.gaveanews.com\/wp-content\/uploads\/Jorginho-e-Erick-Pulgar.jpg","datePublished":"2025-10-20T16:40:00+00:00","dateModified":"2025-10-20T16:43:19+00:00","author":{"@id":"https:\/\/www.gaveanews.com\/#\/schema\/person\/3b19f7288b0ce20372991275e4f2e6c2"},"breadcrumb":{"@id":"https:\/\/www.gaveanews.com\/index.php\/2025\/10\/20\/pulgar-e-jorginho-brigam-apos-gol-do-flamengo-e-video-viraliza-louco\/#breadcrumb"},"inLanguage":"pt-BR","potentialAction":[{"@type":"ReadAction","target":["https:\/\/www.gaveanews.com\/index.php\/2025\/10\/20\/pulgar-e-jorginho-brigam-apos-gol-do-flamengo-e-video-viraliza-louco\/"]}]},{"@type":"ImageObject","inLanguage":"pt-BR","@id":"https:\/\/www.gaveanews.com\/index.php\/2025\/10\/20\/pulgar-e-jorginho-brigam-apos-gol-do-flamengo-e-video-viraliza-louco\/#primaryimage","url":"https:\/\/www.gaveanews.com\/wp-content\/uploads\/Jorginho-e-Erick-Pulgar.jpg","contentUrl":"https:\/\/www.gaveanews.com\/wp-content\/uploads\/Jorginho-e-Erick-Pulgar.jpg","width":1280,"height":960,"caption":"Jorginho e Erick Pulgar (Foto: Gilvan de Souza\/Flamengo)"},{"@type":"BreadcrumbList","@id":"https:\/\/www.gaveanews.com\/index.php\/2025\/10\/20\/pulgar-e-jorginho-brigam-apos-gol-do-flamengo-e-video-viraliza-louco\/#breadcrumb","itemListElement":[{"@type":"ListItem","position":1,"name":"Home","item":"https:\/\/www.gaveanews.com\/"},{"@type":"ListItem","position":2,"name":"Pulgar e Jorginho &#8216;brigam&#8217; ap\u00f3s gol do Flamengo e v\u00eddeo viraliza: &#8220;Louco&#8221;"}]},{"@type":"WebSite","@id":"https:\/\/www.gaveanews.com\/#website","url":"https:\/\/www.gaveanews.com\/","name":"G\u00e1vea News","description":"Veja todas as not\u00edcias sobre o Flamengo: Contrata\u00e7\u00f5es, categorias de base, resultados das partidas, tabela de classifica\u00e7\u00e3o, pr\u00f3ximos jogos!","potentialAction":[{"@type":"SearchAction","target":{"@type":"EntryPoint","urlTemplate":"https:\/\/www.gaveanews.com\/?s={search_term_string}"},"query-input":{"@type":"PropertyValueSpecification","valueRequired":true,"valueName":"search_term_string"}}],"inLanguage":"pt-BR"},{"@type":"Person","@id":"https:\/\/www.gaveanews.com\/#\/schema\/person\/3b19f7288b0ce20372991275e4f2e6c2","name":"Ana Teixeira","image":{"@type":"ImageObject","inLanguage":"pt-BR","@id":"https:\/\/www.gaveanews.com\/#\/schema\/person\/image\/","url":"https:\/\/secure.gravatar.com\/avatar\/0a73f5a5258f3fed37fc2fa641892f3f7a4748456d4d4792f9bc550e6c19e06c?s=96&d=mm&r=g","contentUrl":"https:\/\/secure.gravatar.com\/avatar\/0a73f5a5258f3fed37fc2fa641892f3f7a4748456d4d4792f9bc550e6c19e06c?s=96&d=mm&r=g","caption":"Ana Teixeira"}}]}},"_links":{"self":[{"href":"https:\/\/www.gaveanews.com\/index.php\/wp-json\/wp\/v2\/posts\/278886","targetHints":{"allow":["GET"]}}],"collection":[{"href":"https:\/\/www.gaveanews.com\/index.php\/wp-json\/wp\/v2\/posts"}],"about":[{"href":"https:\/\/www.gaveanews.com\/index.php\/wp-json\/wp\/v2\/types\/post"}],"author":[{"embeddable":true,"href":"https:\/\/www.gaveanews.com\/index.php\/wp-json\/wp\/v2\/users\/30"}],"replies":[{"embeddable":true,"href":"https:\/\/www.gaveanews.com\/index.php\/wp-json\/wp\/v2\/comments?post=278886"}],"version-history":[{"count":1,"href":"https:\/\/www.gaveanews.com\/index.php\/wp-json\/wp\/v2\/posts\/278886\/revisions"}],"predecessor-version":[{"id":278890,"href":"https:\/\/www.gaveanews.com\/index.php\/wp-json\/wp\/v2\/posts\/278886\/revisions\/278890"}],"wp:featuredmedia":[{"embeddable":true,"href":"https:\/\/www.gaveanews.com\/index.php\/wp-json\/wp\/v2\/media\/278889"}],"wp:attachment":[{"href":"https:\/\/www.gaveanews.com\/index.php\/wp-json\/wp\/v2\/media?parent=278886"}],"wp:term":[{"taxonomy":"category","embeddable":true,"href":"https:\/\/www.gaveanews.com\/index.php\/wp-json\/wp\/v2\/categories?post=278886"},{"taxonomy":"post_tag","embeddable":true,"href":"https:\/\/www.gaveanews.com\/index.php\/wp-json\/wp\/v2\/tags?post=278886"}],"curies":[{"name":"wp","href":"https:\/\/api.w.org\/{rel}","templated":true}]}}