{"id":278893,"date":"2025-10-20T14:20:00","date_gmt":"2025-10-20T17:20:00","guid":{"rendered":"https:\/\/www.gaveanews.com\/?p=278893"},"modified":"2025-10-20T14:22:25","modified_gmt":"2025-10-20T17:22:25","slug":"dirigente-do-palmeiras-manda-recado-para-filipe-luis-do-flamengo","status":"publish","type":"post","link":"https:\/\/www.gaveanews.com\/index.php\/2025\/10\/20\/dirigente-do-palmeiras-manda-recado-para-filipe-luis-do-flamengo\/","title":{"rendered":"Dirigente do Palmeiras manda recado para Filipe Lu\u00eds, do Flamengo"},"content":{"rendered":"<p data-start=\"128\" data-end=\"543\">O diretor de futebol do Palmeiras, Anderson Barros, se manifestou na noite de domingo (19) ap\u00f3s as declara\u00e7\u00f5es de Filipe Lu\u00eds e Jos\u00e9 Boto concedidas depois da vit\u00f3ria do Flamengo por 3 a 2, no Maracan\u00e3, pela 29\u00aa rodada do Campeonato Brasileiro.<\/p>\n<p data-start=\"128\" data-end=\"543\">As cr\u00edticas dos representantes rubro-negros voltaram a colocar a arbitragem no centro do debate, especialmente por dois lances reclamados pela equipe paulista.<\/p>\n<p data-start=\"545\" data-end=\"971\">O Palmeiras contesta um poss\u00edvel p\u00eanalti de Jorginho em Gustavo G\u00f3mez logo aos dois minutos de jogo e uma falta n\u00e3o marcada sobre Vitor Roque na jogada que originou o segundo gol do Flamengo, marcado por Pedro.<\/p>\n<p data-start=\"545\" data-end=\"971\">Ap\u00f3s o apito final, Filipe Lu\u00eds afirmou que o clube alviverde \u00e9 \u201co que menos pode reclamar de arbitragem\u201d no campeonato, enquanto o diretor Jos\u00e9 Boto ironizou o advers\u00e1rio ao dizer que \u201cficaram muito tempo calados\u201d.<\/p>\n<h3 data-start=\"973\" data-end=\"1006\">Nota de resposta do Palmeiras<\/h3>\n<p data-start=\"1008\" data-end=\"1358\">Pouco depois das entrevistas, o Palmeiras divulgou uma nota oficial assinada por Anderson Barros, na qual o dirigente defendeu o clube e classificou as falas de Filipe Lu\u00eds e Boto como inaceit\u00e1veis. Ele criticou a postura dos representantes e afirmou que o Palmeiras ir\u00e1 tratar eventuais erros de arbitragem nos f\u00f3runs apropriados da CBF.<\/p>\n<p data-start=\"1360\" data-end=\"1695\">\u201cDiferentemente de alguns clubes, que justificam seus insucessos culpando terceiros, n\u00e3o vamos responsabilizar a arbitragem pelo resultado de hoje. Perder ou ganhar faz parte do jogo, e estou orgulhoso pela forma como nos impusemos fora de casa contra uma grande equipe. Mas n\u00e3o podemos tolerar a hipocrisia\u201d, escreveu o dirigente.<\/p>\n<p data-start=\"1697\" data-end=\"2223\">Na sequ\u00eancia, Barros apontou que houve falhas de arbitragem favor\u00e1veis ao Flamengo e acusou falta de \u00e9tica nas declara\u00e7\u00f5es de Filipe Lu\u00eds.<\/p>\n<p data-start=\"1697\" data-end=\"2223\">\u201c\u00c9 inaceit\u00e1vel que o (t\u00e9cnico) Filipe Lu\u00eds e o (diretor Jos\u00e9) Boto sigam fazendo acusa\u00e7\u00f5es contra o Palmeiras, ainda mais depois de um jogo em que houve erros da arbitragem que favoreceram o Flamengo\u201d.<\/p>\n<p data-start=\"1697\" data-end=\"2223\">\u201cRespeito o Filipe Lu\u00eds pela trajet\u00f3ria que construiu como atleta e que agora vem desenvolvendo como treinador, mas \u00e9 falta de \u00e9tica falar de outro clube da maneira como ele falou.\u201d<\/p>\n<h3 data-start=\"2225\" data-end=\"2266\">Relembre o epis\u00f3dio do primeiro turno<\/h3>\n<p data-start=\"2268\" data-end=\"2881\">Barros tamb\u00e9m mencionou um epis\u00f3dio anterior envolvendo Jos\u00e9 Boto. No confronto do primeiro turno entre as equipes, o dirigente do Flamengo afirmou que membros da diretoria palmeirense tentaram invadir o vesti\u00e1rio da arbitragem \u2014 informa\u00e7\u00e3o posteriormente desmentida e n\u00e3o registrada em s\u00famula.<\/p>\n<p data-start=\"2268\" data-end=\"2881\">\u201cQuanto \u00e0s declara\u00e7\u00f5es do Boto, elas n\u00e3o me surpreendem. Basta nos lembrarmos da mentira que ele contou na zona mista do Allianz Parque, quando disse que dirigentes do Palmeiras haviam tentado invadir o vesti\u00e1rio da arbitragem, o que foi desmentido por todos, inclusive na s\u00famula.\u201d<\/p>\n<h3 data-start=\"2883\" data-end=\"2929\">Pedido por mudan\u00e7as na condu\u00e7\u00e3o do futebol<\/h3>\n<p data-start=\"2931\" data-end=\"3423\">Ao encerrar a nota, Anderson Barros fez um apelo por mais responsabilidade nas declara\u00e7\u00f5es p\u00fablicas e cobrou uma postura firme das entidades esportivas diante de acusa\u00e7\u00f5es sem provas.<\/p>\n<p data-start=\"2931\" data-end=\"3423\">\u201cEspero que a Justi\u00e7a Desportiva seja firme com quem, semana ap\u00f3s semana, mente e usa de insinua\u00e7\u00f5es sem provas para pressionar, em busca de benef\u00edcio esportivo. Pelo bem do futebol brasileiro, essa press\u00e3o precisa acabar. O que vivemos nos \u00faltimos dias foi muito grave e requer uma reflex\u00e3o de todos.\u201d<\/p>\n<p data-start=\"3425\" data-end=\"3584\">Com a vit\u00f3ria no Maracan\u00e3, o Flamengo alcan\u00e7ou os mesmos 61 pontos do Palmeiras, mas permanece na segunda posi\u00e7\u00e3o por ter uma vit\u00f3ria a menos (18 contra 19).<\/p>\n","protected":false},"excerpt":{"rendered":"<p>O diretor de futebol do Palmeiras, Anderson Barros, se manifestou na noite de domingo (19) ap\u00f3s as declara\u00e7\u00f5es de Filipe Lu\u00eds e Jos\u00e9 Boto concedidas depois da vit\u00f3ria do Flamengo por 3 a 2, no Maracan\u00e3, pela 29\u00aa rodada do Campeonato Brasileiro. As cr\u00edticas dos representantes rubro-negros voltaram a colocar a arbitragem no centro do [&hellip;]<\/p>\n","protected":false},"author":39,"featured_media":142841,"comment_status":"open","ping_status":"closed","sticky":false,"template":"","format":"standard","meta":{"footnotes":""},"categories":[1],"tags":[],"class_list":["post-278893","post","type-post","status-publish","format-standard","has-post-thumbnail","hentry","category-flamengo"],"yoast_head":"<!-- This site is optimized with the Yoast SEO Premium plugin v24.2 (Yoast SEO v26.9) - https:\/\/yoast.com\/product\/yoast-seo-premium-wordpress\/ -->\n<title>Dirigente do Palmeiras manda recado para Filipe Lu\u00eds, do Flamengo<\/title>\n<meta name=\"robots\" content=\"index, follow, max-snippet:-1, max-image-preview:large, max-video-preview:-1\" \/>\n<link rel=\"canonical\" href=\"https:\/\/www.gaveanews.com\/index.php\/2025\/10\/20\/dirigente-do-palmeiras-manda-recado-para-filipe-luis-do-flamengo\/\" \/>\n<meta property=\"og:locale\" content=\"pt_BR\" \/>\n<meta property=\"og:type\" content=\"article\" \/>\n<meta property=\"og:title\" content=\"Dirigente do Palmeiras manda recado para Filipe Lu\u00eds, do Flamengo\" \/>\n<meta property=\"og:description\" content=\"O diretor de futebol do Palmeiras, Anderson Barros, se manifestou na noite de domingo (19) ap\u00f3s as declara\u00e7\u00f5es de Filipe Lu\u00eds e Jos\u00e9 Boto concedidas depois da vit\u00f3ria do Flamengo por 3 a 2, no Maracan\u00e3, pela 29\u00aa rodada do Campeonato Brasileiro. As cr\u00edticas dos representantes rubro-negros voltaram a colocar a arbitragem no centro do [&hellip;]\" \/>\n<meta property=\"og:url\" content=\"https:\/\/www.gaveanews.com\/index.php\/2025\/10\/20\/dirigente-do-palmeiras-manda-recado-para-filipe-luis-do-flamengo\/\" \/>\n<meta property=\"og:site_name\" content=\"G\u00e1vea News\" \/>\n<meta property=\"article:publisher\" content=\"https:\/\/facebook.com\/gaveaNews\/\" \/>\n<meta property=\"article:published_time\" content=\"2025-10-20T17:20:00+00:00\" \/>\n<meta property=\"article:modified_time\" content=\"2025-10-20T17:22:25+00:00\" \/>\n<meta name=\"author\" content=\"Reda\u00e7\u00e3o\" \/>\n<meta name=\"twitter:card\" content=\"summary_large_image\" \/>\n<meta name=\"twitter:label1\" content=\"Escrito por\" \/>\n\t<meta name=\"twitter:data1\" content=\"Reda\u00e7\u00e3o\" \/>\n\t<meta name=\"twitter:label2\" content=\"Est. tempo de leitura\" \/>\n\t<meta name=\"twitter:data2\" content=\"4 minutos\" \/>\n<script type=\"application\/ld+json\" class=\"yoast-schema-graph\">{\"@context\":\"https:\/\/schema.org\",\"@graph\":[{\"@type\":\"NewsArticle\",\"@id\":\"https:\/\/www.gaveanews.com\/index.php\/2025\/10\/20\/dirigente-do-palmeiras-manda-recado-para-filipe-luis-do-flamengo\/#article\",\"isPartOf\":{\"@id\":\"https:\/\/www.gaveanews.com\/index.php\/2025\/10\/20\/dirigente-do-palmeiras-manda-recado-para-filipe-luis-do-flamengo\/\"},\"author\":{\"name\":\"Reda\u00e7\u00e3o\",\"@id\":\"https:\/\/www.gaveanews.com\/#\/schema\/person\/c88645e3d550d0b6574305e67dd5a716\"},\"headline\":\"Dirigente do Palmeiras manda recado para Filipe Lu\u00eds, do Flamengo\",\"datePublished\":\"2025-10-20T17:20:00+00:00\",\"dateModified\":\"2025-10-20T17:22:25+00:00\",\"mainEntityOfPage\":{\"@id\":\"https:\/\/www.gaveanews.com\/index.php\/2025\/10\/20\/dirigente-do-palmeiras-manda-recado-para-filipe-luis-do-flamengo\/\"},\"wordCount\":592,\"commentCount\":0,\"image\":{\"@id\":\"https:\/\/www.gaveanews.com\/index.php\/2025\/10\/20\/dirigente-do-palmeiras-manda-recado-para-filipe-luis-do-flamengo\/#primaryimage\"},\"thumbnailUrl\":\"https:\/\/www.gaveanews.com\/wp-content\/uploads\/51802536429-61a25b0a20-h.avif\",\"articleSection\":[\"Flamengo\"],\"inLanguage\":\"pt-BR\",\"potentialAction\":[{\"@type\":\"CommentAction\",\"name\":\"Comment\",\"target\":[\"https:\/\/www.gaveanews.com\/index.php\/2025\/10\/20\/dirigente-do-palmeiras-manda-recado-para-filipe-luis-do-flamengo\/#respond\"]}],\"copyrightYear\":\"2025\",\"copyrightHolder\":{\"@id\":\"https:\/\/www.gaveanews.com\/#organization\"}},{\"@type\":\"WebPage\",\"@id\":\"https:\/\/www.gaveanews.com\/index.php\/2025\/10\/20\/dirigente-do-palmeiras-manda-recado-para-filipe-luis-do-flamengo\/\",\"url\":\"https:\/\/www.gaveanews.com\/index.php\/2025\/10\/20\/dirigente-do-palmeiras-manda-recado-para-filipe-luis-do-flamengo\/\",\"name\":\"Dirigente do Palmeiras manda recado para Filipe Lu\u00eds, do Flamengo\",\"isPartOf\":{\"@id\":\"https:\/\/www.gaveanews.com\/#website\"},\"primaryImageOfPage\":{\"@id\":\"https:\/\/www.gaveanews.com\/index.php\/2025\/10\/20\/dirigente-do-palmeiras-manda-recado-para-filipe-luis-do-flamengo\/#primaryimage\"},\"image\":{\"@id\":\"https:\/\/www.gaveanews.com\/index.php\/2025\/10\/20\/dirigente-do-palmeiras-manda-recado-para-filipe-luis-do-flamengo\/#primaryimage\"},\"thumbnailUrl\":\"https:\/\/www.gaveanews.com\/wp-content\/uploads\/51802536429-61a25b0a20-h.avif\",\"datePublished\":\"2025-10-20T17:20:00+00:00\",\"dateModified\":\"2025-10-20T17:22:25+00:00\",\"author\":{\"@id\":\"https:\/\/www.gaveanews.com\/#\/schema\/person\/c88645e3d550d0b6574305e67dd5a716\"},\"breadcrumb\":{\"@id\":\"https:\/\/www.gaveanews.com\/index.php\/2025\/10\/20\/dirigente-do-palmeiras-manda-recado-para-filipe-luis-do-flamengo\/#breadcrumb\"},\"inLanguage\":\"pt-BR\",\"potentialAction\":[{\"@type\":\"ReadAction\",\"target\":[\"https:\/\/www.gaveanews.com\/index.php\/2025\/10\/20\/dirigente-do-palmeiras-manda-recado-para-filipe-luis-do-flamengo\/\"]}]},{\"@type\":\"ImageObject\",\"inLanguage\":\"pt-BR\",\"@id\":\"https:\/\/www.gaveanews.com\/index.php\/2025\/10\/20\/dirigente-do-palmeiras-manda-recado-para-filipe-luis-do-flamengo\/#primaryimage\",\"url\":\"https:\/\/www.gaveanews.com\/wp-content\/uploads\/51802536429-61a25b0a20-h.avif\",\"contentUrl\":\"https:\/\/www.gaveanews.com\/wp-content\/uploads\/51802536429-61a25b0a20-h.avif\",\"width\":984,\"height\":554,\"caption\":\"Anderson Barros, diretor de futebol do Palmeiras \u2014 Foto: Cesar Greco\"},{\"@type\":\"BreadcrumbList\",\"@id\":\"https:\/\/www.gaveanews.com\/index.php\/2025\/10\/20\/dirigente-do-palmeiras-manda-recado-para-filipe-luis-do-flamengo\/#breadcrumb\",\"itemListElement\":[{\"@type\":\"ListItem\",\"position\":1,\"name\":\"Home\",\"item\":\"https:\/\/www.gaveanews.com\/\"},{\"@type\":\"ListItem\",\"position\":2,\"name\":\"Dirigente do Palmeiras manda recado para Filipe Lu\u00eds, do Flamengo\"}]},{\"@type\":\"WebSite\",\"@id\":\"https:\/\/www.gaveanews.com\/#website\",\"url\":\"https:\/\/www.gaveanews.com\/\",\"name\":\"G\u00e1vea News\",\"description\":\"Veja todas as not\u00edcias sobre o Flamengo: Contrata\u00e7\u00f5es, categorias de base, resultados das partidas, tabela de classifica\u00e7\u00e3o, pr\u00f3ximos jogos!\",\"potentialAction\":[{\"@type\":\"SearchAction\",\"target\":{\"@type\":\"EntryPoint\",\"urlTemplate\":\"https:\/\/www.gaveanews.com\/?s={search_term_string}\"},\"query-input\":{\"@type\":\"PropertyValueSpecification\",\"valueRequired\":true,\"valueName\":\"search_term_string\"}}],\"inLanguage\":\"pt-BR\"},{\"@type\":\"Person\",\"@id\":\"https:\/\/www.gaveanews.com\/#\/schema\/person\/c88645e3d550d0b6574305e67dd5a716\",\"name\":\"Reda\u00e7\u00e3o\",\"image\":{\"@type\":\"ImageObject\",\"inLanguage\":\"pt-BR\",\"@id\":\"https:\/\/www.gaveanews.com\/#\/schema\/person\/image\/\",\"url\":\"https:\/\/secure.gravatar.com\/avatar\/434098fd823f0dc1b062d14ca22bacaa6e38de28d8c816bbef6fc2f8c44d8ba3?s=96&d=mm&r=g\",\"contentUrl\":\"https:\/\/secure.gravatar.com\/avatar\/434098fd823f0dc1b062d14ca22bacaa6e38de28d8c816bbef6fc2f8c44d8ba3?s=96&d=mm&r=g\",\"caption\":\"Reda\u00e7\u00e3o\"}}]}<\/script>\n<!-- \/ Yoast SEO Premium plugin. -->","yoast_head_json":{"title":"Dirigente do Palmeiras manda recado para Filipe Lu\u00eds, do Flamengo","robots":{"index":"index","follow":"follow","max-snippet":"max-snippet:-1","max-image-preview":"max-image-preview:large","max-video-preview":"max-video-preview:-1"},"canonical":"https:\/\/www.gaveanews.com\/index.php\/2025\/10\/20\/dirigente-do-palmeiras-manda-recado-para-filipe-luis-do-flamengo\/","og_locale":"pt_BR","og_type":"article","og_title":"Dirigente do Palmeiras manda recado para Filipe Lu\u00eds, do Flamengo","og_description":"O diretor de futebol do Palmeiras, Anderson Barros, se manifestou na noite de domingo (19) ap\u00f3s as declara\u00e7\u00f5es de Filipe Lu\u00eds e Jos\u00e9 Boto concedidas depois da vit\u00f3ria do Flamengo por 3 a 2, no Maracan\u00e3, pela 29\u00aa rodada do Campeonato Brasileiro. As cr\u00edticas dos representantes rubro-negros voltaram a colocar a arbitragem no centro do [&hellip;]","og_url":"https:\/\/www.gaveanews.com\/index.php\/2025\/10\/20\/dirigente-do-palmeiras-manda-recado-para-filipe-luis-do-flamengo\/","og_site_name":"G\u00e1vea News","article_publisher":"https:\/\/facebook.com\/gaveaNews\/","article_published_time":"2025-10-20T17:20:00+00:00","article_modified_time":"2025-10-20T17:22:25+00:00","author":"Reda\u00e7\u00e3o","twitter_card":"summary_large_image","twitter_misc":{"Escrito por":"Reda\u00e7\u00e3o","Est. tempo de leitura":"4 minutos"},"schema":{"@context":"https:\/\/schema.org","@graph":[{"@type":"NewsArticle","@id":"https:\/\/www.gaveanews.com\/index.php\/2025\/10\/20\/dirigente-do-palmeiras-manda-recado-para-filipe-luis-do-flamengo\/#article","isPartOf":{"@id":"https:\/\/www.gaveanews.com\/index.php\/2025\/10\/20\/dirigente-do-palmeiras-manda-recado-para-filipe-luis-do-flamengo\/"},"author":{"name":"Reda\u00e7\u00e3o","@id":"https:\/\/www.gaveanews.com\/#\/schema\/person\/c88645e3d550d0b6574305e67dd5a716"},"headline":"Dirigente do Palmeiras manda recado para Filipe Lu\u00eds, do Flamengo","datePublished":"2025-10-20T17:20:00+00:00","dateModified":"2025-10-20T17:22:25+00:00","mainEntityOfPage":{"@id":"https:\/\/www.gaveanews.com\/index.php\/2025\/10\/20\/dirigente-do-palmeiras-manda-recado-para-filipe-luis-do-flamengo\/"},"wordCount":592,"commentCount":0,"image":{"@id":"https:\/\/www.gaveanews.com\/index.php\/2025\/10\/20\/dirigente-do-palmeiras-manda-recado-para-filipe-luis-do-flamengo\/#primaryimage"},"thumbnailUrl":"https:\/\/www.gaveanews.com\/wp-content\/uploads\/51802536429-61a25b0a20-h.avif","articleSection":["Flamengo"],"inLanguage":"pt-BR","potentialAction":[{"@type":"CommentAction","name":"Comment","target":["https:\/\/www.gaveanews.com\/index.php\/2025\/10\/20\/dirigente-do-palmeiras-manda-recado-para-filipe-luis-do-flamengo\/#respond"]}],"copyrightYear":"2025","copyrightHolder":{"@id":"https:\/\/www.gaveanews.com\/#organization"}},{"@type":"WebPage","@id":"https:\/\/www.gaveanews.com\/index.php\/2025\/10\/20\/dirigente-do-palmeiras-manda-recado-para-filipe-luis-do-flamengo\/","url":"https:\/\/www.gaveanews.com\/index.php\/2025\/10\/20\/dirigente-do-palmeiras-manda-recado-para-filipe-luis-do-flamengo\/","name":"Dirigente do Palmeiras manda recado para Filipe Lu\u00eds, do Flamengo","isPartOf":{"@id":"https:\/\/www.gaveanews.com\/#website"},"primaryImageOfPage":{"@id":"https:\/\/www.gaveanews.com\/index.php\/2025\/10\/20\/dirigente-do-palmeiras-manda-recado-para-filipe-luis-do-flamengo\/#primaryimage"},"image":{"@id":"https:\/\/www.gaveanews.com\/index.php\/2025\/10\/20\/dirigente-do-palmeiras-manda-recado-para-filipe-luis-do-flamengo\/#primaryimage"},"thumbnailUrl":"https:\/\/www.gaveanews.com\/wp-content\/uploads\/51802536429-61a25b0a20-h.avif","datePublished":"2025-10-20T17:20:00+00:00","dateModified":"2025-10-20T17:22:25+00:00","author":{"@id":"https:\/\/www.gaveanews.com\/#\/schema\/person\/c88645e3d550d0b6574305e67dd5a716"},"breadcrumb":{"@id":"https:\/\/www.gaveanews.com\/index.php\/2025\/10\/20\/dirigente-do-palmeiras-manda-recado-para-filipe-luis-do-flamengo\/#breadcrumb"},"inLanguage":"pt-BR","potentialAction":[{"@type":"ReadAction","target":["https:\/\/www.gaveanews.com\/index.php\/2025\/10\/20\/dirigente-do-palmeiras-manda-recado-para-filipe-luis-do-flamengo\/"]}]},{"@type":"ImageObject","inLanguage":"pt-BR","@id":"https:\/\/www.gaveanews.com\/index.php\/2025\/10\/20\/dirigente-do-palmeiras-manda-recado-para-filipe-luis-do-flamengo\/#primaryimage","url":"https:\/\/www.gaveanews.com\/wp-content\/uploads\/51802536429-61a25b0a20-h.avif","contentUrl":"https:\/\/www.gaveanews.com\/wp-content\/uploads\/51802536429-61a25b0a20-h.avif","width":984,"height":554,"caption":"Anderson Barros, diretor de futebol do Palmeiras \u2014 Foto: Cesar Greco"},{"@type":"BreadcrumbList","@id":"https:\/\/www.gaveanews.com\/index.php\/2025\/10\/20\/dirigente-do-palmeiras-manda-recado-para-filipe-luis-do-flamengo\/#breadcrumb","itemListElement":[{"@type":"ListItem","position":1,"name":"Home","item":"https:\/\/www.gaveanews.com\/"},{"@type":"ListItem","position":2,"name":"Dirigente do Palmeiras manda recado para Filipe Lu\u00eds, do Flamengo"}]},{"@type":"WebSite","@id":"https:\/\/www.gaveanews.com\/#website","url":"https:\/\/www.gaveanews.com\/","name":"G\u00e1vea News","description":"Veja todas as not\u00edcias sobre o Flamengo: Contrata\u00e7\u00f5es, categorias de base, resultados das partidas, tabela de classifica\u00e7\u00e3o, pr\u00f3ximos jogos!","potentialAction":[{"@type":"SearchAction","target":{"@type":"EntryPoint","urlTemplate":"https:\/\/www.gaveanews.com\/?s={search_term_string}"},"query-input":{"@type":"PropertyValueSpecification","valueRequired":true,"valueName":"search_term_string"}}],"inLanguage":"pt-BR"},{"@type":"Person","@id":"https:\/\/www.gaveanews.com\/#\/schema\/person\/c88645e3d550d0b6574305e67dd5a716","name":"Reda\u00e7\u00e3o","image":{"@type":"ImageObject","inLanguage":"pt-BR","@id":"https:\/\/www.gaveanews.com\/#\/schema\/person\/image\/","url":"https:\/\/secure.gravatar.com\/avatar\/434098fd823f0dc1b062d14ca22bacaa6e38de28d8c816bbef6fc2f8c44d8ba3?s=96&d=mm&r=g","contentUrl":"https:\/\/secure.gravatar.com\/avatar\/434098fd823f0dc1b062d14ca22bacaa6e38de28d8c816bbef6fc2f8c44d8ba3?s=96&d=mm&r=g","caption":"Reda\u00e7\u00e3o"}}]}},"_links":{"self":[{"href":"https:\/\/www.gaveanews.com\/index.php\/wp-json\/wp\/v2\/posts\/278893","targetHints":{"allow":["GET"]}}],"collection":[{"href":"https:\/\/www.gaveanews.com\/index.php\/wp-json\/wp\/v2\/posts"}],"about":[{"href":"https:\/\/www.gaveanews.com\/index.php\/wp-json\/wp\/v2\/types\/post"}],"author":[{"embeddable":true,"href":"https:\/\/www.gaveanews.com\/index.php\/wp-json\/wp\/v2\/users\/39"}],"replies":[{"embeddable":true,"href":"https:\/\/www.gaveanews.com\/index.php\/wp-json\/wp\/v2\/comments?post=278893"}],"version-history":[{"count":1,"href":"https:\/\/www.gaveanews.com\/index.php\/wp-json\/wp\/v2\/posts\/278893\/revisions"}],"predecessor-version":[{"id":278907,"href":"https:\/\/www.gaveanews.com\/index.php\/wp-json\/wp\/v2\/posts\/278893\/revisions\/278907"}],"wp:featuredmedia":[{"embeddable":true,"href":"https:\/\/www.gaveanews.com\/index.php\/wp-json\/wp\/v2\/media\/142841"}],"wp:attachment":[{"href":"https:\/\/www.gaveanews.com\/index.php\/wp-json\/wp\/v2\/media?parent=278893"}],"wp:term":[{"taxonomy":"category","embeddable":true,"href":"https:\/\/www.gaveanews.com\/index.php\/wp-json\/wp\/v2\/categories?post=278893"},{"taxonomy":"post_tag","embeddable":true,"href":"https:\/\/www.gaveanews.com\/index.php\/wp-json\/wp\/v2\/tags?post=278893"}],"curies":[{"name":"wp","href":"https:\/\/api.w.org\/{rel}","templated":true}]}}