{"id":278894,"date":"2025-10-20T14:30:00","date_gmt":"2025-10-20T17:30:00","guid":{"rendered":"https:\/\/www.gaveanews.com\/?p=278894"},"modified":"2025-10-20T14:28:05","modified_gmt":"2025-10-20T17:28:05","slug":"a-declaracao-de-jose-boto-apos-flamengo-x-palmeiras","status":"publish","type":"post","link":"https:\/\/www.gaveanews.com\/index.php\/2025\/10\/20\/a-declaracao-de-jose-boto-apos-flamengo-x-palmeiras\/","title":{"rendered":"A declara\u00e7\u00e3o de Jos\u00e9 Boto ap\u00f3s Flamengo x Palmeiras"},"content":{"rendered":"\n<p>O diretor de futebol do <a href=\"https:\/\/www.gaveanews.com\/index.php\/category\/brasileirao\/flamengo\/\" target=\"_blank\" rel=\"noreferrer noopener\">Flamengo<\/a>, Jos\u00e9 Boto, contestou as cr\u00edticas do <a href=\"https:\/\/www.gaveanews.com\/index.php\/category\/brasileirao\/palmeiras\/\">Palmeiras<\/a> \u00e0 arbitragem de Wilton Pereira Sampaio na partida entre as equipes no \u00faltimo domingo (19), no Maracan\u00e3, v\u00e1lida pela 29\u00aa rodada do Campeonato Brasileiro. <\/p>\n\n\n\n<p>O confronto terminou com vit\u00f3ria rubro-negra por 3 a 2 e teve dois lances reclamados pelo time paulista, que apontou erro em um p\u00eanalti n\u00e3o marcado sobre Gustavo G\u00f3mez e em uma falta na origem do segundo gol flamenguista.<\/p>\n\n\n\n<p>Na vis\u00e3o de Boto, o desempenho do \u00e1rbitro foi dentro da normalidade e n\u00e3o justificaria as queixas palmeirenses. O dirigente afirmou que o Palmeiras se mostra surpreso com o que classificou como uma arbitragem isenta.<\/p>\n\n\n\n<p>\u201cFicaram (Palmeiras) muito tempo calados. Foi uma arbitragem normal e j\u00e1 est\u00e3o reclamando. \u00c9 verdade que houve uma grande press\u00e3o na arbitragem, mas tem que ter bom senso. Eu acho curioso o Palmeiras se queixar, ainda n\u00e3o ouvi, mas est\u00e3o se queixando. Eu acho que tem muito pouca coisa para reclamar, tendo em vista os \u00faltimos jogos deles\u201d, disse Boto ap\u00f3s a partida.<\/p>\n\n\n\n<h3 class=\"wp-block-heading\" id=\"h-lances-contestados-e-reacao-palmeirense\">Lances contestados e rea\u00e7\u00e3o palmeirense<\/h3>\n\n\n\n<p>A principal reclama\u00e7\u00e3o do Palmeiras envolve um poss\u00edvel p\u00eanalti em Gustavo G\u00f3mez, logo aos dois minutos de jogo. Ap\u00f3s cruzamento para a \u00e1rea, o zagueiro foi empurrado por Jorginho, mas o \u00e1rbitro interpretou o lance como normal. <\/p>\n\n\n\n<p>Na sa\u00edda do campo, o capit\u00e3o palmeirense criticou duramente Wilton Sampaio, chegando a cham\u00e1-lo de <strong data-start=\"1563\" data-end=\"1590\">\u201cmais soberbo do mundo\u201d<\/strong>.<\/p>\n\n\n\n<p>Outro lance apontado pela equipe alviverde foi uma poss\u00edvel falta em Vitor Roque na jogada que resultou no segundo gol do Flamengo. A arbitragem, no entanto, manteve a decis\u00e3o de campo e validou o gol.<\/p>\n\n\n\n<h3 class=\"wp-block-heading\" id=\"h-avaliacao-da-arbitragem-no-brasileirao\">Avalia\u00e7\u00e3o da arbitragem no Brasileir\u00e3o<\/h3>\n\n\n\n<p>As discuss\u00f5es sobre a condu\u00e7\u00e3o dos \u00e1rbitros t\u00eam se intensificado nas \u00faltimas semanas. A atua\u00e7\u00e3o de diferentes equipes de arbitragem tem sido contestada em jogos importantes da S\u00e9rie A, com clubes manifestando insatisfa\u00e7\u00e3o de forma recorrente.<\/p>\n\n\n\n<p>O pr\u00f3prio Flamengo chegou a demonstrar preocupa\u00e7\u00e3o antes do confronto contra o Palmeiras, apontando uma suposta sequ\u00eancia de decis\u00f5es favor\u00e1veis ao time paulista nas rodadas anteriores. Ainda assim, Jos\u00e9 Boto relativizou as falhas e criticou a qualidade geral da arbitragem no pa\u00eds.<\/p>\n\n\n\n<p>\u201cN\u00e3o sei se a arbitragem foi ruim. Acho que h\u00e1 coisas evidentes, como regras conhecidas at\u00e9 por um \u00e1rbitro que apita categorias de base. \u00c1rbitros internacionais e com bom nome na Fifa n\u00e3o saberem essas regras \u00e9 um pouco estranho\u201d, completou o diretor.<\/p>\n\n\n\n<h3 class=\"wp-block-heading\" id=\"h-flamengo-e-palmeiras-seguem-empatados-em-pontos\">Flamengo e Palmeiras seguem empatados em pontos<\/h3>\n\n\n\n<p>Com a vit\u00f3ria, o Flamengo chegou aos 61 pontos e igualou a pontua\u00e7\u00e3o do Palmeiras. O time paulista permanece na lideran\u00e7a por ter uma vit\u00f3ria a mais (19 contra 18). Ambas as equipes ainda t\u00eam uma partida a menos e seguem na disputa direta pelo t\u00edtulo nacional nas dez rodadas finais do campeonato.<\/p>\n","protected":false},"excerpt":{"rendered":"<p>O diretor de futebol do Flamengo, Jos\u00e9 Boto, contestou as cr\u00edticas do Palmeiras \u00e0 arbitragem de Wilton Pereira Sampaio na partida entre as equipes no \u00faltimo domingo (19), no Maracan\u00e3, v\u00e1lida pela 29\u00aa rodada do Campeonato Brasileiro. O confronto terminou com vit\u00f3ria rubro-negra por 3 a 2 e teve dois lances reclamados pelo time paulista, [&hellip;]<\/p>\n","protected":false},"author":39,"featured_media":220980,"comment_status":"open","ping_status":"closed","sticky":false,"template":"","format":"standard","meta":{"footnotes":""},"categories":[1],"tags":[],"class_list":["post-278894","post","type-post","status-publish","format-standard","has-post-thumbnail","hentry","category-flamengo"],"yoast_head":"<!-- This site is optimized with the Yoast SEO Premium plugin v24.2 (Yoast SEO v26.9) - https:\/\/yoast.com\/product\/yoast-seo-premium-wordpress\/ -->\n<title>A declara\u00e7\u00e3o de Jos\u00e9 Boto ap\u00f3s Flamengo x Palmeiras<\/title>\n<meta name=\"robots\" content=\"index, follow, max-snippet:-1, max-image-preview:large, max-video-preview:-1\" \/>\n<link rel=\"canonical\" href=\"https:\/\/www.gaveanews.com\/index.php\/2025\/10\/20\/a-declaracao-de-jose-boto-apos-flamengo-x-palmeiras\/\" \/>\n<meta property=\"og:locale\" content=\"pt_BR\" \/>\n<meta property=\"og:type\" content=\"article\" \/>\n<meta property=\"og:title\" content=\"A declara\u00e7\u00e3o de Jos\u00e9 Boto ap\u00f3s Flamengo x Palmeiras\" \/>\n<meta property=\"og:description\" content=\"O diretor de futebol do Flamengo, Jos\u00e9 Boto, contestou as cr\u00edticas do Palmeiras \u00e0 arbitragem de Wilton Pereira Sampaio na partida entre as equipes no \u00faltimo domingo (19), no Maracan\u00e3, v\u00e1lida pela 29\u00aa rodada do Campeonato Brasileiro. O confronto terminou com vit\u00f3ria rubro-negra por 3 a 2 e teve dois lances reclamados pelo time paulista, [&hellip;]\" \/>\n<meta property=\"og:url\" content=\"https:\/\/www.gaveanews.com\/index.php\/2025\/10\/20\/a-declaracao-de-jose-boto-apos-flamengo-x-palmeiras\/\" \/>\n<meta property=\"og:site_name\" content=\"G\u00e1vea News\" \/>\n<meta property=\"article:publisher\" content=\"https:\/\/facebook.com\/gaveaNews\/\" \/>\n<meta property=\"article:published_time\" content=\"2025-10-20T17:30:00+00:00\" \/>\n<meta property=\"og:image\" content=\"https:\/\/www.gaveanews.com\/wp-content\/uploads\/Jose-Boto-Flamengo.webp\" \/>\n\t<meta property=\"og:image:width\" content=\"1920\" \/>\n\t<meta property=\"og:image:height\" content=\"1281\" \/>\n\t<meta property=\"og:image:type\" content=\"image\/jpeg\" \/>\n<meta name=\"author\" content=\"Reda\u00e7\u00e3o\" \/>\n<meta name=\"twitter:card\" content=\"summary_large_image\" \/>\n<meta name=\"twitter:label1\" content=\"Escrito por\" \/>\n\t<meta name=\"twitter:data1\" content=\"Reda\u00e7\u00e3o\" \/>\n\t<meta name=\"twitter:label2\" content=\"Est. tempo de leitura\" \/>\n\t<meta name=\"twitter:data2\" content=\"3 minutos\" \/>\n<script type=\"application\/ld+json\" class=\"yoast-schema-graph\">{\"@context\":\"https:\/\/schema.org\",\"@graph\":[{\"@type\":\"NewsArticle\",\"@id\":\"https:\/\/www.gaveanews.com\/index.php\/2025\/10\/20\/a-declaracao-de-jose-boto-apos-flamengo-x-palmeiras\/#article\",\"isPartOf\":{\"@id\":\"https:\/\/www.gaveanews.com\/index.php\/2025\/10\/20\/a-declaracao-de-jose-boto-apos-flamengo-x-palmeiras\/\"},\"author\":{\"name\":\"Reda\u00e7\u00e3o\",\"@id\":\"https:\/\/www.gaveanews.com\/#\/schema\/person\/c88645e3d550d0b6574305e67dd5a716\"},\"headline\":\"A declara\u00e7\u00e3o de Jos\u00e9 Boto ap\u00f3s Flamengo x Palmeiras\",\"datePublished\":\"2025-10-20T17:30:00+00:00\",\"mainEntityOfPage\":{\"@id\":\"https:\/\/www.gaveanews.com\/index.php\/2025\/10\/20\/a-declaracao-de-jose-boto-apos-flamengo-x-palmeiras\/\"},\"wordCount\":503,\"commentCount\":0,\"image\":{\"@id\":\"https:\/\/www.gaveanews.com\/index.php\/2025\/10\/20\/a-declaracao-de-jose-boto-apos-flamengo-x-palmeiras\/#primaryimage\"},\"thumbnailUrl\":\"https:\/\/www.gaveanews.com\/wp-content\/uploads\/Jose-Boto-Flamengo.webp\",\"articleSection\":[\"Flamengo\"],\"inLanguage\":\"pt-BR\",\"potentialAction\":[{\"@type\":\"CommentAction\",\"name\":\"Comment\",\"target\":[\"https:\/\/www.gaveanews.com\/index.php\/2025\/10\/20\/a-declaracao-de-jose-boto-apos-flamengo-x-palmeiras\/#respond\"]}],\"copyrightYear\":\"2025\",\"copyrightHolder\":{\"@id\":\"https:\/\/www.gaveanews.com\/#organization\"}},{\"@type\":\"WebPage\",\"@id\":\"https:\/\/www.gaveanews.com\/index.php\/2025\/10\/20\/a-declaracao-de-jose-boto-apos-flamengo-x-palmeiras\/\",\"url\":\"https:\/\/www.gaveanews.com\/index.php\/2025\/10\/20\/a-declaracao-de-jose-boto-apos-flamengo-x-palmeiras\/\",\"name\":\"A declara\u00e7\u00e3o de Jos\u00e9 Boto ap\u00f3s Flamengo x Palmeiras\",\"isPartOf\":{\"@id\":\"https:\/\/www.gaveanews.com\/#website\"},\"primaryImageOfPage\":{\"@id\":\"https:\/\/www.gaveanews.com\/index.php\/2025\/10\/20\/a-declaracao-de-jose-boto-apos-flamengo-x-palmeiras\/#primaryimage\"},\"image\":{\"@id\":\"https:\/\/www.gaveanews.com\/index.php\/2025\/10\/20\/a-declaracao-de-jose-boto-apos-flamengo-x-palmeiras\/#primaryimage\"},\"thumbnailUrl\":\"https:\/\/www.gaveanews.com\/wp-content\/uploads\/Jose-Boto-Flamengo.webp\",\"datePublished\":\"2025-10-20T17:30:00+00:00\",\"author\":{\"@id\":\"https:\/\/www.gaveanews.com\/#\/schema\/person\/c88645e3d550d0b6574305e67dd5a716\"},\"breadcrumb\":{\"@id\":\"https:\/\/www.gaveanews.com\/index.php\/2025\/10\/20\/a-declaracao-de-jose-boto-apos-flamengo-x-palmeiras\/#breadcrumb\"},\"inLanguage\":\"pt-BR\",\"potentialAction\":[{\"@type\":\"ReadAction\",\"target\":[\"https:\/\/www.gaveanews.com\/index.php\/2025\/10\/20\/a-declaracao-de-jose-boto-apos-flamengo-x-palmeiras\/\"]}]},{\"@type\":\"ImageObject\",\"inLanguage\":\"pt-BR\",\"@id\":\"https:\/\/www.gaveanews.com\/index.php\/2025\/10\/20\/a-declaracao-de-jose-boto-apos-flamengo-x-palmeiras\/#primaryimage\",\"url\":\"https:\/\/www.gaveanews.com\/wp-content\/uploads\/Jose-Boto-Flamengo.webp\",\"contentUrl\":\"https:\/\/www.gaveanews.com\/wp-content\/uploads\/Jose-Boto-Flamengo.webp\",\"width\":1920,\"height\":1281,\"caption\":\"Diretor Jos\u00e9 Boto em coletiva (Foto: Paula Reis\/Flamengo)\"},{\"@type\":\"BreadcrumbList\",\"@id\":\"https:\/\/www.gaveanews.com\/index.php\/2025\/10\/20\/a-declaracao-de-jose-boto-apos-flamengo-x-palmeiras\/#breadcrumb\",\"itemListElement\":[{\"@type\":\"ListItem\",\"position\":1,\"name\":\"Home\",\"item\":\"https:\/\/www.gaveanews.com\/\"},{\"@type\":\"ListItem\",\"position\":2,\"name\":\"A declara\u00e7\u00e3o de Jos\u00e9 Boto ap\u00f3s Flamengo x Palmeiras\"}]},{\"@type\":\"WebSite\",\"@id\":\"https:\/\/www.gaveanews.com\/#website\",\"url\":\"https:\/\/www.gaveanews.com\/\",\"name\":\"G\u00e1vea News\",\"description\":\"Veja todas as not\u00edcias sobre o Flamengo: Contrata\u00e7\u00f5es, categorias de base, resultados das partidas, tabela de classifica\u00e7\u00e3o, pr\u00f3ximos jogos!\",\"potentialAction\":[{\"@type\":\"SearchAction\",\"target\":{\"@type\":\"EntryPoint\",\"urlTemplate\":\"https:\/\/www.gaveanews.com\/?s={search_term_string}\"},\"query-input\":{\"@type\":\"PropertyValueSpecification\",\"valueRequired\":true,\"valueName\":\"search_term_string\"}}],\"inLanguage\":\"pt-BR\"},{\"@type\":\"Person\",\"@id\":\"https:\/\/www.gaveanews.com\/#\/schema\/person\/c88645e3d550d0b6574305e67dd5a716\",\"name\":\"Reda\u00e7\u00e3o\",\"image\":{\"@type\":\"ImageObject\",\"inLanguage\":\"pt-BR\",\"@id\":\"https:\/\/www.gaveanews.com\/#\/schema\/person\/image\/\",\"url\":\"https:\/\/secure.gravatar.com\/avatar\/434098fd823f0dc1b062d14ca22bacaa6e38de28d8c816bbef6fc2f8c44d8ba3?s=96&d=mm&r=g\",\"contentUrl\":\"https:\/\/secure.gravatar.com\/avatar\/434098fd823f0dc1b062d14ca22bacaa6e38de28d8c816bbef6fc2f8c44d8ba3?s=96&d=mm&r=g\",\"caption\":\"Reda\u00e7\u00e3o\"}}]}<\/script>\n<!-- \/ Yoast SEO Premium plugin. -->","yoast_head_json":{"title":"A declara\u00e7\u00e3o de Jos\u00e9 Boto ap\u00f3s Flamengo x Palmeiras","robots":{"index":"index","follow":"follow","max-snippet":"max-snippet:-1","max-image-preview":"max-image-preview:large","max-video-preview":"max-video-preview:-1"},"canonical":"https:\/\/www.gaveanews.com\/index.php\/2025\/10\/20\/a-declaracao-de-jose-boto-apos-flamengo-x-palmeiras\/","og_locale":"pt_BR","og_type":"article","og_title":"A declara\u00e7\u00e3o de Jos\u00e9 Boto ap\u00f3s Flamengo x Palmeiras","og_description":"O diretor de futebol do Flamengo, Jos\u00e9 Boto, contestou as cr\u00edticas do Palmeiras \u00e0 arbitragem de Wilton Pereira Sampaio na partida entre as equipes no \u00faltimo domingo (19), no Maracan\u00e3, v\u00e1lida pela 29\u00aa rodada do Campeonato Brasileiro. O confronto terminou com vit\u00f3ria rubro-negra por 3 a 2 e teve dois lances reclamados pelo time paulista, [&hellip;]","og_url":"https:\/\/www.gaveanews.com\/index.php\/2025\/10\/20\/a-declaracao-de-jose-boto-apos-flamengo-x-palmeiras\/","og_site_name":"G\u00e1vea News","article_publisher":"https:\/\/facebook.com\/gaveaNews\/","article_published_time":"2025-10-20T17:30:00+00:00","og_image":[{"width":1920,"height":1281,"url":"https:\/\/www.gaveanews.com\/wp-content\/uploads\/Jose-Boto-Flamengo.webp","type":"image\/jpeg"}],"author":"Reda\u00e7\u00e3o","twitter_card":"summary_large_image","twitter_misc":{"Escrito por":"Reda\u00e7\u00e3o","Est. tempo de leitura":"3 minutos"},"schema":{"@context":"https:\/\/schema.org","@graph":[{"@type":"NewsArticle","@id":"https:\/\/www.gaveanews.com\/index.php\/2025\/10\/20\/a-declaracao-de-jose-boto-apos-flamengo-x-palmeiras\/#article","isPartOf":{"@id":"https:\/\/www.gaveanews.com\/index.php\/2025\/10\/20\/a-declaracao-de-jose-boto-apos-flamengo-x-palmeiras\/"},"author":{"name":"Reda\u00e7\u00e3o","@id":"https:\/\/www.gaveanews.com\/#\/schema\/person\/c88645e3d550d0b6574305e67dd5a716"},"headline":"A declara\u00e7\u00e3o de Jos\u00e9 Boto ap\u00f3s Flamengo x Palmeiras","datePublished":"2025-10-20T17:30:00+00:00","mainEntityOfPage":{"@id":"https:\/\/www.gaveanews.com\/index.php\/2025\/10\/20\/a-declaracao-de-jose-boto-apos-flamengo-x-palmeiras\/"},"wordCount":503,"commentCount":0,"image":{"@id":"https:\/\/www.gaveanews.com\/index.php\/2025\/10\/20\/a-declaracao-de-jose-boto-apos-flamengo-x-palmeiras\/#primaryimage"},"thumbnailUrl":"https:\/\/www.gaveanews.com\/wp-content\/uploads\/Jose-Boto-Flamengo.webp","articleSection":["Flamengo"],"inLanguage":"pt-BR","potentialAction":[{"@type":"CommentAction","name":"Comment","target":["https:\/\/www.gaveanews.com\/index.php\/2025\/10\/20\/a-declaracao-de-jose-boto-apos-flamengo-x-palmeiras\/#respond"]}],"copyrightYear":"2025","copyrightHolder":{"@id":"https:\/\/www.gaveanews.com\/#organization"}},{"@type":"WebPage","@id":"https:\/\/www.gaveanews.com\/index.php\/2025\/10\/20\/a-declaracao-de-jose-boto-apos-flamengo-x-palmeiras\/","url":"https:\/\/www.gaveanews.com\/index.php\/2025\/10\/20\/a-declaracao-de-jose-boto-apos-flamengo-x-palmeiras\/","name":"A declara\u00e7\u00e3o de Jos\u00e9 Boto ap\u00f3s Flamengo x Palmeiras","isPartOf":{"@id":"https:\/\/www.gaveanews.com\/#website"},"primaryImageOfPage":{"@id":"https:\/\/www.gaveanews.com\/index.php\/2025\/10\/20\/a-declaracao-de-jose-boto-apos-flamengo-x-palmeiras\/#primaryimage"},"image":{"@id":"https:\/\/www.gaveanews.com\/index.php\/2025\/10\/20\/a-declaracao-de-jose-boto-apos-flamengo-x-palmeiras\/#primaryimage"},"thumbnailUrl":"https:\/\/www.gaveanews.com\/wp-content\/uploads\/Jose-Boto-Flamengo.webp","datePublished":"2025-10-20T17:30:00+00:00","author":{"@id":"https:\/\/www.gaveanews.com\/#\/schema\/person\/c88645e3d550d0b6574305e67dd5a716"},"breadcrumb":{"@id":"https:\/\/www.gaveanews.com\/index.php\/2025\/10\/20\/a-declaracao-de-jose-boto-apos-flamengo-x-palmeiras\/#breadcrumb"},"inLanguage":"pt-BR","potentialAction":[{"@type":"ReadAction","target":["https:\/\/www.gaveanews.com\/index.php\/2025\/10\/20\/a-declaracao-de-jose-boto-apos-flamengo-x-palmeiras\/"]}]},{"@type":"ImageObject","inLanguage":"pt-BR","@id":"https:\/\/www.gaveanews.com\/index.php\/2025\/10\/20\/a-declaracao-de-jose-boto-apos-flamengo-x-palmeiras\/#primaryimage","url":"https:\/\/www.gaveanews.com\/wp-content\/uploads\/Jose-Boto-Flamengo.webp","contentUrl":"https:\/\/www.gaveanews.com\/wp-content\/uploads\/Jose-Boto-Flamengo.webp","width":1920,"height":1281,"caption":"Diretor Jos\u00e9 Boto em coletiva (Foto: Paula Reis\/Flamengo)"},{"@type":"BreadcrumbList","@id":"https:\/\/www.gaveanews.com\/index.php\/2025\/10\/20\/a-declaracao-de-jose-boto-apos-flamengo-x-palmeiras\/#breadcrumb","itemListElement":[{"@type":"ListItem","position":1,"name":"Home","item":"https:\/\/www.gaveanews.com\/"},{"@type":"ListItem","position":2,"name":"A declara\u00e7\u00e3o de Jos\u00e9 Boto ap\u00f3s Flamengo x Palmeiras"}]},{"@type":"WebSite","@id":"https:\/\/www.gaveanews.com\/#website","url":"https:\/\/www.gaveanews.com\/","name":"G\u00e1vea News","description":"Veja todas as not\u00edcias sobre o Flamengo: Contrata\u00e7\u00f5es, categorias de base, resultados das partidas, tabela de classifica\u00e7\u00e3o, pr\u00f3ximos jogos!","potentialAction":[{"@type":"SearchAction","target":{"@type":"EntryPoint","urlTemplate":"https:\/\/www.gaveanews.com\/?s={search_term_string}"},"query-input":{"@type":"PropertyValueSpecification","valueRequired":true,"valueName":"search_term_string"}}],"inLanguage":"pt-BR"},{"@type":"Person","@id":"https:\/\/www.gaveanews.com\/#\/schema\/person\/c88645e3d550d0b6574305e67dd5a716","name":"Reda\u00e7\u00e3o","image":{"@type":"ImageObject","inLanguage":"pt-BR","@id":"https:\/\/www.gaveanews.com\/#\/schema\/person\/image\/","url":"https:\/\/secure.gravatar.com\/avatar\/434098fd823f0dc1b062d14ca22bacaa6e38de28d8c816bbef6fc2f8c44d8ba3?s=96&d=mm&r=g","contentUrl":"https:\/\/secure.gravatar.com\/avatar\/434098fd823f0dc1b062d14ca22bacaa6e38de28d8c816bbef6fc2f8c44d8ba3?s=96&d=mm&r=g","caption":"Reda\u00e7\u00e3o"}}]}},"_links":{"self":[{"href":"https:\/\/www.gaveanews.com\/index.php\/wp-json\/wp\/v2\/posts\/278894","targetHints":{"allow":["GET"]}}],"collection":[{"href":"https:\/\/www.gaveanews.com\/index.php\/wp-json\/wp\/v2\/posts"}],"about":[{"href":"https:\/\/www.gaveanews.com\/index.php\/wp-json\/wp\/v2\/types\/post"}],"author":[{"embeddable":true,"href":"https:\/\/www.gaveanews.com\/index.php\/wp-json\/wp\/v2\/users\/39"}],"replies":[{"embeddable":true,"href":"https:\/\/www.gaveanews.com\/index.php\/wp-json\/wp\/v2\/comments?post=278894"}],"version-history":[{"count":1,"href":"https:\/\/www.gaveanews.com\/index.php\/wp-json\/wp\/v2\/posts\/278894\/revisions"}],"predecessor-version":[{"id":278909,"href":"https:\/\/www.gaveanews.com\/index.php\/wp-json\/wp\/v2\/posts\/278894\/revisions\/278909"}],"wp:featuredmedia":[{"embeddable":true,"href":"https:\/\/www.gaveanews.com\/index.php\/wp-json\/wp\/v2\/media\/220980"}],"wp:attachment":[{"href":"https:\/\/www.gaveanews.com\/index.php\/wp-json\/wp\/v2\/media?parent=278894"}],"wp:term":[{"taxonomy":"category","embeddable":true,"href":"https:\/\/www.gaveanews.com\/index.php\/wp-json\/wp\/v2\/categories?post=278894"},{"taxonomy":"post_tag","embeddable":true,"href":"https:\/\/www.gaveanews.com\/index.php\/wp-json\/wp\/v2\/tags?post=278894"}],"curies":[{"name":"wp","href":"https:\/\/api.w.org\/{rel}","templated":true}]}}