{"id":278929,"date":"2025-10-20T20:15:00","date_gmt":"2025-10-20T23:15:00","guid":{"rendered":"https:\/\/www.gaveanews.com\/?p=278929"},"modified":"2025-10-20T19:09:42","modified_gmt":"2025-10-20T22:09:42","slug":"flamengo-projeta-retorno-de-leo-ortiz","status":"publish","type":"post","link":"https:\/\/www.gaveanews.com\/index.php\/2025\/10\/20\/flamengo-projeta-retorno-de-leo-ortiz\/","title":{"rendered":"Flamengo projeta retorno de L\u00e9o Ortiz"},"content":{"rendered":"\n<p>O Flamengo ainda mant\u00e9m a possibilidade de contar com L\u00e9o Ortiz para o primeiro duelo da semifinal da Libertadores, marcado para quarta-feira (22 de outubro), \u00e0s 21h30 (hor\u00e1rio de Bras\u00edlia), no Maracan\u00e3. O zagueiro, que sofreu uma entorse no tornozelo durante a vit\u00f3ria sobre o Palmeiras, apresentou melhora no quadro cl\u00ednico e participou da reapresenta\u00e7\u00e3o no Ninho do Urubu nesta segunda-feira (20).<\/p>\n\n\n\n<p>A les\u00e3o ocorreu no domingo (19), quando Ortiz teve que deixar o campo ainda no primeiro tempo da partida contra o time paulista, sendo substitu\u00eddo por Danilo aos 26 minutos. Ap\u00f3s ser encaminhado ao hospital, exames descartaram fratura, mas identificaram um estiramento no ligamento do tornozelo direito. Apesar do diagn\u00f3stico, o Flamengo considerou o caso como \u201cdos males, o menor\u201d, visto que havia temor de uma les\u00e3o mais grave.<\/p>\n\n\n\n<p>O departamento m\u00e9dico estima que o tempo de recupera\u00e7\u00e3o do defensor fique entre 10 a 15 dias. Assim, a tend\u00eancia inicial era que ele ficasse de fora tanto da ida quanto da volta contra o Racing, al\u00e9m do confronto com o Fortaleza, pelo Brasileir\u00e3o. Contudo, a resposta positiva apresentada reacendeu a possibilidade de utiliza\u00e7\u00e3o antecipada, ainda que parcial.<\/p>\n\n\n\n<p>Internamente, o clube avalia a chance de t\u00ea-lo no banco de reservas como op\u00e7\u00e3o emergencial no jogo de ida. A titularidade, entretanto, depender\u00e1 da aus\u00eancia de dores e da avalia\u00e7\u00e3o conjunta entre atleta, departamento m\u00e9dico e comiss\u00e3o t\u00e9cnica. Caso n\u00e3o atue nesta quarta, Ortiz ser\u00e1 preparado para o confronto da volta, que ocorrer\u00e1 na quarta-feira (29 de outubro), no est\u00e1dio El Cilindro, na Argentina.<\/p>\n\n\n\n<p>Enquanto isso, Filipe Lu\u00eds deve escalar Danilo ao lado de L\u00e9o Pereira na zaga. Al\u00e9m disso, o t\u00e9cnico pode utilizar a situa\u00e7\u00e3o como oportunidade para observar jovens do elenco. Cleiton e Jo\u00e3o Victor surgem como alternativas para compor o banco de reservas nas pr\u00f3ximas partidas.<\/p>\n\n\n\n<p>O diagn\u00f3stico menos grave que o esperado foi celebrado pelo clube, o que deu margem para ajustes no planejamento da equipe. Afinal, Ortiz tem sido pe\u00e7a importante no sistema defensivo rubro-negro, e seu retorno \u00e9 tratado como prioridade pela comiss\u00e3o.<\/p>\n\n\n\n<p>\u201cO resultado n\u00e3o apontou fratura, apenas um estiramento do ligamento no tornozelo direito. O atleta j\u00e1 iniciou o tratamento com o Departamento M\u00e9dico do Flamengo\u201d, informou o clube em nota oficial divulgada no intervalo do jogo contra o Palmeiras.<\/p>\n","protected":false},"excerpt":{"rendered":"<p>O Flamengo ainda mant\u00e9m a possibilidade de contar com L\u00e9o Ortiz para o primeiro duelo da semifinal da Libertadores, marcado para quarta-feira (22 de outubro), \u00e0s 21h30 (hor\u00e1rio de Bras\u00edlia), no Maracan\u00e3. O zagueiro, que sofreu uma entorse no tornozelo durante a vit\u00f3ria sobre o Palmeiras, apresentou melhora no quadro cl\u00ednico e participou da reapresenta\u00e7\u00e3o [&hellip;]<\/p>\n","protected":false},"author":39,"featured_media":171098,"comment_status":"open","ping_status":"closed","sticky":false,"template":"","format":"standard","meta":{"footnotes":""},"categories":[1],"tags":[],"class_list":["post-278929","post","type-post","status-publish","format-standard","has-post-thumbnail","hentry","category-flamengo"],"yoast_head":"<!-- This site is optimized with the Yoast SEO Premium plugin v24.2 (Yoast SEO v26.9) - https:\/\/yoast.com\/product\/yoast-seo-premium-wordpress\/ -->\n<title>Flamengo projeta retorno de L\u00e9o Ortiz<\/title>\n<meta name=\"robots\" content=\"index, follow, max-snippet:-1, max-image-preview:large, max-video-preview:-1\" \/>\n<link rel=\"canonical\" href=\"https:\/\/www.gaveanews.com\/index.php\/2025\/10\/20\/flamengo-projeta-retorno-de-leo-ortiz\/\" \/>\n<meta property=\"og:locale\" content=\"pt_BR\" \/>\n<meta property=\"og:type\" content=\"article\" \/>\n<meta property=\"og:title\" content=\"Flamengo projeta retorno de L\u00e9o Ortiz\" \/>\n<meta property=\"og:description\" content=\"O Flamengo ainda mant\u00e9m a possibilidade de contar com L\u00e9o Ortiz para o primeiro duelo da semifinal da Libertadores, marcado para quarta-feira (22 de outubro), \u00e0s 21h30 (hor\u00e1rio de Bras\u00edlia), no Maracan\u00e3. O zagueiro, que sofreu uma entorse no tornozelo durante a vit\u00f3ria sobre o Palmeiras, apresentou melhora no quadro cl\u00ednico e participou da reapresenta\u00e7\u00e3o [&hellip;]\" \/>\n<meta property=\"og:url\" content=\"https:\/\/www.gaveanews.com\/index.php\/2025\/10\/20\/flamengo-projeta-retorno-de-leo-ortiz\/\" \/>\n<meta property=\"og:site_name\" content=\"G\u00e1vea News\" \/>\n<meta property=\"article:publisher\" content=\"https:\/\/facebook.com\/gaveaNews\/\" \/>\n<meta property=\"article:published_time\" content=\"2025-10-20T23:15:00+00:00\" \/>\n<meta property=\"og:image\" content=\"https:\/\/www.gaveanews.com\/wp-content\/uploads\/Leo-Ortiz-durante-jogo-contra-o-Corinthians-no-Maracana-pela-semifinal-da-Copa-do-Brasil.webp\" \/>\n\t<meta property=\"og:image:width\" content=\"750\" \/>\n\t<meta property=\"og:image:height\" content=\"499\" \/>\n\t<meta property=\"og:image:type\" content=\"image\/jpeg\" \/>\n<meta name=\"author\" content=\"Reda\u00e7\u00e3o\" \/>\n<meta name=\"twitter:card\" content=\"summary_large_image\" \/>\n<meta name=\"twitter:label1\" content=\"Escrito por\" \/>\n\t<meta name=\"twitter:data1\" content=\"Reda\u00e7\u00e3o\" \/>\n\t<meta name=\"twitter:label2\" content=\"Est. tempo de leitura\" \/>\n\t<meta name=\"twitter:data2\" content=\"3 minutos\" \/>\n<script type=\"application\/ld+json\" class=\"yoast-schema-graph\">{\"@context\":\"https:\/\/schema.org\",\"@graph\":[{\"@type\":\"NewsArticle\",\"@id\":\"https:\/\/www.gaveanews.com\/index.php\/2025\/10\/20\/flamengo-projeta-retorno-de-leo-ortiz\/#article\",\"isPartOf\":{\"@id\":\"https:\/\/www.gaveanews.com\/index.php\/2025\/10\/20\/flamengo-projeta-retorno-de-leo-ortiz\/\"},\"author\":{\"name\":\"Reda\u00e7\u00e3o\",\"@id\":\"https:\/\/www.gaveanews.com\/#\/schema\/person\/c88645e3d550d0b6574305e67dd5a716\"},\"headline\":\"Flamengo projeta retorno de L\u00e9o Ortiz\",\"datePublished\":\"2025-10-20T23:15:00+00:00\",\"mainEntityOfPage\":{\"@id\":\"https:\/\/www.gaveanews.com\/index.php\/2025\/10\/20\/flamengo-projeta-retorno-de-leo-ortiz\/\"},\"wordCount\":415,\"commentCount\":0,\"image\":{\"@id\":\"https:\/\/www.gaveanews.com\/index.php\/2025\/10\/20\/flamengo-projeta-retorno-de-leo-ortiz\/#primaryimage\"},\"thumbnailUrl\":\"https:\/\/www.gaveanews.com\/wp-content\/uploads\/Leo-Ortiz-durante-jogo-contra-o-Corinthians-no-Maracana-pela-semifinal-da-Copa-do-Brasil.webp\",\"articleSection\":[\"Flamengo\"],\"inLanguage\":\"pt-BR\",\"potentialAction\":[{\"@type\":\"CommentAction\",\"name\":\"Comment\",\"target\":[\"https:\/\/www.gaveanews.com\/index.php\/2025\/10\/20\/flamengo-projeta-retorno-de-leo-ortiz\/#respond\"]}],\"copyrightYear\":\"2025\",\"copyrightHolder\":{\"@id\":\"https:\/\/www.gaveanews.com\/#organization\"}},{\"@type\":\"WebPage\",\"@id\":\"https:\/\/www.gaveanews.com\/index.php\/2025\/10\/20\/flamengo-projeta-retorno-de-leo-ortiz\/\",\"url\":\"https:\/\/www.gaveanews.com\/index.php\/2025\/10\/20\/flamengo-projeta-retorno-de-leo-ortiz\/\",\"name\":\"Flamengo projeta retorno de L\u00e9o Ortiz\",\"isPartOf\":{\"@id\":\"https:\/\/www.gaveanews.com\/#website\"},\"primaryImageOfPage\":{\"@id\":\"https:\/\/www.gaveanews.com\/index.php\/2025\/10\/20\/flamengo-projeta-retorno-de-leo-ortiz\/#primaryimage\"},\"image\":{\"@id\":\"https:\/\/www.gaveanews.com\/index.php\/2025\/10\/20\/flamengo-projeta-retorno-de-leo-ortiz\/#primaryimage\"},\"thumbnailUrl\":\"https:\/\/www.gaveanews.com\/wp-content\/uploads\/Leo-Ortiz-durante-jogo-contra-o-Corinthians-no-Maracana-pela-semifinal-da-Copa-do-Brasil.webp\",\"datePublished\":\"2025-10-20T23:15:00+00:00\",\"author\":{\"@id\":\"https:\/\/www.gaveanews.com\/#\/schema\/person\/c88645e3d550d0b6574305e67dd5a716\"},\"breadcrumb\":{\"@id\":\"https:\/\/www.gaveanews.com\/index.php\/2025\/10\/20\/flamengo-projeta-retorno-de-leo-ortiz\/#breadcrumb\"},\"inLanguage\":\"pt-BR\",\"potentialAction\":[{\"@type\":\"ReadAction\",\"target\":[\"https:\/\/www.gaveanews.com\/index.php\/2025\/10\/20\/flamengo-projeta-retorno-de-leo-ortiz\/\"]}]},{\"@type\":\"ImageObject\",\"inLanguage\":\"pt-BR\",\"@id\":\"https:\/\/www.gaveanews.com\/index.php\/2025\/10\/20\/flamengo-projeta-retorno-de-leo-ortiz\/#primaryimage\",\"url\":\"https:\/\/www.gaveanews.com\/wp-content\/uploads\/Leo-Ortiz-durante-jogo-contra-o-Corinthians-no-Maracana-pela-semifinal-da-Copa-do-Brasil.webp\",\"contentUrl\":\"https:\/\/www.gaveanews.com\/wp-content\/uploads\/Leo-Ortiz-durante-jogo-contra-o-Corinthians-no-Maracana-pela-semifinal-da-Copa-do-Brasil.webp\",\"width\":750,\"height\":499,\"caption\":\"L\u00e9o Ortiz durante jogo contra o Corinthians, no Maracan\u00e3, pela semifinal da Copa do Brasil (Foto: Gilvan de Souza\/Flamengo)\"},{\"@type\":\"BreadcrumbList\",\"@id\":\"https:\/\/www.gaveanews.com\/index.php\/2025\/10\/20\/flamengo-projeta-retorno-de-leo-ortiz\/#breadcrumb\",\"itemListElement\":[{\"@type\":\"ListItem\",\"position\":1,\"name\":\"Home\",\"item\":\"https:\/\/www.gaveanews.com\/\"},{\"@type\":\"ListItem\",\"position\":2,\"name\":\"Flamengo projeta retorno de L\u00e9o Ortiz\"}]},{\"@type\":\"WebSite\",\"@id\":\"https:\/\/www.gaveanews.com\/#website\",\"url\":\"https:\/\/www.gaveanews.com\/\",\"name\":\"G\u00e1vea News\",\"description\":\"Veja todas as not\u00edcias sobre o Flamengo: Contrata\u00e7\u00f5es, categorias de base, resultados das partidas, tabela de classifica\u00e7\u00e3o, pr\u00f3ximos jogos!\",\"potentialAction\":[{\"@type\":\"SearchAction\",\"target\":{\"@type\":\"EntryPoint\",\"urlTemplate\":\"https:\/\/www.gaveanews.com\/?s={search_term_string}\"},\"query-input\":{\"@type\":\"PropertyValueSpecification\",\"valueRequired\":true,\"valueName\":\"search_term_string\"}}],\"inLanguage\":\"pt-BR\"},{\"@type\":\"Person\",\"@id\":\"https:\/\/www.gaveanews.com\/#\/schema\/person\/c88645e3d550d0b6574305e67dd5a716\",\"name\":\"Reda\u00e7\u00e3o\",\"image\":{\"@type\":\"ImageObject\",\"inLanguage\":\"pt-BR\",\"@id\":\"https:\/\/www.gaveanews.com\/#\/schema\/person\/image\/\",\"url\":\"https:\/\/secure.gravatar.com\/avatar\/434098fd823f0dc1b062d14ca22bacaa6e38de28d8c816bbef6fc2f8c44d8ba3?s=96&d=mm&r=g\",\"contentUrl\":\"https:\/\/secure.gravatar.com\/avatar\/434098fd823f0dc1b062d14ca22bacaa6e38de28d8c816bbef6fc2f8c44d8ba3?s=96&d=mm&r=g\",\"caption\":\"Reda\u00e7\u00e3o\"}}]}<\/script>\n<!-- \/ Yoast SEO Premium plugin. -->","yoast_head_json":{"title":"Flamengo projeta retorno de L\u00e9o Ortiz","robots":{"index":"index","follow":"follow","max-snippet":"max-snippet:-1","max-image-preview":"max-image-preview:large","max-video-preview":"max-video-preview:-1"},"canonical":"https:\/\/www.gaveanews.com\/index.php\/2025\/10\/20\/flamengo-projeta-retorno-de-leo-ortiz\/","og_locale":"pt_BR","og_type":"article","og_title":"Flamengo projeta retorno de L\u00e9o Ortiz","og_description":"O Flamengo ainda mant\u00e9m a possibilidade de contar com L\u00e9o Ortiz para o primeiro duelo da semifinal da Libertadores, marcado para quarta-feira (22 de outubro), \u00e0s 21h30 (hor\u00e1rio de Bras\u00edlia), no Maracan\u00e3. O zagueiro, que sofreu uma entorse no tornozelo durante a vit\u00f3ria sobre o Palmeiras, apresentou melhora no quadro cl\u00ednico e participou da reapresenta\u00e7\u00e3o [&hellip;]","og_url":"https:\/\/www.gaveanews.com\/index.php\/2025\/10\/20\/flamengo-projeta-retorno-de-leo-ortiz\/","og_site_name":"G\u00e1vea News","article_publisher":"https:\/\/facebook.com\/gaveaNews\/","article_published_time":"2025-10-20T23:15:00+00:00","og_image":[{"width":750,"height":499,"url":"https:\/\/www.gaveanews.com\/wp-content\/uploads\/Leo-Ortiz-durante-jogo-contra-o-Corinthians-no-Maracana-pela-semifinal-da-Copa-do-Brasil.webp","type":"image\/jpeg"}],"author":"Reda\u00e7\u00e3o","twitter_card":"summary_large_image","twitter_misc":{"Escrito por":"Reda\u00e7\u00e3o","Est. tempo de leitura":"3 minutos"},"schema":{"@context":"https:\/\/schema.org","@graph":[{"@type":"NewsArticle","@id":"https:\/\/www.gaveanews.com\/index.php\/2025\/10\/20\/flamengo-projeta-retorno-de-leo-ortiz\/#article","isPartOf":{"@id":"https:\/\/www.gaveanews.com\/index.php\/2025\/10\/20\/flamengo-projeta-retorno-de-leo-ortiz\/"},"author":{"name":"Reda\u00e7\u00e3o","@id":"https:\/\/www.gaveanews.com\/#\/schema\/person\/c88645e3d550d0b6574305e67dd5a716"},"headline":"Flamengo projeta retorno de L\u00e9o Ortiz","datePublished":"2025-10-20T23:15:00+00:00","mainEntityOfPage":{"@id":"https:\/\/www.gaveanews.com\/index.php\/2025\/10\/20\/flamengo-projeta-retorno-de-leo-ortiz\/"},"wordCount":415,"commentCount":0,"image":{"@id":"https:\/\/www.gaveanews.com\/index.php\/2025\/10\/20\/flamengo-projeta-retorno-de-leo-ortiz\/#primaryimage"},"thumbnailUrl":"https:\/\/www.gaveanews.com\/wp-content\/uploads\/Leo-Ortiz-durante-jogo-contra-o-Corinthians-no-Maracana-pela-semifinal-da-Copa-do-Brasil.webp","articleSection":["Flamengo"],"inLanguage":"pt-BR","potentialAction":[{"@type":"CommentAction","name":"Comment","target":["https:\/\/www.gaveanews.com\/index.php\/2025\/10\/20\/flamengo-projeta-retorno-de-leo-ortiz\/#respond"]}],"copyrightYear":"2025","copyrightHolder":{"@id":"https:\/\/www.gaveanews.com\/#organization"}},{"@type":"WebPage","@id":"https:\/\/www.gaveanews.com\/index.php\/2025\/10\/20\/flamengo-projeta-retorno-de-leo-ortiz\/","url":"https:\/\/www.gaveanews.com\/index.php\/2025\/10\/20\/flamengo-projeta-retorno-de-leo-ortiz\/","name":"Flamengo projeta retorno de L\u00e9o Ortiz","isPartOf":{"@id":"https:\/\/www.gaveanews.com\/#website"},"primaryImageOfPage":{"@id":"https:\/\/www.gaveanews.com\/index.php\/2025\/10\/20\/flamengo-projeta-retorno-de-leo-ortiz\/#primaryimage"},"image":{"@id":"https:\/\/www.gaveanews.com\/index.php\/2025\/10\/20\/flamengo-projeta-retorno-de-leo-ortiz\/#primaryimage"},"thumbnailUrl":"https:\/\/www.gaveanews.com\/wp-content\/uploads\/Leo-Ortiz-durante-jogo-contra-o-Corinthians-no-Maracana-pela-semifinal-da-Copa-do-Brasil.webp","datePublished":"2025-10-20T23:15:00+00:00","author":{"@id":"https:\/\/www.gaveanews.com\/#\/schema\/person\/c88645e3d550d0b6574305e67dd5a716"},"breadcrumb":{"@id":"https:\/\/www.gaveanews.com\/index.php\/2025\/10\/20\/flamengo-projeta-retorno-de-leo-ortiz\/#breadcrumb"},"inLanguage":"pt-BR","potentialAction":[{"@type":"ReadAction","target":["https:\/\/www.gaveanews.com\/index.php\/2025\/10\/20\/flamengo-projeta-retorno-de-leo-ortiz\/"]}]},{"@type":"ImageObject","inLanguage":"pt-BR","@id":"https:\/\/www.gaveanews.com\/index.php\/2025\/10\/20\/flamengo-projeta-retorno-de-leo-ortiz\/#primaryimage","url":"https:\/\/www.gaveanews.com\/wp-content\/uploads\/Leo-Ortiz-durante-jogo-contra-o-Corinthians-no-Maracana-pela-semifinal-da-Copa-do-Brasil.webp","contentUrl":"https:\/\/www.gaveanews.com\/wp-content\/uploads\/Leo-Ortiz-durante-jogo-contra-o-Corinthians-no-Maracana-pela-semifinal-da-Copa-do-Brasil.webp","width":750,"height":499,"caption":"L\u00e9o Ortiz durante jogo contra o Corinthians, no Maracan\u00e3, pela semifinal da Copa do Brasil (Foto: Gilvan de Souza\/Flamengo)"},{"@type":"BreadcrumbList","@id":"https:\/\/www.gaveanews.com\/index.php\/2025\/10\/20\/flamengo-projeta-retorno-de-leo-ortiz\/#breadcrumb","itemListElement":[{"@type":"ListItem","position":1,"name":"Home","item":"https:\/\/www.gaveanews.com\/"},{"@type":"ListItem","position":2,"name":"Flamengo projeta retorno de L\u00e9o Ortiz"}]},{"@type":"WebSite","@id":"https:\/\/www.gaveanews.com\/#website","url":"https:\/\/www.gaveanews.com\/","name":"G\u00e1vea News","description":"Veja todas as not\u00edcias sobre o Flamengo: Contrata\u00e7\u00f5es, categorias de base, resultados das partidas, tabela de classifica\u00e7\u00e3o, pr\u00f3ximos jogos!","potentialAction":[{"@type":"SearchAction","target":{"@type":"EntryPoint","urlTemplate":"https:\/\/www.gaveanews.com\/?s={search_term_string}"},"query-input":{"@type":"PropertyValueSpecification","valueRequired":true,"valueName":"search_term_string"}}],"inLanguage":"pt-BR"},{"@type":"Person","@id":"https:\/\/www.gaveanews.com\/#\/schema\/person\/c88645e3d550d0b6574305e67dd5a716","name":"Reda\u00e7\u00e3o","image":{"@type":"ImageObject","inLanguage":"pt-BR","@id":"https:\/\/www.gaveanews.com\/#\/schema\/person\/image\/","url":"https:\/\/secure.gravatar.com\/avatar\/434098fd823f0dc1b062d14ca22bacaa6e38de28d8c816bbef6fc2f8c44d8ba3?s=96&d=mm&r=g","contentUrl":"https:\/\/secure.gravatar.com\/avatar\/434098fd823f0dc1b062d14ca22bacaa6e38de28d8c816bbef6fc2f8c44d8ba3?s=96&d=mm&r=g","caption":"Reda\u00e7\u00e3o"}}]}},"_links":{"self":[{"href":"https:\/\/www.gaveanews.com\/index.php\/wp-json\/wp\/v2\/posts\/278929","targetHints":{"allow":["GET"]}}],"collection":[{"href":"https:\/\/www.gaveanews.com\/index.php\/wp-json\/wp\/v2\/posts"}],"about":[{"href":"https:\/\/www.gaveanews.com\/index.php\/wp-json\/wp\/v2\/types\/post"}],"author":[{"embeddable":true,"href":"https:\/\/www.gaveanews.com\/index.php\/wp-json\/wp\/v2\/users\/39"}],"replies":[{"embeddable":true,"href":"https:\/\/www.gaveanews.com\/index.php\/wp-json\/wp\/v2\/comments?post=278929"}],"version-history":[{"count":1,"href":"https:\/\/www.gaveanews.com\/index.php\/wp-json\/wp\/v2\/posts\/278929\/revisions"}],"predecessor-version":[{"id":278932,"href":"https:\/\/www.gaveanews.com\/index.php\/wp-json\/wp\/v2\/posts\/278929\/revisions\/278932"}],"wp:featuredmedia":[{"embeddable":true,"href":"https:\/\/www.gaveanews.com\/index.php\/wp-json\/wp\/v2\/media\/171098"}],"wp:attachment":[{"href":"https:\/\/www.gaveanews.com\/index.php\/wp-json\/wp\/v2\/media?parent=278929"}],"wp:term":[{"taxonomy":"category","embeddable":true,"href":"https:\/\/www.gaveanews.com\/index.php\/wp-json\/wp\/v2\/categories?post=278929"},{"taxonomy":"post_tag","embeddable":true,"href":"https:\/\/www.gaveanews.com\/index.php\/wp-json\/wp\/v2\/tags?post=278929"}],"curies":[{"name":"wp","href":"https:\/\/api.w.org\/{rel}","templated":true}]}}