{"id":278935,"date":"2025-10-21T10:20:00","date_gmt":"2025-10-21T13:20:00","guid":{"rendered":"https:\/\/www.gaveanews.com\/?p=278935"},"modified":"2025-10-21T10:24:33","modified_gmt":"2025-10-21T13:24:33","slug":"tecnico-do-racing-manda-recado-para-o-flamengo","status":"publish","type":"post","link":"https:\/\/www.gaveanews.com\/index.php\/2025\/10\/21\/tecnico-do-racing-manda-recado-para-o-flamengo\/","title":{"rendered":"T\u00e9cnico do Racing manda recado para o Flamengo"},"content":{"rendered":"<p>Racing e <a href=\"https:\/\/www.gaveanews.com\/index.php\/category\/brasileirao\/flamengo\/#google_vignette\" target=\"_blank\" rel=\"noopener\">Flamengo<\/a> se enfrentam nesta quarta-feira (22), \u00e0s 21h30, no Maracan\u00e3, pela ida das semifinais da Libertadores. Apesar da disputa direta por uma vaga na final, os dois clubes vivem contextos financeiros bastante distintos, conforme reconheceu o t\u00e9cnico do time argentino, Gustavo Costas.<\/p>\n<p data-start=\"436\" data-end=\"792\">O treinador comentou sobre o duelo decisivo logo ap\u00f3s a vit\u00f3ria do Racing por 1 a 0 sobre o Aldosivi, pelo Campeonato Argentino. Questionado sobre a expectativa para enfrentar os cariocas, Costas fez quest\u00e3o de destacar o abismo or\u00e7ament\u00e1rio entre as duas equipes e relembrou sua liga\u00e7\u00e3o emocional com o clube de Avellaneda.<\/p>\n<p data-start=\"794\" data-end=\"1125\">\u201cEram 2h da manh\u00e3 e estava assistindo aos jogos do Flamengo. Nervoso n\u00e3o estou&#8230; Ansioso. Desde quando vim ver o Racing, aos seis anos, eu acordava com dor de barriga, agora acontece a mesma coisa. O t\u00e9cnico deles ganha muito mais do que eu, os jogadores tamb\u00e9m, e jogaram na Europa\u201d.<\/p>\n<p data-start=\"1127\" data-end=\"1175\"><strong data-start=\"1127\" data-end=\"1175\">Disparidade econ\u00f4mica e prepara\u00e7\u00e3o emocional<\/strong><\/p>\n<p data-start=\"1177\" data-end=\"1460\">A fala de Costas evidencia n\u00e3o apenas o desequil\u00edbrio financeiro entre os clubes, mas tamb\u00e9m a carga emocional que envolve o confronto. Segundo ele, a prepara\u00e7\u00e3o para o jogo passa por um misto de ansiedade e motiva\u00e7\u00e3o, alimentado por mem\u00f3rias pessoais e pelo momento atual do Racing.<\/p>\n<p data-start=\"1462\" data-end=\"1640\">Apesar do favoritismo atribu\u00eddo ao Flamengo, o treinador argentino refor\u00e7ou o desejo de conquistar uma vaga na decis\u00e3o da Libertadores, t\u00edtulo que o clube n\u00e3o alcan\u00e7a desde 1967.<\/p>\n<p data-start=\"1642\" data-end=\"1867\">\u201c\u00c9 um momento lindo, temos que aproveitar. J\u00e1 faz 28 anos que n\u00e3o chegamos \u00e0s semifinais, agora temos que chegar a Lima, custe o que custar. Meus filhos n\u00e3o viram o Racing ser campe\u00e3o da Libertadores. \u00c9 um sonho\u201d, declarou.<\/p>\n<p data-start=\"1869\" data-end=\"1910\"><strong data-start=\"1869\" data-end=\"1910\">Retrospecto recente e agenda de jogos<\/strong><\/p>\n<p data-start=\"1912\" data-end=\"2092\">Atualmente, o Racing disputa o Campeonato Argentino, onde vem de resultado positivo contra o Aldosivi. J\u00e1 o Flamengo divide seu foco entre a competi\u00e7\u00e3o continental e o Brasileir\u00e3o.<\/p>\n<p data-start=\"2094\" data-end=\"2432\">Ap\u00f3s o confronto desta quarta-feira (22), as equipes voltam a se enfrentar na quarta-feira seguinte (29), \u00e0s 21h30 (hor\u00e1rio de Bras\u00edlia), no Est\u00e1dio Presidente Per\u00f3n, na Argentina.<\/p>\n<p data-start=\"2094\" data-end=\"2432\">Nesse intervalo, o time carioca tem compromisso contra o Fortaleza, pelo Campeonato Brasileiro, no s\u00e1bado (25), \u00e0s 19h30, fora de casa.<\/p>\n","protected":false},"excerpt":{"rendered":"<p>Racing e Flamengo se enfrentam nesta quarta-feira (22), \u00e0s 21h30, no Maracan\u00e3, pela ida das semifinais da Libertadores. Apesar da disputa direta por uma vaga na final, os dois clubes vivem contextos financeiros bastante distintos, conforme reconheceu o t\u00e9cnico do time argentino, Gustavo Costas. O treinador comentou sobre o duelo decisivo logo ap\u00f3s a vit\u00f3ria [&hellip;]<\/p>\n","protected":false},"author":39,"featured_media":278783,"comment_status":"open","ping_status":"closed","sticky":false,"template":"","format":"standard","meta":{"footnotes":""},"categories":[1],"tags":[],"class_list":["post-278935","post","type-post","status-publish","format-standard","has-post-thumbnail","hentry","category-flamengo"],"yoast_head":"<!-- This site is optimized with the Yoast SEO Premium plugin v24.2 (Yoast SEO v26.9) - https:\/\/yoast.com\/product\/yoast-seo-premium-wordpress\/ -->\n<title>T\u00e9cnico do Racing manda recado para o Flamengo<\/title>\n<meta name=\"robots\" content=\"index, follow, max-snippet:-1, max-image-preview:large, max-video-preview:-1\" \/>\n<link rel=\"canonical\" href=\"https:\/\/www.gaveanews.com\/index.php\/2025\/10\/21\/tecnico-do-racing-manda-recado-para-o-flamengo\/\" \/>\n<meta property=\"og:locale\" content=\"pt_BR\" \/>\n<meta property=\"og:type\" content=\"article\" \/>\n<meta property=\"og:title\" content=\"T\u00e9cnico do Racing manda recado para o Flamengo\" \/>\n<meta property=\"og:description\" content=\"Racing e Flamengo se enfrentam nesta quarta-feira (22), \u00e0s 21h30, no Maracan\u00e3, pela ida das semifinais da Libertadores. Apesar da disputa direta por uma vaga na final, os dois clubes vivem contextos financeiros bastante distintos, conforme reconheceu o t\u00e9cnico do time argentino, Gustavo Costas. O treinador comentou sobre o duelo decisivo logo ap\u00f3s a vit\u00f3ria [&hellip;]\" \/>\n<meta property=\"og:url\" content=\"https:\/\/www.gaveanews.com\/index.php\/2025\/10\/21\/tecnico-do-racing-manda-recado-para-o-flamengo\/\" \/>\n<meta property=\"og:site_name\" content=\"G\u00e1vea News\" \/>\n<meta property=\"article:publisher\" content=\"https:\/\/facebook.com\/gaveaNews\/\" \/>\n<meta property=\"article:published_time\" content=\"2025-10-21T13:20:00+00:00\" \/>\n<meta property=\"article:modified_time\" content=\"2025-10-21T13:24:33+00:00\" \/>\n<meta property=\"og:image\" content=\"http:\/\/www.gaveanews.com\/wp-content\/uploads\/Gustavo-Costas-tecnico-do-Racing.png\" \/>\n\t<meta property=\"og:image:width\" content=\"1200\" \/>\n\t<meta property=\"og:image:height\" content=\"900\" \/>\n\t<meta property=\"og:image:type\" content=\"image\/png\" \/>\n<meta name=\"author\" content=\"Reda\u00e7\u00e3o\" \/>\n<meta name=\"twitter:card\" content=\"summary_large_image\" \/>\n<meta name=\"twitter:label1\" content=\"Escrito por\" \/>\n\t<meta name=\"twitter:data1\" content=\"Reda\u00e7\u00e3o\" \/>\n\t<meta name=\"twitter:label2\" content=\"Est. tempo de leitura\" \/>\n\t<meta name=\"twitter:data2\" content=\"3 minutos\" \/>\n<script type=\"application\/ld+json\" class=\"yoast-schema-graph\">{\"@context\":\"https:\/\/schema.org\",\"@graph\":[{\"@type\":\"NewsArticle\",\"@id\":\"https:\/\/www.gaveanews.com\/index.php\/2025\/10\/21\/tecnico-do-racing-manda-recado-para-o-flamengo\/#article\",\"isPartOf\":{\"@id\":\"https:\/\/www.gaveanews.com\/index.php\/2025\/10\/21\/tecnico-do-racing-manda-recado-para-o-flamengo\/\"},\"author\":{\"name\":\"Reda\u00e7\u00e3o\",\"@id\":\"https:\/\/www.gaveanews.com\/#\/schema\/person\/c88645e3d550d0b6574305e67dd5a716\"},\"headline\":\"T\u00e9cnico do Racing manda recado para o Flamengo\",\"datePublished\":\"2025-10-21T13:20:00+00:00\",\"dateModified\":\"2025-10-21T13:24:33+00:00\",\"mainEntityOfPage\":{\"@id\":\"https:\/\/www.gaveanews.com\/index.php\/2025\/10\/21\/tecnico-do-racing-manda-recado-para-o-flamengo\/\"},\"wordCount\":384,\"commentCount\":0,\"image\":{\"@id\":\"https:\/\/www.gaveanews.com\/index.php\/2025\/10\/21\/tecnico-do-racing-manda-recado-para-o-flamengo\/#primaryimage\"},\"thumbnailUrl\":\"https:\/\/www.gaveanews.com\/wp-content\/uploads\/Gustavo-Costas-tecnico-do-Racing.png\",\"articleSection\":[\"Flamengo\"],\"inLanguage\":\"pt-BR\",\"potentialAction\":[{\"@type\":\"CommentAction\",\"name\":\"Comment\",\"target\":[\"https:\/\/www.gaveanews.com\/index.php\/2025\/10\/21\/tecnico-do-racing-manda-recado-para-o-flamengo\/#respond\"]}],\"copyrightYear\":\"2025\",\"copyrightHolder\":{\"@id\":\"https:\/\/www.gaveanews.com\/#organization\"}},{\"@type\":\"WebPage\",\"@id\":\"https:\/\/www.gaveanews.com\/index.php\/2025\/10\/21\/tecnico-do-racing-manda-recado-para-o-flamengo\/\",\"url\":\"https:\/\/www.gaveanews.com\/index.php\/2025\/10\/21\/tecnico-do-racing-manda-recado-para-o-flamengo\/\",\"name\":\"T\u00e9cnico do Racing manda recado para o Flamengo\",\"isPartOf\":{\"@id\":\"https:\/\/www.gaveanews.com\/#website\"},\"primaryImageOfPage\":{\"@id\":\"https:\/\/www.gaveanews.com\/index.php\/2025\/10\/21\/tecnico-do-racing-manda-recado-para-o-flamengo\/#primaryimage\"},\"image\":{\"@id\":\"https:\/\/www.gaveanews.com\/index.php\/2025\/10\/21\/tecnico-do-racing-manda-recado-para-o-flamengo\/#primaryimage\"},\"thumbnailUrl\":\"https:\/\/www.gaveanews.com\/wp-content\/uploads\/Gustavo-Costas-tecnico-do-Racing.png\",\"datePublished\":\"2025-10-21T13:20:00+00:00\",\"dateModified\":\"2025-10-21T13:24:33+00:00\",\"author\":{\"@id\":\"https:\/\/www.gaveanews.com\/#\/schema\/person\/c88645e3d550d0b6574305e67dd5a716\"},\"breadcrumb\":{\"@id\":\"https:\/\/www.gaveanews.com\/index.php\/2025\/10\/21\/tecnico-do-racing-manda-recado-para-o-flamengo\/#breadcrumb\"},\"inLanguage\":\"pt-BR\",\"potentialAction\":[{\"@type\":\"ReadAction\",\"target\":[\"https:\/\/www.gaveanews.com\/index.php\/2025\/10\/21\/tecnico-do-racing-manda-recado-para-o-flamengo\/\"]}]},{\"@type\":\"ImageObject\",\"inLanguage\":\"pt-BR\",\"@id\":\"https:\/\/www.gaveanews.com\/index.php\/2025\/10\/21\/tecnico-do-racing-manda-recado-para-o-flamengo\/#primaryimage\",\"url\":\"https:\/\/www.gaveanews.com\/wp-content\/uploads\/Gustavo-Costas-tecnico-do-Racing.png\",\"contentUrl\":\"https:\/\/www.gaveanews.com\/wp-content\/uploads\/Gustavo-Costas-tecnico-do-Racing.png\",\"width\":1200,\"height\":900,\"caption\":\"Gustavo Costas, t\u00e9cnico do Racing (Foto: Reprodu\u00e7\u00e3o\/Instagram Racing)\"},{\"@type\":\"BreadcrumbList\",\"@id\":\"https:\/\/www.gaveanews.com\/index.php\/2025\/10\/21\/tecnico-do-racing-manda-recado-para-o-flamengo\/#breadcrumb\",\"itemListElement\":[{\"@type\":\"ListItem\",\"position\":1,\"name\":\"Home\",\"item\":\"https:\/\/www.gaveanews.com\/\"},{\"@type\":\"ListItem\",\"position\":2,\"name\":\"T\u00e9cnico do Racing manda recado para o Flamengo\"}]},{\"@type\":\"WebSite\",\"@id\":\"https:\/\/www.gaveanews.com\/#website\",\"url\":\"https:\/\/www.gaveanews.com\/\",\"name\":\"G\u00e1vea News\",\"description\":\"Veja todas as not\u00edcias sobre o Flamengo: Contrata\u00e7\u00f5es, categorias de base, resultados das partidas, tabela de classifica\u00e7\u00e3o, pr\u00f3ximos jogos!\",\"potentialAction\":[{\"@type\":\"SearchAction\",\"target\":{\"@type\":\"EntryPoint\",\"urlTemplate\":\"https:\/\/www.gaveanews.com\/?s={search_term_string}\"},\"query-input\":{\"@type\":\"PropertyValueSpecification\",\"valueRequired\":true,\"valueName\":\"search_term_string\"}}],\"inLanguage\":\"pt-BR\"},{\"@type\":\"Person\",\"@id\":\"https:\/\/www.gaveanews.com\/#\/schema\/person\/c88645e3d550d0b6574305e67dd5a716\",\"name\":\"Reda\u00e7\u00e3o\",\"image\":{\"@type\":\"ImageObject\",\"inLanguage\":\"pt-BR\",\"@id\":\"https:\/\/www.gaveanews.com\/#\/schema\/person\/image\/\",\"url\":\"https:\/\/secure.gravatar.com\/avatar\/434098fd823f0dc1b062d14ca22bacaa6e38de28d8c816bbef6fc2f8c44d8ba3?s=96&d=mm&r=g\",\"contentUrl\":\"https:\/\/secure.gravatar.com\/avatar\/434098fd823f0dc1b062d14ca22bacaa6e38de28d8c816bbef6fc2f8c44d8ba3?s=96&d=mm&r=g\",\"caption\":\"Reda\u00e7\u00e3o\"}}]}<\/script>\n<!-- \/ Yoast SEO Premium plugin. -->","yoast_head_json":{"title":"T\u00e9cnico do Racing manda recado para o Flamengo","robots":{"index":"index","follow":"follow","max-snippet":"max-snippet:-1","max-image-preview":"max-image-preview:large","max-video-preview":"max-video-preview:-1"},"canonical":"https:\/\/www.gaveanews.com\/index.php\/2025\/10\/21\/tecnico-do-racing-manda-recado-para-o-flamengo\/","og_locale":"pt_BR","og_type":"article","og_title":"T\u00e9cnico do Racing manda recado para o Flamengo","og_description":"Racing e Flamengo se enfrentam nesta quarta-feira (22), \u00e0s 21h30, no Maracan\u00e3, pela ida das semifinais da Libertadores. Apesar da disputa direta por uma vaga na final, os dois clubes vivem contextos financeiros bastante distintos, conforme reconheceu o t\u00e9cnico do time argentino, Gustavo Costas. O treinador comentou sobre o duelo decisivo logo ap\u00f3s a vit\u00f3ria [&hellip;]","og_url":"https:\/\/www.gaveanews.com\/index.php\/2025\/10\/21\/tecnico-do-racing-manda-recado-para-o-flamengo\/","og_site_name":"G\u00e1vea News","article_publisher":"https:\/\/facebook.com\/gaveaNews\/","article_published_time":"2025-10-21T13:20:00+00:00","article_modified_time":"2025-10-21T13:24:33+00:00","og_image":[{"width":1200,"height":900,"url":"http:\/\/www.gaveanews.com\/wp-content\/uploads\/Gustavo-Costas-tecnico-do-Racing.png","type":"image\/png"}],"author":"Reda\u00e7\u00e3o","twitter_card":"summary_large_image","twitter_misc":{"Escrito por":"Reda\u00e7\u00e3o","Est. tempo de leitura":"3 minutos"},"schema":{"@context":"https:\/\/schema.org","@graph":[{"@type":"NewsArticle","@id":"https:\/\/www.gaveanews.com\/index.php\/2025\/10\/21\/tecnico-do-racing-manda-recado-para-o-flamengo\/#article","isPartOf":{"@id":"https:\/\/www.gaveanews.com\/index.php\/2025\/10\/21\/tecnico-do-racing-manda-recado-para-o-flamengo\/"},"author":{"name":"Reda\u00e7\u00e3o","@id":"https:\/\/www.gaveanews.com\/#\/schema\/person\/c88645e3d550d0b6574305e67dd5a716"},"headline":"T\u00e9cnico do Racing manda recado para o Flamengo","datePublished":"2025-10-21T13:20:00+00:00","dateModified":"2025-10-21T13:24:33+00:00","mainEntityOfPage":{"@id":"https:\/\/www.gaveanews.com\/index.php\/2025\/10\/21\/tecnico-do-racing-manda-recado-para-o-flamengo\/"},"wordCount":384,"commentCount":0,"image":{"@id":"https:\/\/www.gaveanews.com\/index.php\/2025\/10\/21\/tecnico-do-racing-manda-recado-para-o-flamengo\/#primaryimage"},"thumbnailUrl":"https:\/\/www.gaveanews.com\/wp-content\/uploads\/Gustavo-Costas-tecnico-do-Racing.png","articleSection":["Flamengo"],"inLanguage":"pt-BR","potentialAction":[{"@type":"CommentAction","name":"Comment","target":["https:\/\/www.gaveanews.com\/index.php\/2025\/10\/21\/tecnico-do-racing-manda-recado-para-o-flamengo\/#respond"]}],"copyrightYear":"2025","copyrightHolder":{"@id":"https:\/\/www.gaveanews.com\/#organization"}},{"@type":"WebPage","@id":"https:\/\/www.gaveanews.com\/index.php\/2025\/10\/21\/tecnico-do-racing-manda-recado-para-o-flamengo\/","url":"https:\/\/www.gaveanews.com\/index.php\/2025\/10\/21\/tecnico-do-racing-manda-recado-para-o-flamengo\/","name":"T\u00e9cnico do Racing manda recado para o Flamengo","isPartOf":{"@id":"https:\/\/www.gaveanews.com\/#website"},"primaryImageOfPage":{"@id":"https:\/\/www.gaveanews.com\/index.php\/2025\/10\/21\/tecnico-do-racing-manda-recado-para-o-flamengo\/#primaryimage"},"image":{"@id":"https:\/\/www.gaveanews.com\/index.php\/2025\/10\/21\/tecnico-do-racing-manda-recado-para-o-flamengo\/#primaryimage"},"thumbnailUrl":"https:\/\/www.gaveanews.com\/wp-content\/uploads\/Gustavo-Costas-tecnico-do-Racing.png","datePublished":"2025-10-21T13:20:00+00:00","dateModified":"2025-10-21T13:24:33+00:00","author":{"@id":"https:\/\/www.gaveanews.com\/#\/schema\/person\/c88645e3d550d0b6574305e67dd5a716"},"breadcrumb":{"@id":"https:\/\/www.gaveanews.com\/index.php\/2025\/10\/21\/tecnico-do-racing-manda-recado-para-o-flamengo\/#breadcrumb"},"inLanguage":"pt-BR","potentialAction":[{"@type":"ReadAction","target":["https:\/\/www.gaveanews.com\/index.php\/2025\/10\/21\/tecnico-do-racing-manda-recado-para-o-flamengo\/"]}]},{"@type":"ImageObject","inLanguage":"pt-BR","@id":"https:\/\/www.gaveanews.com\/index.php\/2025\/10\/21\/tecnico-do-racing-manda-recado-para-o-flamengo\/#primaryimage","url":"https:\/\/www.gaveanews.com\/wp-content\/uploads\/Gustavo-Costas-tecnico-do-Racing.png","contentUrl":"https:\/\/www.gaveanews.com\/wp-content\/uploads\/Gustavo-Costas-tecnico-do-Racing.png","width":1200,"height":900,"caption":"Gustavo Costas, t\u00e9cnico do Racing (Foto: Reprodu\u00e7\u00e3o\/Instagram Racing)"},{"@type":"BreadcrumbList","@id":"https:\/\/www.gaveanews.com\/index.php\/2025\/10\/21\/tecnico-do-racing-manda-recado-para-o-flamengo\/#breadcrumb","itemListElement":[{"@type":"ListItem","position":1,"name":"Home","item":"https:\/\/www.gaveanews.com\/"},{"@type":"ListItem","position":2,"name":"T\u00e9cnico do Racing manda recado para o Flamengo"}]},{"@type":"WebSite","@id":"https:\/\/www.gaveanews.com\/#website","url":"https:\/\/www.gaveanews.com\/","name":"G\u00e1vea News","description":"Veja todas as not\u00edcias sobre o Flamengo: Contrata\u00e7\u00f5es, categorias de base, resultados das partidas, tabela de classifica\u00e7\u00e3o, pr\u00f3ximos jogos!","potentialAction":[{"@type":"SearchAction","target":{"@type":"EntryPoint","urlTemplate":"https:\/\/www.gaveanews.com\/?s={search_term_string}"},"query-input":{"@type":"PropertyValueSpecification","valueRequired":true,"valueName":"search_term_string"}}],"inLanguage":"pt-BR"},{"@type":"Person","@id":"https:\/\/www.gaveanews.com\/#\/schema\/person\/c88645e3d550d0b6574305e67dd5a716","name":"Reda\u00e7\u00e3o","image":{"@type":"ImageObject","inLanguage":"pt-BR","@id":"https:\/\/www.gaveanews.com\/#\/schema\/person\/image\/","url":"https:\/\/secure.gravatar.com\/avatar\/434098fd823f0dc1b062d14ca22bacaa6e38de28d8c816bbef6fc2f8c44d8ba3?s=96&d=mm&r=g","contentUrl":"https:\/\/secure.gravatar.com\/avatar\/434098fd823f0dc1b062d14ca22bacaa6e38de28d8c816bbef6fc2f8c44d8ba3?s=96&d=mm&r=g","caption":"Reda\u00e7\u00e3o"}}]}},"_links":{"self":[{"href":"https:\/\/www.gaveanews.com\/index.php\/wp-json\/wp\/v2\/posts\/278935","targetHints":{"allow":["GET"]}}],"collection":[{"href":"https:\/\/www.gaveanews.com\/index.php\/wp-json\/wp\/v2\/posts"}],"about":[{"href":"https:\/\/www.gaveanews.com\/index.php\/wp-json\/wp\/v2\/types\/post"}],"author":[{"embeddable":true,"href":"https:\/\/www.gaveanews.com\/index.php\/wp-json\/wp\/v2\/users\/39"}],"replies":[{"embeddable":true,"href":"https:\/\/www.gaveanews.com\/index.php\/wp-json\/wp\/v2\/comments?post=278935"}],"version-history":[{"count":2,"href":"https:\/\/www.gaveanews.com\/index.php\/wp-json\/wp\/v2\/posts\/278935\/revisions"}],"predecessor-version":[{"id":278945,"href":"https:\/\/www.gaveanews.com\/index.php\/wp-json\/wp\/v2\/posts\/278935\/revisions\/278945"}],"wp:featuredmedia":[{"embeddable":true,"href":"https:\/\/www.gaveanews.com\/index.php\/wp-json\/wp\/v2\/media\/278783"}],"wp:attachment":[{"href":"https:\/\/www.gaveanews.com\/index.php\/wp-json\/wp\/v2\/media?parent=278935"}],"wp:term":[{"taxonomy":"category","embeddable":true,"href":"https:\/\/www.gaveanews.com\/index.php\/wp-json\/wp\/v2\/categories?post=278935"},{"taxonomy":"post_tag","embeddable":true,"href":"https:\/\/www.gaveanews.com\/index.php\/wp-json\/wp\/v2\/tags?post=278935"}],"curies":[{"name":"wp","href":"https:\/\/api.w.org\/{rel}","templated":true}]}}