{"id":278936,"date":"2025-10-21T10:10:40","date_gmt":"2025-10-21T13:10:40","guid":{"rendered":"https:\/\/www.gaveanews.com\/?p=278936"},"modified":"2025-10-21T10:10:44","modified_gmt":"2025-10-21T13:10:44","slug":"vai-lotar-torcida-do-flamengo-prepara-grande-festa-no-maracana-contra-o-racing","status":"publish","type":"post","link":"https:\/\/www.gaveanews.com\/index.php\/2025\/10\/21\/vai-lotar-torcida-do-flamengo-prepara-grande-festa-no-maracana-contra-o-racing\/","title":{"rendered":"Vai lotar! Torcida do Flamengo prepara grande festa no Maracan\u00e3 contra o Racing"},"content":{"rendered":"\n<p>Nesta quarta-feira (22 de outubro), <a href=\"https:\/\/www.gaveanews.com\/index.php\/category\/brasileirao\/flamengo\/\" target=\"_blank\" rel=\"noopener noreferrer\">Flamengo<\/a> e Racing disputam a ida da semifinal da Libertadores, \u00e0s 21h30 (hor\u00e1rio de Bras\u00edlia), no Maracan\u00e3, no Rio de Janeiro, com ingressos esgotados. O duelo abre a disputa por uma vaga na decis\u00e3o continental desta temporada. A confirma\u00e7\u00e3o foi divulgada na segunda-feira (20 de outubro).<\/p>\n\n\n\n<p>As vendas come\u00e7aram em 7 de outubro. Para o p\u00fablico geral, os pre\u00e7os foram de R$ 350 a R$ 2 mil. S\u00f3cios-torcedores pagaram entre R$ 87,50 e R$ 1.037,50. Nas redes sociais, torcedores reclamaram dos valores.<\/p>\n\n\n\n<p>Al\u00e9m disso, torcedores rubro-negros preparam um mosaico em todos os setores do est\u00e1dio para a noite de quarta-feira. A Na\u00e7\u00e3o 12 divulgou orienta\u00e7\u00f5es ao p\u00fablico.<\/p>\n\n\n\n<p><em>&#8220;Aten\u00e7\u00e3o, Na\u00e7\u00e3o, teremos mosaico em todo o Maracan\u00e3 na partida de quarta-feira! Entre cedo, n\u00e3o retire as placas do lugar, n\u00e3o aglomere nas escadas e vire o lado colorido para o campo. E o mais importante, cante os 90 minutos! Vamos fazer mais uma linda festa e buscar essa resultado em casa&#8221;.<\/em><\/p>\n\n\n\n<p>Antes, o Flamengo bateu recorde de p\u00fablico no Maracan\u00e3 contra o Cruzeiro, pelo Brasileir\u00e3o. Foram 67,8 mil pagantes, 72,5 mil presentes e renda de R$ 5,8 milh\u00f5es no est\u00e1dio reinaugurado em 2013.<\/p>\n\n\n\n<p>Tamb\u00e9m no est\u00e1dio, 71,6 mil torcedores estiveram presentes na vit\u00f3ria sobre o <a href=\"https:\/\/www.gaveanews.com\/index.php\/category\/brasileirao\/palmeiras\/\" target=\"_blank\" rel=\"noopener noreferrer\">Palmeiras<\/a> no domingo (19 de outubro).<\/p>\n\n\n\n<p>Depois, o confronto de volta ocorre na quarta-feira (29 de outubro), \u00e0s 21h30 (hor\u00e1rio de Bras\u00edlia), em Avellaneda, na Argentina. Quem avan\u00e7ar de fase encarar\u00e1 o vencedor de Palmeiras x LDU. Por fim, a decis\u00e3o da Libertadores ser\u00e1 em Lima, no Peru.<\/p>\n","protected":false},"excerpt":{"rendered":"<p>Nesta quarta-feira (22 de outubro), Flamengo e Racing disputam a ida da semifinal da Libertadores, \u00e0s 21h30 (hor\u00e1rio de Bras\u00edlia), no Maracan\u00e3, no Rio de Janeiro, com ingressos esgotados. O duelo abre a disputa por uma vaga na decis\u00e3o continental desta temporada. A confirma\u00e7\u00e3o foi divulgada na segunda-feira (20 de outubro). As vendas come\u00e7aram em [&hellip;]<\/p>\n","protected":false},"author":39,"featured_media":260116,"comment_status":"open","ping_status":"closed","sticky":false,"template":"","format":"standard","meta":{"footnotes":""},"categories":[1],"tags":[],"class_list":["post-278936","post","type-post","status-publish","format-standard","has-post-thumbnail","hentry","category-flamengo"],"yoast_head":"<!-- This site is optimized with the Yoast SEO Premium plugin v24.2 (Yoast SEO v26.9) - https:\/\/yoast.com\/product\/yoast-seo-premium-wordpress\/ -->\n<title>Vai lotar! Torcida do Flamengo prepara grande festa no Maracan\u00e3 contra o Racing<\/title>\n<meta name=\"robots\" content=\"index, follow, max-snippet:-1, max-image-preview:large, max-video-preview:-1\" \/>\n<link rel=\"canonical\" href=\"https:\/\/www.gaveanews.com\/index.php\/2025\/10\/21\/vai-lotar-torcida-do-flamengo-prepara-grande-festa-no-maracana-contra-o-racing\/\" \/>\n<meta property=\"og:locale\" content=\"pt_BR\" \/>\n<meta property=\"og:type\" content=\"article\" \/>\n<meta property=\"og:title\" content=\"Vai lotar! Torcida do Flamengo prepara grande festa no Maracan\u00e3 contra o Racing\" \/>\n<meta property=\"og:description\" content=\"Nesta quarta-feira (22 de outubro), Flamengo e Racing disputam a ida da semifinal da Libertadores, \u00e0s 21h30 (hor\u00e1rio de Bras\u00edlia), no Maracan\u00e3, no Rio de Janeiro, com ingressos esgotados. O duelo abre a disputa por uma vaga na decis\u00e3o continental desta temporada. A confirma\u00e7\u00e3o foi divulgada na segunda-feira (20 de outubro). As vendas come\u00e7aram em [&hellip;]\" \/>\n<meta property=\"og:url\" content=\"https:\/\/www.gaveanews.com\/index.php\/2025\/10\/21\/vai-lotar-torcida-do-flamengo-prepara-grande-festa-no-maracana-contra-o-racing\/\" \/>\n<meta property=\"og:site_name\" content=\"G\u00e1vea News\" \/>\n<meta property=\"article:publisher\" content=\"https:\/\/facebook.com\/gaveaNews\/\" \/>\n<meta property=\"article:published_time\" content=\"2025-10-21T13:10:40+00:00\" \/>\n<meta property=\"article:modified_time\" content=\"2025-10-21T13:10:44+00:00\" \/>\n<meta property=\"og:image\" content=\"http:\/\/www.gaveanews.com\/wp-content\/uploads\/Torcida-do-Flamengo-faz-a-festa-na-Arena-Castelao-em-Sao-Luis-no-Maranhao.webp\" \/>\n\t<meta property=\"og:image:width\" content=\"1200\" \/>\n\t<meta property=\"og:image:height\" content=\"900\" \/>\n\t<meta property=\"og:image:type\" content=\"image\/webp\" \/>\n<meta name=\"author\" content=\"Reda\u00e7\u00e3o\" \/>\n<meta name=\"twitter:card\" content=\"summary_large_image\" \/>\n<meta name=\"twitter:label1\" content=\"Escrito por\" \/>\n\t<meta name=\"twitter:data1\" content=\"Reda\u00e7\u00e3o\" \/>\n\t<meta name=\"twitter:label2\" content=\"Est. tempo de leitura\" \/>\n\t<meta name=\"twitter:data2\" content=\"2 minutos\" \/>\n<script type=\"application\/ld+json\" class=\"yoast-schema-graph\">{\"@context\":\"https:\/\/schema.org\",\"@graph\":[{\"@type\":\"NewsArticle\",\"@id\":\"https:\/\/www.gaveanews.com\/index.php\/2025\/10\/21\/vai-lotar-torcida-do-flamengo-prepara-grande-festa-no-maracana-contra-o-racing\/#article\",\"isPartOf\":{\"@id\":\"https:\/\/www.gaveanews.com\/index.php\/2025\/10\/21\/vai-lotar-torcida-do-flamengo-prepara-grande-festa-no-maracana-contra-o-racing\/\"},\"author\":{\"name\":\"Reda\u00e7\u00e3o\",\"@id\":\"https:\/\/www.gaveanews.com\/#\/schema\/person\/c88645e3d550d0b6574305e67dd5a716\"},\"headline\":\"Vai lotar! Torcida do Flamengo prepara grande festa no Maracan\u00e3 contra o Racing\",\"datePublished\":\"2025-10-21T13:10:40+00:00\",\"dateModified\":\"2025-10-21T13:10:44+00:00\",\"mainEntityOfPage\":{\"@id\":\"https:\/\/www.gaveanews.com\/index.php\/2025\/10\/21\/vai-lotar-torcida-do-flamengo-prepara-grande-festa-no-maracana-contra-o-racing\/\"},\"wordCount\":281,\"commentCount\":0,\"image\":{\"@id\":\"https:\/\/www.gaveanews.com\/index.php\/2025\/10\/21\/vai-lotar-torcida-do-flamengo-prepara-grande-festa-no-maracana-contra-o-racing\/#primaryimage\"},\"thumbnailUrl\":\"https:\/\/www.gaveanews.com\/wp-content\/uploads\/Torcida-do-Flamengo-faz-a-festa-na-Arena-Castelao-em-Sao-Luis-no-Maranhao.webp\",\"articleSection\":[\"Flamengo\"],\"inLanguage\":\"pt-BR\",\"potentialAction\":[{\"@type\":\"CommentAction\",\"name\":\"Comment\",\"target\":[\"https:\/\/www.gaveanews.com\/index.php\/2025\/10\/21\/vai-lotar-torcida-do-flamengo-prepara-grande-festa-no-maracana-contra-o-racing\/#respond\"]}],\"copyrightYear\":\"2025\",\"copyrightHolder\":{\"@id\":\"https:\/\/www.gaveanews.com\/#organization\"}},{\"@type\":\"WebPage\",\"@id\":\"https:\/\/www.gaveanews.com\/index.php\/2025\/10\/21\/vai-lotar-torcida-do-flamengo-prepara-grande-festa-no-maracana-contra-o-racing\/\",\"url\":\"https:\/\/www.gaveanews.com\/index.php\/2025\/10\/21\/vai-lotar-torcida-do-flamengo-prepara-grande-festa-no-maracana-contra-o-racing\/\",\"name\":\"Vai lotar! Torcida do Flamengo prepara grande festa no Maracan\u00e3 contra o Racing\",\"isPartOf\":{\"@id\":\"https:\/\/www.gaveanews.com\/#website\"},\"primaryImageOfPage\":{\"@id\":\"https:\/\/www.gaveanews.com\/index.php\/2025\/10\/21\/vai-lotar-torcida-do-flamengo-prepara-grande-festa-no-maracana-contra-o-racing\/#primaryimage\"},\"image\":{\"@id\":\"https:\/\/www.gaveanews.com\/index.php\/2025\/10\/21\/vai-lotar-torcida-do-flamengo-prepara-grande-festa-no-maracana-contra-o-racing\/#primaryimage\"},\"thumbnailUrl\":\"https:\/\/www.gaveanews.com\/wp-content\/uploads\/Torcida-do-Flamengo-faz-a-festa-na-Arena-Castelao-em-Sao-Luis-no-Maranhao.webp\",\"datePublished\":\"2025-10-21T13:10:40+00:00\",\"dateModified\":\"2025-10-21T13:10:44+00:00\",\"author\":{\"@id\":\"https:\/\/www.gaveanews.com\/#\/schema\/person\/c88645e3d550d0b6574305e67dd5a716\"},\"breadcrumb\":{\"@id\":\"https:\/\/www.gaveanews.com\/index.php\/2025\/10\/21\/vai-lotar-torcida-do-flamengo-prepara-grande-festa-no-maracana-contra-o-racing\/#breadcrumb\"},\"inLanguage\":\"pt-BR\",\"potentialAction\":[{\"@type\":\"ReadAction\",\"target\":[\"https:\/\/www.gaveanews.com\/index.php\/2025\/10\/21\/vai-lotar-torcida-do-flamengo-prepara-grande-festa-no-maracana-contra-o-racing\/\"]}]},{\"@type\":\"ImageObject\",\"inLanguage\":\"pt-BR\",\"@id\":\"https:\/\/www.gaveanews.com\/index.php\/2025\/10\/21\/vai-lotar-torcida-do-flamengo-prepara-grande-festa-no-maracana-contra-o-racing\/#primaryimage\",\"url\":\"https:\/\/www.gaveanews.com\/wp-content\/uploads\/Torcida-do-Flamengo-faz-a-festa-na-Arena-Castelao-em-Sao-Luis-no-Maranhao.webp\",\"contentUrl\":\"https:\/\/www.gaveanews.com\/wp-content\/uploads\/Torcida-do-Flamengo-faz-a-festa-na-Arena-Castelao-em-Sao-Luis-no-Maranhao.webp\",\"width\":1200,\"height\":900,\"caption\":\"Torcida do Flamengo faz a festa na Arena Castel\u00e3o, em S\u00e3o Lu\u00eds, no Maranh\u00e3o - Foto: Gilvan de Souza\/CRF\"},{\"@type\":\"BreadcrumbList\",\"@id\":\"https:\/\/www.gaveanews.com\/index.php\/2025\/10\/21\/vai-lotar-torcida-do-flamengo-prepara-grande-festa-no-maracana-contra-o-racing\/#breadcrumb\",\"itemListElement\":[{\"@type\":\"ListItem\",\"position\":1,\"name\":\"Home\",\"item\":\"https:\/\/www.gaveanews.com\/\"},{\"@type\":\"ListItem\",\"position\":2,\"name\":\"Vai lotar! Torcida do Flamengo prepara grande festa no Maracan\u00e3 contra o Racing\"}]},{\"@type\":\"WebSite\",\"@id\":\"https:\/\/www.gaveanews.com\/#website\",\"url\":\"https:\/\/www.gaveanews.com\/\",\"name\":\"G\u00e1vea News\",\"description\":\"Veja todas as not\u00edcias sobre o Flamengo: Contrata\u00e7\u00f5es, categorias de base, resultados das partidas, tabela de classifica\u00e7\u00e3o, pr\u00f3ximos jogos!\",\"potentialAction\":[{\"@type\":\"SearchAction\",\"target\":{\"@type\":\"EntryPoint\",\"urlTemplate\":\"https:\/\/www.gaveanews.com\/?s={search_term_string}\"},\"query-input\":{\"@type\":\"PropertyValueSpecification\",\"valueRequired\":true,\"valueName\":\"search_term_string\"}}],\"inLanguage\":\"pt-BR\"},{\"@type\":\"Person\",\"@id\":\"https:\/\/www.gaveanews.com\/#\/schema\/person\/c88645e3d550d0b6574305e67dd5a716\",\"name\":\"Reda\u00e7\u00e3o\",\"image\":{\"@type\":\"ImageObject\",\"inLanguage\":\"pt-BR\",\"@id\":\"https:\/\/www.gaveanews.com\/#\/schema\/person\/image\/\",\"url\":\"https:\/\/secure.gravatar.com\/avatar\/434098fd823f0dc1b062d14ca22bacaa6e38de28d8c816bbef6fc2f8c44d8ba3?s=96&d=mm&r=g\",\"contentUrl\":\"https:\/\/secure.gravatar.com\/avatar\/434098fd823f0dc1b062d14ca22bacaa6e38de28d8c816bbef6fc2f8c44d8ba3?s=96&d=mm&r=g\",\"caption\":\"Reda\u00e7\u00e3o\"}}]}<\/script>\n<!-- \/ Yoast SEO Premium plugin. -->","yoast_head_json":{"title":"Vai lotar! Torcida do Flamengo prepara grande festa no Maracan\u00e3 contra o Racing","robots":{"index":"index","follow":"follow","max-snippet":"max-snippet:-1","max-image-preview":"max-image-preview:large","max-video-preview":"max-video-preview:-1"},"canonical":"https:\/\/www.gaveanews.com\/index.php\/2025\/10\/21\/vai-lotar-torcida-do-flamengo-prepara-grande-festa-no-maracana-contra-o-racing\/","og_locale":"pt_BR","og_type":"article","og_title":"Vai lotar! Torcida do Flamengo prepara grande festa no Maracan\u00e3 contra o Racing","og_description":"Nesta quarta-feira (22 de outubro), Flamengo e Racing disputam a ida da semifinal da Libertadores, \u00e0s 21h30 (hor\u00e1rio de Bras\u00edlia), no Maracan\u00e3, no Rio de Janeiro, com ingressos esgotados. O duelo abre a disputa por uma vaga na decis\u00e3o continental desta temporada. A confirma\u00e7\u00e3o foi divulgada na segunda-feira (20 de outubro). As vendas come\u00e7aram em [&hellip;]","og_url":"https:\/\/www.gaveanews.com\/index.php\/2025\/10\/21\/vai-lotar-torcida-do-flamengo-prepara-grande-festa-no-maracana-contra-o-racing\/","og_site_name":"G\u00e1vea News","article_publisher":"https:\/\/facebook.com\/gaveaNews\/","article_published_time":"2025-10-21T13:10:40+00:00","article_modified_time":"2025-10-21T13:10:44+00:00","og_image":[{"width":1200,"height":900,"url":"http:\/\/www.gaveanews.com\/wp-content\/uploads\/Torcida-do-Flamengo-faz-a-festa-na-Arena-Castelao-em-Sao-Luis-no-Maranhao.webp","type":"image\/webp"}],"author":"Reda\u00e7\u00e3o","twitter_card":"summary_large_image","twitter_misc":{"Escrito por":"Reda\u00e7\u00e3o","Est. tempo de leitura":"2 minutos"},"schema":{"@context":"https:\/\/schema.org","@graph":[{"@type":"NewsArticle","@id":"https:\/\/www.gaveanews.com\/index.php\/2025\/10\/21\/vai-lotar-torcida-do-flamengo-prepara-grande-festa-no-maracana-contra-o-racing\/#article","isPartOf":{"@id":"https:\/\/www.gaveanews.com\/index.php\/2025\/10\/21\/vai-lotar-torcida-do-flamengo-prepara-grande-festa-no-maracana-contra-o-racing\/"},"author":{"name":"Reda\u00e7\u00e3o","@id":"https:\/\/www.gaveanews.com\/#\/schema\/person\/c88645e3d550d0b6574305e67dd5a716"},"headline":"Vai lotar! Torcida do Flamengo prepara grande festa no Maracan\u00e3 contra o Racing","datePublished":"2025-10-21T13:10:40+00:00","dateModified":"2025-10-21T13:10:44+00:00","mainEntityOfPage":{"@id":"https:\/\/www.gaveanews.com\/index.php\/2025\/10\/21\/vai-lotar-torcida-do-flamengo-prepara-grande-festa-no-maracana-contra-o-racing\/"},"wordCount":281,"commentCount":0,"image":{"@id":"https:\/\/www.gaveanews.com\/index.php\/2025\/10\/21\/vai-lotar-torcida-do-flamengo-prepara-grande-festa-no-maracana-contra-o-racing\/#primaryimage"},"thumbnailUrl":"https:\/\/www.gaveanews.com\/wp-content\/uploads\/Torcida-do-Flamengo-faz-a-festa-na-Arena-Castelao-em-Sao-Luis-no-Maranhao.webp","articleSection":["Flamengo"],"inLanguage":"pt-BR","potentialAction":[{"@type":"CommentAction","name":"Comment","target":["https:\/\/www.gaveanews.com\/index.php\/2025\/10\/21\/vai-lotar-torcida-do-flamengo-prepara-grande-festa-no-maracana-contra-o-racing\/#respond"]}],"copyrightYear":"2025","copyrightHolder":{"@id":"https:\/\/www.gaveanews.com\/#organization"}},{"@type":"WebPage","@id":"https:\/\/www.gaveanews.com\/index.php\/2025\/10\/21\/vai-lotar-torcida-do-flamengo-prepara-grande-festa-no-maracana-contra-o-racing\/","url":"https:\/\/www.gaveanews.com\/index.php\/2025\/10\/21\/vai-lotar-torcida-do-flamengo-prepara-grande-festa-no-maracana-contra-o-racing\/","name":"Vai lotar! Torcida do Flamengo prepara grande festa no Maracan\u00e3 contra o Racing","isPartOf":{"@id":"https:\/\/www.gaveanews.com\/#website"},"primaryImageOfPage":{"@id":"https:\/\/www.gaveanews.com\/index.php\/2025\/10\/21\/vai-lotar-torcida-do-flamengo-prepara-grande-festa-no-maracana-contra-o-racing\/#primaryimage"},"image":{"@id":"https:\/\/www.gaveanews.com\/index.php\/2025\/10\/21\/vai-lotar-torcida-do-flamengo-prepara-grande-festa-no-maracana-contra-o-racing\/#primaryimage"},"thumbnailUrl":"https:\/\/www.gaveanews.com\/wp-content\/uploads\/Torcida-do-Flamengo-faz-a-festa-na-Arena-Castelao-em-Sao-Luis-no-Maranhao.webp","datePublished":"2025-10-21T13:10:40+00:00","dateModified":"2025-10-21T13:10:44+00:00","author":{"@id":"https:\/\/www.gaveanews.com\/#\/schema\/person\/c88645e3d550d0b6574305e67dd5a716"},"breadcrumb":{"@id":"https:\/\/www.gaveanews.com\/index.php\/2025\/10\/21\/vai-lotar-torcida-do-flamengo-prepara-grande-festa-no-maracana-contra-o-racing\/#breadcrumb"},"inLanguage":"pt-BR","potentialAction":[{"@type":"ReadAction","target":["https:\/\/www.gaveanews.com\/index.php\/2025\/10\/21\/vai-lotar-torcida-do-flamengo-prepara-grande-festa-no-maracana-contra-o-racing\/"]}]},{"@type":"ImageObject","inLanguage":"pt-BR","@id":"https:\/\/www.gaveanews.com\/index.php\/2025\/10\/21\/vai-lotar-torcida-do-flamengo-prepara-grande-festa-no-maracana-contra-o-racing\/#primaryimage","url":"https:\/\/www.gaveanews.com\/wp-content\/uploads\/Torcida-do-Flamengo-faz-a-festa-na-Arena-Castelao-em-Sao-Luis-no-Maranhao.webp","contentUrl":"https:\/\/www.gaveanews.com\/wp-content\/uploads\/Torcida-do-Flamengo-faz-a-festa-na-Arena-Castelao-em-Sao-Luis-no-Maranhao.webp","width":1200,"height":900,"caption":"Torcida do Flamengo faz a festa na Arena Castel\u00e3o, em S\u00e3o Lu\u00eds, no Maranh\u00e3o - Foto: Gilvan de Souza\/CRF"},{"@type":"BreadcrumbList","@id":"https:\/\/www.gaveanews.com\/index.php\/2025\/10\/21\/vai-lotar-torcida-do-flamengo-prepara-grande-festa-no-maracana-contra-o-racing\/#breadcrumb","itemListElement":[{"@type":"ListItem","position":1,"name":"Home","item":"https:\/\/www.gaveanews.com\/"},{"@type":"ListItem","position":2,"name":"Vai lotar! Torcida do Flamengo prepara grande festa no Maracan\u00e3 contra o Racing"}]},{"@type":"WebSite","@id":"https:\/\/www.gaveanews.com\/#website","url":"https:\/\/www.gaveanews.com\/","name":"G\u00e1vea News","description":"Veja todas as not\u00edcias sobre o Flamengo: Contrata\u00e7\u00f5es, categorias de base, resultados das partidas, tabela de classifica\u00e7\u00e3o, pr\u00f3ximos jogos!","potentialAction":[{"@type":"SearchAction","target":{"@type":"EntryPoint","urlTemplate":"https:\/\/www.gaveanews.com\/?s={search_term_string}"},"query-input":{"@type":"PropertyValueSpecification","valueRequired":true,"valueName":"search_term_string"}}],"inLanguage":"pt-BR"},{"@type":"Person","@id":"https:\/\/www.gaveanews.com\/#\/schema\/person\/c88645e3d550d0b6574305e67dd5a716","name":"Reda\u00e7\u00e3o","image":{"@type":"ImageObject","inLanguage":"pt-BR","@id":"https:\/\/www.gaveanews.com\/#\/schema\/person\/image\/","url":"https:\/\/secure.gravatar.com\/avatar\/434098fd823f0dc1b062d14ca22bacaa6e38de28d8c816bbef6fc2f8c44d8ba3?s=96&d=mm&r=g","contentUrl":"https:\/\/secure.gravatar.com\/avatar\/434098fd823f0dc1b062d14ca22bacaa6e38de28d8c816bbef6fc2f8c44d8ba3?s=96&d=mm&r=g","caption":"Reda\u00e7\u00e3o"}}]}},"_links":{"self":[{"href":"https:\/\/www.gaveanews.com\/index.php\/wp-json\/wp\/v2\/posts\/278936","targetHints":{"allow":["GET"]}}],"collection":[{"href":"https:\/\/www.gaveanews.com\/index.php\/wp-json\/wp\/v2\/posts"}],"about":[{"href":"https:\/\/www.gaveanews.com\/index.php\/wp-json\/wp\/v2\/types\/post"}],"author":[{"embeddable":true,"href":"https:\/\/www.gaveanews.com\/index.php\/wp-json\/wp\/v2\/users\/39"}],"replies":[{"embeddable":true,"href":"https:\/\/www.gaveanews.com\/index.php\/wp-json\/wp\/v2\/comments?post=278936"}],"version-history":[{"count":1,"href":"https:\/\/www.gaveanews.com\/index.php\/wp-json\/wp\/v2\/posts\/278936\/revisions"}],"predecessor-version":[{"id":278940,"href":"https:\/\/www.gaveanews.com\/index.php\/wp-json\/wp\/v2\/posts\/278936\/revisions\/278940"}],"wp:featuredmedia":[{"embeddable":true,"href":"https:\/\/www.gaveanews.com\/index.php\/wp-json\/wp\/v2\/media\/260116"}],"wp:attachment":[{"href":"https:\/\/www.gaveanews.com\/index.php\/wp-json\/wp\/v2\/media?parent=278936"}],"wp:term":[{"taxonomy":"category","embeddable":true,"href":"https:\/\/www.gaveanews.com\/index.php\/wp-json\/wp\/v2\/categories?post=278936"},{"taxonomy":"post_tag","embeddable":true,"href":"https:\/\/www.gaveanews.com\/index.php\/wp-json\/wp\/v2\/tags?post=278936"}],"curies":[{"name":"wp","href":"https:\/\/api.w.org\/{rel}","templated":true}]}}